{"id":422,"date":"2024-10-10T17:41:06","date_gmt":"2024-10-10T15:41:06","guid":{"rendered":"https:\/\/www.bolsarama.es\/bolsa\/?p=422"},"modified":"2024-10-10T17:41:06","modified_gmt":"2024-10-10T15:41:06","slug":"sumar-solicita-en-el-congreso-que-la-pension-por-incapacidad-permanente-pueda-ser-compatible-con-un-empleo","status":"publish","type":"post","link":"https:\/\/www.bolsarama.es\/bolsa\/sumar-solicita-en-el-congreso-que-la-pension-por-incapacidad-permanente-pueda-ser-compatible-con-un-empleo\/","title":{"rendered":"Sumar solicita en el Congreso que la pensi\u00f3n por incapacidad permanente pueda ser compatible con un empleo."},"content":{"rendered":"<h2>Reformas Legales para la Compatibilidad Laboral y Prestaciones por Incapacidad Permanente<\/h2>\n<p>En un esfuerzo por garantizar el derecho al trabajo para todos los ciudadanos, la formaci\u00f3n pol\u00edtica Sumar ha registrado una propuesta en el Congreso. El objetivo de esta iniciativa es introducir reformas legales que permitan combinar el trabajo con la percepci\u00f3n de prestaciones econ\u00f3micas por incapacidad permanente total, absoluta y gran invalidez.<\/p>\n<h3>La necesidad de modificar la Ley General de Seguridad Social<\/h3>\n<p>Para lograr la compatibilidad entre el empleo y las prestaciones por incapacidad, Sumar solicita cambios en los art\u00edculos 194 y 198 del c\u00f3digo laboral y en la disposici\u00f3n transitoria vig\u00e9simo sexta de la Ley General de Seguridad Social. Esta iniciativa, liderada por la portavoz adjunta del grupo, Aina Vidal, busca proteger el derecho al trabajo de aquellos en situaci\u00f3n de incapacidad permanente.<\/p>\n<h4>La evoluci\u00f3n de la jurisprudencia hasta 2024<\/h4>\n<p>Hasta abril de 2024, la jurisprudencia defend\u00eda que el derecho al trabajo no pod\u00eda negarse a quien se encontraba en situaci\u00f3n de incapacidad permanente, especialmente en los grados de absoluta y gran invalidez. Esta postura se alineaba con el art\u00edculo 35 de la Constituci\u00f3n que establece el \u00abdeber de trabajar y el derecho al trabajo\u00bb para todos los ciudadanos.<\/p>\n<h2>El cambio de criterio del Tribunal Supremo<\/h2>\n<p>La Sala Cuarta del Tribunal Supremo revoc\u00f3 esta interpretaci\u00f3n en abril de 2024, argumentando que la compatibilidad entre trabajo y prestaciones por incapacidad solo se da en \u00abaquellos trabajos de tipo marginal e intrascendente, en el sentido de ser de m\u00ednima significaci\u00f3n y relieve\u00bb.<\/p>\n<h3>La exigencia de Sumar al Gobierno <\/h3>\n<p>Ante este nuevo escenario, Sumar demanda al Gobierno la modificaci\u00f3n de la regulaci\u00f3n vigente en lo relativo a los grados de incapacidad permanente. Este llamado se hace en consonancia con la recomendaci\u00f3n n\u00famero 18 del Pacto de Toledo, que encomienda al sistema de Seguridad Social la tarea de \u00abcontribuir a que las personas con discapacidad puedan ejercer de forma efectiva sus derechos de ciudadan\u00eda y, de esta forma, garantizar su plena inclusi\u00f3n y participaci\u00f3n sociales\u00bb.<\/p>\n<h4>El camino hacia una sociedad inclusiva<\/h4>\n<p>La b\u00fasqueda de una sociedad inclusiva y una ciudadan\u00eda plena para las personas con discapacidad es un desaf\u00edo constante. La propuesta de Sumar abre un debate necesario sobre c\u00f3mo garantizar el derecho al trabajo de estas personas, respetando su dignidad y sus capacidades. \u00bfPodr\u00e1 el Congreso encontrar un equilibrio entre el derecho al trabajo y el derecho a las prestaciones por incapacidad? Solo el tiempo lo dir\u00e1.<\/p>\n","protected":false},"excerpt":{"rendered":"<p>Reformas Legales para la Compatibilidad Laboral y Prestaciones por Incapacidad Permanente En un esfuerzo por garantizar el derecho al trabajo para todos los ciudadanos, la formaci\u00f3n pol\u00edtica Sumar ha registrado una propuesta en el Congreso. El objetivo de esta iniciativa es introducir reformas legales que permitan combinar el trabajo con la percepci\u00f3n de prestaciones econ\u00f3micas [&hellip;]<\/p>\n","protected":false},"author":2,"featured_media":423,"comment_status":"open","ping_status":"open","sticky":false,"template":"","format":"standard","meta":{"footnotes":""},"categories":[1],"tags":[],"class_list":["post-422","post","type-post","status-publish","format-standard","has-post-thumbnail","hentry","category-sin-categoria"],"yoast_head":"<!-- This site is optimized with the Yoast SEO plugin v23.6 - https:\/\/yoast.com\/wordpress\/plugins\/seo\/ -->\n<title>Sumar solicita en el Congreso que la pensi\u00f3n por incapacidad permanente pueda ser compatible con un empleo. - Bolsarama - Informaci\u00f3n econ\u00f3mica actualizada - Bolsarama.es<\/title>\n<meta name=\"robots\" content=\"index, follow, max-snippet:-1, max-image-preview:large, max-video-preview:-1\" \/>\n<link rel=\"canonical\" href=\"https:\/\/www.bolsarama.es\/bolsa\/sumar-solicita-en-el-congreso-que-la-pension-por-incapacidad-permanente-pueda-ser-compatible-con-un-empleo\/\" \/>\n<meta property=\"og:locale\" content=\"es_ES\" \/>\n<meta property=\"og:type\" content=\"article\" \/>\n<meta property=\"og:title\" content=\"Sumar solicita en el Congreso que la pensi\u00f3n por incapacidad permanente pueda ser compatible con un empleo. - Bolsarama - Informaci\u00f3n econ\u00f3mica actualizada - Bolsarama.es\" \/>\n<meta property=\"og:description\" content=\"Reformas Legales para la Compatibilidad Laboral y Prestaciones por Incapacidad Permanente En un esfuerzo por garantizar el derecho al trabajo para todos los ciudadanos, la formaci\u00f3n pol\u00edtica Sumar ha registrado una propuesta en el Congreso. El objetivo de esta iniciativa es introducir reformas legales que permitan combinar el trabajo con la percepci\u00f3n de prestaciones econ\u00f3micas [&hellip;]\" \/>\n<meta property=\"og:url\" content=\"https:\/\/www.bolsarama.es\/bolsa\/sumar-solicita-en-el-congreso-que-la-pension-por-incapacidad-permanente-pueda-ser-compatible-con-un-empleo\/\" \/>\n<meta property=\"og:site_name\" content=\"Bolsarama - Informaci\u00f3n econ\u00f3mica actualizada - Bolsarama.es\" \/>\n<meta property=\"article:publisher\" content=\"https:\/\/www.facebook.com\/bolsarama.es\" \/>\n<meta property=\"article:published_time\" content=\"2024-10-10T15:41:06+00:00\" \/>\n<meta property=\"og:image\" content=\"https:\/\/www.bolsarama.es\/bolsa\/wp-content\/uploads\/2024\/10\/Sumar-solicita-en-el-Congreso-que-la-pension-por-incapacidad.jpg\" \/>\n\t<meta property=\"og:image:width\" content=\"800\" \/>\n\t<meta property=\"og:image:height\" content=\"534\" \/>\n\t<meta property=\"og:image:type\" content=\"image\/jpeg\" \/>\n<meta name=\"author\" content=\"Paula\" \/>\n<meta name=\"twitter:card\" content=\"summary_large_image\" \/>\n<meta name=\"twitter:creator\" content=\"@Bolsarama_es\" \/>\n<meta name=\"twitter:site\" content=\"@Bolsarama_es\" \/>\n<meta name=\"twitter:label1\" content=\"Escrito por\" \/>\n\t<meta name=\"twitter:data1\" content=\"Paula\" \/>\n\t<meta name=\"twitter:label2\" content=\"Tiempo de lectura\" \/>\n\t<meta name=\"twitter:data2\" content=\"2 minutos\" \/>\n<script type=\"application\/ld+json\" class=\"yoast-schema-graph\">{\"@context\":\"https:\/\/schema.org\",\"@graph\":[{\"@type\":\"Article\",\"@id\":\"https:\/\/www.bolsarama.es\/bolsa\/sumar-solicita-en-el-congreso-que-la-pension-por-incapacidad-permanente-pueda-ser-compatible-con-un-empleo\/#article\",\"isPartOf\":{\"@id\":\"https:\/\/www.bolsarama.es\/bolsa\/sumar-solicita-en-el-congreso-que-la-pension-por-incapacidad-permanente-pueda-ser-compatible-con-un-empleo\/\"},\"author\":{\"name\":\"Paula\",\"@id\":\"https:\/\/www.bolsarama.es\/bolsa\/#\/schema\/person\/a34ab5b5c7d41d99c10a5c3564af3e43\"},\"headline\":\"Sumar solicita en el Congreso que la pensi\u00f3n por incapacidad permanente pueda ser compatible con un empleo.\",\"datePublished\":\"2024-10-10T15:41:06+00:00\",\"dateModified\":\"2024-10-10T15:41:06+00:00\",\"mainEntityOfPage\":{\"@id\":\"https:\/\/www.bolsarama.es\/bolsa\/sumar-solicita-en-el-congreso-que-la-pension-por-incapacidad-permanente-pueda-ser-compatible-con-un-empleo\/\"},\"wordCount\":446,\"commentCount\":0,\"publisher\":{\"@id\":\"https:\/\/www.bolsarama.es\/bolsa\/#organization\"},\"image\":{\"@id\":\"https:\/\/www.bolsarama.es\/bolsa\/sumar-solicita-en-el-congreso-que-la-pension-por-incapacidad-permanente-pueda-ser-compatible-con-un-empleo\/#primaryimage\"},\"thumbnailUrl\":\"https:\/\/www.bolsarama.es\/bolsa\/wp-content\/uploads\/2024\/10\/Sumar-solicita-en-el-Congreso-que-la-pension-por-incapacidad.jpg\",\"inLanguage\":\"es\",\"potentialAction\":[{\"@type\":\"CommentAction\",\"name\":\"Comment\",\"target\":[\"https:\/\/www.bolsarama.es\/bolsa\/sumar-solicita-en-el-congreso-que-la-pension-por-incapacidad-permanente-pueda-ser-compatible-con-un-empleo\/#respond\"]}]},{\"@type\":\"WebPage\",\"@id\":\"https:\/\/www.bolsarama.es\/bolsa\/sumar-solicita-en-el-congreso-que-la-pension-por-incapacidad-permanente-pueda-ser-compatible-con-un-empleo\/\",\"url\":\"https:\/\/www.bolsarama.es\/bolsa\/sumar-solicita-en-el-congreso-que-la-pension-por-incapacidad-permanente-pueda-ser-compatible-con-un-empleo\/\",\"name\":\"Sumar solicita en el Congreso que la pensi\u00f3n por incapacidad permanente pueda ser compatible con un empleo. - Bolsarama - Informaci\u00f3n econ\u00f3mica actualizada - Bolsarama.es\",\"isPartOf\":{\"@id\":\"https:\/\/www.bolsarama.es\/bolsa\/#website\"},\"primaryImageOfPage\":{\"@id\":\"https:\/\/www.bolsarama.es\/bolsa\/sumar-solicita-en-el-congreso-que-la-pension-por-incapacidad-permanente-pueda-ser-compatible-con-un-empleo\/#primaryimage\"},\"image\":{\"@id\":\"https:\/\/www.bolsarama.es\/bolsa\/sumar-solicita-en-el-congreso-que-la-pension-por-incapacidad-permanente-pueda-ser-compatible-con-un-empleo\/#primaryimage\"},\"thumbnailUrl\":\"https:\/\/www.bolsarama.es\/bolsa\/wp-content\/uploads\/2024\/10\/Sumar-solicita-en-el-Congreso-que-la-pension-por-incapacidad.jpg\",\"datePublished\":\"2024-10-10T15:41:06+00:00\",\"dateModified\":\"2024-10-10T15:41:06+00:00\",\"breadcrumb\":{\"@id\":\"https:\/\/www.bolsarama.es\/bolsa\/sumar-solicita-en-el-congreso-que-la-pension-por-incapacidad-permanente-pueda-ser-compatible-con-un-empleo\/#breadcrumb\"},\"inLanguage\":\"es\",\"potentialAction\":[{\"@type\":\"ReadAction\",\"target\":[\"https:\/\/www.bolsarama.es\/bolsa\/sumar-solicita-en-el-congreso-que-la-pension-por-incapacidad-permanente-pueda-ser-compatible-con-un-empleo\/\"]}]},{\"@type\":\"ImageObject\",\"inLanguage\":\"es\",\"@id\":\"https:\/\/www.bolsarama.es\/bolsa\/sumar-solicita-en-el-congreso-que-la-pension-por-incapacidad-permanente-pueda-ser-compatible-con-un-empleo\/#primaryimage\",\"url\":\"https:\/\/www.bolsarama.es\/bolsa\/wp-content\/uploads\/2024\/10\/Sumar-solicita-en-el-Congreso-que-la-pension-por-incapacidad.jpg\",\"contentUrl\":\"https:\/\/www.bolsarama.es\/bolsa\/wp-content\/uploads\/2024\/10\/Sumar-solicita-en-el-Congreso-que-la-pension-por-incapacidad.jpg\",\"width\":800,\"height\":534,\"caption\":\"Econom\u00eda.- Sumar pide en el Congreso que la pensi\u00f3n por incapacidad permanente sea compatible con un trabajo\"},{\"@type\":\"BreadcrumbList\",\"@id\":\"https:\/\/www.bolsarama.es\/bolsa\/sumar-solicita-en-el-congreso-que-la-pension-por-incapacidad-permanente-pueda-ser-compatible-con-un-empleo\/#breadcrumb\",\"itemListElement\":[{\"@type\":\"ListItem\",\"position\":1,\"name\":\"Bolsa\",\"item\":\"https:\/\/www.bolsarama.es\/bolsa\/\"},{\"@type\":\"ListItem\",\"position\":2,\"name\":\"Sumar solicita en el Congreso que la pensi\u00f3n por incapacidad permanente pueda ser compatible con un empleo.\"}]},{\"@type\":\"WebSite\",\"@id\":\"https:\/\/www.bolsarama.es\/bolsa\/#website\",\"url\":\"https:\/\/www.bolsarama.es\/bolsa\/\",\"name\":\"Bolsarama\",\"description\":\"\",\"publisher\":{\"@id\":\"https:\/\/www.bolsarama.es\/bolsa\/#organization\"},\"potentialAction\":[{\"@type\":\"SearchAction\",\"target\":{\"@type\":\"EntryPoint\",\"urlTemplate\":\"https:\/\/www.bolsarama.es\/bolsa\/?s={search_term_string}\"},\"query-input\":{\"@type\":\"PropertyValueSpecification\",\"valueRequired\":true,\"valueName\":\"search_term_string\"}}],\"inLanguage\":\"es\"},{\"@type\":\"Organization\",\"@id\":\"https:\/\/www.bolsarama.es\/bolsa\/#organization\",\"name\":\"Bolsarama\",\"url\":\"https:\/\/www.bolsarama.es\/bolsa\/\",\"logo\":{\"@type\":\"ImageObject\",\"inLanguage\":\"es\",\"@id\":\"https:\/\/www.bolsarama.es\/bolsa\/#\/schema\/logo\/image\/\",\"url\":\"https:\/\/www.bolsarama.es\/bolsa\/wp-content\/uploads\/2023\/10\/logo-bolsarama.png\",\"contentUrl\":\"https:\/\/www.bolsarama.es\/bolsa\/wp-content\/uploads\/2023\/10\/logo-bolsarama.png\",\"width\":300,\"height\":50,\"caption\":\"Bolsarama\"},\"image\":{\"@id\":\"https:\/\/www.bolsarama.es\/bolsa\/#\/schema\/logo\/image\/\"},\"sameAs\":[\"https:\/\/www.facebook.com\/bolsarama.es\",\"https:\/\/x.com\/Bolsarama_es\"]},{\"@type\":\"Person\",\"@id\":\"https:\/\/www.bolsarama.es\/bolsa\/#\/schema\/person\/a34ab5b5c7d41d99c10a5c3564af3e43\",\"name\":\"Paula\",\"image\":{\"@type\":\"ImageObject\",\"inLanguage\":\"es\",\"@id\":\"https:\/\/www.bolsarama.es\/bolsa\/#\/schema\/person\/image\/\",\"url\":\"https:\/\/www.bolsarama.es\/bolsa\/wp-content\/litespeed\/avatar\/d6404594800e2b580b751c6bb2eb5f4f.jpg?ver=1777428602\",\"contentUrl\":\"https:\/\/www.bolsarama.es\/bolsa\/wp-content\/litespeed\/avatar\/d6404594800e2b580b751c6bb2eb5f4f.jpg?ver=1777428602\",\"caption\":\"Paula\"},\"url\":\"https:\/\/www.bolsarama.es\/bolsa\/author\/paula\/\"}]}<\/script>\n<!-- \/ Yoast SEO plugin. -->","yoast_head_json":{"title":"Sumar solicita en el Congreso que la pensi\u00f3n por incapacidad permanente pueda ser compatible con un empleo. - Bolsarama - Informaci\u00f3n econ\u00f3mica actualizada - Bolsarama.es","robots":{"index":"index","follow":"follow","max-snippet":"max-snippet:-1","max-image-preview":"max-image-preview:large","max-video-preview":"max-video-preview:-1"},"canonical":"https:\/\/www.bolsarama.es\/bolsa\/sumar-solicita-en-el-congreso-que-la-pension-por-incapacidad-permanente-pueda-ser-compatible-con-un-empleo\/","og_locale":"es_ES","og_type":"article","og_title":"Sumar solicita en el Congreso que la pensi\u00f3n por incapacidad permanente pueda ser compatible con un empleo. - Bolsarama - Informaci\u00f3n econ\u00f3mica actualizada - Bolsarama.es","og_description":"Reformas Legales para la Compatibilidad Laboral y Prestaciones por Incapacidad Permanente En un esfuerzo por garantizar el derecho al trabajo para todos los ciudadanos, la formaci\u00f3n pol\u00edtica Sumar ha registrado una propuesta en el Congreso. El objetivo de esta iniciativa es introducir reformas legales que permitan combinar el trabajo con la percepci\u00f3n de prestaciones econ\u00f3micas [&hellip;]","og_url":"https:\/\/www.bolsarama.es\/bolsa\/sumar-solicita-en-el-congreso-que-la-pension-por-incapacidad-permanente-pueda-ser-compatible-con-un-empleo\/","og_site_name":"Bolsarama - Informaci\u00f3n econ\u00f3mica actualizada - Bolsarama.es","article_publisher":"https:\/\/www.facebook.com\/bolsarama.es","article_published_time":"2024-10-10T15:41:06+00:00","og_image":[{"width":800,"height":534,"url":"https:\/\/www.bolsarama.es\/bolsa\/wp-content\/uploads\/2024\/10\/Sumar-solicita-en-el-Congreso-que-la-pension-por-incapacidad.jpg","type":"image\/jpeg"}],"author":"Paula","twitter_card":"summary_large_image","twitter_creator":"@Bolsarama_es","twitter_site":"@Bolsarama_es","twitter_misc":{"Escrito por":"Paula","Tiempo de lectura":"2 minutos"},"schema":{"@context":"https:\/\/schema.org","@graph":[{"@type":"Article","@id":"https:\/\/www.bolsarama.es\/bolsa\/sumar-solicita-en-el-congreso-que-la-pension-por-incapacidad-permanente-pueda-ser-compatible-con-un-empleo\/#article","isPartOf":{"@id":"https:\/\/www.bolsarama.es\/bolsa\/sumar-solicita-en-el-congreso-que-la-pension-por-incapacidad-permanente-pueda-ser-compatible-con-un-empleo\/"},"author":{"name":"Paula","@id":"https:\/\/www.bolsarama.es\/bolsa\/#\/schema\/person\/a34ab5b5c7d41d99c10a5c3564af3e43"},"headline":"Sumar solicita en el Congreso que la pensi\u00f3n por incapacidad permanente pueda ser compatible con un empleo.","datePublished":"2024-10-10T15:41:06+00:00","dateModified":"2024-10-10T15:41:06+00:00","mainEntityOfPage":{"@id":"https:\/\/www.bolsarama.es\/bolsa\/sumar-solicita-en-el-congreso-que-la-pension-por-incapacidad-permanente-pueda-ser-compatible-con-un-empleo\/"},"wordCount":446,"commentCount":0,"publisher":{"@id":"https:\/\/www.bolsarama.es\/bolsa\/#organization"},"image":{"@id":"https:\/\/www.bolsarama.es\/bolsa\/sumar-solicita-en-el-congreso-que-la-pension-por-incapacidad-permanente-pueda-ser-compatible-con-un-empleo\/#primaryimage"},"thumbnailUrl":"https:\/\/www.bolsarama.es\/bolsa\/wp-content\/uploads\/2024\/10\/Sumar-solicita-en-el-Congreso-que-la-pension-por-incapacidad.jpg","inLanguage":"es","potentialAction":[{"@type":"CommentAction","name":"Comment","target":["https:\/\/www.bolsarama.es\/bolsa\/sumar-solicita-en-el-congreso-que-la-pension-por-incapacidad-permanente-pueda-ser-compatible-con-un-empleo\/#respond"]}]},{"@type":"WebPage","@id":"https:\/\/www.bolsarama.es\/bolsa\/sumar-solicita-en-el-congreso-que-la-pension-por-incapacidad-permanente-pueda-ser-compatible-con-un-empleo\/","url":"https:\/\/www.bolsarama.es\/bolsa\/sumar-solicita-en-el-congreso-que-la-pension-por-incapacidad-permanente-pueda-ser-compatible-con-un-empleo\/","name":"Sumar solicita en el Congreso que la pensi\u00f3n por incapacidad permanente pueda ser compatible con un empleo. - Bolsarama - Informaci\u00f3n econ\u00f3mica actualizada - Bolsarama.es","isPartOf":{"@id":"https:\/\/www.bolsarama.es\/bolsa\/#website"},"primaryImageOfPage":{"@id":"https:\/\/www.bolsarama.es\/bolsa\/sumar-solicita-en-el-congreso-que-la-pension-por-incapacidad-permanente-pueda-ser-compatible-con-un-empleo\/#primaryimage"},"image":{"@id":"https:\/\/www.bolsarama.es\/bolsa\/sumar-solicita-en-el-congreso-que-la-pension-por-incapacidad-permanente-pueda-ser-compatible-con-un-empleo\/#primaryimage"},"thumbnailUrl":"https:\/\/www.bolsarama.es\/bolsa\/wp-content\/uploads\/2024\/10\/Sumar-solicita-en-el-Congreso-que-la-pension-por-incapacidad.jpg","datePublished":"2024-10-10T15:41:06+00:00","dateModified":"2024-10-10T15:41:06+00:00","breadcrumb":{"@id":"https:\/\/www.bolsarama.es\/bolsa\/sumar-solicita-en-el-congreso-que-la-pension-por-incapacidad-permanente-pueda-ser-compatible-con-un-empleo\/#breadcrumb"},"inLanguage":"es","potentialAction":[{"@type":"ReadAction","target":["https:\/\/www.bolsarama.es\/bolsa\/sumar-solicita-en-el-congreso-que-la-pension-por-incapacidad-permanente-pueda-ser-compatible-con-un-empleo\/"]}]},{"@type":"ImageObject","inLanguage":"es","@id":"https:\/\/www.bolsarama.es\/bolsa\/sumar-solicita-en-el-congreso-que-la-pension-por-incapacidad-permanente-pueda-ser-compatible-con-un-empleo\/#primaryimage","url":"https:\/\/www.bolsarama.es\/bolsa\/wp-content\/uploads\/2024\/10\/Sumar-solicita-en-el-Congreso-que-la-pension-por-incapacidad.jpg","contentUrl":"https:\/\/www.bolsarama.es\/bolsa\/wp-content\/uploads\/2024\/10\/Sumar-solicita-en-el-Congreso-que-la-pension-por-incapacidad.jpg","width":800,"height":534,"caption":"Econom\u00eda.- Sumar pide en el Congreso que la pensi\u00f3n por incapacidad permanente sea compatible con un trabajo"},{"@type":"BreadcrumbList","@id":"https:\/\/www.bolsarama.es\/bolsa\/sumar-solicita-en-el-congreso-que-la-pension-por-incapacidad-permanente-pueda-ser-compatible-con-un-empleo\/#breadcrumb","itemListElement":[{"@type":"ListItem","position":1,"name":"Bolsa","item":"https:\/\/www.bolsarama.es\/bolsa\/"},{"@type":"ListItem","position":2,"name":"Sumar solicita en el Congreso que la pensi\u00f3n por incapacidad permanente pueda ser compatible con un empleo."}]},{"@type":"WebSite","@id":"https:\/\/www.bolsarama.es\/bolsa\/#website","url":"https:\/\/www.bolsarama.es\/bolsa\/","name":"Bolsarama","description":"","publisher":{"@id":"https:\/\/www.bolsarama.es\/bolsa\/#organization"},"potentialAction":[{"@type":"SearchAction","target":{"@type":"EntryPoint","urlTemplate":"https:\/\/www.bolsarama.es\/bolsa\/?s={search_term_string}"},"query-input":{"@type":"PropertyValueSpecification","valueRequired":true,"valueName":"search_term_string"}}],"inLanguage":"es"},{"@type":"Organization","@id":"https:\/\/www.bolsarama.es\/bolsa\/#organization","name":"Bolsarama","url":"https:\/\/www.bolsarama.es\/bolsa\/","logo":{"@type":"ImageObject","inLanguage":"es","@id":"https:\/\/www.bolsarama.es\/bolsa\/#\/schema\/logo\/image\/","url":"https:\/\/www.bolsarama.es\/bolsa\/wp-content\/uploads\/2023\/10\/logo-bolsarama.png","contentUrl":"https:\/\/www.bolsarama.es\/bolsa\/wp-content\/uploads\/2023\/10\/logo-bolsarama.png","width":300,"height":50,"caption":"Bolsarama"},"image":{"@id":"https:\/\/www.bolsarama.es\/bolsa\/#\/schema\/logo\/image\/"},"sameAs":["https:\/\/www.facebook.com\/bolsarama.es","https:\/\/x.com\/Bolsarama_es"]},{"@type":"Person","@id":"https:\/\/www.bolsarama.es\/bolsa\/#\/schema\/person\/a34ab5b5c7d41d99c10a5c3564af3e43","name":"Paula","image":{"@type":"ImageObject","inLanguage":"es","@id":"https:\/\/www.bolsarama.es\/bolsa\/#\/schema\/person\/image\/","url":"https:\/\/www.bolsarama.es\/bolsa\/wp-content\/litespeed\/avatar\/d6404594800e2b580b751c6bb2eb5f4f.jpg?ver=1777428602","contentUrl":"https:\/\/www.bolsarama.es\/bolsa\/wp-content\/litespeed\/avatar\/d6404594800e2b580b751c6bb2eb5f4f.jpg?ver=1777428602","caption":"Paula"},"url":"https:\/\/www.bolsarama.es\/bolsa\/author\/paula\/"}]}},"_links":{"self":[{"href":"https:\/\/www.bolsarama.es\/bolsa\/wp-json\/wp\/v2\/posts\/422","targetHints":{"allow":["GET"]}}],"collection":[{"href":"https:\/\/www.bolsarama.es\/bolsa\/wp-json\/wp\/v2\/posts"}],"about":[{"href":"https:\/\/www.bolsarama.es\/bolsa\/wp-json\/wp\/v2\/types\/post"}],"author":[{"embeddable":true,"href":"https:\/\/www.bolsarama.es\/bolsa\/wp-json\/wp\/v2\/users\/2"}],"replies":[{"embeddable":true,"href":"https:\/\/www.bolsarama.es\/bolsa\/wp-json\/wp\/v2\/comments?post=422"}],"version-history":[{"count":1,"href":"https:\/\/www.bolsarama.es\/bolsa\/wp-json\/wp\/v2\/posts\/422\/revisions"}],"predecessor-version":[{"id":424,"href":"https:\/\/www.bolsarama.es\/bolsa\/wp-json\/wp\/v2\/posts\/422\/revisions\/424"}],"wp:featuredmedia":[{"embeddable":true,"href":"https:\/\/www.bolsarama.es\/bolsa\/wp-json\/wp\/v2\/media\/423"}],"wp:attachment":[{"href":"https:\/\/www.bolsarama.es\/bolsa\/wp-json\/wp\/v2\/media?parent=422"}],"wp:term":[{"taxonomy":"category","embeddable":true,"href":"https:\/\/www.bolsarama.es\/bolsa\/wp-json\/wp\/v2\/categories?post=422"},{"taxonomy":"post_tag","embeddable":true,"href":"https:\/\/www.bolsarama.es\/bolsa\/wp-json\/wp\/v2\/tags?post=422"}],"curies":[{"name":"wp","href":"https:\/\/api.w.org\/{rel}","templated":true}]}}