{"id":447,"date":"2024-10-11T15:30:50","date_gmt":"2024-10-11T13:30:50","guid":{"rendered":"https:\/\/www.bolsarama.es\/bolsa\/?p=447"},"modified":"2024-10-11T15:30:50","modified_gmt":"2024-10-11T13:30:50","slug":"el-ministerio-de-trabajo-promovera-un-subsidio-para-los-autonomos-mayores-de-52-anos-que-estan-enfrentando-el-cierre-de-sus-negocios-de-acuerdo-a-lo-informado-por-upta","status":"publish","type":"post","link":"https:\/\/www.bolsarama.es\/bolsa\/el-ministerio-de-trabajo-promovera-un-subsidio-para-los-autonomos-mayores-de-52-anos-que-estan-enfrentando-el-cierre-de-sus-negocios-de-acuerdo-a-lo-informado-por-upta\/","title":{"rendered":"El Ministerio de Trabajo promover\u00e1 un subsidio para los aut\u00f3nomos mayores de 52 a\u00f1os que est\u00e1n enfrentando el cierre de sus negocios, de acuerdo a lo informado por UPTA."},"content":{"rendered":"<h2>Subsidio para aut\u00f3nomos mayores de 52 a\u00f1os: Una nueva medida de apoyo<\/h2>\n<p>El Ministerio de Trabajo y Econom\u00eda Social ha anunciado recientemente su compromiso con la Uni\u00f3n de Profesionales y Trabajadores Aut\u00f3nomos (UPTA) para implementar un subsidio destinado a aut\u00f3nomos mayores de 52 a\u00f1os que se vean obligados a cerrar su negocio. Una medida que ha sido largamente reclamada por diversos colectivos de aut\u00f3nomos, como la propia UPTA. <\/p>\n<h3>La importancia de esta medida<\/h3>\n<p>Esta nueva medida es esencial para dar soporte a los trabajadores aut\u00f3nomos de m\u00e1s edad que, por diversas circunstancias, deben cerrar su negocio. Es una buena noticia para este colectivo que a menudo se encuentra en una situaci\u00f3n de vulnerabilidad ante el cierre de su fuente de ingresos.<\/p>\n<h2>Conciliaci\u00f3n y competitividad para los aut\u00f3nomos<\/h2>\n<p>Durante el encuentro con la ministra de Trabajo y Econom\u00eda Social, Yolanda D\u00edaz, el presidente de UPTA, Eduardo Abad, tambi\u00e9n ha planteado la necesidad de implementar medidas que permitan a los trabajadores aut\u00f3nomos reducir su jornada laboral y conciliar su vida personal y profesional sin que ello afecte a su competitividad.<\/p>\n<h3>Formaci\u00f3n y bonificaciones para la gesti\u00f3n del tiempo<\/h3>\n<p>Seg\u00fan Abad, la ministra D\u00edaz se ha referido a las bonificaciones y la formaci\u00f3n en gesti\u00f3n del tiempo que el Ministerio de Trabajo y Econom\u00eda Social ha propuesto a los agentes sociales. Esta formaci\u00f3n y estas bonificaciones est\u00e1n encuadradas en el &#8216;Plan Pyme 375&#8217;.<\/p>\n<h4>Beneficios de la formaci\u00f3n y las bonificaciones<\/h4>\n<p>Estas medidas, alineadas con lo propuesto por el Ministerio, pueden ayudar a los aut\u00f3nomos de peque\u00f1a dimensi\u00f3n y pymes a fidelizar a sus trabajadores y, as\u00ed, mejorar su competitividad.<\/p>\n<h2>Estrategia Nacional de Impulso del Trabajo Aut\u00f3nomo (Endita)<\/h2>\n<p>Adem\u00e1s, durante el encuentro con la titular de Trabajo, se ha anunciado que antes de que finalice el a\u00f1o se pondr\u00e1 en marcha la mesa de trabajo para la Estrategia Nacional de Impulso del Trabajo Aut\u00f3nomo (Endita). Este proyecto busca desarrollar las labores que a\u00fan quedan pendientes para los trabajadores por cuenta propia, contribuyendo as\u00ed a mejorar su situaci\u00f3n y sus condiciones laborales.<\/p>\n","protected":false},"excerpt":{"rendered":"<p>Subsidio para aut\u00f3nomos mayores de 52 a\u00f1os: Una nueva medida de apoyo El Ministerio de Trabajo y Econom\u00eda Social ha anunciado recientemente su compromiso con la Uni\u00f3n de Profesionales y Trabajadores Aut\u00f3nomos (UPTA) para implementar un subsidio destinado a aut\u00f3nomos mayores de 52 a\u00f1os que se vean obligados a cerrar su negocio. Una medida que [&hellip;]<\/p>\n","protected":false},"author":2,"featured_media":448,"comment_status":"open","ping_status":"open","sticky":false,"template":"","format":"standard","meta":{"footnotes":""},"categories":[1],"tags":[],"class_list":["post-447","post","type-post","status-publish","format-standard","has-post-thumbnail","hentry","category-sin-categoria"],"yoast_head":"<!-- This site is optimized with the Yoast SEO plugin v23.6 - https:\/\/yoast.com\/wordpress\/plugins\/seo\/ -->\n<title>El Ministerio de Trabajo promover\u00e1 un subsidio para los aut\u00f3nomos mayores de 52 a\u00f1os que est\u00e1n enfrentando el cierre de sus negocios, de acuerdo a lo informado por UPTA. - Bolsarama - Informaci\u00f3n econ\u00f3mica actualizada - Bolsarama.es<\/title>\n<meta name=\"robots\" content=\"index, follow, max-snippet:-1, max-image-preview:large, max-video-preview:-1\" \/>\n<link rel=\"canonical\" href=\"https:\/\/www.bolsarama.es\/bolsa\/el-ministerio-de-trabajo-promovera-un-subsidio-para-los-autonomos-mayores-de-52-anos-que-estan-enfrentando-el-cierre-de-sus-negocios-de-acuerdo-a-lo-informado-por-upta\/\" \/>\n<meta property=\"og:locale\" content=\"es_ES\" \/>\n<meta property=\"og:type\" content=\"article\" \/>\n<meta property=\"og:title\" content=\"El Ministerio de Trabajo promover\u00e1 un subsidio para los aut\u00f3nomos mayores de 52 a\u00f1os que est\u00e1n enfrentando el cierre de sus negocios, de acuerdo a lo informado por UPTA. - Bolsarama - Informaci\u00f3n econ\u00f3mica actualizada - Bolsarama.es\" \/>\n<meta property=\"og:description\" content=\"Subsidio para aut\u00f3nomos mayores de 52 a\u00f1os: Una nueva medida de apoyo El Ministerio de Trabajo y Econom\u00eda Social ha anunciado recientemente su compromiso con la Uni\u00f3n de Profesionales y Trabajadores Aut\u00f3nomos (UPTA) para implementar un subsidio destinado a aut\u00f3nomos mayores de 52 a\u00f1os que se vean obligados a cerrar su negocio. Una medida que [&hellip;]\" \/>\n<meta property=\"og:url\" content=\"https:\/\/www.bolsarama.es\/bolsa\/el-ministerio-de-trabajo-promovera-un-subsidio-para-los-autonomos-mayores-de-52-anos-que-estan-enfrentando-el-cierre-de-sus-negocios-de-acuerdo-a-lo-informado-por-upta\/\" \/>\n<meta property=\"og:site_name\" content=\"Bolsarama - Informaci\u00f3n econ\u00f3mica actualizada - Bolsarama.es\" \/>\n<meta property=\"article:publisher\" content=\"https:\/\/www.facebook.com\/bolsarama.es\" \/>\n<meta property=\"article:published_time\" content=\"2024-10-11T13:30:50+00:00\" \/>\n<meta property=\"og:image\" content=\"https:\/\/www.bolsarama.es\/bolsa\/wp-content\/uploads\/2024\/10\/El-Ministerio-de-Trabajo-promovera-un-subsidio-para-los-autonomos.jpg\" \/>\n\t<meta property=\"og:image:width\" content=\"800\" \/>\n\t<meta property=\"og:image:height\" content=\"555\" \/>\n\t<meta property=\"og:image:type\" content=\"image\/jpeg\" \/>\n<meta name=\"author\" content=\"Paula\" \/>\n<meta name=\"twitter:card\" content=\"summary_large_image\" \/>\n<meta name=\"twitter:creator\" content=\"@Bolsarama_es\" \/>\n<meta name=\"twitter:site\" content=\"@Bolsarama_es\" \/>\n<meta name=\"twitter:label1\" content=\"Escrito por\" \/>\n\t<meta name=\"twitter:data1\" content=\"Paula\" \/>\n\t<meta name=\"twitter:label2\" content=\"Tiempo de lectura\" \/>\n\t<meta name=\"twitter:data2\" content=\"2 minutos\" \/>\n<script type=\"application\/ld+json\" class=\"yoast-schema-graph\">{\"@context\":\"https:\/\/schema.org\",\"@graph\":[{\"@type\":\"Article\",\"@id\":\"https:\/\/www.bolsarama.es\/bolsa\/el-ministerio-de-trabajo-promovera-un-subsidio-para-los-autonomos-mayores-de-52-anos-que-estan-enfrentando-el-cierre-de-sus-negocios-de-acuerdo-a-lo-informado-por-upta\/#article\",\"isPartOf\":{\"@id\":\"https:\/\/www.bolsarama.es\/bolsa\/el-ministerio-de-trabajo-promovera-un-subsidio-para-los-autonomos-mayores-de-52-anos-que-estan-enfrentando-el-cierre-de-sus-negocios-de-acuerdo-a-lo-informado-por-upta\/\"},\"author\":{\"name\":\"Paula\",\"@id\":\"https:\/\/www.bolsarama.es\/bolsa\/#\/schema\/person\/a34ab5b5c7d41d99c10a5c3564af3e43\"},\"headline\":\"El Ministerio de Trabajo promover\u00e1 un subsidio para los aut\u00f3nomos mayores de 52 a\u00f1os que est\u00e1n enfrentando el cierre de sus negocios, de acuerdo a lo informado por UPTA.\",\"datePublished\":\"2024-10-11T13:30:50+00:00\",\"dateModified\":\"2024-10-11T13:30:50+00:00\",\"mainEntityOfPage\":{\"@id\":\"https:\/\/www.bolsarama.es\/bolsa\/el-ministerio-de-trabajo-promovera-un-subsidio-para-los-autonomos-mayores-de-52-anos-que-estan-enfrentando-el-cierre-de-sus-negocios-de-acuerdo-a-lo-informado-por-upta\/\"},\"wordCount\":402,\"commentCount\":0,\"publisher\":{\"@id\":\"https:\/\/www.bolsarama.es\/bolsa\/#organization\"},\"image\":{\"@id\":\"https:\/\/www.bolsarama.es\/bolsa\/el-ministerio-de-trabajo-promovera-un-subsidio-para-los-autonomos-mayores-de-52-anos-que-estan-enfrentando-el-cierre-de-sus-negocios-de-acuerdo-a-lo-informado-por-upta\/#primaryimage\"},\"thumbnailUrl\":\"https:\/\/www.bolsarama.es\/bolsa\/wp-content\/uploads\/2024\/10\/El-Ministerio-de-Trabajo-promovera-un-subsidio-para-los-autonomos.jpg\",\"inLanguage\":\"es\",\"potentialAction\":[{\"@type\":\"CommentAction\",\"name\":\"Comment\",\"target\":[\"https:\/\/www.bolsarama.es\/bolsa\/el-ministerio-de-trabajo-promovera-un-subsidio-para-los-autonomos-mayores-de-52-anos-que-estan-enfrentando-el-cierre-de-sus-negocios-de-acuerdo-a-lo-informado-por-upta\/#respond\"]}]},{\"@type\":\"WebPage\",\"@id\":\"https:\/\/www.bolsarama.es\/bolsa\/el-ministerio-de-trabajo-promovera-un-subsidio-para-los-autonomos-mayores-de-52-anos-que-estan-enfrentando-el-cierre-de-sus-negocios-de-acuerdo-a-lo-informado-por-upta\/\",\"url\":\"https:\/\/www.bolsarama.es\/bolsa\/el-ministerio-de-trabajo-promovera-un-subsidio-para-los-autonomos-mayores-de-52-anos-que-estan-enfrentando-el-cierre-de-sus-negocios-de-acuerdo-a-lo-informado-por-upta\/\",\"name\":\"El Ministerio de Trabajo promover\u00e1 un subsidio para los aut\u00f3nomos mayores de 52 a\u00f1os que est\u00e1n enfrentando el cierre de sus negocios, de acuerdo a lo informado por UPTA. - Bolsarama - Informaci\u00f3n econ\u00f3mica actualizada - Bolsarama.es\",\"isPartOf\":{\"@id\":\"https:\/\/www.bolsarama.es\/bolsa\/#website\"},\"primaryImageOfPage\":{\"@id\":\"https:\/\/www.bolsarama.es\/bolsa\/el-ministerio-de-trabajo-promovera-un-subsidio-para-los-autonomos-mayores-de-52-anos-que-estan-enfrentando-el-cierre-de-sus-negocios-de-acuerdo-a-lo-informado-por-upta\/#primaryimage\"},\"image\":{\"@id\":\"https:\/\/www.bolsarama.es\/bolsa\/el-ministerio-de-trabajo-promovera-un-subsidio-para-los-autonomos-mayores-de-52-anos-que-estan-enfrentando-el-cierre-de-sus-negocios-de-acuerdo-a-lo-informado-por-upta\/#primaryimage\"},\"thumbnailUrl\":\"https:\/\/www.bolsarama.es\/bolsa\/wp-content\/uploads\/2024\/10\/El-Ministerio-de-Trabajo-promovera-un-subsidio-para-los-autonomos.jpg\",\"datePublished\":\"2024-10-11T13:30:50+00:00\",\"dateModified\":\"2024-10-11T13:30:50+00:00\",\"breadcrumb\":{\"@id\":\"https:\/\/www.bolsarama.es\/bolsa\/el-ministerio-de-trabajo-promovera-un-subsidio-para-los-autonomos-mayores-de-52-anos-que-estan-enfrentando-el-cierre-de-sus-negocios-de-acuerdo-a-lo-informado-por-upta\/#breadcrumb\"},\"inLanguage\":\"es\",\"potentialAction\":[{\"@type\":\"ReadAction\",\"target\":[\"https:\/\/www.bolsarama.es\/bolsa\/el-ministerio-de-trabajo-promovera-un-subsidio-para-los-autonomos-mayores-de-52-anos-que-estan-enfrentando-el-cierre-de-sus-negocios-de-acuerdo-a-lo-informado-por-upta\/\"]}]},{\"@type\":\"ImageObject\",\"inLanguage\":\"es\",\"@id\":\"https:\/\/www.bolsarama.es\/bolsa\/el-ministerio-de-trabajo-promovera-un-subsidio-para-los-autonomos-mayores-de-52-anos-que-estan-enfrentando-el-cierre-de-sus-negocios-de-acuerdo-a-lo-informado-por-upta\/#primaryimage\",\"url\":\"https:\/\/www.bolsarama.es\/bolsa\/wp-content\/uploads\/2024\/10\/El-Ministerio-de-Trabajo-promovera-un-subsidio-para-los-autonomos.jpg\",\"contentUrl\":\"https:\/\/www.bolsarama.es\/bolsa\/wp-content\/uploads\/2024\/10\/El-Ministerio-de-Trabajo-promovera-un-subsidio-para-los-autonomos.jpg\",\"width\":800,\"height\":555,\"caption\":\"Econom\u00eda.- Trabajo impulsar\u00e1 un subsidio para aut\u00f3nomos mayores de 52 a\u00f1os abocados al cierre de su negocio, seg\u00fan UPTA\"},{\"@type\":\"BreadcrumbList\",\"@id\":\"https:\/\/www.bolsarama.es\/bolsa\/el-ministerio-de-trabajo-promovera-un-subsidio-para-los-autonomos-mayores-de-52-anos-que-estan-enfrentando-el-cierre-de-sus-negocios-de-acuerdo-a-lo-informado-por-upta\/#breadcrumb\",\"itemListElement\":[{\"@type\":\"ListItem\",\"position\":1,\"name\":\"Bolsa\",\"item\":\"https:\/\/www.bolsarama.es\/bolsa\/\"},{\"@type\":\"ListItem\",\"position\":2,\"name\":\"El Ministerio de Trabajo promover\u00e1 un subsidio para los aut\u00f3nomos mayores de 52 a\u00f1os que est\u00e1n enfrentando el cierre de sus negocios, de acuerdo a lo informado por UPTA.\"}]},{\"@type\":\"WebSite\",\"@id\":\"https:\/\/www.bolsarama.es\/bolsa\/#website\",\"url\":\"https:\/\/www.bolsarama.es\/bolsa\/\",\"name\":\"Bolsarama\",\"description\":\"\",\"publisher\":{\"@id\":\"https:\/\/www.bolsarama.es\/bolsa\/#organization\"},\"potentialAction\":[{\"@type\":\"SearchAction\",\"target\":{\"@type\":\"EntryPoint\",\"urlTemplate\":\"https:\/\/www.bolsarama.es\/bolsa\/?s={search_term_string}\"},\"query-input\":{\"@type\":\"PropertyValueSpecification\",\"valueRequired\":true,\"valueName\":\"search_term_string\"}}],\"inLanguage\":\"es\"},{\"@type\":\"Organization\",\"@id\":\"https:\/\/www.bolsarama.es\/bolsa\/#organization\",\"name\":\"Bolsarama\",\"url\":\"https:\/\/www.bolsarama.es\/bolsa\/\",\"logo\":{\"@type\":\"ImageObject\",\"inLanguage\":\"es\",\"@id\":\"https:\/\/www.bolsarama.es\/bolsa\/#\/schema\/logo\/image\/\",\"url\":\"https:\/\/www.bolsarama.es\/bolsa\/wp-content\/uploads\/2023\/10\/logo-bolsarama.png\",\"contentUrl\":\"https:\/\/www.bolsarama.es\/bolsa\/wp-content\/uploads\/2023\/10\/logo-bolsarama.png\",\"width\":300,\"height\":50,\"caption\":\"Bolsarama\"},\"image\":{\"@id\":\"https:\/\/www.bolsarama.es\/bolsa\/#\/schema\/logo\/image\/\"},\"sameAs\":[\"https:\/\/www.facebook.com\/bolsarama.es\",\"https:\/\/x.com\/Bolsarama_es\"]},{\"@type\":\"Person\",\"@id\":\"https:\/\/www.bolsarama.es\/bolsa\/#\/schema\/person\/a34ab5b5c7d41d99c10a5c3564af3e43\",\"name\":\"Paula\",\"image\":{\"@type\":\"ImageObject\",\"inLanguage\":\"es\",\"@id\":\"https:\/\/www.bolsarama.es\/bolsa\/#\/schema\/person\/image\/\",\"url\":\"https:\/\/www.bolsarama.es\/bolsa\/wp-content\/litespeed\/avatar\/d6404594800e2b580b751c6bb2eb5f4f.jpg?ver=1777428602\",\"contentUrl\":\"https:\/\/www.bolsarama.es\/bolsa\/wp-content\/litespeed\/avatar\/d6404594800e2b580b751c6bb2eb5f4f.jpg?ver=1777428602\",\"caption\":\"Paula\"},\"url\":\"https:\/\/www.bolsarama.es\/bolsa\/author\/paula\/\"}]}<\/script>\n<!-- \/ Yoast SEO plugin. -->","yoast_head_json":{"title":"El Ministerio de Trabajo promover\u00e1 un subsidio para los aut\u00f3nomos mayores de 52 a\u00f1os que est\u00e1n enfrentando el cierre de sus negocios, de acuerdo a lo informado por UPTA. - Bolsarama - Informaci\u00f3n econ\u00f3mica actualizada - Bolsarama.es","robots":{"index":"index","follow":"follow","max-snippet":"max-snippet:-1","max-image-preview":"max-image-preview:large","max-video-preview":"max-video-preview:-1"},"canonical":"https:\/\/www.bolsarama.es\/bolsa\/el-ministerio-de-trabajo-promovera-un-subsidio-para-los-autonomos-mayores-de-52-anos-que-estan-enfrentando-el-cierre-de-sus-negocios-de-acuerdo-a-lo-informado-por-upta\/","og_locale":"es_ES","og_type":"article","og_title":"El Ministerio de Trabajo promover\u00e1 un subsidio para los aut\u00f3nomos mayores de 52 a\u00f1os que est\u00e1n enfrentando el cierre de sus negocios, de acuerdo a lo informado por UPTA. - Bolsarama - Informaci\u00f3n econ\u00f3mica actualizada - Bolsarama.es","og_description":"Subsidio para aut\u00f3nomos mayores de 52 a\u00f1os: Una nueva medida de apoyo El Ministerio de Trabajo y Econom\u00eda Social ha anunciado recientemente su compromiso con la Uni\u00f3n de Profesionales y Trabajadores Aut\u00f3nomos (UPTA) para implementar un subsidio destinado a aut\u00f3nomos mayores de 52 a\u00f1os que se vean obligados a cerrar su negocio. Una medida que [&hellip;]","og_url":"https:\/\/www.bolsarama.es\/bolsa\/el-ministerio-de-trabajo-promovera-un-subsidio-para-los-autonomos-mayores-de-52-anos-que-estan-enfrentando-el-cierre-de-sus-negocios-de-acuerdo-a-lo-informado-por-upta\/","og_site_name":"Bolsarama - Informaci\u00f3n econ\u00f3mica actualizada - Bolsarama.es","article_publisher":"https:\/\/www.facebook.com\/bolsarama.es","article_published_time":"2024-10-11T13:30:50+00:00","og_image":[{"width":800,"height":555,"url":"https:\/\/www.bolsarama.es\/bolsa\/wp-content\/uploads\/2024\/10\/El-Ministerio-de-Trabajo-promovera-un-subsidio-para-los-autonomos.jpg","type":"image\/jpeg"}],"author":"Paula","twitter_card":"summary_large_image","twitter_creator":"@Bolsarama_es","twitter_site":"@Bolsarama_es","twitter_misc":{"Escrito por":"Paula","Tiempo de lectura":"2 minutos"},"schema":{"@context":"https:\/\/schema.org","@graph":[{"@type":"Article","@id":"https:\/\/www.bolsarama.es\/bolsa\/el-ministerio-de-trabajo-promovera-un-subsidio-para-los-autonomos-mayores-de-52-anos-que-estan-enfrentando-el-cierre-de-sus-negocios-de-acuerdo-a-lo-informado-por-upta\/#article","isPartOf":{"@id":"https:\/\/www.bolsarama.es\/bolsa\/el-ministerio-de-trabajo-promovera-un-subsidio-para-los-autonomos-mayores-de-52-anos-que-estan-enfrentando-el-cierre-de-sus-negocios-de-acuerdo-a-lo-informado-por-upta\/"},"author":{"name":"Paula","@id":"https:\/\/www.bolsarama.es\/bolsa\/#\/schema\/person\/a34ab5b5c7d41d99c10a5c3564af3e43"},"headline":"El Ministerio de Trabajo promover\u00e1 un subsidio para los aut\u00f3nomos mayores de 52 a\u00f1os que est\u00e1n enfrentando el cierre de sus negocios, de acuerdo a lo informado por UPTA.","datePublished":"2024-10-11T13:30:50+00:00","dateModified":"2024-10-11T13:30:50+00:00","mainEntityOfPage":{"@id":"https:\/\/www.bolsarama.es\/bolsa\/el-ministerio-de-trabajo-promovera-un-subsidio-para-los-autonomos-mayores-de-52-anos-que-estan-enfrentando-el-cierre-de-sus-negocios-de-acuerdo-a-lo-informado-por-upta\/"},"wordCount":402,"commentCount":0,"publisher":{"@id":"https:\/\/www.bolsarama.es\/bolsa\/#organization"},"image":{"@id":"https:\/\/www.bolsarama.es\/bolsa\/el-ministerio-de-trabajo-promovera-un-subsidio-para-los-autonomos-mayores-de-52-anos-que-estan-enfrentando-el-cierre-de-sus-negocios-de-acuerdo-a-lo-informado-por-upta\/#primaryimage"},"thumbnailUrl":"https:\/\/www.bolsarama.es\/bolsa\/wp-content\/uploads\/2024\/10\/El-Ministerio-de-Trabajo-promovera-un-subsidio-para-los-autonomos.jpg","inLanguage":"es","potentialAction":[{"@type":"CommentAction","name":"Comment","target":["https:\/\/www.bolsarama.es\/bolsa\/el-ministerio-de-trabajo-promovera-un-subsidio-para-los-autonomos-mayores-de-52-anos-que-estan-enfrentando-el-cierre-de-sus-negocios-de-acuerdo-a-lo-informado-por-upta\/#respond"]}]},{"@type":"WebPage","@id":"https:\/\/www.bolsarama.es\/bolsa\/el-ministerio-de-trabajo-promovera-un-subsidio-para-los-autonomos-mayores-de-52-anos-que-estan-enfrentando-el-cierre-de-sus-negocios-de-acuerdo-a-lo-informado-por-upta\/","url":"https:\/\/www.bolsarama.es\/bolsa\/el-ministerio-de-trabajo-promovera-un-subsidio-para-los-autonomos-mayores-de-52-anos-que-estan-enfrentando-el-cierre-de-sus-negocios-de-acuerdo-a-lo-informado-por-upta\/","name":"El Ministerio de Trabajo promover\u00e1 un subsidio para los aut\u00f3nomos mayores de 52 a\u00f1os que est\u00e1n enfrentando el cierre de sus negocios, de acuerdo a lo informado por UPTA. - Bolsarama - Informaci\u00f3n econ\u00f3mica actualizada - Bolsarama.es","isPartOf":{"@id":"https:\/\/www.bolsarama.es\/bolsa\/#website"},"primaryImageOfPage":{"@id":"https:\/\/www.bolsarama.es\/bolsa\/el-ministerio-de-trabajo-promovera-un-subsidio-para-los-autonomos-mayores-de-52-anos-que-estan-enfrentando-el-cierre-de-sus-negocios-de-acuerdo-a-lo-informado-por-upta\/#primaryimage"},"image":{"@id":"https:\/\/www.bolsarama.es\/bolsa\/el-ministerio-de-trabajo-promovera-un-subsidio-para-los-autonomos-mayores-de-52-anos-que-estan-enfrentando-el-cierre-de-sus-negocios-de-acuerdo-a-lo-informado-por-upta\/#primaryimage"},"thumbnailUrl":"https:\/\/www.bolsarama.es\/bolsa\/wp-content\/uploads\/2024\/10\/El-Ministerio-de-Trabajo-promovera-un-subsidio-para-los-autonomos.jpg","datePublished":"2024-10-11T13:30:50+00:00","dateModified":"2024-10-11T13:30:50+00:00","breadcrumb":{"@id":"https:\/\/www.bolsarama.es\/bolsa\/el-ministerio-de-trabajo-promovera-un-subsidio-para-los-autonomos-mayores-de-52-anos-que-estan-enfrentando-el-cierre-de-sus-negocios-de-acuerdo-a-lo-informado-por-upta\/#breadcrumb"},"inLanguage":"es","potentialAction":[{"@type":"ReadAction","target":["https:\/\/www.bolsarama.es\/bolsa\/el-ministerio-de-trabajo-promovera-un-subsidio-para-los-autonomos-mayores-de-52-anos-que-estan-enfrentando-el-cierre-de-sus-negocios-de-acuerdo-a-lo-informado-por-upta\/"]}]},{"@type":"ImageObject","inLanguage":"es","@id":"https:\/\/www.bolsarama.es\/bolsa\/el-ministerio-de-trabajo-promovera-un-subsidio-para-los-autonomos-mayores-de-52-anos-que-estan-enfrentando-el-cierre-de-sus-negocios-de-acuerdo-a-lo-informado-por-upta\/#primaryimage","url":"https:\/\/www.bolsarama.es\/bolsa\/wp-content\/uploads\/2024\/10\/El-Ministerio-de-Trabajo-promovera-un-subsidio-para-los-autonomos.jpg","contentUrl":"https:\/\/www.bolsarama.es\/bolsa\/wp-content\/uploads\/2024\/10\/El-Ministerio-de-Trabajo-promovera-un-subsidio-para-los-autonomos.jpg","width":800,"height":555,"caption":"Econom\u00eda.- Trabajo impulsar\u00e1 un subsidio para aut\u00f3nomos mayores de 52 a\u00f1os abocados al cierre de su negocio, seg\u00fan UPTA"},{"@type":"BreadcrumbList","@id":"https:\/\/www.bolsarama.es\/bolsa\/el-ministerio-de-trabajo-promovera-un-subsidio-para-los-autonomos-mayores-de-52-anos-que-estan-enfrentando-el-cierre-de-sus-negocios-de-acuerdo-a-lo-informado-por-upta\/#breadcrumb","itemListElement":[{"@type":"ListItem","position":1,"name":"Bolsa","item":"https:\/\/www.bolsarama.es\/bolsa\/"},{"@type":"ListItem","position":2,"name":"El Ministerio de Trabajo promover\u00e1 un subsidio para los aut\u00f3nomos mayores de 52 a\u00f1os que est\u00e1n enfrentando el cierre de sus negocios, de acuerdo a lo informado por UPTA."}]},{"@type":"WebSite","@id":"https:\/\/www.bolsarama.es\/bolsa\/#website","url":"https:\/\/www.bolsarama.es\/bolsa\/","name":"Bolsarama","description":"","publisher":{"@id":"https:\/\/www.bolsarama.es\/bolsa\/#organization"},"potentialAction":[{"@type":"SearchAction","target":{"@type":"EntryPoint","urlTemplate":"https:\/\/www.bolsarama.es\/bolsa\/?s={search_term_string}"},"query-input":{"@type":"PropertyValueSpecification","valueRequired":true,"valueName":"search_term_string"}}],"inLanguage":"es"},{"@type":"Organization","@id":"https:\/\/www.bolsarama.es\/bolsa\/#organization","name":"Bolsarama","url":"https:\/\/www.bolsarama.es\/bolsa\/","logo":{"@type":"ImageObject","inLanguage":"es","@id":"https:\/\/www.bolsarama.es\/bolsa\/#\/schema\/logo\/image\/","url":"https:\/\/www.bolsarama.es\/bolsa\/wp-content\/uploads\/2023\/10\/logo-bolsarama.png","contentUrl":"https:\/\/www.bolsarama.es\/bolsa\/wp-content\/uploads\/2023\/10\/logo-bolsarama.png","width":300,"height":50,"caption":"Bolsarama"},"image":{"@id":"https:\/\/www.bolsarama.es\/bolsa\/#\/schema\/logo\/image\/"},"sameAs":["https:\/\/www.facebook.com\/bolsarama.es","https:\/\/x.com\/Bolsarama_es"]},{"@type":"Person","@id":"https:\/\/www.bolsarama.es\/bolsa\/#\/schema\/person\/a34ab5b5c7d41d99c10a5c3564af3e43","name":"Paula","image":{"@type":"ImageObject","inLanguage":"es","@id":"https:\/\/www.bolsarama.es\/bolsa\/#\/schema\/person\/image\/","url":"https:\/\/www.bolsarama.es\/bolsa\/wp-content\/litespeed\/avatar\/d6404594800e2b580b751c6bb2eb5f4f.jpg?ver=1777428602","contentUrl":"https:\/\/www.bolsarama.es\/bolsa\/wp-content\/litespeed\/avatar\/d6404594800e2b580b751c6bb2eb5f4f.jpg?ver=1777428602","caption":"Paula"},"url":"https:\/\/www.bolsarama.es\/bolsa\/author\/paula\/"}]}},"_links":{"self":[{"href":"https:\/\/www.bolsarama.es\/bolsa\/wp-json\/wp\/v2\/posts\/447","targetHints":{"allow":["GET"]}}],"collection":[{"href":"https:\/\/www.bolsarama.es\/bolsa\/wp-json\/wp\/v2\/posts"}],"about":[{"href":"https:\/\/www.bolsarama.es\/bolsa\/wp-json\/wp\/v2\/types\/post"}],"author":[{"embeddable":true,"href":"https:\/\/www.bolsarama.es\/bolsa\/wp-json\/wp\/v2\/users\/2"}],"replies":[{"embeddable":true,"href":"https:\/\/www.bolsarama.es\/bolsa\/wp-json\/wp\/v2\/comments?post=447"}],"version-history":[{"count":1,"href":"https:\/\/www.bolsarama.es\/bolsa\/wp-json\/wp\/v2\/posts\/447\/revisions"}],"predecessor-version":[{"id":449,"href":"https:\/\/www.bolsarama.es\/bolsa\/wp-json\/wp\/v2\/posts\/447\/revisions\/449"}],"wp:featuredmedia":[{"embeddable":true,"href":"https:\/\/www.bolsarama.es\/bolsa\/wp-json\/wp\/v2\/media\/448"}],"wp:attachment":[{"href":"https:\/\/www.bolsarama.es\/bolsa\/wp-json\/wp\/v2\/media?parent=447"}],"wp:term":[{"taxonomy":"category","embeddable":true,"href":"https:\/\/www.bolsarama.es\/bolsa\/wp-json\/wp\/v2\/categories?post=447"},{"taxonomy":"post_tag","embeddable":true,"href":"https:\/\/www.bolsarama.es\/bolsa\/wp-json\/wp\/v2\/tags?post=447"}],"curies":[{"name":"wp","href":"https:\/\/api.w.org\/{rel}","templated":true}]}}