{"id":478,"date":"2024-10-12T15:30:49","date_gmt":"2024-10-12T13:30:49","guid":{"rendered":"https:\/\/www.bolsarama.es\/bolsa\/?p=478"},"modified":"2024-10-12T15:30:49","modified_gmt":"2024-10-12T13:30:49","slug":"moodys-reduce-la-perspectiva-de-vw-a-negativa-debido-a-su-debilidad-operativa","status":"publish","type":"post","link":"https:\/\/www.bolsarama.es\/bolsa\/moodys-reduce-la-perspectiva-de-vw-a-negativa-debido-a-su-debilidad-operativa\/","title":{"rendered":"Moody&#8217;s reduce la perspectiva de VW a &#8216;negativa&#8217; debido a su debilidad operativa."},"content":{"rendered":"<h2>Moody&#8217;s rebaja la perspectiva de Volkswagen: \u00bfQu\u00e9 significa para la industria automotriz?<\/h2>\n<p>La agencia de calificaci\u00f3n Moody&#8217;s ha hecho un movimiento significativo que ha sacudido la industria automovil\u00edstica. Ha cambiado la perspectiva del gigante automovil\u00edstico alem\u00e1n Volkswagen de &#8216;estable&#8217; a &#8216;negativa&#8217;. Este cambio se debe a una serie de factores que han afectado a la empresa, como la debilidad operativa y la presi\u00f3n sobre los precios. Pero, \u00bfqu\u00e9 significa esto para la industria automotriz y c\u00f3mo puede afectar al futuro de Volkswagen?<\/p>\n<h3>La debilidad operativa de Volkswagen<\/h3>\n<p>Moody&#8217;s justifica la rebaja de la perspectiva de Volkswagen debido a su debilidad operativa. Esta se debe a un crecimiento global lento que est\u00e1 afectando a las operaciones de la compa\u00f1\u00eda en todo el mundo. En particular, las operaciones de Volkswagen en China y en Europa occidental se est\u00e1n viendo afectadas, ya que el consumo se ha ralentizado en los \u00faltimos a\u00f1os. Esto se debe a una creciente presi\u00f3n sobre los precios y a los costos de reestructuraci\u00f3n provocados por el cambio hacia los veh\u00edculos el\u00e9ctricos.<\/p>\n<h3>La importancia de China para Volkswagen<\/h3>\n<p>China es un mercado clave para Volkswagen, con alrededor del 30% de los beneficios del grupo provenientes de este pa\u00eds. Esto incluye los beneficios de los coches producidos localmente a trav\u00e9s de su joint-venture, as\u00ed como los beneficios de los coches importados, principalmente Porsche y Audi. Sin embargo, este porcentaje ha disminuido desde su punto \u00e1lgido, donde representaba el 50% de los beneficios del grupo.<\/p>\n<h4>\u00bfQu\u00e9 implica la perspectiva negativa de Moody&#8217;s?<\/h4>\n<p>La perspectiva negativa de Moody&#8217;s significa que la agencia no ve razones para mantener su calificaci\u00f3n positiva sobre Volkswagen. Sin embargo, se\u00f1alan que podr\u00edan reconsiderar esto si Volkswagen demuestra su capacidad para proteger su cuota de mercado en los principales mercados en los que opera. Esto incluir\u00eda a Europa Occidental y China, independientemente de los posibles cambios en las condiciones macroecon\u00f3micas mundiales.<\/p>\n<h2>\u00bfQu\u00e9 necesita hacer Volkswagen para mejorar su situaci\u00f3n?<\/h2>\n<p>Para mejorar su calificaci\u00f3n, Volkswagen necesita demostrar una serie de cosas. En primer lugar, la empresa debe ser capaz de proteger su cuota de mercado en los principales mercados en los que opera, especialmente en Europa Occidental y China. En segundo lugar, Volkswagen necesita mejorar de forma significativa la posici\u00f3n competitiva de la marca en el mercado de autom\u00f3viles de turismo y en el mercado estadounidense. Finalmente, la empresa necesita aplicar estructuras de gobierno corporativo m\u00e1s estrictas y generar un s\u00f3lido flujo de caja de forma sostenida. Todo esto debe lograrse a pesar del elevado gasto de capital y mientras se mantiene un margen ebitda ajustado por encima del 7% de forma sostenida.<\/p>\n","protected":false},"excerpt":{"rendered":"<p>Moody&#8217;s rebaja la perspectiva de Volkswagen: \u00bfQu\u00e9 significa para la industria automotriz? La agencia de calificaci\u00f3n Moody&#8217;s ha hecho un movimiento significativo que ha sacudido la industria automovil\u00edstica. Ha cambiado la perspectiva del gigante automovil\u00edstico alem\u00e1n Volkswagen de &#8216;estable&#8217; a &#8216;negativa&#8217;. Este cambio se debe a una serie de factores que han afectado a la [&hellip;]<\/p>\n","protected":false},"author":2,"featured_media":479,"comment_status":"open","ping_status":"open","sticky":false,"template":"","format":"standard","meta":{"footnotes":""},"categories":[1],"tags":[],"class_list":["post-478","post","type-post","status-publish","format-standard","has-post-thumbnail","hentry","category-sin-categoria"],"yoast_head":"<!-- This site is optimized with the Yoast SEO plugin v23.6 - https:\/\/yoast.com\/wordpress\/plugins\/seo\/ -->\n<title>Moody&#039;s reduce la perspectiva de VW a &#039;negativa&#039; debido a su debilidad operativa. - Bolsarama - Informaci\u00f3n econ\u00f3mica actualizada - Bolsarama.es<\/title>\n<meta name=\"robots\" content=\"index, follow, max-snippet:-1, max-image-preview:large, max-video-preview:-1\" \/>\n<link rel=\"canonical\" href=\"https:\/\/www.bolsarama.es\/bolsa\/moodys-reduce-la-perspectiva-de-vw-a-negativa-debido-a-su-debilidad-operativa\/\" \/>\n<meta property=\"og:locale\" content=\"es_ES\" \/>\n<meta property=\"og:type\" content=\"article\" \/>\n<meta property=\"og:title\" content=\"Moody&#039;s reduce la perspectiva de VW a &#039;negativa&#039; debido a su debilidad operativa. - Bolsarama - Informaci\u00f3n econ\u00f3mica actualizada - Bolsarama.es\" \/>\n<meta property=\"og:description\" content=\"Moody&#8217;s rebaja la perspectiva de Volkswagen: \u00bfQu\u00e9 significa para la industria automotriz? La agencia de calificaci\u00f3n Moody&#8217;s ha hecho un movimiento significativo que ha sacudido la industria automovil\u00edstica. Ha cambiado la perspectiva del gigante automovil\u00edstico alem\u00e1n Volkswagen de &#8216;estable&#8217; a &#8216;negativa&#8217;. Este cambio se debe a una serie de factores que han afectado a la [&hellip;]\" \/>\n<meta property=\"og:url\" content=\"https:\/\/www.bolsarama.es\/bolsa\/moodys-reduce-la-perspectiva-de-vw-a-negativa-debido-a-su-debilidad-operativa\/\" \/>\n<meta property=\"og:site_name\" content=\"Bolsarama - Informaci\u00f3n econ\u00f3mica actualizada - Bolsarama.es\" \/>\n<meta property=\"article:publisher\" content=\"https:\/\/www.facebook.com\/bolsarama.es\" \/>\n<meta property=\"article:published_time\" content=\"2024-10-12T13:30:49+00:00\" \/>\n<meta property=\"og:image\" content=\"https:\/\/www.bolsarama.es\/bolsa\/wp-content\/uploads\/2024\/10\/Moodys-reduce-la-perspectiva-de-VW-a-negativa-debido-a\" \/>\n\t<meta property=\"og:image:width\" content=\"1\" \/>\n\t<meta property=\"og:image:height\" content=\"1\" \/>\n\t<meta property=\"og:image:type\" content=\"image\/jpeg\" \/>\n<meta name=\"author\" content=\"Paula\" \/>\n<meta name=\"twitter:card\" content=\"summary_large_image\" \/>\n<meta name=\"twitter:creator\" content=\"@Bolsarama_es\" \/>\n<meta name=\"twitter:site\" content=\"@Bolsarama_es\" \/>\n<meta name=\"twitter:label1\" content=\"Escrito por\" \/>\n\t<meta name=\"twitter:data1\" content=\"Paula\" \/>\n\t<meta name=\"twitter:label2\" content=\"Tiempo de lectura\" \/>\n\t<meta name=\"twitter:data2\" content=\"2 minutos\" \/>\n<script type=\"application\/ld+json\" class=\"yoast-schema-graph\">{\"@context\":\"https:\/\/schema.org\",\"@graph\":[{\"@type\":\"Article\",\"@id\":\"https:\/\/www.bolsarama.es\/bolsa\/moodys-reduce-la-perspectiva-de-vw-a-negativa-debido-a-su-debilidad-operativa\/#article\",\"isPartOf\":{\"@id\":\"https:\/\/www.bolsarama.es\/bolsa\/moodys-reduce-la-perspectiva-de-vw-a-negativa-debido-a-su-debilidad-operativa\/\"},\"author\":{\"name\":\"Paula\",\"@id\":\"https:\/\/www.bolsarama.es\/bolsa\/#\/schema\/person\/a34ab5b5c7d41d99c10a5c3564af3e43\"},\"headline\":\"Moody&#8217;s reduce la perspectiva de VW a &#8216;negativa&#8217; debido a su debilidad operativa.\",\"datePublished\":\"2024-10-12T13:30:49+00:00\",\"dateModified\":\"2024-10-12T13:30:49+00:00\",\"mainEntityOfPage\":{\"@id\":\"https:\/\/www.bolsarama.es\/bolsa\/moodys-reduce-la-perspectiva-de-vw-a-negativa-debido-a-su-debilidad-operativa\/\"},\"wordCount\":470,\"commentCount\":0,\"publisher\":{\"@id\":\"https:\/\/www.bolsarama.es\/bolsa\/#organization\"},\"image\":{\"@id\":\"https:\/\/www.bolsarama.es\/bolsa\/moodys-reduce-la-perspectiva-de-vw-a-negativa-debido-a-su-debilidad-operativa\/#primaryimage\"},\"thumbnailUrl\":\"https:\/\/www.bolsarama.es\/bolsa\/wp-content\/uploads\/2024\/10\/Moodys-reduce-la-perspectiva-de-VW-a-negativa-debido-a\",\"inLanguage\":\"es\",\"potentialAction\":[{\"@type\":\"CommentAction\",\"name\":\"Comment\",\"target\":[\"https:\/\/www.bolsarama.es\/bolsa\/moodys-reduce-la-perspectiva-de-vw-a-negativa-debido-a-su-debilidad-operativa\/#respond\"]}]},{\"@type\":\"WebPage\",\"@id\":\"https:\/\/www.bolsarama.es\/bolsa\/moodys-reduce-la-perspectiva-de-vw-a-negativa-debido-a-su-debilidad-operativa\/\",\"url\":\"https:\/\/www.bolsarama.es\/bolsa\/moodys-reduce-la-perspectiva-de-vw-a-negativa-debido-a-su-debilidad-operativa\/\",\"name\":\"Moody's reduce la perspectiva de VW a 'negativa' debido a su debilidad operativa. - Bolsarama - Informaci\u00f3n econ\u00f3mica actualizada - Bolsarama.es\",\"isPartOf\":{\"@id\":\"https:\/\/www.bolsarama.es\/bolsa\/#website\"},\"primaryImageOfPage\":{\"@id\":\"https:\/\/www.bolsarama.es\/bolsa\/moodys-reduce-la-perspectiva-de-vw-a-negativa-debido-a-su-debilidad-operativa\/#primaryimage\"},\"image\":{\"@id\":\"https:\/\/www.bolsarama.es\/bolsa\/moodys-reduce-la-perspectiva-de-vw-a-negativa-debido-a-su-debilidad-operativa\/#primaryimage\"},\"thumbnailUrl\":\"https:\/\/www.bolsarama.es\/bolsa\/wp-content\/uploads\/2024\/10\/Moodys-reduce-la-perspectiva-de-VW-a-negativa-debido-a\",\"datePublished\":\"2024-10-12T13:30:49+00:00\",\"dateModified\":\"2024-10-12T13:30:49+00:00\",\"breadcrumb\":{\"@id\":\"https:\/\/www.bolsarama.es\/bolsa\/moodys-reduce-la-perspectiva-de-vw-a-negativa-debido-a-su-debilidad-operativa\/#breadcrumb\"},\"inLanguage\":\"es\",\"potentialAction\":[{\"@type\":\"ReadAction\",\"target\":[\"https:\/\/www.bolsarama.es\/bolsa\/moodys-reduce-la-perspectiva-de-vw-a-negativa-debido-a-su-debilidad-operativa\/\"]}]},{\"@type\":\"ImageObject\",\"inLanguage\":\"es\",\"@id\":\"https:\/\/www.bolsarama.es\/bolsa\/moodys-reduce-la-perspectiva-de-vw-a-negativa-debido-a-su-debilidad-operativa\/#primaryimage\",\"url\":\"https:\/\/www.bolsarama.es\/bolsa\/wp-content\/uploads\/2024\/10\/Moodys-reduce-la-perspectiva-de-VW-a-negativa-debido-a\",\"contentUrl\":\"https:\/\/www.bolsarama.es\/bolsa\/wp-content\/uploads\/2024\/10\/Moodys-reduce-la-perspectiva-de-VW-a-negativa-debido-a\",\"caption\":\"Econom\u00eda\/Motor.- Moody's rebaja la perspectiva de VW a 'negativa' por su debilidad operativa\"},{\"@type\":\"BreadcrumbList\",\"@id\":\"https:\/\/www.bolsarama.es\/bolsa\/moodys-reduce-la-perspectiva-de-vw-a-negativa-debido-a-su-debilidad-operativa\/#breadcrumb\",\"itemListElement\":[{\"@type\":\"ListItem\",\"position\":1,\"name\":\"Bolsa\",\"item\":\"https:\/\/www.bolsarama.es\/bolsa\/\"},{\"@type\":\"ListItem\",\"position\":2,\"name\":\"Moody&#8217;s reduce la perspectiva de VW a &#8216;negativa&#8217; debido a su debilidad operativa.\"}]},{\"@type\":\"WebSite\",\"@id\":\"https:\/\/www.bolsarama.es\/bolsa\/#website\",\"url\":\"https:\/\/www.bolsarama.es\/bolsa\/\",\"name\":\"Bolsarama\",\"description\":\"\",\"publisher\":{\"@id\":\"https:\/\/www.bolsarama.es\/bolsa\/#organization\"},\"potentialAction\":[{\"@type\":\"SearchAction\",\"target\":{\"@type\":\"EntryPoint\",\"urlTemplate\":\"https:\/\/www.bolsarama.es\/bolsa\/?s={search_term_string}\"},\"query-input\":{\"@type\":\"PropertyValueSpecification\",\"valueRequired\":true,\"valueName\":\"search_term_string\"}}],\"inLanguage\":\"es\"},{\"@type\":\"Organization\",\"@id\":\"https:\/\/www.bolsarama.es\/bolsa\/#organization\",\"name\":\"Bolsarama\",\"url\":\"https:\/\/www.bolsarama.es\/bolsa\/\",\"logo\":{\"@type\":\"ImageObject\",\"inLanguage\":\"es\",\"@id\":\"https:\/\/www.bolsarama.es\/bolsa\/#\/schema\/logo\/image\/\",\"url\":\"https:\/\/www.bolsarama.es\/bolsa\/wp-content\/uploads\/2023\/10\/logo-bolsarama.png\",\"contentUrl\":\"https:\/\/www.bolsarama.es\/bolsa\/wp-content\/uploads\/2023\/10\/logo-bolsarama.png\",\"width\":300,\"height\":50,\"caption\":\"Bolsarama\"},\"image\":{\"@id\":\"https:\/\/www.bolsarama.es\/bolsa\/#\/schema\/logo\/image\/\"},\"sameAs\":[\"https:\/\/www.facebook.com\/bolsarama.es\",\"https:\/\/x.com\/Bolsarama_es\"]},{\"@type\":\"Person\",\"@id\":\"https:\/\/www.bolsarama.es\/bolsa\/#\/schema\/person\/a34ab5b5c7d41d99c10a5c3564af3e43\",\"name\":\"Paula\",\"image\":{\"@type\":\"ImageObject\",\"inLanguage\":\"es\",\"@id\":\"https:\/\/www.bolsarama.es\/bolsa\/#\/schema\/person\/image\/\",\"url\":\"https:\/\/www.bolsarama.es\/bolsa\/wp-content\/litespeed\/avatar\/d6404594800e2b580b751c6bb2eb5f4f.jpg?ver=1777428602\",\"contentUrl\":\"https:\/\/www.bolsarama.es\/bolsa\/wp-content\/litespeed\/avatar\/d6404594800e2b580b751c6bb2eb5f4f.jpg?ver=1777428602\",\"caption\":\"Paula\"},\"url\":\"https:\/\/www.bolsarama.es\/bolsa\/author\/paula\/\"}]}<\/script>\n<!-- \/ Yoast SEO plugin. -->","yoast_head_json":{"title":"Moody's reduce la perspectiva de VW a 'negativa' debido a su debilidad operativa. - Bolsarama - Informaci\u00f3n econ\u00f3mica actualizada - Bolsarama.es","robots":{"index":"index","follow":"follow","max-snippet":"max-snippet:-1","max-image-preview":"max-image-preview:large","max-video-preview":"max-video-preview:-1"},"canonical":"https:\/\/www.bolsarama.es\/bolsa\/moodys-reduce-la-perspectiva-de-vw-a-negativa-debido-a-su-debilidad-operativa\/","og_locale":"es_ES","og_type":"article","og_title":"Moody's reduce la perspectiva de VW a 'negativa' debido a su debilidad operativa. - Bolsarama - Informaci\u00f3n econ\u00f3mica actualizada - Bolsarama.es","og_description":"Moody&#8217;s rebaja la perspectiva de Volkswagen: \u00bfQu\u00e9 significa para la industria automotriz? La agencia de calificaci\u00f3n Moody&#8217;s ha hecho un movimiento significativo que ha sacudido la industria automovil\u00edstica. Ha cambiado la perspectiva del gigante automovil\u00edstico alem\u00e1n Volkswagen de &#8216;estable&#8217; a &#8216;negativa&#8217;. Este cambio se debe a una serie de factores que han afectado a la [&hellip;]","og_url":"https:\/\/www.bolsarama.es\/bolsa\/moodys-reduce-la-perspectiva-de-vw-a-negativa-debido-a-su-debilidad-operativa\/","og_site_name":"Bolsarama - Informaci\u00f3n econ\u00f3mica actualizada - Bolsarama.es","article_publisher":"https:\/\/www.facebook.com\/bolsarama.es","article_published_time":"2024-10-12T13:30:49+00:00","og_image":[{"url":"https:\/\/www.bolsarama.es\/bolsa\/wp-content\/uploads\/2024\/10\/Moodys-reduce-la-perspectiva-de-VW-a-negativa-debido-a","width":1,"height":1,"type":"image\/jpeg"}],"author":"Paula","twitter_card":"summary_large_image","twitter_creator":"@Bolsarama_es","twitter_site":"@Bolsarama_es","twitter_misc":{"Escrito por":"Paula","Tiempo de lectura":"2 minutos"},"schema":{"@context":"https:\/\/schema.org","@graph":[{"@type":"Article","@id":"https:\/\/www.bolsarama.es\/bolsa\/moodys-reduce-la-perspectiva-de-vw-a-negativa-debido-a-su-debilidad-operativa\/#article","isPartOf":{"@id":"https:\/\/www.bolsarama.es\/bolsa\/moodys-reduce-la-perspectiva-de-vw-a-negativa-debido-a-su-debilidad-operativa\/"},"author":{"name":"Paula","@id":"https:\/\/www.bolsarama.es\/bolsa\/#\/schema\/person\/a34ab5b5c7d41d99c10a5c3564af3e43"},"headline":"Moody&#8217;s reduce la perspectiva de VW a &#8216;negativa&#8217; debido a su debilidad operativa.","datePublished":"2024-10-12T13:30:49+00:00","dateModified":"2024-10-12T13:30:49+00:00","mainEntityOfPage":{"@id":"https:\/\/www.bolsarama.es\/bolsa\/moodys-reduce-la-perspectiva-de-vw-a-negativa-debido-a-su-debilidad-operativa\/"},"wordCount":470,"commentCount":0,"publisher":{"@id":"https:\/\/www.bolsarama.es\/bolsa\/#organization"},"image":{"@id":"https:\/\/www.bolsarama.es\/bolsa\/moodys-reduce-la-perspectiva-de-vw-a-negativa-debido-a-su-debilidad-operativa\/#primaryimage"},"thumbnailUrl":"https:\/\/www.bolsarama.es\/bolsa\/wp-content\/uploads\/2024\/10\/Moodys-reduce-la-perspectiva-de-VW-a-negativa-debido-a","inLanguage":"es","potentialAction":[{"@type":"CommentAction","name":"Comment","target":["https:\/\/www.bolsarama.es\/bolsa\/moodys-reduce-la-perspectiva-de-vw-a-negativa-debido-a-su-debilidad-operativa\/#respond"]}]},{"@type":"WebPage","@id":"https:\/\/www.bolsarama.es\/bolsa\/moodys-reduce-la-perspectiva-de-vw-a-negativa-debido-a-su-debilidad-operativa\/","url":"https:\/\/www.bolsarama.es\/bolsa\/moodys-reduce-la-perspectiva-de-vw-a-negativa-debido-a-su-debilidad-operativa\/","name":"Moody's reduce la perspectiva de VW a 'negativa' debido a su debilidad operativa. - Bolsarama - Informaci\u00f3n econ\u00f3mica actualizada - Bolsarama.es","isPartOf":{"@id":"https:\/\/www.bolsarama.es\/bolsa\/#website"},"primaryImageOfPage":{"@id":"https:\/\/www.bolsarama.es\/bolsa\/moodys-reduce-la-perspectiva-de-vw-a-negativa-debido-a-su-debilidad-operativa\/#primaryimage"},"image":{"@id":"https:\/\/www.bolsarama.es\/bolsa\/moodys-reduce-la-perspectiva-de-vw-a-negativa-debido-a-su-debilidad-operativa\/#primaryimage"},"thumbnailUrl":"https:\/\/www.bolsarama.es\/bolsa\/wp-content\/uploads\/2024\/10\/Moodys-reduce-la-perspectiva-de-VW-a-negativa-debido-a","datePublished":"2024-10-12T13:30:49+00:00","dateModified":"2024-10-12T13:30:49+00:00","breadcrumb":{"@id":"https:\/\/www.bolsarama.es\/bolsa\/moodys-reduce-la-perspectiva-de-vw-a-negativa-debido-a-su-debilidad-operativa\/#breadcrumb"},"inLanguage":"es","potentialAction":[{"@type":"ReadAction","target":["https:\/\/www.bolsarama.es\/bolsa\/moodys-reduce-la-perspectiva-de-vw-a-negativa-debido-a-su-debilidad-operativa\/"]}]},{"@type":"ImageObject","inLanguage":"es","@id":"https:\/\/www.bolsarama.es\/bolsa\/moodys-reduce-la-perspectiva-de-vw-a-negativa-debido-a-su-debilidad-operativa\/#primaryimage","url":"https:\/\/www.bolsarama.es\/bolsa\/wp-content\/uploads\/2024\/10\/Moodys-reduce-la-perspectiva-de-VW-a-negativa-debido-a","contentUrl":"https:\/\/www.bolsarama.es\/bolsa\/wp-content\/uploads\/2024\/10\/Moodys-reduce-la-perspectiva-de-VW-a-negativa-debido-a","caption":"Econom\u00eda\/Motor.- Moody's rebaja la perspectiva de VW a 'negativa' por su debilidad operativa"},{"@type":"BreadcrumbList","@id":"https:\/\/www.bolsarama.es\/bolsa\/moodys-reduce-la-perspectiva-de-vw-a-negativa-debido-a-su-debilidad-operativa\/#breadcrumb","itemListElement":[{"@type":"ListItem","position":1,"name":"Bolsa","item":"https:\/\/www.bolsarama.es\/bolsa\/"},{"@type":"ListItem","position":2,"name":"Moody&#8217;s reduce la perspectiva de VW a &#8216;negativa&#8217; debido a su debilidad operativa."}]},{"@type":"WebSite","@id":"https:\/\/www.bolsarama.es\/bolsa\/#website","url":"https:\/\/www.bolsarama.es\/bolsa\/","name":"Bolsarama","description":"","publisher":{"@id":"https:\/\/www.bolsarama.es\/bolsa\/#organization"},"potentialAction":[{"@type":"SearchAction","target":{"@type":"EntryPoint","urlTemplate":"https:\/\/www.bolsarama.es\/bolsa\/?s={search_term_string}"},"query-input":{"@type":"PropertyValueSpecification","valueRequired":true,"valueName":"search_term_string"}}],"inLanguage":"es"},{"@type":"Organization","@id":"https:\/\/www.bolsarama.es\/bolsa\/#organization","name":"Bolsarama","url":"https:\/\/www.bolsarama.es\/bolsa\/","logo":{"@type":"ImageObject","inLanguage":"es","@id":"https:\/\/www.bolsarama.es\/bolsa\/#\/schema\/logo\/image\/","url":"https:\/\/www.bolsarama.es\/bolsa\/wp-content\/uploads\/2023\/10\/logo-bolsarama.png","contentUrl":"https:\/\/www.bolsarama.es\/bolsa\/wp-content\/uploads\/2023\/10\/logo-bolsarama.png","width":300,"height":50,"caption":"Bolsarama"},"image":{"@id":"https:\/\/www.bolsarama.es\/bolsa\/#\/schema\/logo\/image\/"},"sameAs":["https:\/\/www.facebook.com\/bolsarama.es","https:\/\/x.com\/Bolsarama_es"]},{"@type":"Person","@id":"https:\/\/www.bolsarama.es\/bolsa\/#\/schema\/person\/a34ab5b5c7d41d99c10a5c3564af3e43","name":"Paula","image":{"@type":"ImageObject","inLanguage":"es","@id":"https:\/\/www.bolsarama.es\/bolsa\/#\/schema\/person\/image\/","url":"https:\/\/www.bolsarama.es\/bolsa\/wp-content\/litespeed\/avatar\/d6404594800e2b580b751c6bb2eb5f4f.jpg?ver=1777428602","contentUrl":"https:\/\/www.bolsarama.es\/bolsa\/wp-content\/litespeed\/avatar\/d6404594800e2b580b751c6bb2eb5f4f.jpg?ver=1777428602","caption":"Paula"},"url":"https:\/\/www.bolsarama.es\/bolsa\/author\/paula\/"}]}},"_links":{"self":[{"href":"https:\/\/www.bolsarama.es\/bolsa\/wp-json\/wp\/v2\/posts\/478","targetHints":{"allow":["GET"]}}],"collection":[{"href":"https:\/\/www.bolsarama.es\/bolsa\/wp-json\/wp\/v2\/posts"}],"about":[{"href":"https:\/\/www.bolsarama.es\/bolsa\/wp-json\/wp\/v2\/types\/post"}],"author":[{"embeddable":true,"href":"https:\/\/www.bolsarama.es\/bolsa\/wp-json\/wp\/v2\/users\/2"}],"replies":[{"embeddable":true,"href":"https:\/\/www.bolsarama.es\/bolsa\/wp-json\/wp\/v2\/comments?post=478"}],"version-history":[{"count":1,"href":"https:\/\/www.bolsarama.es\/bolsa\/wp-json\/wp\/v2\/posts\/478\/revisions"}],"predecessor-version":[{"id":480,"href":"https:\/\/www.bolsarama.es\/bolsa\/wp-json\/wp\/v2\/posts\/478\/revisions\/480"}],"wp:featuredmedia":[{"embeddable":true,"href":"https:\/\/www.bolsarama.es\/bolsa\/wp-json\/wp\/v2\/media\/479"}],"wp:attachment":[{"href":"https:\/\/www.bolsarama.es\/bolsa\/wp-json\/wp\/v2\/media?parent=478"}],"wp:term":[{"taxonomy":"category","embeddable":true,"href":"https:\/\/www.bolsarama.es\/bolsa\/wp-json\/wp\/v2\/categories?post=478"},{"taxonomy":"post_tag","embeddable":true,"href":"https:\/\/www.bolsarama.es\/bolsa\/wp-json\/wp\/v2\/tags?post=478"}],"curies":[{"name":"wp","href":"https:\/\/api.w.org\/{rel}","templated":true}]}}