{"id":481,"date":"2024-10-12T16:35:48","date_gmt":"2024-10-12T14:35:48","guid":{"rendered":"https:\/\/www.bolsarama.es\/bolsa\/?p=481"},"modified":"2024-10-12T16:35:48","modified_gmt":"2024-10-12T14:35:48","slug":"el-presidente-del-race-ha-sido-galardonado-con-el-premio-figura-de-prestigio-en-el-campo-de-la-automocion-2024","status":"publish","type":"post","link":"https:\/\/www.bolsarama.es\/bolsa\/el-presidente-del-race-ha-sido-galardonado-con-el-premio-figura-de-prestigio-en-el-campo-de-la-automocion-2024\/","title":{"rendered":"El presidente del RACE ha sido galardonado con el premio \u00abFigura de Prestigio en el Campo de la Automoci\u00f3n 2024\u00bb."},"content":{"rendered":"<h2>Un galard\u00f3n a la excelencia en el mundo del autom\u00f3vil<\/h2>\n<p>El Real Autom\u00f3vil Club de Espa\u00f1a (RACE) cuenta con una historia rica en logros y contribuciones al mundo del autom\u00f3vil. Y, en esta ocasi\u00f3n, es su presidente, Carmelo Sanz de Barros, quien se ha destacado al ser reconocido con el prestigioso premio \u00abFigura de Prestigio en el Campo de la Automoci\u00f3n 2024\u00bb, otorgado por la Fundaci\u00f3n Eduardo Barreiros.<\/p>\n<p>Este reconocimiento bienal, que ya celebra su d\u00e9cimo segunda edici\u00f3n, se concede desde el a\u00f1o 2000 y busca honrar a aquellas personalidades que han dejado su huella en el sector de la automoci\u00f3n, gracias a su trabajo, dedicaci\u00f3n e innovaci\u00f3n.<\/p>\n<h2>Innovaci\u00f3n y progreso: pilares de la automoci\u00f3n<\/h2>\n<p>Como bien destaca Sanz de Barros en su discurso de agradecimiento, la industria de la automoci\u00f3n se caracteriza por su constante avance, su deseo de innovaci\u00f3n y su esfuerzo por mejorar el mundo que nos rodea. La automoci\u00f3n no solo se ocupa de propiciar el desplazamiento f\u00edsico de personas y cosas, sino que tambi\u00e9n impulsa el desarrollo social, tecnol\u00f3gico y econ\u00f3mico de nuestros tiempos.<\/p>\n<h3>Un sector vital para la econom\u00eda<\/h3>\n<p>La presidenta de la Fundaci\u00f3n Eduardo Barreiros, Mariluz Barreiros, expresa con orgullo que a partir de ahora, Carmelo Sanz forme parte de un grupo selecto de personalidades que han contribuido de manera excepcional al desarrollo de la importante y decisiva industria de la automoci\u00f3n en nuestro pa\u00eds, siendo un pilar fundamental en t\u00e9rminos de PIB, creaci\u00f3n de empleo y exportaci\u00f3n.<\/p>\n<h2>Una carrera destacada en el mundo del autom\u00f3vil<\/h2>\n<p>El trabajo de Sanz de Barros no solo se ha destacado en el RACE, tambi\u00e9n ha ocupado un papel relevante en la Federaci\u00f3n Internacional del Autom\u00f3vil (FIA), donde ha desempe\u00f1ado el cargo de presidente del Senado. Este logro, seg\u00fan Barreiros, es motivo de orgullo para todos los amantes del motor y de la movilidad, y por supuesto, para los espa\u00f1oles. Alcanzar la cima de una organizaci\u00f3n tan emblem\u00e1tica como la FIA no es una tarea sencilla, se requiere conocimiento y una gran capacidad profesional.<\/p>\n<h3>Un evento de encuentro y celebraci\u00f3n<\/h3>\n<p>El evento de entrega del premio cont\u00f3 con la presencia de m\u00e1s de 200 personas, entre las que se encontraban personalidades relevantes del sector automovil\u00edstico, como el director general de Tr\u00e1fico, Pere Navarro; el ex piloto de automovilismo, Emilio de Villota; el director general del RACE y presidente de la Regi\u00f3n 1 de la FIA, Jorge F. Delgado; el vicepresidente para Europa de FIA Motor Sport, Manuel Avi\u00f1\u00f3, entre otros. En definitiva, un encuentro de celebraci\u00f3n en honor a un hombre que ha dedicado su vida al mundo del autom\u00f3vil.<\/p>\n","protected":false},"excerpt":{"rendered":"<p>Un galard\u00f3n a la excelencia en el mundo del autom\u00f3vil El Real Autom\u00f3vil Club de Espa\u00f1a (RACE) cuenta con una historia rica en logros y contribuciones al mundo del autom\u00f3vil. Y, en esta ocasi\u00f3n, es su presidente, Carmelo Sanz de Barros, quien se ha destacado al ser reconocido con el prestigioso premio \u00abFigura de Prestigio [&hellip;]<\/p>\n","protected":false},"author":2,"featured_media":482,"comment_status":"open","ping_status":"open","sticky":false,"template":"","format":"standard","meta":{"footnotes":""},"categories":[1],"tags":[],"class_list":["post-481","post","type-post","status-publish","format-standard","has-post-thumbnail","hentry","category-sin-categoria"],"yoast_head":"<!-- This site is optimized with the Yoast SEO plugin v23.6 - https:\/\/yoast.com\/wordpress\/plugins\/seo\/ -->\n<title>El presidente del RACE ha sido galardonado con el premio &quot;Figura de Prestigio en el Campo de la Automoci\u00f3n 2024&quot;. - Bolsarama - Informaci\u00f3n econ\u00f3mica actualizada - Bolsarama.es<\/title>\n<meta name=\"robots\" content=\"index, follow, max-snippet:-1, max-image-preview:large, max-video-preview:-1\" \/>\n<link rel=\"canonical\" href=\"https:\/\/www.bolsarama.es\/bolsa\/el-presidente-del-race-ha-sido-galardonado-con-el-premio-figura-de-prestigio-en-el-campo-de-la-automocion-2024\/\" \/>\n<meta property=\"og:locale\" content=\"es_ES\" \/>\n<meta property=\"og:type\" content=\"article\" \/>\n<meta property=\"og:title\" content=\"El presidente del RACE ha sido galardonado con el premio &quot;Figura de Prestigio en el Campo de la Automoci\u00f3n 2024&quot;. - Bolsarama - Informaci\u00f3n econ\u00f3mica actualizada - Bolsarama.es\" \/>\n<meta property=\"og:description\" content=\"Un galard\u00f3n a la excelencia en el mundo del autom\u00f3vil El Real Autom\u00f3vil Club de Espa\u00f1a (RACE) cuenta con una historia rica en logros y contribuciones al mundo del autom\u00f3vil. Y, en esta ocasi\u00f3n, es su presidente, Carmelo Sanz de Barros, quien se ha destacado al ser reconocido con el prestigioso premio \u00abFigura de Prestigio [&hellip;]\" \/>\n<meta property=\"og:url\" content=\"https:\/\/www.bolsarama.es\/bolsa\/el-presidente-del-race-ha-sido-galardonado-con-el-premio-figura-de-prestigio-en-el-campo-de-la-automocion-2024\/\" \/>\n<meta property=\"og:site_name\" content=\"Bolsarama - Informaci\u00f3n econ\u00f3mica actualizada - Bolsarama.es\" \/>\n<meta property=\"article:publisher\" content=\"https:\/\/www.facebook.com\/bolsarama.es\" \/>\n<meta property=\"article:published_time\" content=\"2024-10-12T14:35:48+00:00\" \/>\n<meta property=\"og:image\" content=\"https:\/\/www.bolsarama.es\/bolsa\/wp-content\/uploads\/2024\/10\/El-presidente-del-RACE-ha-sido-galardonado-con-el-premio.jpg\" \/>\n\t<meta property=\"og:image:width\" content=\"800\" \/>\n\t<meta property=\"og:image:height\" content=\"534\" \/>\n\t<meta property=\"og:image:type\" content=\"image\/jpeg\" \/>\n<meta name=\"author\" content=\"Paula\" \/>\n<meta name=\"twitter:card\" content=\"summary_large_image\" \/>\n<meta name=\"twitter:creator\" content=\"@Bolsarama_es\" \/>\n<meta name=\"twitter:site\" content=\"@Bolsarama_es\" \/>\n<meta name=\"twitter:label1\" content=\"Escrito por\" \/>\n\t<meta name=\"twitter:data1\" content=\"Paula\" \/>\n\t<meta name=\"twitter:label2\" content=\"Tiempo de lectura\" \/>\n\t<meta name=\"twitter:data2\" content=\"2 minutos\" \/>\n<script type=\"application\/ld+json\" class=\"yoast-schema-graph\">{\"@context\":\"https:\/\/schema.org\",\"@graph\":[{\"@type\":\"Article\",\"@id\":\"https:\/\/www.bolsarama.es\/bolsa\/el-presidente-del-race-ha-sido-galardonado-con-el-premio-figura-de-prestigio-en-el-campo-de-la-automocion-2024\/#article\",\"isPartOf\":{\"@id\":\"https:\/\/www.bolsarama.es\/bolsa\/el-presidente-del-race-ha-sido-galardonado-con-el-premio-figura-de-prestigio-en-el-campo-de-la-automocion-2024\/\"},\"author\":{\"name\":\"Paula\",\"@id\":\"https:\/\/www.bolsarama.es\/bolsa\/#\/schema\/person\/a34ab5b5c7d41d99c10a5c3564af3e43\"},\"headline\":\"El presidente del RACE ha sido galardonado con el premio \u00abFigura de Prestigio en el Campo de la Automoci\u00f3n 2024\u00bb.\",\"datePublished\":\"2024-10-12T14:35:48+00:00\",\"dateModified\":\"2024-10-12T14:35:48+00:00\",\"mainEntityOfPage\":{\"@id\":\"https:\/\/www.bolsarama.es\/bolsa\/el-presidente-del-race-ha-sido-galardonado-con-el-premio-figura-de-prestigio-en-el-campo-de-la-automocion-2024\/\"},\"wordCount\":495,\"commentCount\":0,\"publisher\":{\"@id\":\"https:\/\/www.bolsarama.es\/bolsa\/#organization\"},\"image\":{\"@id\":\"https:\/\/www.bolsarama.es\/bolsa\/el-presidente-del-race-ha-sido-galardonado-con-el-premio-figura-de-prestigio-en-el-campo-de-la-automocion-2024\/#primaryimage\"},\"thumbnailUrl\":\"https:\/\/www.bolsarama.es\/bolsa\/wp-content\/uploads\/2024\/10\/El-presidente-del-RACE-ha-sido-galardonado-con-el-premio.jpg\",\"inLanguage\":\"es\",\"potentialAction\":[{\"@type\":\"CommentAction\",\"name\":\"Comment\",\"target\":[\"https:\/\/www.bolsarama.es\/bolsa\/el-presidente-del-race-ha-sido-galardonado-con-el-premio-figura-de-prestigio-en-el-campo-de-la-automocion-2024\/#respond\"]}]},{\"@type\":\"WebPage\",\"@id\":\"https:\/\/www.bolsarama.es\/bolsa\/el-presidente-del-race-ha-sido-galardonado-con-el-premio-figura-de-prestigio-en-el-campo-de-la-automocion-2024\/\",\"url\":\"https:\/\/www.bolsarama.es\/bolsa\/el-presidente-del-race-ha-sido-galardonado-con-el-premio-figura-de-prestigio-en-el-campo-de-la-automocion-2024\/\",\"name\":\"El presidente del RACE ha sido galardonado con el premio \\\"Figura de Prestigio en el Campo de la Automoci\u00f3n 2024\\\". - Bolsarama - Informaci\u00f3n econ\u00f3mica actualizada - Bolsarama.es\",\"isPartOf\":{\"@id\":\"https:\/\/www.bolsarama.es\/bolsa\/#website\"},\"primaryImageOfPage\":{\"@id\":\"https:\/\/www.bolsarama.es\/bolsa\/el-presidente-del-race-ha-sido-galardonado-con-el-premio-figura-de-prestigio-en-el-campo-de-la-automocion-2024\/#primaryimage\"},\"image\":{\"@id\":\"https:\/\/www.bolsarama.es\/bolsa\/el-presidente-del-race-ha-sido-galardonado-con-el-premio-figura-de-prestigio-en-el-campo-de-la-automocion-2024\/#primaryimage\"},\"thumbnailUrl\":\"https:\/\/www.bolsarama.es\/bolsa\/wp-content\/uploads\/2024\/10\/El-presidente-del-RACE-ha-sido-galardonado-con-el-premio.jpg\",\"datePublished\":\"2024-10-12T14:35:48+00:00\",\"dateModified\":\"2024-10-12T14:35:48+00:00\",\"breadcrumb\":{\"@id\":\"https:\/\/www.bolsarama.es\/bolsa\/el-presidente-del-race-ha-sido-galardonado-con-el-premio-figura-de-prestigio-en-el-campo-de-la-automocion-2024\/#breadcrumb\"},\"inLanguage\":\"es\",\"potentialAction\":[{\"@type\":\"ReadAction\",\"target\":[\"https:\/\/www.bolsarama.es\/bolsa\/el-presidente-del-race-ha-sido-galardonado-con-el-premio-figura-de-prestigio-en-el-campo-de-la-automocion-2024\/\"]}]},{\"@type\":\"ImageObject\",\"inLanguage\":\"es\",\"@id\":\"https:\/\/www.bolsarama.es\/bolsa\/el-presidente-del-race-ha-sido-galardonado-con-el-premio-figura-de-prestigio-en-el-campo-de-la-automocion-2024\/#primaryimage\",\"url\":\"https:\/\/www.bolsarama.es\/bolsa\/wp-content\/uploads\/2024\/10\/El-presidente-del-RACE-ha-sido-galardonado-con-el-premio.jpg\",\"contentUrl\":\"https:\/\/www.bolsarama.es\/bolsa\/wp-content\/uploads\/2024\/10\/El-presidente-del-RACE-ha-sido-galardonado-con-el-premio.jpg\",\"width\":800,\"height\":534,\"caption\":\"Econom\u00eda\/Motor.- El presidente del RACE recibe el premio \\\"Figura de Prestigio en el Campo de la Automoci\u00f3n 2024\\\"\"},{\"@type\":\"BreadcrumbList\",\"@id\":\"https:\/\/www.bolsarama.es\/bolsa\/el-presidente-del-race-ha-sido-galardonado-con-el-premio-figura-de-prestigio-en-el-campo-de-la-automocion-2024\/#breadcrumb\",\"itemListElement\":[{\"@type\":\"ListItem\",\"position\":1,\"name\":\"Bolsa\",\"item\":\"https:\/\/www.bolsarama.es\/bolsa\/\"},{\"@type\":\"ListItem\",\"position\":2,\"name\":\"El presidente del RACE ha sido galardonado con el premio \u00abFigura de Prestigio en el Campo de la Automoci\u00f3n 2024\u00bb.\"}]},{\"@type\":\"WebSite\",\"@id\":\"https:\/\/www.bolsarama.es\/bolsa\/#website\",\"url\":\"https:\/\/www.bolsarama.es\/bolsa\/\",\"name\":\"Bolsarama\",\"description\":\"\",\"publisher\":{\"@id\":\"https:\/\/www.bolsarama.es\/bolsa\/#organization\"},\"potentialAction\":[{\"@type\":\"SearchAction\",\"target\":{\"@type\":\"EntryPoint\",\"urlTemplate\":\"https:\/\/www.bolsarama.es\/bolsa\/?s={search_term_string}\"},\"query-input\":{\"@type\":\"PropertyValueSpecification\",\"valueRequired\":true,\"valueName\":\"search_term_string\"}}],\"inLanguage\":\"es\"},{\"@type\":\"Organization\",\"@id\":\"https:\/\/www.bolsarama.es\/bolsa\/#organization\",\"name\":\"Bolsarama\",\"url\":\"https:\/\/www.bolsarama.es\/bolsa\/\",\"logo\":{\"@type\":\"ImageObject\",\"inLanguage\":\"es\",\"@id\":\"https:\/\/www.bolsarama.es\/bolsa\/#\/schema\/logo\/image\/\",\"url\":\"https:\/\/www.bolsarama.es\/bolsa\/wp-content\/uploads\/2023\/10\/logo-bolsarama.png\",\"contentUrl\":\"https:\/\/www.bolsarama.es\/bolsa\/wp-content\/uploads\/2023\/10\/logo-bolsarama.png\",\"width\":300,\"height\":50,\"caption\":\"Bolsarama\"},\"image\":{\"@id\":\"https:\/\/www.bolsarama.es\/bolsa\/#\/schema\/logo\/image\/\"},\"sameAs\":[\"https:\/\/www.facebook.com\/bolsarama.es\",\"https:\/\/x.com\/Bolsarama_es\"]},{\"@type\":\"Person\",\"@id\":\"https:\/\/www.bolsarama.es\/bolsa\/#\/schema\/person\/a34ab5b5c7d41d99c10a5c3564af3e43\",\"name\":\"Paula\",\"image\":{\"@type\":\"ImageObject\",\"inLanguage\":\"es\",\"@id\":\"https:\/\/www.bolsarama.es\/bolsa\/#\/schema\/person\/image\/\",\"url\":\"https:\/\/www.bolsarama.es\/bolsa\/wp-content\/litespeed\/avatar\/d6404594800e2b580b751c6bb2eb5f4f.jpg?ver=1777428602\",\"contentUrl\":\"https:\/\/www.bolsarama.es\/bolsa\/wp-content\/litespeed\/avatar\/d6404594800e2b580b751c6bb2eb5f4f.jpg?ver=1777428602\",\"caption\":\"Paula\"},\"url\":\"https:\/\/www.bolsarama.es\/bolsa\/author\/paula\/\"}]}<\/script>\n<!-- \/ Yoast SEO plugin. -->","yoast_head_json":{"title":"El presidente del RACE ha sido galardonado con el premio \"Figura de Prestigio en el Campo de la Automoci\u00f3n 2024\". - Bolsarama - Informaci\u00f3n econ\u00f3mica actualizada - Bolsarama.es","robots":{"index":"index","follow":"follow","max-snippet":"max-snippet:-1","max-image-preview":"max-image-preview:large","max-video-preview":"max-video-preview:-1"},"canonical":"https:\/\/www.bolsarama.es\/bolsa\/el-presidente-del-race-ha-sido-galardonado-con-el-premio-figura-de-prestigio-en-el-campo-de-la-automocion-2024\/","og_locale":"es_ES","og_type":"article","og_title":"El presidente del RACE ha sido galardonado con el premio \"Figura de Prestigio en el Campo de la Automoci\u00f3n 2024\". - Bolsarama - Informaci\u00f3n econ\u00f3mica actualizada - Bolsarama.es","og_description":"Un galard\u00f3n a la excelencia en el mundo del autom\u00f3vil El Real Autom\u00f3vil Club de Espa\u00f1a (RACE) cuenta con una historia rica en logros y contribuciones al mundo del autom\u00f3vil. Y, en esta ocasi\u00f3n, es su presidente, Carmelo Sanz de Barros, quien se ha destacado al ser reconocido con el prestigioso premio \u00abFigura de Prestigio [&hellip;]","og_url":"https:\/\/www.bolsarama.es\/bolsa\/el-presidente-del-race-ha-sido-galardonado-con-el-premio-figura-de-prestigio-en-el-campo-de-la-automocion-2024\/","og_site_name":"Bolsarama - Informaci\u00f3n econ\u00f3mica actualizada - Bolsarama.es","article_publisher":"https:\/\/www.facebook.com\/bolsarama.es","article_published_time":"2024-10-12T14:35:48+00:00","og_image":[{"width":800,"height":534,"url":"https:\/\/www.bolsarama.es\/bolsa\/wp-content\/uploads\/2024\/10\/El-presidente-del-RACE-ha-sido-galardonado-con-el-premio.jpg","type":"image\/jpeg"}],"author":"Paula","twitter_card":"summary_large_image","twitter_creator":"@Bolsarama_es","twitter_site":"@Bolsarama_es","twitter_misc":{"Escrito por":"Paula","Tiempo de lectura":"2 minutos"},"schema":{"@context":"https:\/\/schema.org","@graph":[{"@type":"Article","@id":"https:\/\/www.bolsarama.es\/bolsa\/el-presidente-del-race-ha-sido-galardonado-con-el-premio-figura-de-prestigio-en-el-campo-de-la-automocion-2024\/#article","isPartOf":{"@id":"https:\/\/www.bolsarama.es\/bolsa\/el-presidente-del-race-ha-sido-galardonado-con-el-premio-figura-de-prestigio-en-el-campo-de-la-automocion-2024\/"},"author":{"name":"Paula","@id":"https:\/\/www.bolsarama.es\/bolsa\/#\/schema\/person\/a34ab5b5c7d41d99c10a5c3564af3e43"},"headline":"El presidente del RACE ha sido galardonado con el premio \u00abFigura de Prestigio en el Campo de la Automoci\u00f3n 2024\u00bb.","datePublished":"2024-10-12T14:35:48+00:00","dateModified":"2024-10-12T14:35:48+00:00","mainEntityOfPage":{"@id":"https:\/\/www.bolsarama.es\/bolsa\/el-presidente-del-race-ha-sido-galardonado-con-el-premio-figura-de-prestigio-en-el-campo-de-la-automocion-2024\/"},"wordCount":495,"commentCount":0,"publisher":{"@id":"https:\/\/www.bolsarama.es\/bolsa\/#organization"},"image":{"@id":"https:\/\/www.bolsarama.es\/bolsa\/el-presidente-del-race-ha-sido-galardonado-con-el-premio-figura-de-prestigio-en-el-campo-de-la-automocion-2024\/#primaryimage"},"thumbnailUrl":"https:\/\/www.bolsarama.es\/bolsa\/wp-content\/uploads\/2024\/10\/El-presidente-del-RACE-ha-sido-galardonado-con-el-premio.jpg","inLanguage":"es","potentialAction":[{"@type":"CommentAction","name":"Comment","target":["https:\/\/www.bolsarama.es\/bolsa\/el-presidente-del-race-ha-sido-galardonado-con-el-premio-figura-de-prestigio-en-el-campo-de-la-automocion-2024\/#respond"]}]},{"@type":"WebPage","@id":"https:\/\/www.bolsarama.es\/bolsa\/el-presidente-del-race-ha-sido-galardonado-con-el-premio-figura-de-prestigio-en-el-campo-de-la-automocion-2024\/","url":"https:\/\/www.bolsarama.es\/bolsa\/el-presidente-del-race-ha-sido-galardonado-con-el-premio-figura-de-prestigio-en-el-campo-de-la-automocion-2024\/","name":"El presidente del RACE ha sido galardonado con el premio \"Figura de Prestigio en el Campo de la Automoci\u00f3n 2024\". - Bolsarama - Informaci\u00f3n econ\u00f3mica actualizada - Bolsarama.es","isPartOf":{"@id":"https:\/\/www.bolsarama.es\/bolsa\/#website"},"primaryImageOfPage":{"@id":"https:\/\/www.bolsarama.es\/bolsa\/el-presidente-del-race-ha-sido-galardonado-con-el-premio-figura-de-prestigio-en-el-campo-de-la-automocion-2024\/#primaryimage"},"image":{"@id":"https:\/\/www.bolsarama.es\/bolsa\/el-presidente-del-race-ha-sido-galardonado-con-el-premio-figura-de-prestigio-en-el-campo-de-la-automocion-2024\/#primaryimage"},"thumbnailUrl":"https:\/\/www.bolsarama.es\/bolsa\/wp-content\/uploads\/2024\/10\/El-presidente-del-RACE-ha-sido-galardonado-con-el-premio.jpg","datePublished":"2024-10-12T14:35:48+00:00","dateModified":"2024-10-12T14:35:48+00:00","breadcrumb":{"@id":"https:\/\/www.bolsarama.es\/bolsa\/el-presidente-del-race-ha-sido-galardonado-con-el-premio-figura-de-prestigio-en-el-campo-de-la-automocion-2024\/#breadcrumb"},"inLanguage":"es","potentialAction":[{"@type":"ReadAction","target":["https:\/\/www.bolsarama.es\/bolsa\/el-presidente-del-race-ha-sido-galardonado-con-el-premio-figura-de-prestigio-en-el-campo-de-la-automocion-2024\/"]}]},{"@type":"ImageObject","inLanguage":"es","@id":"https:\/\/www.bolsarama.es\/bolsa\/el-presidente-del-race-ha-sido-galardonado-con-el-premio-figura-de-prestigio-en-el-campo-de-la-automocion-2024\/#primaryimage","url":"https:\/\/www.bolsarama.es\/bolsa\/wp-content\/uploads\/2024\/10\/El-presidente-del-RACE-ha-sido-galardonado-con-el-premio.jpg","contentUrl":"https:\/\/www.bolsarama.es\/bolsa\/wp-content\/uploads\/2024\/10\/El-presidente-del-RACE-ha-sido-galardonado-con-el-premio.jpg","width":800,"height":534,"caption":"Econom\u00eda\/Motor.- El presidente del RACE recibe el premio \"Figura de Prestigio en el Campo de la Automoci\u00f3n 2024\""},{"@type":"BreadcrumbList","@id":"https:\/\/www.bolsarama.es\/bolsa\/el-presidente-del-race-ha-sido-galardonado-con-el-premio-figura-de-prestigio-en-el-campo-de-la-automocion-2024\/#breadcrumb","itemListElement":[{"@type":"ListItem","position":1,"name":"Bolsa","item":"https:\/\/www.bolsarama.es\/bolsa\/"},{"@type":"ListItem","position":2,"name":"El presidente del RACE ha sido galardonado con el premio \u00abFigura de Prestigio en el Campo de la Automoci\u00f3n 2024\u00bb."}]},{"@type":"WebSite","@id":"https:\/\/www.bolsarama.es\/bolsa\/#website","url":"https:\/\/www.bolsarama.es\/bolsa\/","name":"Bolsarama","description":"","publisher":{"@id":"https:\/\/www.bolsarama.es\/bolsa\/#organization"},"potentialAction":[{"@type":"SearchAction","target":{"@type":"EntryPoint","urlTemplate":"https:\/\/www.bolsarama.es\/bolsa\/?s={search_term_string}"},"query-input":{"@type":"PropertyValueSpecification","valueRequired":true,"valueName":"search_term_string"}}],"inLanguage":"es"},{"@type":"Organization","@id":"https:\/\/www.bolsarama.es\/bolsa\/#organization","name":"Bolsarama","url":"https:\/\/www.bolsarama.es\/bolsa\/","logo":{"@type":"ImageObject","inLanguage":"es","@id":"https:\/\/www.bolsarama.es\/bolsa\/#\/schema\/logo\/image\/","url":"https:\/\/www.bolsarama.es\/bolsa\/wp-content\/uploads\/2023\/10\/logo-bolsarama.png","contentUrl":"https:\/\/www.bolsarama.es\/bolsa\/wp-content\/uploads\/2023\/10\/logo-bolsarama.png","width":300,"height":50,"caption":"Bolsarama"},"image":{"@id":"https:\/\/www.bolsarama.es\/bolsa\/#\/schema\/logo\/image\/"},"sameAs":["https:\/\/www.facebook.com\/bolsarama.es","https:\/\/x.com\/Bolsarama_es"]},{"@type":"Person","@id":"https:\/\/www.bolsarama.es\/bolsa\/#\/schema\/person\/a34ab5b5c7d41d99c10a5c3564af3e43","name":"Paula","image":{"@type":"ImageObject","inLanguage":"es","@id":"https:\/\/www.bolsarama.es\/bolsa\/#\/schema\/person\/image\/","url":"https:\/\/www.bolsarama.es\/bolsa\/wp-content\/litespeed\/avatar\/d6404594800e2b580b751c6bb2eb5f4f.jpg?ver=1777428602","contentUrl":"https:\/\/www.bolsarama.es\/bolsa\/wp-content\/litespeed\/avatar\/d6404594800e2b580b751c6bb2eb5f4f.jpg?ver=1777428602","caption":"Paula"},"url":"https:\/\/www.bolsarama.es\/bolsa\/author\/paula\/"}]}},"_links":{"self":[{"href":"https:\/\/www.bolsarama.es\/bolsa\/wp-json\/wp\/v2\/posts\/481","targetHints":{"allow":["GET"]}}],"collection":[{"href":"https:\/\/www.bolsarama.es\/bolsa\/wp-json\/wp\/v2\/posts"}],"about":[{"href":"https:\/\/www.bolsarama.es\/bolsa\/wp-json\/wp\/v2\/types\/post"}],"author":[{"embeddable":true,"href":"https:\/\/www.bolsarama.es\/bolsa\/wp-json\/wp\/v2\/users\/2"}],"replies":[{"embeddable":true,"href":"https:\/\/www.bolsarama.es\/bolsa\/wp-json\/wp\/v2\/comments?post=481"}],"version-history":[{"count":1,"href":"https:\/\/www.bolsarama.es\/bolsa\/wp-json\/wp\/v2\/posts\/481\/revisions"}],"predecessor-version":[{"id":483,"href":"https:\/\/www.bolsarama.es\/bolsa\/wp-json\/wp\/v2\/posts\/481\/revisions\/483"}],"wp:featuredmedia":[{"embeddable":true,"href":"https:\/\/www.bolsarama.es\/bolsa\/wp-json\/wp\/v2\/media\/482"}],"wp:attachment":[{"href":"https:\/\/www.bolsarama.es\/bolsa\/wp-json\/wp\/v2\/media?parent=481"}],"wp:term":[{"taxonomy":"category","embeddable":true,"href":"https:\/\/www.bolsarama.es\/bolsa\/wp-json\/wp\/v2\/categories?post=481"},{"taxonomy":"post_tag","embeddable":true,"href":"https:\/\/www.bolsarama.es\/bolsa\/wp-json\/wp\/v2\/tags?post=481"}],"curies":[{"name":"wp","href":"https:\/\/api.w.org\/{rel}","templated":true}]}}