{"id":523,"date":"2024-11-20T18:46:29","date_gmt":"2024-11-20T17:46:29","guid":{"rendered":"https:\/\/www.bolsarama.es\/bolsa\/?p=523"},"modified":"2024-11-20T18:46:29","modified_gmt":"2024-11-20T17:46:29","slug":"segun-estimaciones-los-empresarios-calculan-que-las-perdidas-en-el-tejido-productivo-por-dana-superan-los-9-365-millones","status":"publish","type":"post","link":"https:\/\/www.bolsarama.es\/bolsa\/segun-estimaciones-los-empresarios-calculan-que-las-perdidas-en-el-tejido-productivo-por-dana-superan-los-9-365-millones\/","title":{"rendered":"Seg\u00fan estimaciones, los empresarios calculan que las p\u00e9rdidas en el tejido productivo por DANA superan los 9.365 millones."},"content":{"rendered":"<p>La reciente DANA ha dejado un rastro de devastaci\u00f3n en la econom\u00eda de la Comunidad Valenciana. Son cifras preliminares que, aunque alarmantes, no hacen m\u00e1s que subrayar la gravedad de la situaci\u00f3n. Pero \u00bfcu\u00e1n profundo ha sido este impacto? \u00bfY c\u00f3mo afecta a los diferentes sectores?<\/p>\n<h2>La DANA y la industria: un golpe devastador<\/h2>\n<p>La industria ha sido uno de los sectores m\u00e1s afectados por la DANA. Se estima que las p\u00e9rdidas econ\u00f3micas superan los 9.365 millones de euros. Pero estas cifras son solo una primera aproximaci\u00f3n ya que muchas empresas y sectores a\u00fan no han podido valorar el alcance total de los da\u00f1os. La Federaci\u00f3n Empresarial de Agroalimentaci\u00f3n de la Comunidad Valenciana sit\u00faa en m\u00e1s de 3.350 millones las p\u00e9rdidas en su sector. Un golpe que, sin duda, tendr\u00e1 repercusiones a largo plazo.<\/p>\n<h3>El sector primario: una p\u00e9rdida incalculable<\/h3>\n<p>El sector primario ha sido otro de los grandes perjudicados. Las lluvias torrenciales han afectado a 33.728 hect\u00e1reas en nueve comarcas, causando graves da\u00f1os en cultivos de c\u00edtricos, caqui, hortalizas y viveros, as\u00ed como en infraestructuras agr\u00edcolas y explotaciones ganaderas. La Asociaci\u00f3n Valenciana de Agricultores estima las p\u00e9rdidas en 1.019 millones de euros. Un golpe que se suma al ya complicado panorama que viene arrastrando este sector en los \u00faltimos a\u00f1os.<\/p>\n<h4>El sector servicios: da\u00f1os significativos<\/h4>\n<p>Tambi\u00e9n el sector servicios ha sufrido las consecuencias de la DANA. Confecomer\u00e7 estima las p\u00e9rdidas en el sector comercio en m\u00e1s de 1.500 millones de euros. En el caso de la hosteler\u00eda, las p\u00e9rdidas superan los 300 millones de euros. Unas cifras que, sin duda, marcan la necesidad de un esfuerzo conjunto para la reconstrucci\u00f3n.<\/p>\n<h2>Una llamada urgente a la acci\u00f3n<\/h2>\n<p>La magnitud de este desastre pone de manifiesto la urgencia de una respuesta coordinada que permita a los sectores afectados recuperar su actividad y garantizar la estabilidad laboral en la provincia. El empresariado ha solicitado un apoyo m\u00e1s potente y \u00e1gil que ayude a mitigar los devastadores efectos de la DANA. Un llamamiento que, sin duda, marca la necesidad de un esfuerzo conjunto para la reconstrucci\u00f3n.<\/p>\n<p>La DANA ha dejado claro que el cambio clim\u00e1tico es una realidad que afecta a todos los sectores de la econom\u00eda. Y que, ante un escenario de esta magnitud, la cooperaci\u00f3n, la solidaridad y la resiliencia se hacen m\u00e1s necesarias que nunca.<\/p>\n","protected":false},"excerpt":{"rendered":"<p>La reciente DANA ha dejado un rastro de devastaci\u00f3n en la econom\u00eda de la Comunidad Valenciana. Son cifras preliminares que, aunque alarmantes, no hacen m\u00e1s que subrayar la gravedad de la situaci\u00f3n. Pero \u00bfcu\u00e1n profundo ha sido este impacto? \u00bfY c\u00f3mo afecta a los diferentes sectores? La DANA y la industria: un golpe devastador La [&hellip;]<\/p>\n","protected":false},"author":2,"featured_media":524,"comment_status":"open","ping_status":"open","sticky":false,"template":"","format":"standard","meta":{"footnotes":""},"categories":[1],"tags":[],"class_list":["post-523","post","type-post","status-publish","format-standard","has-post-thumbnail","hentry","category-sin-categoria"],"yoast_head":"<!-- This site is optimized with the Yoast SEO plugin v23.6 - https:\/\/yoast.com\/wordpress\/plugins\/seo\/ -->\n<title>Seg\u00fan estimaciones, los empresarios calculan que las p\u00e9rdidas en el tejido productivo por DANA superan los 9.365 millones. - Bolsarama - Informaci\u00f3n econ\u00f3mica actualizada - Bolsarama.es<\/title>\n<meta name=\"robots\" content=\"index, follow, max-snippet:-1, max-image-preview:large, max-video-preview:-1\" \/>\n<link rel=\"canonical\" href=\"https:\/\/www.bolsarama.es\/bolsa\/segun-estimaciones-los-empresarios-calculan-que-las-perdidas-en-el-tejido-productivo-por-dana-superan-los-9-365-millones\/\" \/>\n<meta property=\"og:locale\" content=\"es_ES\" \/>\n<meta property=\"og:type\" content=\"article\" \/>\n<meta property=\"og:title\" content=\"Seg\u00fan estimaciones, los empresarios calculan que las p\u00e9rdidas en el tejido productivo por DANA superan los 9.365 millones. - Bolsarama - Informaci\u00f3n econ\u00f3mica actualizada - Bolsarama.es\" \/>\n<meta property=\"og:description\" content=\"La reciente DANA ha dejado un rastro de devastaci\u00f3n en la econom\u00eda de la Comunidad Valenciana. Son cifras preliminares que, aunque alarmantes, no hacen m\u00e1s que subrayar la gravedad de la situaci\u00f3n. Pero \u00bfcu\u00e1n profundo ha sido este impacto? \u00bfY c\u00f3mo afecta a los diferentes sectores? La DANA y la industria: un golpe devastador La [&hellip;]\" \/>\n<meta property=\"og:url\" content=\"https:\/\/www.bolsarama.es\/bolsa\/segun-estimaciones-los-empresarios-calculan-que-las-perdidas-en-el-tejido-productivo-por-dana-superan-los-9-365-millones\/\" \/>\n<meta property=\"og:site_name\" content=\"Bolsarama - Informaci\u00f3n econ\u00f3mica actualizada - Bolsarama.es\" \/>\n<meta property=\"article:publisher\" content=\"https:\/\/www.facebook.com\/bolsarama.es\" \/>\n<meta property=\"article:published_time\" content=\"2024-11-20T17:46:29+00:00\" \/>\n<meta property=\"og:image\" content=\"https:\/\/www.bolsarama.es\/bolsa\/wp-content\/uploads\/2024\/11\/Segun-estimaciones-los-empresarios-calculan-que-las-perdidas-en-el.jpg\" \/>\n\t<meta property=\"og:image:width\" content=\"800\" \/>\n\t<meta property=\"og:image:height\" content=\"537\" \/>\n\t<meta property=\"og:image:type\" content=\"image\/jpeg\" \/>\n<meta name=\"author\" content=\"Paula\" \/>\n<meta name=\"twitter:card\" content=\"summary_large_image\" \/>\n<meta name=\"twitter:creator\" content=\"@Bolsarama_es\" \/>\n<meta name=\"twitter:site\" content=\"@Bolsarama_es\" \/>\n<meta name=\"twitter:label1\" content=\"Escrito por\" \/>\n\t<meta name=\"twitter:data1\" content=\"Paula\" \/>\n\t<meta name=\"twitter:label2\" content=\"Tiempo de lectura\" \/>\n\t<meta name=\"twitter:data2\" content=\"2 minutos\" \/>\n<script type=\"application\/ld+json\" class=\"yoast-schema-graph\">{\"@context\":\"https:\/\/schema.org\",\"@graph\":[{\"@type\":\"Article\",\"@id\":\"https:\/\/www.bolsarama.es\/bolsa\/segun-estimaciones-los-empresarios-calculan-que-las-perdidas-en-el-tejido-productivo-por-dana-superan-los-9-365-millones\/#article\",\"isPartOf\":{\"@id\":\"https:\/\/www.bolsarama.es\/bolsa\/segun-estimaciones-los-empresarios-calculan-que-las-perdidas-en-el-tejido-productivo-por-dana-superan-los-9-365-millones\/\"},\"author\":{\"name\":\"Paula\",\"@id\":\"https:\/\/www.bolsarama.es\/bolsa\/#\/schema\/person\/a34ab5b5c7d41d99c10a5c3564af3e43\"},\"headline\":\"Seg\u00fan estimaciones, los empresarios calculan que las p\u00e9rdidas en el tejido productivo por DANA superan los 9.365 millones.\",\"datePublished\":\"2024-11-20T17:46:29+00:00\",\"dateModified\":\"2024-11-20T17:46:29+00:00\",\"mainEntityOfPage\":{\"@id\":\"https:\/\/www.bolsarama.es\/bolsa\/segun-estimaciones-los-empresarios-calculan-que-las-perdidas-en-el-tejido-productivo-por-dana-superan-los-9-365-millones\/\"},\"wordCount\":437,\"commentCount\":0,\"publisher\":{\"@id\":\"https:\/\/www.bolsarama.es\/bolsa\/#organization\"},\"image\":{\"@id\":\"https:\/\/www.bolsarama.es\/bolsa\/segun-estimaciones-los-empresarios-calculan-que-las-perdidas-en-el-tejido-productivo-por-dana-superan-los-9-365-millones\/#primaryimage\"},\"thumbnailUrl\":\"https:\/\/www.bolsarama.es\/bolsa\/wp-content\/uploads\/2024\/11\/Segun-estimaciones-los-empresarios-calculan-que-las-perdidas-en-el.jpg\",\"inLanguage\":\"es\",\"potentialAction\":[{\"@type\":\"CommentAction\",\"name\":\"Comment\",\"target\":[\"https:\/\/www.bolsarama.es\/bolsa\/segun-estimaciones-los-empresarios-calculan-que-las-perdidas-en-el-tejido-productivo-por-dana-superan-los-9-365-millones\/#respond\"]}]},{\"@type\":\"WebPage\",\"@id\":\"https:\/\/www.bolsarama.es\/bolsa\/segun-estimaciones-los-empresarios-calculan-que-las-perdidas-en-el-tejido-productivo-por-dana-superan-los-9-365-millones\/\",\"url\":\"https:\/\/www.bolsarama.es\/bolsa\/segun-estimaciones-los-empresarios-calculan-que-las-perdidas-en-el-tejido-productivo-por-dana-superan-los-9-365-millones\/\",\"name\":\"Seg\u00fan estimaciones, los empresarios calculan que las p\u00e9rdidas en el tejido productivo por DANA superan los 9.365 millones. - Bolsarama - Informaci\u00f3n econ\u00f3mica actualizada - Bolsarama.es\",\"isPartOf\":{\"@id\":\"https:\/\/www.bolsarama.es\/bolsa\/#website\"},\"primaryImageOfPage\":{\"@id\":\"https:\/\/www.bolsarama.es\/bolsa\/segun-estimaciones-los-empresarios-calculan-que-las-perdidas-en-el-tejido-productivo-por-dana-superan-los-9-365-millones\/#primaryimage\"},\"image\":{\"@id\":\"https:\/\/www.bolsarama.es\/bolsa\/segun-estimaciones-los-empresarios-calculan-que-las-perdidas-en-el-tejido-productivo-por-dana-superan-los-9-365-millones\/#primaryimage\"},\"thumbnailUrl\":\"https:\/\/www.bolsarama.es\/bolsa\/wp-content\/uploads\/2024\/11\/Segun-estimaciones-los-empresarios-calculan-que-las-perdidas-en-el.jpg\",\"datePublished\":\"2024-11-20T17:46:29+00:00\",\"dateModified\":\"2024-11-20T17:46:29+00:00\",\"breadcrumb\":{\"@id\":\"https:\/\/www.bolsarama.es\/bolsa\/segun-estimaciones-los-empresarios-calculan-que-las-perdidas-en-el-tejido-productivo-por-dana-superan-los-9-365-millones\/#breadcrumb\"},\"inLanguage\":\"es\",\"potentialAction\":[{\"@type\":\"ReadAction\",\"target\":[\"https:\/\/www.bolsarama.es\/bolsa\/segun-estimaciones-los-empresarios-calculan-que-las-perdidas-en-el-tejido-productivo-por-dana-superan-los-9-365-millones\/\"]}]},{\"@type\":\"ImageObject\",\"inLanguage\":\"es\",\"@id\":\"https:\/\/www.bolsarama.es\/bolsa\/segun-estimaciones-los-empresarios-calculan-que-las-perdidas-en-el-tejido-productivo-por-dana-superan-los-9-365-millones\/#primaryimage\",\"url\":\"https:\/\/www.bolsarama.es\/bolsa\/wp-content\/uploads\/2024\/11\/Segun-estimaciones-los-empresarios-calculan-que-las-perdidas-en-el.jpg\",\"contentUrl\":\"https:\/\/www.bolsarama.es\/bolsa\/wp-content\/uploads\/2024\/11\/Segun-estimaciones-los-empresarios-calculan-que-las-perdidas-en-el.jpg\",\"width\":800,\"height\":537,\"caption\":\"Econom\u00eda.- Empresarios cifran en m\u00e1s de 9.365 millones las p\u00e9rdidas en el tejido productivo por DANA, seg\u00fan estimaciones\"},{\"@type\":\"BreadcrumbList\",\"@id\":\"https:\/\/www.bolsarama.es\/bolsa\/segun-estimaciones-los-empresarios-calculan-que-las-perdidas-en-el-tejido-productivo-por-dana-superan-los-9-365-millones\/#breadcrumb\",\"itemListElement\":[{\"@type\":\"ListItem\",\"position\":1,\"name\":\"Bolsa\",\"item\":\"https:\/\/www.bolsarama.es\/bolsa\/\"},{\"@type\":\"ListItem\",\"position\":2,\"name\":\"Seg\u00fan estimaciones, los empresarios calculan que las p\u00e9rdidas en el tejido productivo por DANA superan los 9.365 millones.\"}]},{\"@type\":\"WebSite\",\"@id\":\"https:\/\/www.bolsarama.es\/bolsa\/#website\",\"url\":\"https:\/\/www.bolsarama.es\/bolsa\/\",\"name\":\"Bolsarama\",\"description\":\"\",\"publisher\":{\"@id\":\"https:\/\/www.bolsarama.es\/bolsa\/#organization\"},\"potentialAction\":[{\"@type\":\"SearchAction\",\"target\":{\"@type\":\"EntryPoint\",\"urlTemplate\":\"https:\/\/www.bolsarama.es\/bolsa\/?s={search_term_string}\"},\"query-input\":{\"@type\":\"PropertyValueSpecification\",\"valueRequired\":true,\"valueName\":\"search_term_string\"}}],\"inLanguage\":\"es\"},{\"@type\":\"Organization\",\"@id\":\"https:\/\/www.bolsarama.es\/bolsa\/#organization\",\"name\":\"Bolsarama\",\"url\":\"https:\/\/www.bolsarama.es\/bolsa\/\",\"logo\":{\"@type\":\"ImageObject\",\"inLanguage\":\"es\",\"@id\":\"https:\/\/www.bolsarama.es\/bolsa\/#\/schema\/logo\/image\/\",\"url\":\"https:\/\/www.bolsarama.es\/bolsa\/wp-content\/uploads\/2023\/10\/logo-bolsarama.png\",\"contentUrl\":\"https:\/\/www.bolsarama.es\/bolsa\/wp-content\/uploads\/2023\/10\/logo-bolsarama.png\",\"width\":300,\"height\":50,\"caption\":\"Bolsarama\"},\"image\":{\"@id\":\"https:\/\/www.bolsarama.es\/bolsa\/#\/schema\/logo\/image\/\"},\"sameAs\":[\"https:\/\/www.facebook.com\/bolsarama.es\",\"https:\/\/x.com\/Bolsarama_es\"]},{\"@type\":\"Person\",\"@id\":\"https:\/\/www.bolsarama.es\/bolsa\/#\/schema\/person\/a34ab5b5c7d41d99c10a5c3564af3e43\",\"name\":\"Paula\",\"image\":{\"@type\":\"ImageObject\",\"inLanguage\":\"es\",\"@id\":\"https:\/\/www.bolsarama.es\/bolsa\/#\/schema\/person\/image\/\",\"url\":\"https:\/\/www.bolsarama.es\/bolsa\/wp-content\/litespeed\/avatar\/d6404594800e2b580b751c6bb2eb5f4f.jpg?ver=1777428602\",\"contentUrl\":\"https:\/\/www.bolsarama.es\/bolsa\/wp-content\/litespeed\/avatar\/d6404594800e2b580b751c6bb2eb5f4f.jpg?ver=1777428602\",\"caption\":\"Paula\"},\"url\":\"https:\/\/www.bolsarama.es\/bolsa\/author\/paula\/\"}]}<\/script>\n<!-- \/ Yoast SEO plugin. -->","yoast_head_json":{"title":"Seg\u00fan estimaciones, los empresarios calculan que las p\u00e9rdidas en el tejido productivo por DANA superan los 9.365 millones. - Bolsarama - Informaci\u00f3n econ\u00f3mica actualizada - Bolsarama.es","robots":{"index":"index","follow":"follow","max-snippet":"max-snippet:-1","max-image-preview":"max-image-preview:large","max-video-preview":"max-video-preview:-1"},"canonical":"https:\/\/www.bolsarama.es\/bolsa\/segun-estimaciones-los-empresarios-calculan-que-las-perdidas-en-el-tejido-productivo-por-dana-superan-los-9-365-millones\/","og_locale":"es_ES","og_type":"article","og_title":"Seg\u00fan estimaciones, los empresarios calculan que las p\u00e9rdidas en el tejido productivo por DANA superan los 9.365 millones. - Bolsarama - Informaci\u00f3n econ\u00f3mica actualizada - Bolsarama.es","og_description":"La reciente DANA ha dejado un rastro de devastaci\u00f3n en la econom\u00eda de la Comunidad Valenciana. Son cifras preliminares que, aunque alarmantes, no hacen m\u00e1s que subrayar la gravedad de la situaci\u00f3n. Pero \u00bfcu\u00e1n profundo ha sido este impacto? \u00bfY c\u00f3mo afecta a los diferentes sectores? La DANA y la industria: un golpe devastador La [&hellip;]","og_url":"https:\/\/www.bolsarama.es\/bolsa\/segun-estimaciones-los-empresarios-calculan-que-las-perdidas-en-el-tejido-productivo-por-dana-superan-los-9-365-millones\/","og_site_name":"Bolsarama - Informaci\u00f3n econ\u00f3mica actualizada - Bolsarama.es","article_publisher":"https:\/\/www.facebook.com\/bolsarama.es","article_published_time":"2024-11-20T17:46:29+00:00","og_image":[{"width":800,"height":537,"url":"https:\/\/www.bolsarama.es\/bolsa\/wp-content\/uploads\/2024\/11\/Segun-estimaciones-los-empresarios-calculan-que-las-perdidas-en-el.jpg","type":"image\/jpeg"}],"author":"Paula","twitter_card":"summary_large_image","twitter_creator":"@Bolsarama_es","twitter_site":"@Bolsarama_es","twitter_misc":{"Escrito por":"Paula","Tiempo de lectura":"2 minutos"},"schema":{"@context":"https:\/\/schema.org","@graph":[{"@type":"Article","@id":"https:\/\/www.bolsarama.es\/bolsa\/segun-estimaciones-los-empresarios-calculan-que-las-perdidas-en-el-tejido-productivo-por-dana-superan-los-9-365-millones\/#article","isPartOf":{"@id":"https:\/\/www.bolsarama.es\/bolsa\/segun-estimaciones-los-empresarios-calculan-que-las-perdidas-en-el-tejido-productivo-por-dana-superan-los-9-365-millones\/"},"author":{"name":"Paula","@id":"https:\/\/www.bolsarama.es\/bolsa\/#\/schema\/person\/a34ab5b5c7d41d99c10a5c3564af3e43"},"headline":"Seg\u00fan estimaciones, los empresarios calculan que las p\u00e9rdidas en el tejido productivo por DANA superan los 9.365 millones.","datePublished":"2024-11-20T17:46:29+00:00","dateModified":"2024-11-20T17:46:29+00:00","mainEntityOfPage":{"@id":"https:\/\/www.bolsarama.es\/bolsa\/segun-estimaciones-los-empresarios-calculan-que-las-perdidas-en-el-tejido-productivo-por-dana-superan-los-9-365-millones\/"},"wordCount":437,"commentCount":0,"publisher":{"@id":"https:\/\/www.bolsarama.es\/bolsa\/#organization"},"image":{"@id":"https:\/\/www.bolsarama.es\/bolsa\/segun-estimaciones-los-empresarios-calculan-que-las-perdidas-en-el-tejido-productivo-por-dana-superan-los-9-365-millones\/#primaryimage"},"thumbnailUrl":"https:\/\/www.bolsarama.es\/bolsa\/wp-content\/uploads\/2024\/11\/Segun-estimaciones-los-empresarios-calculan-que-las-perdidas-en-el.jpg","inLanguage":"es","potentialAction":[{"@type":"CommentAction","name":"Comment","target":["https:\/\/www.bolsarama.es\/bolsa\/segun-estimaciones-los-empresarios-calculan-que-las-perdidas-en-el-tejido-productivo-por-dana-superan-los-9-365-millones\/#respond"]}]},{"@type":"WebPage","@id":"https:\/\/www.bolsarama.es\/bolsa\/segun-estimaciones-los-empresarios-calculan-que-las-perdidas-en-el-tejido-productivo-por-dana-superan-los-9-365-millones\/","url":"https:\/\/www.bolsarama.es\/bolsa\/segun-estimaciones-los-empresarios-calculan-que-las-perdidas-en-el-tejido-productivo-por-dana-superan-los-9-365-millones\/","name":"Seg\u00fan estimaciones, los empresarios calculan que las p\u00e9rdidas en el tejido productivo por DANA superan los 9.365 millones. - Bolsarama - Informaci\u00f3n econ\u00f3mica actualizada - Bolsarama.es","isPartOf":{"@id":"https:\/\/www.bolsarama.es\/bolsa\/#website"},"primaryImageOfPage":{"@id":"https:\/\/www.bolsarama.es\/bolsa\/segun-estimaciones-los-empresarios-calculan-que-las-perdidas-en-el-tejido-productivo-por-dana-superan-los-9-365-millones\/#primaryimage"},"image":{"@id":"https:\/\/www.bolsarama.es\/bolsa\/segun-estimaciones-los-empresarios-calculan-que-las-perdidas-en-el-tejido-productivo-por-dana-superan-los-9-365-millones\/#primaryimage"},"thumbnailUrl":"https:\/\/www.bolsarama.es\/bolsa\/wp-content\/uploads\/2024\/11\/Segun-estimaciones-los-empresarios-calculan-que-las-perdidas-en-el.jpg","datePublished":"2024-11-20T17:46:29+00:00","dateModified":"2024-11-20T17:46:29+00:00","breadcrumb":{"@id":"https:\/\/www.bolsarama.es\/bolsa\/segun-estimaciones-los-empresarios-calculan-que-las-perdidas-en-el-tejido-productivo-por-dana-superan-los-9-365-millones\/#breadcrumb"},"inLanguage":"es","potentialAction":[{"@type":"ReadAction","target":["https:\/\/www.bolsarama.es\/bolsa\/segun-estimaciones-los-empresarios-calculan-que-las-perdidas-en-el-tejido-productivo-por-dana-superan-los-9-365-millones\/"]}]},{"@type":"ImageObject","inLanguage":"es","@id":"https:\/\/www.bolsarama.es\/bolsa\/segun-estimaciones-los-empresarios-calculan-que-las-perdidas-en-el-tejido-productivo-por-dana-superan-los-9-365-millones\/#primaryimage","url":"https:\/\/www.bolsarama.es\/bolsa\/wp-content\/uploads\/2024\/11\/Segun-estimaciones-los-empresarios-calculan-que-las-perdidas-en-el.jpg","contentUrl":"https:\/\/www.bolsarama.es\/bolsa\/wp-content\/uploads\/2024\/11\/Segun-estimaciones-los-empresarios-calculan-que-las-perdidas-en-el.jpg","width":800,"height":537,"caption":"Econom\u00eda.- Empresarios cifran en m\u00e1s de 9.365 millones las p\u00e9rdidas en el tejido productivo por DANA, seg\u00fan estimaciones"},{"@type":"BreadcrumbList","@id":"https:\/\/www.bolsarama.es\/bolsa\/segun-estimaciones-los-empresarios-calculan-que-las-perdidas-en-el-tejido-productivo-por-dana-superan-los-9-365-millones\/#breadcrumb","itemListElement":[{"@type":"ListItem","position":1,"name":"Bolsa","item":"https:\/\/www.bolsarama.es\/bolsa\/"},{"@type":"ListItem","position":2,"name":"Seg\u00fan estimaciones, los empresarios calculan que las p\u00e9rdidas en el tejido productivo por DANA superan los 9.365 millones."}]},{"@type":"WebSite","@id":"https:\/\/www.bolsarama.es\/bolsa\/#website","url":"https:\/\/www.bolsarama.es\/bolsa\/","name":"Bolsarama","description":"","publisher":{"@id":"https:\/\/www.bolsarama.es\/bolsa\/#organization"},"potentialAction":[{"@type":"SearchAction","target":{"@type":"EntryPoint","urlTemplate":"https:\/\/www.bolsarama.es\/bolsa\/?s={search_term_string}"},"query-input":{"@type":"PropertyValueSpecification","valueRequired":true,"valueName":"search_term_string"}}],"inLanguage":"es"},{"@type":"Organization","@id":"https:\/\/www.bolsarama.es\/bolsa\/#organization","name":"Bolsarama","url":"https:\/\/www.bolsarama.es\/bolsa\/","logo":{"@type":"ImageObject","inLanguage":"es","@id":"https:\/\/www.bolsarama.es\/bolsa\/#\/schema\/logo\/image\/","url":"https:\/\/www.bolsarama.es\/bolsa\/wp-content\/uploads\/2023\/10\/logo-bolsarama.png","contentUrl":"https:\/\/www.bolsarama.es\/bolsa\/wp-content\/uploads\/2023\/10\/logo-bolsarama.png","width":300,"height":50,"caption":"Bolsarama"},"image":{"@id":"https:\/\/www.bolsarama.es\/bolsa\/#\/schema\/logo\/image\/"},"sameAs":["https:\/\/www.facebook.com\/bolsarama.es","https:\/\/x.com\/Bolsarama_es"]},{"@type":"Person","@id":"https:\/\/www.bolsarama.es\/bolsa\/#\/schema\/person\/a34ab5b5c7d41d99c10a5c3564af3e43","name":"Paula","image":{"@type":"ImageObject","inLanguage":"es","@id":"https:\/\/www.bolsarama.es\/bolsa\/#\/schema\/person\/image\/","url":"https:\/\/www.bolsarama.es\/bolsa\/wp-content\/litespeed\/avatar\/d6404594800e2b580b751c6bb2eb5f4f.jpg?ver=1777428602","contentUrl":"https:\/\/www.bolsarama.es\/bolsa\/wp-content\/litespeed\/avatar\/d6404594800e2b580b751c6bb2eb5f4f.jpg?ver=1777428602","caption":"Paula"},"url":"https:\/\/www.bolsarama.es\/bolsa\/author\/paula\/"}]}},"_links":{"self":[{"href":"https:\/\/www.bolsarama.es\/bolsa\/wp-json\/wp\/v2\/posts\/523","targetHints":{"allow":["GET"]}}],"collection":[{"href":"https:\/\/www.bolsarama.es\/bolsa\/wp-json\/wp\/v2\/posts"}],"about":[{"href":"https:\/\/www.bolsarama.es\/bolsa\/wp-json\/wp\/v2\/types\/post"}],"author":[{"embeddable":true,"href":"https:\/\/www.bolsarama.es\/bolsa\/wp-json\/wp\/v2\/users\/2"}],"replies":[{"embeddable":true,"href":"https:\/\/www.bolsarama.es\/bolsa\/wp-json\/wp\/v2\/comments?post=523"}],"version-history":[{"count":1,"href":"https:\/\/www.bolsarama.es\/bolsa\/wp-json\/wp\/v2\/posts\/523\/revisions"}],"predecessor-version":[{"id":525,"href":"https:\/\/www.bolsarama.es\/bolsa\/wp-json\/wp\/v2\/posts\/523\/revisions\/525"}],"wp:featuredmedia":[{"embeddable":true,"href":"https:\/\/www.bolsarama.es\/bolsa\/wp-json\/wp\/v2\/media\/524"}],"wp:attachment":[{"href":"https:\/\/www.bolsarama.es\/bolsa\/wp-json\/wp\/v2\/media?parent=523"}],"wp:term":[{"taxonomy":"category","embeddable":true,"href":"https:\/\/www.bolsarama.es\/bolsa\/wp-json\/wp\/v2\/categories?post=523"},{"taxonomy":"post_tag","embeddable":true,"href":"https:\/\/www.bolsarama.es\/bolsa\/wp-json\/wp\/v2\/tags?post=523"}],"curies":[{"name":"wp","href":"https:\/\/api.w.org\/{rel}","templated":true}]}}