{"id":528,"date":"2024-11-20T20:55:57","date_gmt":"2024-11-20T19:55:57","guid":{"rendered":"https:\/\/www.bolsarama.es\/bolsa\/?p=528"},"modified":"2024-11-20T20:55:57","modified_gmt":"2024-11-20T19:55:57","slug":"los-trabajadores-de-alcoa-se-reuniran-en-ribadeo-lugo-el-sabado-para-solicitar-la-implicacion-del-gobierno-y-la-xunta","status":"publish","type":"post","link":"https:\/\/www.bolsarama.es\/bolsa\/los-trabajadores-de-alcoa-se-reuniran-en-ribadeo-lugo-el-sabado-para-solicitar-la-implicacion-del-gobierno-y-la-xunta\/","title":{"rendered":"Los trabajadores de Alcoa se reunir\u00e1n en Ribadeo (Lugo) el s\u00e1bado para solicitar la \u00abimplicaci\u00f3n\u00bb del Gobierno y la Xunta."},"content":{"rendered":"<p>Los trabajadores de Alcoa en San Cibrao, ubicado en el municipio de Cervo en Lugo, est\u00e1n demostrando su valor y lucha en su llamado por la implicaci\u00f3n del Gobierno Central y la Xunta en el futuro de la f\u00e1brica. Este clamor por justicia no es m\u00e1s que el reflejo de un colectivo que, a pesar de las adversidades, sigue en pie luchando por sus derechos.<\/p>\n<h2>El Grito de Protesta: Un Encuentro en Ribadeo<\/h2>\n<p>Estos valientes trabajadores se han organizado para concentrarse en Ribadeo el pr\u00f3ximo s\u00e1bado, 23 de noviembre. La cita ser\u00e1 a las 11:30 horas, en un evento convocado en la concentraci\u00f3n de autobuses de Ribadeo. Este evento simboliza la uni\u00f3n y la fuerza de un colectivo que no se rinde ante las adversidades y que lucha por un futuro mejor.<\/p>\n<h3>La Reivindicaci\u00f3n Contin\u00faa: Una Demanda Justa<\/h3>\n<p>La demanda de estos trabajadores sigue firme: exigen la convocatoria de la mesa de seguimiento del acuerdo que afecta a la planta, tras el incumplimiento del plazo de encuentro del \u00faltimo trimestre. Este reclamo evidencia la necesidad de un compromiso real y efectivo por parte de las autoridades y de la empresa, que garantice el futuro de la f\u00e1brica y de sus trabajadores.<\/p>\n<h4>El Acuerdo con Ignis Eqt: Un Destello de Esperanza<\/h4>\n<p>Alcoa ha llegado a un principio de acuerdo con Ignis Eqt en el cual esta \u00faltima se compromete a invertir 25 millones en el complejo de San Cibrao. Esto supone una aportaci\u00f3n del 25% en una inversi\u00f3n total de 75 millones por parte de Alcoa, sumando un global de 100 millones entre ambas. Este acuerdo, aunque es un paso hacia adelante, a\u00fan se encuentra en fase de principio y requiere un seguimiento estricto para garantizar su cumplimiento.<\/p>\n<h2>La Garant\u00eda de Continuidad: Un Compromiso Necesario<\/h2>\n<p>La empresa ha ratificado su compromiso de aportar 100 millones adicionales a esos 100 millones de flujo de caja. Adem\u00e1s, se ha garantizado la continuidad de la producci\u00f3n de la refiner\u00eda y el arranque, como m\u00ednimo, del 75% de las cubas en 2025. Sin embargo, estos compromisos necesitan ser respaldados por acciones concretas que aseguren el futuro de la f\u00e1brica y de los trabajadores.<\/p>\n<p>La lucha de los trabajadores de Alcoa en San Cibrao es un claro ejemplo de resistencia y coraje. Su clamor por justicia y por un futuro seguro no solo es un reflejo de su valent\u00eda, sino tambi\u00e9n de la necesidad de una implicaci\u00f3n real y efectiva por parte de las autoridades y de la empresa. Solo as\u00ed se podr\u00e1 garantizar el futuro de la f\u00e1brica y de sus trabajadores.<\/p>\n","protected":false},"excerpt":{"rendered":"<p>Los trabajadores de Alcoa en San Cibrao, ubicado en el municipio de Cervo en Lugo, est\u00e1n demostrando su valor y lucha en su llamado por la implicaci\u00f3n del Gobierno Central y la Xunta en el futuro de la f\u00e1brica. Este clamor por justicia no es m\u00e1s que el reflejo de un colectivo que, a pesar [&hellip;]<\/p>\n","protected":false},"author":2,"featured_media":529,"comment_status":"open","ping_status":"open","sticky":false,"template":"","format":"standard","meta":{"footnotes":""},"categories":[1],"tags":[],"class_list":["post-528","post","type-post","status-publish","format-standard","has-post-thumbnail","hentry","category-sin-categoria"],"yoast_head":"<!-- This site is optimized with the Yoast SEO plugin v23.6 - https:\/\/yoast.com\/wordpress\/plugins\/seo\/ -->\n<title>Los trabajadores de Alcoa se reunir\u00e1n en Ribadeo (Lugo) el s\u00e1bado para solicitar la &quot;implicaci\u00f3n&quot; del Gobierno y la Xunta. - Bolsarama - Informaci\u00f3n econ\u00f3mica actualizada - Bolsarama.es<\/title>\n<meta name=\"robots\" content=\"index, follow, max-snippet:-1, max-image-preview:large, max-video-preview:-1\" \/>\n<link rel=\"canonical\" href=\"https:\/\/www.bolsarama.es\/bolsa\/los-trabajadores-de-alcoa-se-reuniran-en-ribadeo-lugo-el-sabado-para-solicitar-la-implicacion-del-gobierno-y-la-xunta\/\" \/>\n<meta property=\"og:locale\" content=\"es_ES\" \/>\n<meta property=\"og:type\" content=\"article\" \/>\n<meta property=\"og:title\" content=\"Los trabajadores de Alcoa se reunir\u00e1n en Ribadeo (Lugo) el s\u00e1bado para solicitar la &quot;implicaci\u00f3n&quot; del Gobierno y la Xunta. - Bolsarama - Informaci\u00f3n econ\u00f3mica actualizada - Bolsarama.es\" \/>\n<meta property=\"og:description\" content=\"Los trabajadores de Alcoa en San Cibrao, ubicado en el municipio de Cervo en Lugo, est\u00e1n demostrando su valor y lucha en su llamado por la implicaci\u00f3n del Gobierno Central y la Xunta en el futuro de la f\u00e1brica. Este clamor por justicia no es m\u00e1s que el reflejo de un colectivo que, a pesar [&hellip;]\" \/>\n<meta property=\"og:url\" content=\"https:\/\/www.bolsarama.es\/bolsa\/los-trabajadores-de-alcoa-se-reuniran-en-ribadeo-lugo-el-sabado-para-solicitar-la-implicacion-del-gobierno-y-la-xunta\/\" \/>\n<meta property=\"og:site_name\" content=\"Bolsarama - Informaci\u00f3n econ\u00f3mica actualizada - Bolsarama.es\" \/>\n<meta property=\"article:publisher\" content=\"https:\/\/www.facebook.com\/bolsarama.es\" \/>\n<meta property=\"article:published_time\" content=\"2024-11-20T19:55:57+00:00\" \/>\n<meta property=\"og:image\" content=\"https:\/\/www.bolsarama.es\/bolsa\/wp-content\/uploads\/2024\/11\/Los-trabajadores-de-Alcoa-se-reuniran-en-Ribadeo-Lugo-el.jpg\" \/>\n\t<meta property=\"og:image:width\" content=\"800\" \/>\n\t<meta property=\"og:image:height\" content=\"534\" \/>\n\t<meta property=\"og:image:type\" content=\"image\/jpeg\" \/>\n<meta name=\"author\" content=\"Paula\" \/>\n<meta name=\"twitter:card\" content=\"summary_large_image\" \/>\n<meta name=\"twitter:creator\" content=\"@Bolsarama_es\" \/>\n<meta name=\"twitter:site\" content=\"@Bolsarama_es\" \/>\n<meta name=\"twitter:label1\" content=\"Escrito por\" \/>\n\t<meta name=\"twitter:data1\" content=\"Paula\" \/>\n\t<meta name=\"twitter:label2\" content=\"Tiempo de lectura\" \/>\n\t<meta name=\"twitter:data2\" content=\"2 minutos\" \/>\n<script type=\"application\/ld+json\" class=\"yoast-schema-graph\">{\"@context\":\"https:\/\/schema.org\",\"@graph\":[{\"@type\":\"Article\",\"@id\":\"https:\/\/www.bolsarama.es\/bolsa\/los-trabajadores-de-alcoa-se-reuniran-en-ribadeo-lugo-el-sabado-para-solicitar-la-implicacion-del-gobierno-y-la-xunta\/#article\",\"isPartOf\":{\"@id\":\"https:\/\/www.bolsarama.es\/bolsa\/los-trabajadores-de-alcoa-se-reuniran-en-ribadeo-lugo-el-sabado-para-solicitar-la-implicacion-del-gobierno-y-la-xunta\/\"},\"author\":{\"name\":\"Paula\",\"@id\":\"https:\/\/www.bolsarama.es\/bolsa\/#\/schema\/person\/a34ab5b5c7d41d99c10a5c3564af3e43\"},\"headline\":\"Los trabajadores de Alcoa se reunir\u00e1n en Ribadeo (Lugo) el s\u00e1bado para solicitar la \u00abimplicaci\u00f3n\u00bb del Gobierno y la Xunta.\",\"datePublished\":\"2024-11-20T19:55:57+00:00\",\"dateModified\":\"2024-11-20T19:55:57+00:00\",\"mainEntityOfPage\":{\"@id\":\"https:\/\/www.bolsarama.es\/bolsa\/los-trabajadores-de-alcoa-se-reuniran-en-ribadeo-lugo-el-sabado-para-solicitar-la-implicacion-del-gobierno-y-la-xunta\/\"},\"wordCount\":464,\"commentCount\":0,\"publisher\":{\"@id\":\"https:\/\/www.bolsarama.es\/bolsa\/#organization\"},\"image\":{\"@id\":\"https:\/\/www.bolsarama.es\/bolsa\/los-trabajadores-de-alcoa-se-reuniran-en-ribadeo-lugo-el-sabado-para-solicitar-la-implicacion-del-gobierno-y-la-xunta\/#primaryimage\"},\"thumbnailUrl\":\"https:\/\/www.bolsarama.es\/bolsa\/wp-content\/uploads\/2024\/11\/Los-trabajadores-de-Alcoa-se-reuniran-en-Ribadeo-Lugo-el.jpg\",\"inLanguage\":\"es\",\"potentialAction\":[{\"@type\":\"CommentAction\",\"name\":\"Comment\",\"target\":[\"https:\/\/www.bolsarama.es\/bolsa\/los-trabajadores-de-alcoa-se-reuniran-en-ribadeo-lugo-el-sabado-para-solicitar-la-implicacion-del-gobierno-y-la-xunta\/#respond\"]}]},{\"@type\":\"WebPage\",\"@id\":\"https:\/\/www.bolsarama.es\/bolsa\/los-trabajadores-de-alcoa-se-reuniran-en-ribadeo-lugo-el-sabado-para-solicitar-la-implicacion-del-gobierno-y-la-xunta\/\",\"url\":\"https:\/\/www.bolsarama.es\/bolsa\/los-trabajadores-de-alcoa-se-reuniran-en-ribadeo-lugo-el-sabado-para-solicitar-la-implicacion-del-gobierno-y-la-xunta\/\",\"name\":\"Los trabajadores de Alcoa se reunir\u00e1n en Ribadeo (Lugo) el s\u00e1bado para solicitar la \\\"implicaci\u00f3n\\\" del Gobierno y la Xunta. - Bolsarama - Informaci\u00f3n econ\u00f3mica actualizada - Bolsarama.es\",\"isPartOf\":{\"@id\":\"https:\/\/www.bolsarama.es\/bolsa\/#website\"},\"primaryImageOfPage\":{\"@id\":\"https:\/\/www.bolsarama.es\/bolsa\/los-trabajadores-de-alcoa-se-reuniran-en-ribadeo-lugo-el-sabado-para-solicitar-la-implicacion-del-gobierno-y-la-xunta\/#primaryimage\"},\"image\":{\"@id\":\"https:\/\/www.bolsarama.es\/bolsa\/los-trabajadores-de-alcoa-se-reuniran-en-ribadeo-lugo-el-sabado-para-solicitar-la-implicacion-del-gobierno-y-la-xunta\/#primaryimage\"},\"thumbnailUrl\":\"https:\/\/www.bolsarama.es\/bolsa\/wp-content\/uploads\/2024\/11\/Los-trabajadores-de-Alcoa-se-reuniran-en-Ribadeo-Lugo-el.jpg\",\"datePublished\":\"2024-11-20T19:55:57+00:00\",\"dateModified\":\"2024-11-20T19:55:57+00:00\",\"breadcrumb\":{\"@id\":\"https:\/\/www.bolsarama.es\/bolsa\/los-trabajadores-de-alcoa-se-reuniran-en-ribadeo-lugo-el-sabado-para-solicitar-la-implicacion-del-gobierno-y-la-xunta\/#breadcrumb\"},\"inLanguage\":\"es\",\"potentialAction\":[{\"@type\":\"ReadAction\",\"target\":[\"https:\/\/www.bolsarama.es\/bolsa\/los-trabajadores-de-alcoa-se-reuniran-en-ribadeo-lugo-el-sabado-para-solicitar-la-implicacion-del-gobierno-y-la-xunta\/\"]}]},{\"@type\":\"ImageObject\",\"inLanguage\":\"es\",\"@id\":\"https:\/\/www.bolsarama.es\/bolsa\/los-trabajadores-de-alcoa-se-reuniran-en-ribadeo-lugo-el-sabado-para-solicitar-la-implicacion-del-gobierno-y-la-xunta\/#primaryimage\",\"url\":\"https:\/\/www.bolsarama.es\/bolsa\/wp-content\/uploads\/2024\/11\/Los-trabajadores-de-Alcoa-se-reuniran-en-Ribadeo-Lugo-el.jpg\",\"contentUrl\":\"https:\/\/www.bolsarama.es\/bolsa\/wp-content\/uploads\/2024\/11\/Los-trabajadores-de-Alcoa-se-reuniran-en-Ribadeo-Lugo-el.jpg\",\"width\":800,\"height\":534,\"caption\":\"Econom\u00eda.Trabajadores de Alcoa se concentran en Ribadeo (Lugo) el s\u00e1bado para pedir la \\\"implicaci\u00f3n\\\" de Gobierno y Xunta\"},{\"@type\":\"BreadcrumbList\",\"@id\":\"https:\/\/www.bolsarama.es\/bolsa\/los-trabajadores-de-alcoa-se-reuniran-en-ribadeo-lugo-el-sabado-para-solicitar-la-implicacion-del-gobierno-y-la-xunta\/#breadcrumb\",\"itemListElement\":[{\"@type\":\"ListItem\",\"position\":1,\"name\":\"Bolsa\",\"item\":\"https:\/\/www.bolsarama.es\/bolsa\/\"},{\"@type\":\"ListItem\",\"position\":2,\"name\":\"Los trabajadores de Alcoa se reunir\u00e1n en Ribadeo (Lugo) el s\u00e1bado para solicitar la \u00abimplicaci\u00f3n\u00bb del Gobierno y la Xunta.\"}]},{\"@type\":\"WebSite\",\"@id\":\"https:\/\/www.bolsarama.es\/bolsa\/#website\",\"url\":\"https:\/\/www.bolsarama.es\/bolsa\/\",\"name\":\"Bolsarama\",\"description\":\"\",\"publisher\":{\"@id\":\"https:\/\/www.bolsarama.es\/bolsa\/#organization\"},\"potentialAction\":[{\"@type\":\"SearchAction\",\"target\":{\"@type\":\"EntryPoint\",\"urlTemplate\":\"https:\/\/www.bolsarama.es\/bolsa\/?s={search_term_string}\"},\"query-input\":{\"@type\":\"PropertyValueSpecification\",\"valueRequired\":true,\"valueName\":\"search_term_string\"}}],\"inLanguage\":\"es\"},{\"@type\":\"Organization\",\"@id\":\"https:\/\/www.bolsarama.es\/bolsa\/#organization\",\"name\":\"Bolsarama\",\"url\":\"https:\/\/www.bolsarama.es\/bolsa\/\",\"logo\":{\"@type\":\"ImageObject\",\"inLanguage\":\"es\",\"@id\":\"https:\/\/www.bolsarama.es\/bolsa\/#\/schema\/logo\/image\/\",\"url\":\"https:\/\/www.bolsarama.es\/bolsa\/wp-content\/uploads\/2023\/10\/logo-bolsarama.png\",\"contentUrl\":\"https:\/\/www.bolsarama.es\/bolsa\/wp-content\/uploads\/2023\/10\/logo-bolsarama.png\",\"width\":300,\"height\":50,\"caption\":\"Bolsarama\"},\"image\":{\"@id\":\"https:\/\/www.bolsarama.es\/bolsa\/#\/schema\/logo\/image\/\"},\"sameAs\":[\"https:\/\/www.facebook.com\/bolsarama.es\",\"https:\/\/x.com\/Bolsarama_es\"]},{\"@type\":\"Person\",\"@id\":\"https:\/\/www.bolsarama.es\/bolsa\/#\/schema\/person\/a34ab5b5c7d41d99c10a5c3564af3e43\",\"name\":\"Paula\",\"image\":{\"@type\":\"ImageObject\",\"inLanguage\":\"es\",\"@id\":\"https:\/\/www.bolsarama.es\/bolsa\/#\/schema\/person\/image\/\",\"url\":\"https:\/\/www.bolsarama.es\/bolsa\/wp-content\/litespeed\/avatar\/d6404594800e2b580b751c6bb2eb5f4f.jpg?ver=1777428602\",\"contentUrl\":\"https:\/\/www.bolsarama.es\/bolsa\/wp-content\/litespeed\/avatar\/d6404594800e2b580b751c6bb2eb5f4f.jpg?ver=1777428602\",\"caption\":\"Paula\"},\"url\":\"https:\/\/www.bolsarama.es\/bolsa\/author\/paula\/\"}]}<\/script>\n<!-- \/ Yoast SEO plugin. -->","yoast_head_json":{"title":"Los trabajadores de Alcoa se reunir\u00e1n en Ribadeo (Lugo) el s\u00e1bado para solicitar la \"implicaci\u00f3n\" del Gobierno y la Xunta. - Bolsarama - Informaci\u00f3n econ\u00f3mica actualizada - Bolsarama.es","robots":{"index":"index","follow":"follow","max-snippet":"max-snippet:-1","max-image-preview":"max-image-preview:large","max-video-preview":"max-video-preview:-1"},"canonical":"https:\/\/www.bolsarama.es\/bolsa\/los-trabajadores-de-alcoa-se-reuniran-en-ribadeo-lugo-el-sabado-para-solicitar-la-implicacion-del-gobierno-y-la-xunta\/","og_locale":"es_ES","og_type":"article","og_title":"Los trabajadores de Alcoa se reunir\u00e1n en Ribadeo (Lugo) el s\u00e1bado para solicitar la \"implicaci\u00f3n\" del Gobierno y la Xunta. - Bolsarama - Informaci\u00f3n econ\u00f3mica actualizada - Bolsarama.es","og_description":"Los trabajadores de Alcoa en San Cibrao, ubicado en el municipio de Cervo en Lugo, est\u00e1n demostrando su valor y lucha en su llamado por la implicaci\u00f3n del Gobierno Central y la Xunta en el futuro de la f\u00e1brica. Este clamor por justicia no es m\u00e1s que el reflejo de un colectivo que, a pesar [&hellip;]","og_url":"https:\/\/www.bolsarama.es\/bolsa\/los-trabajadores-de-alcoa-se-reuniran-en-ribadeo-lugo-el-sabado-para-solicitar-la-implicacion-del-gobierno-y-la-xunta\/","og_site_name":"Bolsarama - Informaci\u00f3n econ\u00f3mica actualizada - Bolsarama.es","article_publisher":"https:\/\/www.facebook.com\/bolsarama.es","article_published_time":"2024-11-20T19:55:57+00:00","og_image":[{"width":800,"height":534,"url":"https:\/\/www.bolsarama.es\/bolsa\/wp-content\/uploads\/2024\/11\/Los-trabajadores-de-Alcoa-se-reuniran-en-Ribadeo-Lugo-el.jpg","type":"image\/jpeg"}],"author":"Paula","twitter_card":"summary_large_image","twitter_creator":"@Bolsarama_es","twitter_site":"@Bolsarama_es","twitter_misc":{"Escrito por":"Paula","Tiempo de lectura":"2 minutos"},"schema":{"@context":"https:\/\/schema.org","@graph":[{"@type":"Article","@id":"https:\/\/www.bolsarama.es\/bolsa\/los-trabajadores-de-alcoa-se-reuniran-en-ribadeo-lugo-el-sabado-para-solicitar-la-implicacion-del-gobierno-y-la-xunta\/#article","isPartOf":{"@id":"https:\/\/www.bolsarama.es\/bolsa\/los-trabajadores-de-alcoa-se-reuniran-en-ribadeo-lugo-el-sabado-para-solicitar-la-implicacion-del-gobierno-y-la-xunta\/"},"author":{"name":"Paula","@id":"https:\/\/www.bolsarama.es\/bolsa\/#\/schema\/person\/a34ab5b5c7d41d99c10a5c3564af3e43"},"headline":"Los trabajadores de Alcoa se reunir\u00e1n en Ribadeo (Lugo) el s\u00e1bado para solicitar la \u00abimplicaci\u00f3n\u00bb del Gobierno y la Xunta.","datePublished":"2024-11-20T19:55:57+00:00","dateModified":"2024-11-20T19:55:57+00:00","mainEntityOfPage":{"@id":"https:\/\/www.bolsarama.es\/bolsa\/los-trabajadores-de-alcoa-se-reuniran-en-ribadeo-lugo-el-sabado-para-solicitar-la-implicacion-del-gobierno-y-la-xunta\/"},"wordCount":464,"commentCount":0,"publisher":{"@id":"https:\/\/www.bolsarama.es\/bolsa\/#organization"},"image":{"@id":"https:\/\/www.bolsarama.es\/bolsa\/los-trabajadores-de-alcoa-se-reuniran-en-ribadeo-lugo-el-sabado-para-solicitar-la-implicacion-del-gobierno-y-la-xunta\/#primaryimage"},"thumbnailUrl":"https:\/\/www.bolsarama.es\/bolsa\/wp-content\/uploads\/2024\/11\/Los-trabajadores-de-Alcoa-se-reuniran-en-Ribadeo-Lugo-el.jpg","inLanguage":"es","potentialAction":[{"@type":"CommentAction","name":"Comment","target":["https:\/\/www.bolsarama.es\/bolsa\/los-trabajadores-de-alcoa-se-reuniran-en-ribadeo-lugo-el-sabado-para-solicitar-la-implicacion-del-gobierno-y-la-xunta\/#respond"]}]},{"@type":"WebPage","@id":"https:\/\/www.bolsarama.es\/bolsa\/los-trabajadores-de-alcoa-se-reuniran-en-ribadeo-lugo-el-sabado-para-solicitar-la-implicacion-del-gobierno-y-la-xunta\/","url":"https:\/\/www.bolsarama.es\/bolsa\/los-trabajadores-de-alcoa-se-reuniran-en-ribadeo-lugo-el-sabado-para-solicitar-la-implicacion-del-gobierno-y-la-xunta\/","name":"Los trabajadores de Alcoa se reunir\u00e1n en Ribadeo (Lugo) el s\u00e1bado para solicitar la \"implicaci\u00f3n\" del Gobierno y la Xunta. - Bolsarama - Informaci\u00f3n econ\u00f3mica actualizada - Bolsarama.es","isPartOf":{"@id":"https:\/\/www.bolsarama.es\/bolsa\/#website"},"primaryImageOfPage":{"@id":"https:\/\/www.bolsarama.es\/bolsa\/los-trabajadores-de-alcoa-se-reuniran-en-ribadeo-lugo-el-sabado-para-solicitar-la-implicacion-del-gobierno-y-la-xunta\/#primaryimage"},"image":{"@id":"https:\/\/www.bolsarama.es\/bolsa\/los-trabajadores-de-alcoa-se-reuniran-en-ribadeo-lugo-el-sabado-para-solicitar-la-implicacion-del-gobierno-y-la-xunta\/#primaryimage"},"thumbnailUrl":"https:\/\/www.bolsarama.es\/bolsa\/wp-content\/uploads\/2024\/11\/Los-trabajadores-de-Alcoa-se-reuniran-en-Ribadeo-Lugo-el.jpg","datePublished":"2024-11-20T19:55:57+00:00","dateModified":"2024-11-20T19:55:57+00:00","breadcrumb":{"@id":"https:\/\/www.bolsarama.es\/bolsa\/los-trabajadores-de-alcoa-se-reuniran-en-ribadeo-lugo-el-sabado-para-solicitar-la-implicacion-del-gobierno-y-la-xunta\/#breadcrumb"},"inLanguage":"es","potentialAction":[{"@type":"ReadAction","target":["https:\/\/www.bolsarama.es\/bolsa\/los-trabajadores-de-alcoa-se-reuniran-en-ribadeo-lugo-el-sabado-para-solicitar-la-implicacion-del-gobierno-y-la-xunta\/"]}]},{"@type":"ImageObject","inLanguage":"es","@id":"https:\/\/www.bolsarama.es\/bolsa\/los-trabajadores-de-alcoa-se-reuniran-en-ribadeo-lugo-el-sabado-para-solicitar-la-implicacion-del-gobierno-y-la-xunta\/#primaryimage","url":"https:\/\/www.bolsarama.es\/bolsa\/wp-content\/uploads\/2024\/11\/Los-trabajadores-de-Alcoa-se-reuniran-en-Ribadeo-Lugo-el.jpg","contentUrl":"https:\/\/www.bolsarama.es\/bolsa\/wp-content\/uploads\/2024\/11\/Los-trabajadores-de-Alcoa-se-reuniran-en-Ribadeo-Lugo-el.jpg","width":800,"height":534,"caption":"Econom\u00eda.Trabajadores de Alcoa se concentran en Ribadeo (Lugo) el s\u00e1bado para pedir la \"implicaci\u00f3n\" de Gobierno y Xunta"},{"@type":"BreadcrumbList","@id":"https:\/\/www.bolsarama.es\/bolsa\/los-trabajadores-de-alcoa-se-reuniran-en-ribadeo-lugo-el-sabado-para-solicitar-la-implicacion-del-gobierno-y-la-xunta\/#breadcrumb","itemListElement":[{"@type":"ListItem","position":1,"name":"Bolsa","item":"https:\/\/www.bolsarama.es\/bolsa\/"},{"@type":"ListItem","position":2,"name":"Los trabajadores de Alcoa se reunir\u00e1n en Ribadeo (Lugo) el s\u00e1bado para solicitar la \u00abimplicaci\u00f3n\u00bb del Gobierno y la Xunta."}]},{"@type":"WebSite","@id":"https:\/\/www.bolsarama.es\/bolsa\/#website","url":"https:\/\/www.bolsarama.es\/bolsa\/","name":"Bolsarama","description":"","publisher":{"@id":"https:\/\/www.bolsarama.es\/bolsa\/#organization"},"potentialAction":[{"@type":"SearchAction","target":{"@type":"EntryPoint","urlTemplate":"https:\/\/www.bolsarama.es\/bolsa\/?s={search_term_string}"},"query-input":{"@type":"PropertyValueSpecification","valueRequired":true,"valueName":"search_term_string"}}],"inLanguage":"es"},{"@type":"Organization","@id":"https:\/\/www.bolsarama.es\/bolsa\/#organization","name":"Bolsarama","url":"https:\/\/www.bolsarama.es\/bolsa\/","logo":{"@type":"ImageObject","inLanguage":"es","@id":"https:\/\/www.bolsarama.es\/bolsa\/#\/schema\/logo\/image\/","url":"https:\/\/www.bolsarama.es\/bolsa\/wp-content\/uploads\/2023\/10\/logo-bolsarama.png","contentUrl":"https:\/\/www.bolsarama.es\/bolsa\/wp-content\/uploads\/2023\/10\/logo-bolsarama.png","width":300,"height":50,"caption":"Bolsarama"},"image":{"@id":"https:\/\/www.bolsarama.es\/bolsa\/#\/schema\/logo\/image\/"},"sameAs":["https:\/\/www.facebook.com\/bolsarama.es","https:\/\/x.com\/Bolsarama_es"]},{"@type":"Person","@id":"https:\/\/www.bolsarama.es\/bolsa\/#\/schema\/person\/a34ab5b5c7d41d99c10a5c3564af3e43","name":"Paula","image":{"@type":"ImageObject","inLanguage":"es","@id":"https:\/\/www.bolsarama.es\/bolsa\/#\/schema\/person\/image\/","url":"https:\/\/www.bolsarama.es\/bolsa\/wp-content\/litespeed\/avatar\/d6404594800e2b580b751c6bb2eb5f4f.jpg?ver=1777428602","contentUrl":"https:\/\/www.bolsarama.es\/bolsa\/wp-content\/litespeed\/avatar\/d6404594800e2b580b751c6bb2eb5f4f.jpg?ver=1777428602","caption":"Paula"},"url":"https:\/\/www.bolsarama.es\/bolsa\/author\/paula\/"}]}},"_links":{"self":[{"href":"https:\/\/www.bolsarama.es\/bolsa\/wp-json\/wp\/v2\/posts\/528","targetHints":{"allow":["GET"]}}],"collection":[{"href":"https:\/\/www.bolsarama.es\/bolsa\/wp-json\/wp\/v2\/posts"}],"about":[{"href":"https:\/\/www.bolsarama.es\/bolsa\/wp-json\/wp\/v2\/types\/post"}],"author":[{"embeddable":true,"href":"https:\/\/www.bolsarama.es\/bolsa\/wp-json\/wp\/v2\/users\/2"}],"replies":[{"embeddable":true,"href":"https:\/\/www.bolsarama.es\/bolsa\/wp-json\/wp\/v2\/comments?post=528"}],"version-history":[{"count":1,"href":"https:\/\/www.bolsarama.es\/bolsa\/wp-json\/wp\/v2\/posts\/528\/revisions"}],"predecessor-version":[{"id":530,"href":"https:\/\/www.bolsarama.es\/bolsa\/wp-json\/wp\/v2\/posts\/528\/revisions\/530"}],"wp:featuredmedia":[{"embeddable":true,"href":"https:\/\/www.bolsarama.es\/bolsa\/wp-json\/wp\/v2\/media\/529"}],"wp:attachment":[{"href":"https:\/\/www.bolsarama.es\/bolsa\/wp-json\/wp\/v2\/media?parent=528"}],"wp:term":[{"taxonomy":"category","embeddable":true,"href":"https:\/\/www.bolsarama.es\/bolsa\/wp-json\/wp\/v2\/categories?post=528"},{"taxonomy":"post_tag","embeddable":true,"href":"https:\/\/www.bolsarama.es\/bolsa\/wp-json\/wp\/v2\/tags?post=528"}],"curies":[{"name":"wp","href":"https:\/\/api.w.org\/{rel}","templated":true}]}}