{"id":537,"date":"2024-11-21T14:26:06","date_gmt":"2024-11-21T13:26:06","guid":{"rendered":"https:\/\/www.bolsarama.es\/bolsa\/?p=537"},"modified":"2024-11-21T14:26:06","modified_gmt":"2024-11-21T13:26:06","slug":"2025-el-ano-para-transformar-como-el-sector-privado-genera-valor-afirma-nacho-rivera-de-the-overview-effect","status":"publish","type":"post","link":"https:\/\/www.bolsarama.es\/bolsa\/2025-el-ano-para-transformar-como-el-sector-privado-genera-valor-afirma-nacho-rivera-de-the-overview-effect\/","title":{"rendered":"\u00ab2025, el a\u00f1o para transformar c\u00f3mo el sector privado genera valor\u00bb, afirma Nacho Rivera de The Overview Effect."},"content":{"rendered":"<h2>El Futuro de las Empresas: De Responsables a Impactantes<\/h2>\n<p><\/p>\n<p>Las empresas no solo pueden ser responsables, sino que tambi\u00e9n pueden ser de impacto. Al menos eso es lo que sostiene el CEO de la empresa The Overview Effect, respaldada por Minsait (grupo Indra). El a\u00f1o 2025 marcar\u00e1 un punto de inflexi\u00f3n en la forma en que el sector privado genera valor, transform\u00e1ndose de ser meramente responsables a ser empresas de impacto genuino.<\/p>\n<p>La misi\u00f3n de estas empresas no se limitar\u00e1 a generar ganancias, sino que se centrar\u00e1 en tres grandes desaf\u00edos que enfrenta nuestra sociedad: la crisis clim\u00e1tica, la p\u00e9rdida de biodiversidad y la inequidad social y la polarizaci\u00f3n. Los modelos de negocio se redise\u00f1ar\u00e1n para permitir al sector privado generar un impacto social, ambiental y econ\u00f3mico significativo.<\/p>\n<h3>El Papel Crucial de la Colaboraci\u00f3n<\/h3>\n<p><\/p>\n<p>Para lograr estos objetivos ambiciosos, es esencial que las empresas colaboren con una variedad de actores clave. Estos incluyen organismos internacionales, inversores de capital, cient\u00edficos, medios de comunicaci\u00f3n y los consumidores. La colaboraci\u00f3n permitir\u00e1 a las empresas ir m\u00e1s all\u00e1 del mero cumplimiento de las regulaciones, y realmente hacer una diferencia en la sociedad y el medio ambiente.<\/p>\n<h2>La Digitalizaci\u00f3n y la Inteligencia Artificial: Claves para Resolver los Desaf\u00edos Globales<\/h2>\n<p><\/p>\n<p>La digitalizaci\u00f3n y la inteligencia artificial (IA) son dos herramientas que pueden desempe\u00f1ar un papel crucial en la resoluci\u00f3n de estos grandes desaf\u00edos. Las empresas pueden utilizar estas herramientas no solo para mejorar su rendimiento empresarial, sino tambi\u00e9n para contribuir a la soluci\u00f3n de problemas sociales y medioambientales.<\/p>\n<h3>El Concepto de la Green AI<\/h3>\n<p><\/p>\n<p>Una tendencia emergente en este campo es la Green AI, una forma de inteligencia artificial que integra criterios sostenibles en sus sistemas. Esto significa que la IA no solo se utiliza para mejorar la eficiencia y la rentabilidad, sino tambi\u00e9n para promover la sostenibilidad y el respeto por el medio ambiente.<\/p>\n<h2>Soluciones Innovadoras en Acci\u00f3n<\/h2>\n<p><\/p>\n<p>Minsait ya ha demostrado c\u00f3mo la tecnolog\u00eda puede contribuir a la sostenibilidad y el impacto positivo. Por ejemplo, ha desarrollado una tecnolog\u00eda para la protecci\u00f3n de la avifauna, que reduce la mortalidad de las aves en los parques e\u00f3licos. Tambi\u00e9n ha creado una soluci\u00f3n para detectar r\u00e1pidamente incendios cerca de las l\u00edneas el\u00e9ctricas, lo que permite una respuesta m\u00e1s r\u00e1pida y minimiza el impacto en el medio ambiente y en los activos de la empresa.<\/p>\n<h4>El Festival de Innovaci\u00f3n en Impacto Positivo<\/h4>\n<p><\/p>\n<p>El Festival de Innovaci\u00f3n en Impacto Positivo, organizado por The Overview Effect, es un evento que re\u00fane a empresas, expertos y l\u00edderes de opini\u00f3n para compartir ideas y soluciones sobre c\u00f3mo las empresas pueden convertirse en agentes de cambio positivo. El festival se centra en cuatro sectores que representan la mayor\u00eda de los desaf\u00edos sociales y ambientales: el sistema alimentario, el sector textil, las finanzas y el sistema energ\u00e9tico.<\/p>\n<p>El Festival no solo ofrece charlas inspiradoras, sino que tambi\u00e9n proporciona un espacio para la creaci\u00f3n de soluciones sist\u00e9micas, impulsadas por el conocimiento y la colaboraci\u00f3n entre l\u00edderes de cada sector. Adem\u00e1s, presenta talleres pr\u00e1cticos centrados en proporcionar soluciones para los sectores alimentario y energ\u00e9tico, as\u00ed como instalaciones y experiencias que destacan el equilibrio entre la biodiversidad y el sector privado.<\/p>\n","protected":false},"excerpt":{"rendered":"<p>El Futuro de las Empresas: De Responsables a Impactantes Las empresas no solo pueden ser responsables, sino que tambi\u00e9n pueden ser de impacto. Al menos eso es lo que sostiene el CEO de la empresa The Overview Effect, respaldada por Minsait (grupo Indra). El a\u00f1o 2025 marcar\u00e1 un punto de inflexi\u00f3n en la forma en [&hellip;]<\/p>\n","protected":false},"author":2,"featured_media":538,"comment_status":"open","ping_status":"open","sticky":false,"template":"","format":"standard","meta":{"footnotes":""},"categories":[1],"tags":[],"class_list":["post-537","post","type-post","status-publish","format-standard","has-post-thumbnail","hentry","category-sin-categoria"],"yoast_head":"<!-- This site is optimized with the Yoast SEO plugin v23.6 - https:\/\/yoast.com\/wordpress\/plugins\/seo\/ -->\n<title>&quot;2025, el a\u00f1o para transformar c\u00f3mo el sector privado genera valor&quot;, afirma Nacho Rivera de The Overview Effect. - Bolsarama - Informaci\u00f3n econ\u00f3mica actualizada - Bolsarama.es<\/title>\n<meta name=\"robots\" content=\"index, follow, max-snippet:-1, max-image-preview:large, max-video-preview:-1\" \/>\n<link rel=\"canonical\" href=\"https:\/\/www.bolsarama.es\/bolsa\/2025-el-ano-para-transformar-como-el-sector-privado-genera-valor-afirma-nacho-rivera-de-the-overview-effect\/\" \/>\n<meta property=\"og:locale\" content=\"es_ES\" \/>\n<meta property=\"og:type\" content=\"article\" \/>\n<meta property=\"og:title\" content=\"&quot;2025, el a\u00f1o para transformar c\u00f3mo el sector privado genera valor&quot;, afirma Nacho Rivera de The Overview Effect. - Bolsarama - Informaci\u00f3n econ\u00f3mica actualizada - Bolsarama.es\" \/>\n<meta property=\"og:description\" content=\"El Futuro de las Empresas: De Responsables a Impactantes Las empresas no solo pueden ser responsables, sino que tambi\u00e9n pueden ser de impacto. Al menos eso es lo que sostiene el CEO de la empresa The Overview Effect, respaldada por Minsait (grupo Indra). El a\u00f1o 2025 marcar\u00e1 un punto de inflexi\u00f3n en la forma en [&hellip;]\" \/>\n<meta property=\"og:url\" content=\"https:\/\/www.bolsarama.es\/bolsa\/2025-el-ano-para-transformar-como-el-sector-privado-genera-valor-afirma-nacho-rivera-de-the-overview-effect\/\" \/>\n<meta property=\"og:site_name\" content=\"Bolsarama - Informaci\u00f3n econ\u00f3mica actualizada - Bolsarama.es\" \/>\n<meta property=\"article:publisher\" content=\"https:\/\/www.facebook.com\/bolsarama.es\" \/>\n<meta property=\"article:published_time\" content=\"2024-11-21T13:26:06+00:00\" \/>\n<meta property=\"og:image\" content=\"https:\/\/www.bolsarama.es\/bolsa\/wp-content\/uploads\/2024\/11\/2025-el-ano-para-transformar-como-el-sector-privado-genera.jpg\" \/>\n\t<meta property=\"og:image:width\" content=\"800\" \/>\n\t<meta property=\"og:image:height\" content=\"532\" \/>\n\t<meta property=\"og:image:type\" content=\"image\/jpeg\" \/>\n<meta name=\"author\" content=\"Paula\" \/>\n<meta name=\"twitter:card\" content=\"summary_large_image\" \/>\n<meta name=\"twitter:creator\" content=\"@Bolsarama_es\" \/>\n<meta name=\"twitter:site\" content=\"@Bolsarama_es\" \/>\n<meta name=\"twitter:label1\" content=\"Escrito por\" \/>\n\t<meta name=\"twitter:data1\" content=\"Paula\" \/>\n\t<meta name=\"twitter:label2\" content=\"Tiempo de lectura\" \/>\n\t<meta name=\"twitter:data2\" content=\"3 minutos\" \/>\n<script type=\"application\/ld+json\" class=\"yoast-schema-graph\">{\"@context\":\"https:\/\/schema.org\",\"@graph\":[{\"@type\":\"Article\",\"@id\":\"https:\/\/www.bolsarama.es\/bolsa\/2025-el-ano-para-transformar-como-el-sector-privado-genera-valor-afirma-nacho-rivera-de-the-overview-effect\/#article\",\"isPartOf\":{\"@id\":\"https:\/\/www.bolsarama.es\/bolsa\/2025-el-ano-para-transformar-como-el-sector-privado-genera-valor-afirma-nacho-rivera-de-the-overview-effect\/\"},\"author\":{\"name\":\"Paula\",\"@id\":\"https:\/\/www.bolsarama.es\/bolsa\/#\/schema\/person\/a34ab5b5c7d41d99c10a5c3564af3e43\"},\"headline\":\"\u00ab2025, el a\u00f1o para transformar c\u00f3mo el sector privado genera valor\u00bb, afirma Nacho Rivera de The Overview Effect.\",\"datePublished\":\"2024-11-21T13:26:06+00:00\",\"dateModified\":\"2024-11-21T13:26:06+00:00\",\"mainEntityOfPage\":{\"@id\":\"https:\/\/www.bolsarama.es\/bolsa\/2025-el-ano-para-transformar-como-el-sector-privado-genera-valor-afirma-nacho-rivera-de-the-overview-effect\/\"},\"wordCount\":599,\"commentCount\":0,\"publisher\":{\"@id\":\"https:\/\/www.bolsarama.es\/bolsa\/#organization\"},\"image\":{\"@id\":\"https:\/\/www.bolsarama.es\/bolsa\/2025-el-ano-para-transformar-como-el-sector-privado-genera-valor-afirma-nacho-rivera-de-the-overview-effect\/#primaryimage\"},\"thumbnailUrl\":\"https:\/\/www.bolsarama.es\/bolsa\/wp-content\/uploads\/2024\/11\/2025-el-ano-para-transformar-como-el-sector-privado-genera.jpg\",\"inLanguage\":\"es\",\"potentialAction\":[{\"@type\":\"CommentAction\",\"name\":\"Comment\",\"target\":[\"https:\/\/www.bolsarama.es\/bolsa\/2025-el-ano-para-transformar-como-el-sector-privado-genera-valor-afirma-nacho-rivera-de-the-overview-effect\/#respond\"]}]},{\"@type\":\"WebPage\",\"@id\":\"https:\/\/www.bolsarama.es\/bolsa\/2025-el-ano-para-transformar-como-el-sector-privado-genera-valor-afirma-nacho-rivera-de-the-overview-effect\/\",\"url\":\"https:\/\/www.bolsarama.es\/bolsa\/2025-el-ano-para-transformar-como-el-sector-privado-genera-valor-afirma-nacho-rivera-de-the-overview-effect\/\",\"name\":\"\\\"2025, el a\u00f1o para transformar c\u00f3mo el sector privado genera valor\\\", afirma Nacho Rivera de The Overview Effect. - Bolsarama - Informaci\u00f3n econ\u00f3mica actualizada - Bolsarama.es\",\"isPartOf\":{\"@id\":\"https:\/\/www.bolsarama.es\/bolsa\/#website\"},\"primaryImageOfPage\":{\"@id\":\"https:\/\/www.bolsarama.es\/bolsa\/2025-el-ano-para-transformar-como-el-sector-privado-genera-valor-afirma-nacho-rivera-de-the-overview-effect\/#primaryimage\"},\"image\":{\"@id\":\"https:\/\/www.bolsarama.es\/bolsa\/2025-el-ano-para-transformar-como-el-sector-privado-genera-valor-afirma-nacho-rivera-de-the-overview-effect\/#primaryimage\"},\"thumbnailUrl\":\"https:\/\/www.bolsarama.es\/bolsa\/wp-content\/uploads\/2024\/11\/2025-el-ano-para-transformar-como-el-sector-privado-genera.jpg\",\"datePublished\":\"2024-11-21T13:26:06+00:00\",\"dateModified\":\"2024-11-21T13:26:06+00:00\",\"breadcrumb\":{\"@id\":\"https:\/\/www.bolsarama.es\/bolsa\/2025-el-ano-para-transformar-como-el-sector-privado-genera-valor-afirma-nacho-rivera-de-the-overview-effect\/#breadcrumb\"},\"inLanguage\":\"es\",\"potentialAction\":[{\"@type\":\"ReadAction\",\"target\":[\"https:\/\/www.bolsarama.es\/bolsa\/2025-el-ano-para-transformar-como-el-sector-privado-genera-valor-afirma-nacho-rivera-de-the-overview-effect\/\"]}]},{\"@type\":\"ImageObject\",\"inLanguage\":\"es\",\"@id\":\"https:\/\/www.bolsarama.es\/bolsa\/2025-el-ano-para-transformar-como-el-sector-privado-genera-valor-afirma-nacho-rivera-de-the-overview-effect\/#primaryimage\",\"url\":\"https:\/\/www.bolsarama.es\/bolsa\/wp-content\/uploads\/2024\/11\/2025-el-ano-para-transformar-como-el-sector-privado-genera.jpg\",\"contentUrl\":\"https:\/\/www.bolsarama.es\/bolsa\/wp-content\/uploads\/2024\/11\/2025-el-ano-para-transformar-como-el-sector-privado-genera.jpg\",\"width\":800,\"height\":532,\"caption\":\"Econom\u00eda.- Nacho Rivera (The Overview Effect): \\\"2025, el a\u00f1o para transformar c\u00f3mo el sector privado genera valor\\\"\"},{\"@type\":\"BreadcrumbList\",\"@id\":\"https:\/\/www.bolsarama.es\/bolsa\/2025-el-ano-para-transformar-como-el-sector-privado-genera-valor-afirma-nacho-rivera-de-the-overview-effect\/#breadcrumb\",\"itemListElement\":[{\"@type\":\"ListItem\",\"position\":1,\"name\":\"Bolsa\",\"item\":\"https:\/\/www.bolsarama.es\/bolsa\/\"},{\"@type\":\"ListItem\",\"position\":2,\"name\":\"\u00ab2025, el a\u00f1o para transformar c\u00f3mo el sector privado genera valor\u00bb, afirma Nacho Rivera de The Overview Effect.\"}]},{\"@type\":\"WebSite\",\"@id\":\"https:\/\/www.bolsarama.es\/bolsa\/#website\",\"url\":\"https:\/\/www.bolsarama.es\/bolsa\/\",\"name\":\"Bolsarama\",\"description\":\"\",\"publisher\":{\"@id\":\"https:\/\/www.bolsarama.es\/bolsa\/#organization\"},\"potentialAction\":[{\"@type\":\"SearchAction\",\"target\":{\"@type\":\"EntryPoint\",\"urlTemplate\":\"https:\/\/www.bolsarama.es\/bolsa\/?s={search_term_string}\"},\"query-input\":{\"@type\":\"PropertyValueSpecification\",\"valueRequired\":true,\"valueName\":\"search_term_string\"}}],\"inLanguage\":\"es\"},{\"@type\":\"Organization\",\"@id\":\"https:\/\/www.bolsarama.es\/bolsa\/#organization\",\"name\":\"Bolsarama\",\"url\":\"https:\/\/www.bolsarama.es\/bolsa\/\",\"logo\":{\"@type\":\"ImageObject\",\"inLanguage\":\"es\",\"@id\":\"https:\/\/www.bolsarama.es\/bolsa\/#\/schema\/logo\/image\/\",\"url\":\"https:\/\/www.bolsarama.es\/bolsa\/wp-content\/uploads\/2023\/10\/logo-bolsarama.png\",\"contentUrl\":\"https:\/\/www.bolsarama.es\/bolsa\/wp-content\/uploads\/2023\/10\/logo-bolsarama.png\",\"width\":300,\"height\":50,\"caption\":\"Bolsarama\"},\"image\":{\"@id\":\"https:\/\/www.bolsarama.es\/bolsa\/#\/schema\/logo\/image\/\"},\"sameAs\":[\"https:\/\/www.facebook.com\/bolsarama.es\",\"https:\/\/x.com\/Bolsarama_es\"]},{\"@type\":\"Person\",\"@id\":\"https:\/\/www.bolsarama.es\/bolsa\/#\/schema\/person\/a34ab5b5c7d41d99c10a5c3564af3e43\",\"name\":\"Paula\",\"image\":{\"@type\":\"ImageObject\",\"inLanguage\":\"es\",\"@id\":\"https:\/\/www.bolsarama.es\/bolsa\/#\/schema\/person\/image\/\",\"url\":\"https:\/\/www.bolsarama.es\/bolsa\/wp-content\/litespeed\/avatar\/d6404594800e2b580b751c6bb2eb5f4f.jpg?ver=1777428602\",\"contentUrl\":\"https:\/\/www.bolsarama.es\/bolsa\/wp-content\/litespeed\/avatar\/d6404594800e2b580b751c6bb2eb5f4f.jpg?ver=1777428602\",\"caption\":\"Paula\"},\"url\":\"https:\/\/www.bolsarama.es\/bolsa\/author\/paula\/\"}]}<\/script>\n<!-- \/ Yoast SEO plugin. -->","yoast_head_json":{"title":"\"2025, el a\u00f1o para transformar c\u00f3mo el sector privado genera valor\", afirma Nacho Rivera de The Overview Effect. - Bolsarama - Informaci\u00f3n econ\u00f3mica actualizada - Bolsarama.es","robots":{"index":"index","follow":"follow","max-snippet":"max-snippet:-1","max-image-preview":"max-image-preview:large","max-video-preview":"max-video-preview:-1"},"canonical":"https:\/\/www.bolsarama.es\/bolsa\/2025-el-ano-para-transformar-como-el-sector-privado-genera-valor-afirma-nacho-rivera-de-the-overview-effect\/","og_locale":"es_ES","og_type":"article","og_title":"\"2025, el a\u00f1o para transformar c\u00f3mo el sector privado genera valor\", afirma Nacho Rivera de The Overview Effect. - Bolsarama - Informaci\u00f3n econ\u00f3mica actualizada - Bolsarama.es","og_description":"El Futuro de las Empresas: De Responsables a Impactantes Las empresas no solo pueden ser responsables, sino que tambi\u00e9n pueden ser de impacto. Al menos eso es lo que sostiene el CEO de la empresa The Overview Effect, respaldada por Minsait (grupo Indra). El a\u00f1o 2025 marcar\u00e1 un punto de inflexi\u00f3n en la forma en [&hellip;]","og_url":"https:\/\/www.bolsarama.es\/bolsa\/2025-el-ano-para-transformar-como-el-sector-privado-genera-valor-afirma-nacho-rivera-de-the-overview-effect\/","og_site_name":"Bolsarama - Informaci\u00f3n econ\u00f3mica actualizada - Bolsarama.es","article_publisher":"https:\/\/www.facebook.com\/bolsarama.es","article_published_time":"2024-11-21T13:26:06+00:00","og_image":[{"width":800,"height":532,"url":"https:\/\/www.bolsarama.es\/bolsa\/wp-content\/uploads\/2024\/11\/2025-el-ano-para-transformar-como-el-sector-privado-genera.jpg","type":"image\/jpeg"}],"author":"Paula","twitter_card":"summary_large_image","twitter_creator":"@Bolsarama_es","twitter_site":"@Bolsarama_es","twitter_misc":{"Escrito por":"Paula","Tiempo de lectura":"3 minutos"},"schema":{"@context":"https:\/\/schema.org","@graph":[{"@type":"Article","@id":"https:\/\/www.bolsarama.es\/bolsa\/2025-el-ano-para-transformar-como-el-sector-privado-genera-valor-afirma-nacho-rivera-de-the-overview-effect\/#article","isPartOf":{"@id":"https:\/\/www.bolsarama.es\/bolsa\/2025-el-ano-para-transformar-como-el-sector-privado-genera-valor-afirma-nacho-rivera-de-the-overview-effect\/"},"author":{"name":"Paula","@id":"https:\/\/www.bolsarama.es\/bolsa\/#\/schema\/person\/a34ab5b5c7d41d99c10a5c3564af3e43"},"headline":"\u00ab2025, el a\u00f1o para transformar c\u00f3mo el sector privado genera valor\u00bb, afirma Nacho Rivera de The Overview Effect.","datePublished":"2024-11-21T13:26:06+00:00","dateModified":"2024-11-21T13:26:06+00:00","mainEntityOfPage":{"@id":"https:\/\/www.bolsarama.es\/bolsa\/2025-el-ano-para-transformar-como-el-sector-privado-genera-valor-afirma-nacho-rivera-de-the-overview-effect\/"},"wordCount":599,"commentCount":0,"publisher":{"@id":"https:\/\/www.bolsarama.es\/bolsa\/#organization"},"image":{"@id":"https:\/\/www.bolsarama.es\/bolsa\/2025-el-ano-para-transformar-como-el-sector-privado-genera-valor-afirma-nacho-rivera-de-the-overview-effect\/#primaryimage"},"thumbnailUrl":"https:\/\/www.bolsarama.es\/bolsa\/wp-content\/uploads\/2024\/11\/2025-el-ano-para-transformar-como-el-sector-privado-genera.jpg","inLanguage":"es","potentialAction":[{"@type":"CommentAction","name":"Comment","target":["https:\/\/www.bolsarama.es\/bolsa\/2025-el-ano-para-transformar-como-el-sector-privado-genera-valor-afirma-nacho-rivera-de-the-overview-effect\/#respond"]}]},{"@type":"WebPage","@id":"https:\/\/www.bolsarama.es\/bolsa\/2025-el-ano-para-transformar-como-el-sector-privado-genera-valor-afirma-nacho-rivera-de-the-overview-effect\/","url":"https:\/\/www.bolsarama.es\/bolsa\/2025-el-ano-para-transformar-como-el-sector-privado-genera-valor-afirma-nacho-rivera-de-the-overview-effect\/","name":"\"2025, el a\u00f1o para transformar c\u00f3mo el sector privado genera valor\", afirma Nacho Rivera de The Overview Effect. - Bolsarama - Informaci\u00f3n econ\u00f3mica actualizada - Bolsarama.es","isPartOf":{"@id":"https:\/\/www.bolsarama.es\/bolsa\/#website"},"primaryImageOfPage":{"@id":"https:\/\/www.bolsarama.es\/bolsa\/2025-el-ano-para-transformar-como-el-sector-privado-genera-valor-afirma-nacho-rivera-de-the-overview-effect\/#primaryimage"},"image":{"@id":"https:\/\/www.bolsarama.es\/bolsa\/2025-el-ano-para-transformar-como-el-sector-privado-genera-valor-afirma-nacho-rivera-de-the-overview-effect\/#primaryimage"},"thumbnailUrl":"https:\/\/www.bolsarama.es\/bolsa\/wp-content\/uploads\/2024\/11\/2025-el-ano-para-transformar-como-el-sector-privado-genera.jpg","datePublished":"2024-11-21T13:26:06+00:00","dateModified":"2024-11-21T13:26:06+00:00","breadcrumb":{"@id":"https:\/\/www.bolsarama.es\/bolsa\/2025-el-ano-para-transformar-como-el-sector-privado-genera-valor-afirma-nacho-rivera-de-the-overview-effect\/#breadcrumb"},"inLanguage":"es","potentialAction":[{"@type":"ReadAction","target":["https:\/\/www.bolsarama.es\/bolsa\/2025-el-ano-para-transformar-como-el-sector-privado-genera-valor-afirma-nacho-rivera-de-the-overview-effect\/"]}]},{"@type":"ImageObject","inLanguage":"es","@id":"https:\/\/www.bolsarama.es\/bolsa\/2025-el-ano-para-transformar-como-el-sector-privado-genera-valor-afirma-nacho-rivera-de-the-overview-effect\/#primaryimage","url":"https:\/\/www.bolsarama.es\/bolsa\/wp-content\/uploads\/2024\/11\/2025-el-ano-para-transformar-como-el-sector-privado-genera.jpg","contentUrl":"https:\/\/www.bolsarama.es\/bolsa\/wp-content\/uploads\/2024\/11\/2025-el-ano-para-transformar-como-el-sector-privado-genera.jpg","width":800,"height":532,"caption":"Econom\u00eda.- Nacho Rivera (The Overview Effect): \"2025, el a\u00f1o para transformar c\u00f3mo el sector privado genera valor\""},{"@type":"BreadcrumbList","@id":"https:\/\/www.bolsarama.es\/bolsa\/2025-el-ano-para-transformar-como-el-sector-privado-genera-valor-afirma-nacho-rivera-de-the-overview-effect\/#breadcrumb","itemListElement":[{"@type":"ListItem","position":1,"name":"Bolsa","item":"https:\/\/www.bolsarama.es\/bolsa\/"},{"@type":"ListItem","position":2,"name":"\u00ab2025, el a\u00f1o para transformar c\u00f3mo el sector privado genera valor\u00bb, afirma Nacho Rivera de The Overview Effect."}]},{"@type":"WebSite","@id":"https:\/\/www.bolsarama.es\/bolsa\/#website","url":"https:\/\/www.bolsarama.es\/bolsa\/","name":"Bolsarama","description":"","publisher":{"@id":"https:\/\/www.bolsarama.es\/bolsa\/#organization"},"potentialAction":[{"@type":"SearchAction","target":{"@type":"EntryPoint","urlTemplate":"https:\/\/www.bolsarama.es\/bolsa\/?s={search_term_string}"},"query-input":{"@type":"PropertyValueSpecification","valueRequired":true,"valueName":"search_term_string"}}],"inLanguage":"es"},{"@type":"Organization","@id":"https:\/\/www.bolsarama.es\/bolsa\/#organization","name":"Bolsarama","url":"https:\/\/www.bolsarama.es\/bolsa\/","logo":{"@type":"ImageObject","inLanguage":"es","@id":"https:\/\/www.bolsarama.es\/bolsa\/#\/schema\/logo\/image\/","url":"https:\/\/www.bolsarama.es\/bolsa\/wp-content\/uploads\/2023\/10\/logo-bolsarama.png","contentUrl":"https:\/\/www.bolsarama.es\/bolsa\/wp-content\/uploads\/2023\/10\/logo-bolsarama.png","width":300,"height":50,"caption":"Bolsarama"},"image":{"@id":"https:\/\/www.bolsarama.es\/bolsa\/#\/schema\/logo\/image\/"},"sameAs":["https:\/\/www.facebook.com\/bolsarama.es","https:\/\/x.com\/Bolsarama_es"]},{"@type":"Person","@id":"https:\/\/www.bolsarama.es\/bolsa\/#\/schema\/person\/a34ab5b5c7d41d99c10a5c3564af3e43","name":"Paula","image":{"@type":"ImageObject","inLanguage":"es","@id":"https:\/\/www.bolsarama.es\/bolsa\/#\/schema\/person\/image\/","url":"https:\/\/www.bolsarama.es\/bolsa\/wp-content\/litespeed\/avatar\/d6404594800e2b580b751c6bb2eb5f4f.jpg?ver=1777428602","contentUrl":"https:\/\/www.bolsarama.es\/bolsa\/wp-content\/litespeed\/avatar\/d6404594800e2b580b751c6bb2eb5f4f.jpg?ver=1777428602","caption":"Paula"},"url":"https:\/\/www.bolsarama.es\/bolsa\/author\/paula\/"}]}},"_links":{"self":[{"href":"https:\/\/www.bolsarama.es\/bolsa\/wp-json\/wp\/v2\/posts\/537","targetHints":{"allow":["GET"]}}],"collection":[{"href":"https:\/\/www.bolsarama.es\/bolsa\/wp-json\/wp\/v2\/posts"}],"about":[{"href":"https:\/\/www.bolsarama.es\/bolsa\/wp-json\/wp\/v2\/types\/post"}],"author":[{"embeddable":true,"href":"https:\/\/www.bolsarama.es\/bolsa\/wp-json\/wp\/v2\/users\/2"}],"replies":[{"embeddable":true,"href":"https:\/\/www.bolsarama.es\/bolsa\/wp-json\/wp\/v2\/comments?post=537"}],"version-history":[{"count":1,"href":"https:\/\/www.bolsarama.es\/bolsa\/wp-json\/wp\/v2\/posts\/537\/revisions"}],"predecessor-version":[{"id":539,"href":"https:\/\/www.bolsarama.es\/bolsa\/wp-json\/wp\/v2\/posts\/537\/revisions\/539"}],"wp:featuredmedia":[{"embeddable":true,"href":"https:\/\/www.bolsarama.es\/bolsa\/wp-json\/wp\/v2\/media\/538"}],"wp:attachment":[{"href":"https:\/\/www.bolsarama.es\/bolsa\/wp-json\/wp\/v2\/media?parent=537"}],"wp:term":[{"taxonomy":"category","embeddable":true,"href":"https:\/\/www.bolsarama.es\/bolsa\/wp-json\/wp\/v2\/categories?post=537"},{"taxonomy":"post_tag","embeddable":true,"href":"https:\/\/www.bolsarama.es\/bolsa\/wp-json\/wp\/v2\/tags?post=537"}],"curies":[{"name":"wp","href":"https:\/\/api.w.org\/{rel}","templated":true}]}}