{"id":548,"date":"2024-11-21T18:46:01","date_gmt":"2024-11-21T17:46:01","guid":{"rendered":"https:\/\/www.bolsarama.es\/bolsa\/?p=548"},"modified":"2024-11-21T18:46:01","modified_gmt":"2024-11-21T17:46:01","slug":"el-ministerio-de-trabajo-ha-concluido-las-negociaciones-para-reducir-la-jornada-laboral-con-la-confederacion-espanola-de-organizaciones-empresariales-ceoe-y-buscara-llegar-a-un-acuerdo-unicamente-co","status":"publish","type":"post","link":"https:\/\/www.bolsarama.es\/bolsa\/el-ministerio-de-trabajo-ha-concluido-las-negociaciones-para-reducir-la-jornada-laboral-con-la-confederacion-espanola-de-organizaciones-empresariales-ceoe-y-buscara-llegar-a-un-acuerdo-unicamente-co\/","title":{"rendered":"El Ministerio de Trabajo ha concluido las negociaciones para reducir la jornada laboral con la Confederaci\u00f3n Espa\u00f1ola de Organizaciones Empresariales (CEOE) y buscar\u00e1 llegar a un acuerdo \u00fanicamente con los sindicatos."},"content":{"rendered":"<h2>\u00bfPor qu\u00e9 se pone fin a la negociaci\u00f3n con CEOE?<\/h2>\n<p>\nEl Ministerio de Trabajo y Econom\u00eda Social en Espa\u00f1a ha decidido concluir el di\u00e1logo con la Confederaci\u00f3n Espa\u00f1ola de Organizaciones Empresariales (CEOE) respecto a la reducci\u00f3n de la jornada laboral a 37,5 horas semanales para 2025. Esta decisi\u00f3n se toma despu\u00e9s de la posici\u00f3n negativa de la CEOE en la \u00faltima reuni\u00f3n de di\u00e1logo. La patronal ha insistido en que el recorte de jornada se realice a trav\u00e9s de la negociaci\u00f3n colectiva y no por ley.<\/p>\n<h3>\u00bfCu\u00e1l es la reacci\u00f3n del Ministerio ante la negativa de la CEOE?<\/h3>\n<p>\nEl secretario de Estado de Trabajo, Joaqu\u00edn P\u00e9rez Rey, ha expresado su descontento ante la postura de la patronal. Seg\u00fan sus palabras, tras 11 intensos meses de negociaciones, la CEOE ha decidido rechazar la propuesta sin presentar ninguna contrapropuesta. P\u00e9rez Rey calific\u00f3 la actitud de la CEOE como una \u00abtomadura de pelo\u00bb.<\/p>\n<h4>\u00bfC\u00f3mo afecta esto a los trabajadores?<\/h4>\n<p>\nSeg\u00fan P\u00e9rez Rey, la patronal ha priorizado \u00abotros\u00bb intereses en lugar de la \u00abdefensa\u00bb de los intereses empresariales. Esto plantea preguntas sobre el futuro de 12 millones de trabajadores que podr\u00edan beneficiarse de la reducci\u00f3n de la jornada laboral, la cual no ha sido modificada en 40 a\u00f1os.<\/p>\n<h2>\u00bfCu\u00e1l es el siguiente paso para el Ministerio de Trabajo?<\/h2>\n<p>\nDespu\u00e9s de la negativa de la CEOE, el Ministerio de Trabajo buscar\u00e1 un acuerdo solo con los sindicatos CCOO y UGT. Esto puede implicar la eliminaci\u00f3n de algunas medidas propuestas para atraer a la CEOE al acuerdo, como las ayudas o los apoyos a las empresas.<\/p>\n<h3>\u00bfC\u00f3mo afectar\u00e1 esto a la legislaci\u00f3n laboral?<\/h3>\n<p>\nEl Ministerio de Trabajo est\u00e1 decidido a seguir adelante con el proceso de reducci\u00f3n de la jornada laboral. Se espera que se inicie el tr\u00e1mite de consulta p\u00fablica del anteproyecto de reducci\u00f3n de jornada lo m\u00e1s pronto posible, con la intenci\u00f3n de obtener la aprobaci\u00f3n definitiva de las Cortes Generales.<\/p>\n<h4>Conclusi\u00f3n<\/h4>\n<p>\nEl camino hacia la reducci\u00f3n de la jornada laboral en Espa\u00f1a ha sido complicado y lleno de obst\u00e1culos. Sin embargo, el Ministerio de Trabajo sigue decidido a llevar a cabo esta medida, aunque sea sin el apoyo de la CEOE. Los trabajadores y sindicatos esperan con ansias la aprobaci\u00f3n del anteproyecto de ley y la implementaci\u00f3n de una jornada laboral m\u00e1s corta en el futuro cercano. La decisi\u00f3n final est\u00e1 ahora en manos de las Cortes Generales. \u00bfSer\u00e1 posible la implementaci\u00f3n de una jornada laboral m\u00e1s corta en Espa\u00f1a? Solo el tiempo lo dir\u00e1.<\/p>\n","protected":false},"excerpt":{"rendered":"<p>\u00bfPor qu\u00e9 se pone fin a la negociaci\u00f3n con CEOE? El Ministerio de Trabajo y Econom\u00eda Social en Espa\u00f1a ha decidido concluir el di\u00e1logo con la Confederaci\u00f3n Espa\u00f1ola de Organizaciones Empresariales (CEOE) respecto a la reducci\u00f3n de la jornada laboral a 37,5 horas semanales para 2025. Esta decisi\u00f3n se toma despu\u00e9s de la posici\u00f3n negativa [&hellip;]<\/p>\n","protected":false},"author":2,"featured_media":549,"comment_status":"open","ping_status":"open","sticky":false,"template":"","format":"standard","meta":{"footnotes":""},"categories":[1],"tags":[],"class_list":["post-548","post","type-post","status-publish","format-standard","has-post-thumbnail","hentry","category-sin-categoria"],"yoast_head":"<!-- This site is optimized with the Yoast SEO plugin v23.6 - https:\/\/yoast.com\/wordpress\/plugins\/seo\/ -->\n<title>El Ministerio de Trabajo ha concluido las negociaciones para reducir la jornada laboral con la Confederaci\u00f3n Espa\u00f1ola de Organizaciones Empresariales (CEOE) y buscar\u00e1 llegar a un acuerdo \u00fanicamente con los sindicatos. - Bolsarama - Informaci\u00f3n econ\u00f3mica actualizada - Bolsarama.es<\/title>\n<meta name=\"robots\" content=\"index, follow, max-snippet:-1, max-image-preview:large, max-video-preview:-1\" \/>\n<link rel=\"canonical\" href=\"https:\/\/www.bolsarama.es\/bolsa\/el-ministerio-de-trabajo-ha-concluido-las-negociaciones-para-reducir-la-jornada-laboral-con-la-confederacion-espanola-de-organizaciones-empresariales-ceoe-y-buscara-llegar-a-un-acuerdo-unicamente-co\/\" \/>\n<meta property=\"og:locale\" content=\"es_ES\" \/>\n<meta property=\"og:type\" content=\"article\" \/>\n<meta property=\"og:title\" content=\"El Ministerio de Trabajo ha concluido las negociaciones para reducir la jornada laboral con la Confederaci\u00f3n Espa\u00f1ola de Organizaciones Empresariales (CEOE) y buscar\u00e1 llegar a un acuerdo \u00fanicamente con los sindicatos. - Bolsarama - Informaci\u00f3n econ\u00f3mica actualizada - Bolsarama.es\" \/>\n<meta property=\"og:description\" content=\"\u00bfPor qu\u00e9 se pone fin a la negociaci\u00f3n con CEOE? El Ministerio de Trabajo y Econom\u00eda Social en Espa\u00f1a ha decidido concluir el di\u00e1logo con la Confederaci\u00f3n Espa\u00f1ola de Organizaciones Empresariales (CEOE) respecto a la reducci\u00f3n de la jornada laboral a 37,5 horas semanales para 2025. Esta decisi\u00f3n se toma despu\u00e9s de la posici\u00f3n negativa [&hellip;]\" \/>\n<meta property=\"og:url\" content=\"https:\/\/www.bolsarama.es\/bolsa\/el-ministerio-de-trabajo-ha-concluido-las-negociaciones-para-reducir-la-jornada-laboral-con-la-confederacion-espanola-de-organizaciones-empresariales-ceoe-y-buscara-llegar-a-un-acuerdo-unicamente-co\/\" \/>\n<meta property=\"og:site_name\" content=\"Bolsarama - Informaci\u00f3n econ\u00f3mica actualizada - Bolsarama.es\" \/>\n<meta property=\"article:publisher\" content=\"https:\/\/www.facebook.com\/bolsarama.es\" \/>\n<meta property=\"article:published_time\" content=\"2024-11-21T17:46:01+00:00\" \/>\n<meta property=\"og:image\" content=\"https:\/\/www.bolsarama.es\/bolsa\/wp-content\/uploads\/2024\/11\/El-Ministerio-de-Trabajo-ha-concluido-las-negociaciones-para-reducir.jpg\" \/>\n\t<meta property=\"og:image:width\" content=\"800\" \/>\n\t<meta property=\"og:image:height\" content=\"534\" \/>\n\t<meta property=\"og:image:type\" content=\"image\/jpeg\" \/>\n<meta name=\"author\" content=\"Paula\" \/>\n<meta name=\"twitter:card\" content=\"summary_large_image\" \/>\n<meta name=\"twitter:creator\" content=\"@Bolsarama_es\" \/>\n<meta name=\"twitter:site\" content=\"@Bolsarama_es\" \/>\n<meta name=\"twitter:label1\" content=\"Escrito por\" \/>\n\t<meta name=\"twitter:data1\" content=\"Paula\" \/>\n\t<meta name=\"twitter:label2\" content=\"Tiempo de lectura\" \/>\n\t<meta name=\"twitter:data2\" content=\"2 minutos\" \/>\n<script type=\"application\/ld+json\" class=\"yoast-schema-graph\">{\"@context\":\"https:\/\/schema.org\",\"@graph\":[{\"@type\":\"Article\",\"@id\":\"https:\/\/www.bolsarama.es\/bolsa\/el-ministerio-de-trabajo-ha-concluido-las-negociaciones-para-reducir-la-jornada-laboral-con-la-confederacion-espanola-de-organizaciones-empresariales-ceoe-y-buscara-llegar-a-un-acuerdo-unicamente-co\/#article\",\"isPartOf\":{\"@id\":\"https:\/\/www.bolsarama.es\/bolsa\/el-ministerio-de-trabajo-ha-concluido-las-negociaciones-para-reducir-la-jornada-laboral-con-la-confederacion-espanola-de-organizaciones-empresariales-ceoe-y-buscara-llegar-a-un-acuerdo-unicamente-co\/\"},\"author\":{\"name\":\"Paula\",\"@id\":\"https:\/\/www.bolsarama.es\/bolsa\/#\/schema\/person\/a34ab5b5c7d41d99c10a5c3564af3e43\"},\"headline\":\"El Ministerio de Trabajo ha concluido las negociaciones para reducir la jornada laboral con la Confederaci\u00f3n Espa\u00f1ola de Organizaciones Empresariales (CEOE) y buscar\u00e1 llegar a un acuerdo \u00fanicamente con los sindicatos.\",\"datePublished\":\"2024-11-21T17:46:01+00:00\",\"dateModified\":\"2024-11-21T17:46:01+00:00\",\"mainEntityOfPage\":{\"@id\":\"https:\/\/www.bolsarama.es\/bolsa\/el-ministerio-de-trabajo-ha-concluido-las-negociaciones-para-reducir-la-jornada-laboral-con-la-confederacion-espanola-de-organizaciones-empresariales-ceoe-y-buscara-llegar-a-un-acuerdo-unicamente-co\/\"},\"wordCount\":489,\"commentCount\":0,\"publisher\":{\"@id\":\"https:\/\/www.bolsarama.es\/bolsa\/#organization\"},\"image\":{\"@id\":\"https:\/\/www.bolsarama.es\/bolsa\/el-ministerio-de-trabajo-ha-concluido-las-negociaciones-para-reducir-la-jornada-laboral-con-la-confederacion-espanola-de-organizaciones-empresariales-ceoe-y-buscara-llegar-a-un-acuerdo-unicamente-co\/#primaryimage\"},\"thumbnailUrl\":\"https:\/\/www.bolsarama.es\/bolsa\/wp-content\/uploads\/2024\/11\/El-Ministerio-de-Trabajo-ha-concluido-las-negociaciones-para-reducir.jpg\",\"inLanguage\":\"es\",\"potentialAction\":[{\"@type\":\"CommentAction\",\"name\":\"Comment\",\"target\":[\"https:\/\/www.bolsarama.es\/bolsa\/el-ministerio-de-trabajo-ha-concluido-las-negociaciones-para-reducir-la-jornada-laboral-con-la-confederacion-espanola-de-organizaciones-empresariales-ceoe-y-buscara-llegar-a-un-acuerdo-unicamente-co\/#respond\"]}]},{\"@type\":\"WebPage\",\"@id\":\"https:\/\/www.bolsarama.es\/bolsa\/el-ministerio-de-trabajo-ha-concluido-las-negociaciones-para-reducir-la-jornada-laboral-con-la-confederacion-espanola-de-organizaciones-empresariales-ceoe-y-buscara-llegar-a-un-acuerdo-unicamente-co\/\",\"url\":\"https:\/\/www.bolsarama.es\/bolsa\/el-ministerio-de-trabajo-ha-concluido-las-negociaciones-para-reducir-la-jornada-laboral-con-la-confederacion-espanola-de-organizaciones-empresariales-ceoe-y-buscara-llegar-a-un-acuerdo-unicamente-co\/\",\"name\":\"El Ministerio de Trabajo ha concluido las negociaciones para reducir la jornada laboral con la Confederaci\u00f3n Espa\u00f1ola de Organizaciones Empresariales (CEOE) y buscar\u00e1 llegar a un acuerdo \u00fanicamente con los sindicatos. - Bolsarama - Informaci\u00f3n econ\u00f3mica actualizada - Bolsarama.es\",\"isPartOf\":{\"@id\":\"https:\/\/www.bolsarama.es\/bolsa\/#website\"},\"primaryImageOfPage\":{\"@id\":\"https:\/\/www.bolsarama.es\/bolsa\/el-ministerio-de-trabajo-ha-concluido-las-negociaciones-para-reducir-la-jornada-laboral-con-la-confederacion-espanola-de-organizaciones-empresariales-ceoe-y-buscara-llegar-a-un-acuerdo-unicamente-co\/#primaryimage\"},\"image\":{\"@id\":\"https:\/\/www.bolsarama.es\/bolsa\/el-ministerio-de-trabajo-ha-concluido-las-negociaciones-para-reducir-la-jornada-laboral-con-la-confederacion-espanola-de-organizaciones-empresariales-ceoe-y-buscara-llegar-a-un-acuerdo-unicamente-co\/#primaryimage\"},\"thumbnailUrl\":\"https:\/\/www.bolsarama.es\/bolsa\/wp-content\/uploads\/2024\/11\/El-Ministerio-de-Trabajo-ha-concluido-las-negociaciones-para-reducir.jpg\",\"datePublished\":\"2024-11-21T17:46:01+00:00\",\"dateModified\":\"2024-11-21T17:46:01+00:00\",\"breadcrumb\":{\"@id\":\"https:\/\/www.bolsarama.es\/bolsa\/el-ministerio-de-trabajo-ha-concluido-las-negociaciones-para-reducir-la-jornada-laboral-con-la-confederacion-espanola-de-organizaciones-empresariales-ceoe-y-buscara-llegar-a-un-acuerdo-unicamente-co\/#breadcrumb\"},\"inLanguage\":\"es\",\"potentialAction\":[{\"@type\":\"ReadAction\",\"target\":[\"https:\/\/www.bolsarama.es\/bolsa\/el-ministerio-de-trabajo-ha-concluido-las-negociaciones-para-reducir-la-jornada-laboral-con-la-confederacion-espanola-de-organizaciones-empresariales-ceoe-y-buscara-llegar-a-un-acuerdo-unicamente-co\/\"]}]},{\"@type\":\"ImageObject\",\"inLanguage\":\"es\",\"@id\":\"https:\/\/www.bolsarama.es\/bolsa\/el-ministerio-de-trabajo-ha-concluido-las-negociaciones-para-reducir-la-jornada-laboral-con-la-confederacion-espanola-de-organizaciones-empresariales-ceoe-y-buscara-llegar-a-un-acuerdo-unicamente-co\/#primaryimage\",\"url\":\"https:\/\/www.bolsarama.es\/bolsa\/wp-content\/uploads\/2024\/11\/El-Ministerio-de-Trabajo-ha-concluido-las-negociaciones-para-reducir.jpg\",\"contentUrl\":\"https:\/\/www.bolsarama.es\/bolsa\/wp-content\/uploads\/2024\/11\/El-Ministerio-de-Trabajo-ha-concluido-las-negociaciones-para-reducir.jpg\",\"width\":800,\"height\":534,\"caption\":\"Econom\u00eda.- Trabajo pone fin a la negociaci\u00f3n para reducir la jornada con CEOE y buscar\u00e1 el acuerdo solo con sindicatos\"},{\"@type\":\"BreadcrumbList\",\"@id\":\"https:\/\/www.bolsarama.es\/bolsa\/el-ministerio-de-trabajo-ha-concluido-las-negociaciones-para-reducir-la-jornada-laboral-con-la-confederacion-espanola-de-organizaciones-empresariales-ceoe-y-buscara-llegar-a-un-acuerdo-unicamente-co\/#breadcrumb\",\"itemListElement\":[{\"@type\":\"ListItem\",\"position\":1,\"name\":\"Bolsa\",\"item\":\"https:\/\/www.bolsarama.es\/bolsa\/\"},{\"@type\":\"ListItem\",\"position\":2,\"name\":\"El Ministerio de Trabajo ha concluido las negociaciones para reducir la jornada laboral con la Confederaci\u00f3n Espa\u00f1ola de Organizaciones Empresariales (CEOE) y buscar\u00e1 llegar a un acuerdo \u00fanicamente con los sindicatos.\"}]},{\"@type\":\"WebSite\",\"@id\":\"https:\/\/www.bolsarama.es\/bolsa\/#website\",\"url\":\"https:\/\/www.bolsarama.es\/bolsa\/\",\"name\":\"Bolsarama\",\"description\":\"\",\"publisher\":{\"@id\":\"https:\/\/www.bolsarama.es\/bolsa\/#organization\"},\"potentialAction\":[{\"@type\":\"SearchAction\",\"target\":{\"@type\":\"EntryPoint\",\"urlTemplate\":\"https:\/\/www.bolsarama.es\/bolsa\/?s={search_term_string}\"},\"query-input\":{\"@type\":\"PropertyValueSpecification\",\"valueRequired\":true,\"valueName\":\"search_term_string\"}}],\"inLanguage\":\"es\"},{\"@type\":\"Organization\",\"@id\":\"https:\/\/www.bolsarama.es\/bolsa\/#organization\",\"name\":\"Bolsarama\",\"url\":\"https:\/\/www.bolsarama.es\/bolsa\/\",\"logo\":{\"@type\":\"ImageObject\",\"inLanguage\":\"es\",\"@id\":\"https:\/\/www.bolsarama.es\/bolsa\/#\/schema\/logo\/image\/\",\"url\":\"https:\/\/www.bolsarama.es\/bolsa\/wp-content\/uploads\/2023\/10\/logo-bolsarama.png\",\"contentUrl\":\"https:\/\/www.bolsarama.es\/bolsa\/wp-content\/uploads\/2023\/10\/logo-bolsarama.png\",\"width\":300,\"height\":50,\"caption\":\"Bolsarama\"},\"image\":{\"@id\":\"https:\/\/www.bolsarama.es\/bolsa\/#\/schema\/logo\/image\/\"},\"sameAs\":[\"https:\/\/www.facebook.com\/bolsarama.es\",\"https:\/\/x.com\/Bolsarama_es\"]},{\"@type\":\"Person\",\"@id\":\"https:\/\/www.bolsarama.es\/bolsa\/#\/schema\/person\/a34ab5b5c7d41d99c10a5c3564af3e43\",\"name\":\"Paula\",\"image\":{\"@type\":\"ImageObject\",\"inLanguage\":\"es\",\"@id\":\"https:\/\/www.bolsarama.es\/bolsa\/#\/schema\/person\/image\/\",\"url\":\"https:\/\/www.bolsarama.es\/bolsa\/wp-content\/litespeed\/avatar\/d6404594800e2b580b751c6bb2eb5f4f.jpg?ver=1777428602\",\"contentUrl\":\"https:\/\/www.bolsarama.es\/bolsa\/wp-content\/litespeed\/avatar\/d6404594800e2b580b751c6bb2eb5f4f.jpg?ver=1777428602\",\"caption\":\"Paula\"},\"url\":\"https:\/\/www.bolsarama.es\/bolsa\/author\/paula\/\"}]}<\/script>\n<!-- \/ Yoast SEO plugin. -->","yoast_head_json":{"title":"El Ministerio de Trabajo ha concluido las negociaciones para reducir la jornada laboral con la Confederaci\u00f3n Espa\u00f1ola de Organizaciones Empresariales (CEOE) y buscar\u00e1 llegar a un acuerdo \u00fanicamente con los sindicatos. - Bolsarama - Informaci\u00f3n econ\u00f3mica actualizada - Bolsarama.es","robots":{"index":"index","follow":"follow","max-snippet":"max-snippet:-1","max-image-preview":"max-image-preview:large","max-video-preview":"max-video-preview:-1"},"canonical":"https:\/\/www.bolsarama.es\/bolsa\/el-ministerio-de-trabajo-ha-concluido-las-negociaciones-para-reducir-la-jornada-laboral-con-la-confederacion-espanola-de-organizaciones-empresariales-ceoe-y-buscara-llegar-a-un-acuerdo-unicamente-co\/","og_locale":"es_ES","og_type":"article","og_title":"El Ministerio de Trabajo ha concluido las negociaciones para reducir la jornada laboral con la Confederaci\u00f3n Espa\u00f1ola de Organizaciones Empresariales (CEOE) y buscar\u00e1 llegar a un acuerdo \u00fanicamente con los sindicatos. - Bolsarama - Informaci\u00f3n econ\u00f3mica actualizada - Bolsarama.es","og_description":"\u00bfPor qu\u00e9 se pone fin a la negociaci\u00f3n con CEOE? El Ministerio de Trabajo y Econom\u00eda Social en Espa\u00f1a ha decidido concluir el di\u00e1logo con la Confederaci\u00f3n Espa\u00f1ola de Organizaciones Empresariales (CEOE) respecto a la reducci\u00f3n de la jornada laboral a 37,5 horas semanales para 2025. Esta decisi\u00f3n se toma despu\u00e9s de la posici\u00f3n negativa [&hellip;]","og_url":"https:\/\/www.bolsarama.es\/bolsa\/el-ministerio-de-trabajo-ha-concluido-las-negociaciones-para-reducir-la-jornada-laboral-con-la-confederacion-espanola-de-organizaciones-empresariales-ceoe-y-buscara-llegar-a-un-acuerdo-unicamente-co\/","og_site_name":"Bolsarama - Informaci\u00f3n econ\u00f3mica actualizada - Bolsarama.es","article_publisher":"https:\/\/www.facebook.com\/bolsarama.es","article_published_time":"2024-11-21T17:46:01+00:00","og_image":[{"width":800,"height":534,"url":"https:\/\/www.bolsarama.es\/bolsa\/wp-content\/uploads\/2024\/11\/El-Ministerio-de-Trabajo-ha-concluido-las-negociaciones-para-reducir.jpg","type":"image\/jpeg"}],"author":"Paula","twitter_card":"summary_large_image","twitter_creator":"@Bolsarama_es","twitter_site":"@Bolsarama_es","twitter_misc":{"Escrito por":"Paula","Tiempo de lectura":"2 minutos"},"schema":{"@context":"https:\/\/schema.org","@graph":[{"@type":"Article","@id":"https:\/\/www.bolsarama.es\/bolsa\/el-ministerio-de-trabajo-ha-concluido-las-negociaciones-para-reducir-la-jornada-laboral-con-la-confederacion-espanola-de-organizaciones-empresariales-ceoe-y-buscara-llegar-a-un-acuerdo-unicamente-co\/#article","isPartOf":{"@id":"https:\/\/www.bolsarama.es\/bolsa\/el-ministerio-de-trabajo-ha-concluido-las-negociaciones-para-reducir-la-jornada-laboral-con-la-confederacion-espanola-de-organizaciones-empresariales-ceoe-y-buscara-llegar-a-un-acuerdo-unicamente-co\/"},"author":{"name":"Paula","@id":"https:\/\/www.bolsarama.es\/bolsa\/#\/schema\/person\/a34ab5b5c7d41d99c10a5c3564af3e43"},"headline":"El Ministerio de Trabajo ha concluido las negociaciones para reducir la jornada laboral con la Confederaci\u00f3n Espa\u00f1ola de Organizaciones Empresariales (CEOE) y buscar\u00e1 llegar a un acuerdo \u00fanicamente con los sindicatos.","datePublished":"2024-11-21T17:46:01+00:00","dateModified":"2024-11-21T17:46:01+00:00","mainEntityOfPage":{"@id":"https:\/\/www.bolsarama.es\/bolsa\/el-ministerio-de-trabajo-ha-concluido-las-negociaciones-para-reducir-la-jornada-laboral-con-la-confederacion-espanola-de-organizaciones-empresariales-ceoe-y-buscara-llegar-a-un-acuerdo-unicamente-co\/"},"wordCount":489,"commentCount":0,"publisher":{"@id":"https:\/\/www.bolsarama.es\/bolsa\/#organization"},"image":{"@id":"https:\/\/www.bolsarama.es\/bolsa\/el-ministerio-de-trabajo-ha-concluido-las-negociaciones-para-reducir-la-jornada-laboral-con-la-confederacion-espanola-de-organizaciones-empresariales-ceoe-y-buscara-llegar-a-un-acuerdo-unicamente-co\/#primaryimage"},"thumbnailUrl":"https:\/\/www.bolsarama.es\/bolsa\/wp-content\/uploads\/2024\/11\/El-Ministerio-de-Trabajo-ha-concluido-las-negociaciones-para-reducir.jpg","inLanguage":"es","potentialAction":[{"@type":"CommentAction","name":"Comment","target":["https:\/\/www.bolsarama.es\/bolsa\/el-ministerio-de-trabajo-ha-concluido-las-negociaciones-para-reducir-la-jornada-laboral-con-la-confederacion-espanola-de-organizaciones-empresariales-ceoe-y-buscara-llegar-a-un-acuerdo-unicamente-co\/#respond"]}]},{"@type":"WebPage","@id":"https:\/\/www.bolsarama.es\/bolsa\/el-ministerio-de-trabajo-ha-concluido-las-negociaciones-para-reducir-la-jornada-laboral-con-la-confederacion-espanola-de-organizaciones-empresariales-ceoe-y-buscara-llegar-a-un-acuerdo-unicamente-co\/","url":"https:\/\/www.bolsarama.es\/bolsa\/el-ministerio-de-trabajo-ha-concluido-las-negociaciones-para-reducir-la-jornada-laboral-con-la-confederacion-espanola-de-organizaciones-empresariales-ceoe-y-buscara-llegar-a-un-acuerdo-unicamente-co\/","name":"El Ministerio de Trabajo ha concluido las negociaciones para reducir la jornada laboral con la Confederaci\u00f3n Espa\u00f1ola de Organizaciones Empresariales (CEOE) y buscar\u00e1 llegar a un acuerdo \u00fanicamente con los sindicatos. - Bolsarama - Informaci\u00f3n econ\u00f3mica actualizada - Bolsarama.es","isPartOf":{"@id":"https:\/\/www.bolsarama.es\/bolsa\/#website"},"primaryImageOfPage":{"@id":"https:\/\/www.bolsarama.es\/bolsa\/el-ministerio-de-trabajo-ha-concluido-las-negociaciones-para-reducir-la-jornada-laboral-con-la-confederacion-espanola-de-organizaciones-empresariales-ceoe-y-buscara-llegar-a-un-acuerdo-unicamente-co\/#primaryimage"},"image":{"@id":"https:\/\/www.bolsarama.es\/bolsa\/el-ministerio-de-trabajo-ha-concluido-las-negociaciones-para-reducir-la-jornada-laboral-con-la-confederacion-espanola-de-organizaciones-empresariales-ceoe-y-buscara-llegar-a-un-acuerdo-unicamente-co\/#primaryimage"},"thumbnailUrl":"https:\/\/www.bolsarama.es\/bolsa\/wp-content\/uploads\/2024\/11\/El-Ministerio-de-Trabajo-ha-concluido-las-negociaciones-para-reducir.jpg","datePublished":"2024-11-21T17:46:01+00:00","dateModified":"2024-11-21T17:46:01+00:00","breadcrumb":{"@id":"https:\/\/www.bolsarama.es\/bolsa\/el-ministerio-de-trabajo-ha-concluido-las-negociaciones-para-reducir-la-jornada-laboral-con-la-confederacion-espanola-de-organizaciones-empresariales-ceoe-y-buscara-llegar-a-un-acuerdo-unicamente-co\/#breadcrumb"},"inLanguage":"es","potentialAction":[{"@type":"ReadAction","target":["https:\/\/www.bolsarama.es\/bolsa\/el-ministerio-de-trabajo-ha-concluido-las-negociaciones-para-reducir-la-jornada-laboral-con-la-confederacion-espanola-de-organizaciones-empresariales-ceoe-y-buscara-llegar-a-un-acuerdo-unicamente-co\/"]}]},{"@type":"ImageObject","inLanguage":"es","@id":"https:\/\/www.bolsarama.es\/bolsa\/el-ministerio-de-trabajo-ha-concluido-las-negociaciones-para-reducir-la-jornada-laboral-con-la-confederacion-espanola-de-organizaciones-empresariales-ceoe-y-buscara-llegar-a-un-acuerdo-unicamente-co\/#primaryimage","url":"https:\/\/www.bolsarama.es\/bolsa\/wp-content\/uploads\/2024\/11\/El-Ministerio-de-Trabajo-ha-concluido-las-negociaciones-para-reducir.jpg","contentUrl":"https:\/\/www.bolsarama.es\/bolsa\/wp-content\/uploads\/2024\/11\/El-Ministerio-de-Trabajo-ha-concluido-las-negociaciones-para-reducir.jpg","width":800,"height":534,"caption":"Econom\u00eda.- Trabajo pone fin a la negociaci\u00f3n para reducir la jornada con CEOE y buscar\u00e1 el acuerdo solo con sindicatos"},{"@type":"BreadcrumbList","@id":"https:\/\/www.bolsarama.es\/bolsa\/el-ministerio-de-trabajo-ha-concluido-las-negociaciones-para-reducir-la-jornada-laboral-con-la-confederacion-espanola-de-organizaciones-empresariales-ceoe-y-buscara-llegar-a-un-acuerdo-unicamente-co\/#breadcrumb","itemListElement":[{"@type":"ListItem","position":1,"name":"Bolsa","item":"https:\/\/www.bolsarama.es\/bolsa\/"},{"@type":"ListItem","position":2,"name":"El Ministerio de Trabajo ha concluido las negociaciones para reducir la jornada laboral con la Confederaci\u00f3n Espa\u00f1ola de Organizaciones Empresariales (CEOE) y buscar\u00e1 llegar a un acuerdo \u00fanicamente con los sindicatos."}]},{"@type":"WebSite","@id":"https:\/\/www.bolsarama.es\/bolsa\/#website","url":"https:\/\/www.bolsarama.es\/bolsa\/","name":"Bolsarama","description":"","publisher":{"@id":"https:\/\/www.bolsarama.es\/bolsa\/#organization"},"potentialAction":[{"@type":"SearchAction","target":{"@type":"EntryPoint","urlTemplate":"https:\/\/www.bolsarama.es\/bolsa\/?s={search_term_string}"},"query-input":{"@type":"PropertyValueSpecification","valueRequired":true,"valueName":"search_term_string"}}],"inLanguage":"es"},{"@type":"Organization","@id":"https:\/\/www.bolsarama.es\/bolsa\/#organization","name":"Bolsarama","url":"https:\/\/www.bolsarama.es\/bolsa\/","logo":{"@type":"ImageObject","inLanguage":"es","@id":"https:\/\/www.bolsarama.es\/bolsa\/#\/schema\/logo\/image\/","url":"https:\/\/www.bolsarama.es\/bolsa\/wp-content\/uploads\/2023\/10\/logo-bolsarama.png","contentUrl":"https:\/\/www.bolsarama.es\/bolsa\/wp-content\/uploads\/2023\/10\/logo-bolsarama.png","width":300,"height":50,"caption":"Bolsarama"},"image":{"@id":"https:\/\/www.bolsarama.es\/bolsa\/#\/schema\/logo\/image\/"},"sameAs":["https:\/\/www.facebook.com\/bolsarama.es","https:\/\/x.com\/Bolsarama_es"]},{"@type":"Person","@id":"https:\/\/www.bolsarama.es\/bolsa\/#\/schema\/person\/a34ab5b5c7d41d99c10a5c3564af3e43","name":"Paula","image":{"@type":"ImageObject","inLanguage":"es","@id":"https:\/\/www.bolsarama.es\/bolsa\/#\/schema\/person\/image\/","url":"https:\/\/www.bolsarama.es\/bolsa\/wp-content\/litespeed\/avatar\/d6404594800e2b580b751c6bb2eb5f4f.jpg?ver=1777428602","contentUrl":"https:\/\/www.bolsarama.es\/bolsa\/wp-content\/litespeed\/avatar\/d6404594800e2b580b751c6bb2eb5f4f.jpg?ver=1777428602","caption":"Paula"},"url":"https:\/\/www.bolsarama.es\/bolsa\/author\/paula\/"}]}},"_links":{"self":[{"href":"https:\/\/www.bolsarama.es\/bolsa\/wp-json\/wp\/v2\/posts\/548","targetHints":{"allow":["GET"]}}],"collection":[{"href":"https:\/\/www.bolsarama.es\/bolsa\/wp-json\/wp\/v2\/posts"}],"about":[{"href":"https:\/\/www.bolsarama.es\/bolsa\/wp-json\/wp\/v2\/types\/post"}],"author":[{"embeddable":true,"href":"https:\/\/www.bolsarama.es\/bolsa\/wp-json\/wp\/v2\/users\/2"}],"replies":[{"embeddable":true,"href":"https:\/\/www.bolsarama.es\/bolsa\/wp-json\/wp\/v2\/comments?post=548"}],"version-history":[{"count":1,"href":"https:\/\/www.bolsarama.es\/bolsa\/wp-json\/wp\/v2\/posts\/548\/revisions"}],"predecessor-version":[{"id":550,"href":"https:\/\/www.bolsarama.es\/bolsa\/wp-json\/wp\/v2\/posts\/548\/revisions\/550"}],"wp:featuredmedia":[{"embeddable":true,"href":"https:\/\/www.bolsarama.es\/bolsa\/wp-json\/wp\/v2\/media\/549"}],"wp:attachment":[{"href":"https:\/\/www.bolsarama.es\/bolsa\/wp-json\/wp\/v2\/media?parent=548"}],"wp:term":[{"taxonomy":"category","embeddable":true,"href":"https:\/\/www.bolsarama.es\/bolsa\/wp-json\/wp\/v2\/categories?post=548"},{"taxonomy":"post_tag","embeddable":true,"href":"https:\/\/www.bolsarama.es\/bolsa\/wp-json\/wp\/v2\/tags?post=548"}],"curies":[{"name":"wp","href":"https:\/\/api.w.org\/{rel}","templated":true}]}}