{"id":563,"date":"2024-11-22T12:15:54","date_gmt":"2024-11-22T11:15:54","guid":{"rendered":"https:\/\/www.bolsarama.es\/bolsa\/?p=563"},"modified":"2024-11-22T12:15:54","modified_gmt":"2024-11-22T11:15:54","slug":"se-estima-una-afectacion-del-5-en-el-nivel-de-actividad-economica-de-la-zona-afectada-por-la-dana","status":"publish","type":"post","link":"https:\/\/www.bolsarama.es\/bolsa\/se-estima-una-afectacion-del-5-en-el-nivel-de-actividad-economica-de-la-zona-afectada-por-la-dana\/","title":{"rendered":"Se estima una afectaci\u00f3n del 5% en el nivel de actividad econ\u00f3mica de la zona afectada por la DANA."},"content":{"rendered":"<p>En los \u00faltimos d\u00edas, Espa\u00f1a ha vivido uno de los episodios meteorol\u00f3gicos m\u00e1s extremos de su historia reciente. La Depresi\u00f3n Aislada en Niveles Altos (DANA), com\u00fanmente conocida como gota fr\u00eda, ha causado estragos en varias regiones del pa\u00eds, impactando de manera significativa la econom\u00eda de la zona. El ministro de Econom\u00eda, Comercio y Empresa, Carlos Cuerpo, ha destacado que, aunque la situaci\u00f3n es preocupante, el pa\u00eds est\u00e1 respondiendo de manera proactiva y resiliente a este &#8216;shock&#8217; econ\u00f3mico.<\/p>\n<h2>Una afectaci\u00f3n preliminar en la actividad econ\u00f3mica<\/h2>\n<p>Seg\u00fan el propio ministro Cuerpo, hasta el momento se ha registrado una afectaci\u00f3n del 5% en el nivel de actividad de la zona golpeada por la DANA. Aunque parezca un porcentaje peque\u00f1o, resulta significativo considerando la magnitud de los da\u00f1os causados por el fen\u00f3meno meteorol\u00f3gico. Sin embargo, se reconoce que a\u00fan es muy temprano para tener una idea clara de cu\u00e1l ser\u00e1 el impacto total de este &#8216;shock&#8217; en la econom\u00eda espa\u00f1ola.<\/p>\n<h3>Monitorizaci\u00f3n de datos de alta frecuencia<\/h3>\n<p>Con el objetivo de tener una visi\u00f3n m\u00e1s precisa del impacto de la DANA, desde el Ministerio de Econom\u00eda se est\u00e1 realizando un seguimiento de datos de alta frecuencia, una estrategia que ya se implement\u00f3 durante la crisis del Covid. Esta monitorizaci\u00f3n incluye el an\u00e1lisis de la movilidad, el consumo el\u00e9ctrico de las grandes industrias, el consumo de tarjetas de los hogares y la evoluci\u00f3n del empleo, a trav\u00e9s de la afiliaci\u00f3n y de los ERTE.<\/p>\n<h4>El camino hacia la recuperaci\u00f3n<\/h4>\n<p>El ministro Cuerpo ha destacado que esta situaci\u00f3n no es como la vivida durante la crisis del Covid. Las empresas afectadas por la DANA necesitar\u00e1n tiempo para la reconstrucci\u00f3n y para recomponer su maquinaria y el &#8216;stock&#8217; de mercanc\u00edas. Sin embargo, ha enfatizado que lo m\u00e1s importante en estos momentos es dar una respuesta r\u00e1pida, que minimice el efecto de la DANA a medio y largo plazo.<\/p>\n<h2>\u00bfC\u00f3mo afectar\u00e1 la DANA al PIB nacional?<\/h2>\n<p>El impacto de la cat\u00e1strofe sobre el Producto Interior Bruto (PIB) nacional es otro aspecto que preocupa a los expertos. Seg\u00fan el ministro Cuerpo, a\u00fan falta en torno a un mes y medio de este cuarto trimestre del a\u00f1o y se tendr\u00e1 que ver si esa afectaci\u00f3n del 5% se mantiene o no durante diciembre. Asegura, no obstante, que el impacto a nivel agregado ser\u00e1 tambi\u00e9n peque\u00f1o.<\/p>\n<p>Es importante recordar que la econom\u00eda espa\u00f1ola ha demostrado su fortaleza y resiliencia en numerosas ocasiones. A pesar de los retos que presenta la DANA, el pa\u00eds est\u00e1 tomando las medidas necesarias para minimizar el impacto econ\u00f3mico y ayudar a las empresas y ciudadanos afectados a recuperarse de la mejor manera posible. <\/p>\n","protected":false},"excerpt":{"rendered":"<p>En los \u00faltimos d\u00edas, Espa\u00f1a ha vivido uno de los episodios meteorol\u00f3gicos m\u00e1s extremos de su historia reciente. La Depresi\u00f3n Aislada en Niveles Altos (DANA), com\u00fanmente conocida como gota fr\u00eda, ha causado estragos en varias regiones del pa\u00eds, impactando de manera significativa la econom\u00eda de la zona. El ministro de Econom\u00eda, Comercio y Empresa, Carlos [&hellip;]<\/p>\n","protected":false},"author":2,"featured_media":564,"comment_status":"open","ping_status":"open","sticky":false,"template":"","format":"standard","meta":{"footnotes":""},"categories":[1],"tags":[],"class_list":["post-563","post","type-post","status-publish","format-standard","has-post-thumbnail","hentry","category-sin-categoria"],"yoast_head":"<!-- This site is optimized with the Yoast SEO plugin v23.6 - https:\/\/yoast.com\/wordpress\/plugins\/seo\/ -->\n<title>Se estima una afectaci\u00f3n del 5% en el nivel de actividad econ\u00f3mica de la zona afectada por la DANA. - Bolsarama - Informaci\u00f3n econ\u00f3mica actualizada - Bolsarama.es<\/title>\n<meta name=\"robots\" content=\"index, follow, max-snippet:-1, max-image-preview:large, max-video-preview:-1\" \/>\n<link rel=\"canonical\" href=\"https:\/\/www.bolsarama.es\/bolsa\/se-estima-una-afectacion-del-5-en-el-nivel-de-actividad-economica-de-la-zona-afectada-por-la-dana\/\" \/>\n<meta property=\"og:locale\" content=\"es_ES\" \/>\n<meta property=\"og:type\" content=\"article\" \/>\n<meta property=\"og:title\" content=\"Se estima una afectaci\u00f3n del 5% en el nivel de actividad econ\u00f3mica de la zona afectada por la DANA. - Bolsarama - Informaci\u00f3n econ\u00f3mica actualizada - Bolsarama.es\" \/>\n<meta property=\"og:description\" content=\"En los \u00faltimos d\u00edas, Espa\u00f1a ha vivido uno de los episodios meteorol\u00f3gicos m\u00e1s extremos de su historia reciente. La Depresi\u00f3n Aislada en Niveles Altos (DANA), com\u00fanmente conocida como gota fr\u00eda, ha causado estragos en varias regiones del pa\u00eds, impactando de manera significativa la econom\u00eda de la zona. El ministro de Econom\u00eda, Comercio y Empresa, Carlos [&hellip;]\" \/>\n<meta property=\"og:url\" content=\"https:\/\/www.bolsarama.es\/bolsa\/se-estima-una-afectacion-del-5-en-el-nivel-de-actividad-economica-de-la-zona-afectada-por-la-dana\/\" \/>\n<meta property=\"og:site_name\" content=\"Bolsarama - Informaci\u00f3n econ\u00f3mica actualizada - Bolsarama.es\" \/>\n<meta property=\"article:publisher\" content=\"https:\/\/www.facebook.com\/bolsarama.es\" \/>\n<meta property=\"article:published_time\" content=\"2024-11-22T11:15:54+00:00\" \/>\n<meta property=\"og:image\" content=\"https:\/\/www.bolsarama.es\/bolsa\/wp-content\/uploads\/2024\/11\/Se-estima-una-afectacion-del-5-en-el-nivel-de.jpg\" \/>\n\t<meta property=\"og:image:width\" content=\"800\" \/>\n\t<meta property=\"og:image:height\" content=\"529\" \/>\n\t<meta property=\"og:image:type\" content=\"image\/jpeg\" \/>\n<meta name=\"author\" content=\"Paula\" \/>\n<meta name=\"twitter:card\" content=\"summary_large_image\" \/>\n<meta name=\"twitter:creator\" content=\"@Bolsarama_es\" \/>\n<meta name=\"twitter:site\" content=\"@Bolsarama_es\" \/>\n<meta name=\"twitter:label1\" content=\"Escrito por\" \/>\n\t<meta name=\"twitter:data1\" content=\"Paula\" \/>\n\t<meta name=\"twitter:label2\" content=\"Tiempo de lectura\" \/>\n\t<meta name=\"twitter:data2\" content=\"2 minutos\" \/>\n<script type=\"application\/ld+json\" class=\"yoast-schema-graph\">{\"@context\":\"https:\/\/schema.org\",\"@graph\":[{\"@type\":\"Article\",\"@id\":\"https:\/\/www.bolsarama.es\/bolsa\/se-estima-una-afectacion-del-5-en-el-nivel-de-actividad-economica-de-la-zona-afectada-por-la-dana\/#article\",\"isPartOf\":{\"@id\":\"https:\/\/www.bolsarama.es\/bolsa\/se-estima-una-afectacion-del-5-en-el-nivel-de-actividad-economica-de-la-zona-afectada-por-la-dana\/\"},\"author\":{\"name\":\"Paula\",\"@id\":\"https:\/\/www.bolsarama.es\/bolsa\/#\/schema\/person\/a34ab5b5c7d41d99c10a5c3564af3e43\"},\"headline\":\"Se estima una afectaci\u00f3n del 5% en el nivel de actividad econ\u00f3mica de la zona afectada por la DANA.\",\"datePublished\":\"2024-11-22T11:15:54+00:00\",\"dateModified\":\"2024-11-22T11:15:54+00:00\",\"mainEntityOfPage\":{\"@id\":\"https:\/\/www.bolsarama.es\/bolsa\/se-estima-una-afectacion-del-5-en-el-nivel-de-actividad-economica-de-la-zona-afectada-por-la-dana\/\"},\"wordCount\":508,\"commentCount\":0,\"publisher\":{\"@id\":\"https:\/\/www.bolsarama.es\/bolsa\/#organization\"},\"image\":{\"@id\":\"https:\/\/www.bolsarama.es\/bolsa\/se-estima-una-afectacion-del-5-en-el-nivel-de-actividad-economica-de-la-zona-afectada-por-la-dana\/#primaryimage\"},\"thumbnailUrl\":\"https:\/\/www.bolsarama.es\/bolsa\/wp-content\/uploads\/2024\/11\/Se-estima-una-afectacion-del-5-en-el-nivel-de.jpg\",\"inLanguage\":\"es\",\"potentialAction\":[{\"@type\":\"CommentAction\",\"name\":\"Comment\",\"target\":[\"https:\/\/www.bolsarama.es\/bolsa\/se-estima-una-afectacion-del-5-en-el-nivel-de-actividad-economica-de-la-zona-afectada-por-la-dana\/#respond\"]}]},{\"@type\":\"WebPage\",\"@id\":\"https:\/\/www.bolsarama.es\/bolsa\/se-estima-una-afectacion-del-5-en-el-nivel-de-actividad-economica-de-la-zona-afectada-por-la-dana\/\",\"url\":\"https:\/\/www.bolsarama.es\/bolsa\/se-estima-una-afectacion-del-5-en-el-nivel-de-actividad-economica-de-la-zona-afectada-por-la-dana\/\",\"name\":\"Se estima una afectaci\u00f3n del 5% en el nivel de actividad econ\u00f3mica de la zona afectada por la DANA. - Bolsarama - Informaci\u00f3n econ\u00f3mica actualizada - Bolsarama.es\",\"isPartOf\":{\"@id\":\"https:\/\/www.bolsarama.es\/bolsa\/#website\"},\"primaryImageOfPage\":{\"@id\":\"https:\/\/www.bolsarama.es\/bolsa\/se-estima-una-afectacion-del-5-en-el-nivel-de-actividad-economica-de-la-zona-afectada-por-la-dana\/#primaryimage\"},\"image\":{\"@id\":\"https:\/\/www.bolsarama.es\/bolsa\/se-estima-una-afectacion-del-5-en-el-nivel-de-actividad-economica-de-la-zona-afectada-por-la-dana\/#primaryimage\"},\"thumbnailUrl\":\"https:\/\/www.bolsarama.es\/bolsa\/wp-content\/uploads\/2024\/11\/Se-estima-una-afectacion-del-5-en-el-nivel-de.jpg\",\"datePublished\":\"2024-11-22T11:15:54+00:00\",\"dateModified\":\"2024-11-22T11:15:54+00:00\",\"breadcrumb\":{\"@id\":\"https:\/\/www.bolsarama.es\/bolsa\/se-estima-una-afectacion-del-5-en-el-nivel-de-actividad-economica-de-la-zona-afectada-por-la-dana\/#breadcrumb\"},\"inLanguage\":\"es\",\"potentialAction\":[{\"@type\":\"ReadAction\",\"target\":[\"https:\/\/www.bolsarama.es\/bolsa\/se-estima-una-afectacion-del-5-en-el-nivel-de-actividad-economica-de-la-zona-afectada-por-la-dana\/\"]}]},{\"@type\":\"ImageObject\",\"inLanguage\":\"es\",\"@id\":\"https:\/\/www.bolsarama.es\/bolsa\/se-estima-una-afectacion-del-5-en-el-nivel-de-actividad-economica-de-la-zona-afectada-por-la-dana\/#primaryimage\",\"url\":\"https:\/\/www.bolsarama.es\/bolsa\/wp-content\/uploads\/2024\/11\/Se-estima-una-afectacion-del-5-en-el-nivel-de.jpg\",\"contentUrl\":\"https:\/\/www.bolsarama.es\/bolsa\/wp-content\/uploads\/2024\/11\/Se-estima-una-afectacion-del-5-en-el-nivel-de.jpg\",\"width\":800,\"height\":529,\"caption\":\"Econom\u00eda.- Cuerpo calcula una afectaci\u00f3n del 5% sobre el nivel de actividad econ\u00f3mica de la zona afectada por la DANA\"},{\"@type\":\"BreadcrumbList\",\"@id\":\"https:\/\/www.bolsarama.es\/bolsa\/se-estima-una-afectacion-del-5-en-el-nivel-de-actividad-economica-de-la-zona-afectada-por-la-dana\/#breadcrumb\",\"itemListElement\":[{\"@type\":\"ListItem\",\"position\":1,\"name\":\"Bolsa\",\"item\":\"https:\/\/www.bolsarama.es\/bolsa\/\"},{\"@type\":\"ListItem\",\"position\":2,\"name\":\"Se estima una afectaci\u00f3n del 5% en el nivel de actividad econ\u00f3mica de la zona afectada por la DANA.\"}]},{\"@type\":\"WebSite\",\"@id\":\"https:\/\/www.bolsarama.es\/bolsa\/#website\",\"url\":\"https:\/\/www.bolsarama.es\/bolsa\/\",\"name\":\"Bolsarama\",\"description\":\"\",\"publisher\":{\"@id\":\"https:\/\/www.bolsarama.es\/bolsa\/#organization\"},\"potentialAction\":[{\"@type\":\"SearchAction\",\"target\":{\"@type\":\"EntryPoint\",\"urlTemplate\":\"https:\/\/www.bolsarama.es\/bolsa\/?s={search_term_string}\"},\"query-input\":{\"@type\":\"PropertyValueSpecification\",\"valueRequired\":true,\"valueName\":\"search_term_string\"}}],\"inLanguage\":\"es\"},{\"@type\":\"Organization\",\"@id\":\"https:\/\/www.bolsarama.es\/bolsa\/#organization\",\"name\":\"Bolsarama\",\"url\":\"https:\/\/www.bolsarama.es\/bolsa\/\",\"logo\":{\"@type\":\"ImageObject\",\"inLanguage\":\"es\",\"@id\":\"https:\/\/www.bolsarama.es\/bolsa\/#\/schema\/logo\/image\/\",\"url\":\"https:\/\/www.bolsarama.es\/bolsa\/wp-content\/uploads\/2023\/10\/logo-bolsarama.png\",\"contentUrl\":\"https:\/\/www.bolsarama.es\/bolsa\/wp-content\/uploads\/2023\/10\/logo-bolsarama.png\",\"width\":300,\"height\":50,\"caption\":\"Bolsarama\"},\"image\":{\"@id\":\"https:\/\/www.bolsarama.es\/bolsa\/#\/schema\/logo\/image\/\"},\"sameAs\":[\"https:\/\/www.facebook.com\/bolsarama.es\",\"https:\/\/x.com\/Bolsarama_es\"]},{\"@type\":\"Person\",\"@id\":\"https:\/\/www.bolsarama.es\/bolsa\/#\/schema\/person\/a34ab5b5c7d41d99c10a5c3564af3e43\",\"name\":\"Paula\",\"image\":{\"@type\":\"ImageObject\",\"inLanguage\":\"es\",\"@id\":\"https:\/\/www.bolsarama.es\/bolsa\/#\/schema\/person\/image\/\",\"url\":\"https:\/\/www.bolsarama.es\/bolsa\/wp-content\/litespeed\/avatar\/d6404594800e2b580b751c6bb2eb5f4f.jpg?ver=1777428602\",\"contentUrl\":\"https:\/\/www.bolsarama.es\/bolsa\/wp-content\/litespeed\/avatar\/d6404594800e2b580b751c6bb2eb5f4f.jpg?ver=1777428602\",\"caption\":\"Paula\"},\"url\":\"https:\/\/www.bolsarama.es\/bolsa\/author\/paula\/\"}]}<\/script>\n<!-- \/ Yoast SEO plugin. -->","yoast_head_json":{"title":"Se estima una afectaci\u00f3n del 5% en el nivel de actividad econ\u00f3mica de la zona afectada por la DANA. - Bolsarama - Informaci\u00f3n econ\u00f3mica actualizada - Bolsarama.es","robots":{"index":"index","follow":"follow","max-snippet":"max-snippet:-1","max-image-preview":"max-image-preview:large","max-video-preview":"max-video-preview:-1"},"canonical":"https:\/\/www.bolsarama.es\/bolsa\/se-estima-una-afectacion-del-5-en-el-nivel-de-actividad-economica-de-la-zona-afectada-por-la-dana\/","og_locale":"es_ES","og_type":"article","og_title":"Se estima una afectaci\u00f3n del 5% en el nivel de actividad econ\u00f3mica de la zona afectada por la DANA. - Bolsarama - Informaci\u00f3n econ\u00f3mica actualizada - Bolsarama.es","og_description":"En los \u00faltimos d\u00edas, Espa\u00f1a ha vivido uno de los episodios meteorol\u00f3gicos m\u00e1s extremos de su historia reciente. La Depresi\u00f3n Aislada en Niveles Altos (DANA), com\u00fanmente conocida como gota fr\u00eda, ha causado estragos en varias regiones del pa\u00eds, impactando de manera significativa la econom\u00eda de la zona. El ministro de Econom\u00eda, Comercio y Empresa, Carlos [&hellip;]","og_url":"https:\/\/www.bolsarama.es\/bolsa\/se-estima-una-afectacion-del-5-en-el-nivel-de-actividad-economica-de-la-zona-afectada-por-la-dana\/","og_site_name":"Bolsarama - Informaci\u00f3n econ\u00f3mica actualizada - Bolsarama.es","article_publisher":"https:\/\/www.facebook.com\/bolsarama.es","article_published_time":"2024-11-22T11:15:54+00:00","og_image":[{"width":800,"height":529,"url":"https:\/\/www.bolsarama.es\/bolsa\/wp-content\/uploads\/2024\/11\/Se-estima-una-afectacion-del-5-en-el-nivel-de.jpg","type":"image\/jpeg"}],"author":"Paula","twitter_card":"summary_large_image","twitter_creator":"@Bolsarama_es","twitter_site":"@Bolsarama_es","twitter_misc":{"Escrito por":"Paula","Tiempo de lectura":"2 minutos"},"schema":{"@context":"https:\/\/schema.org","@graph":[{"@type":"Article","@id":"https:\/\/www.bolsarama.es\/bolsa\/se-estima-una-afectacion-del-5-en-el-nivel-de-actividad-economica-de-la-zona-afectada-por-la-dana\/#article","isPartOf":{"@id":"https:\/\/www.bolsarama.es\/bolsa\/se-estima-una-afectacion-del-5-en-el-nivel-de-actividad-economica-de-la-zona-afectada-por-la-dana\/"},"author":{"name":"Paula","@id":"https:\/\/www.bolsarama.es\/bolsa\/#\/schema\/person\/a34ab5b5c7d41d99c10a5c3564af3e43"},"headline":"Se estima una afectaci\u00f3n del 5% en el nivel de actividad econ\u00f3mica de la zona afectada por la DANA.","datePublished":"2024-11-22T11:15:54+00:00","dateModified":"2024-11-22T11:15:54+00:00","mainEntityOfPage":{"@id":"https:\/\/www.bolsarama.es\/bolsa\/se-estima-una-afectacion-del-5-en-el-nivel-de-actividad-economica-de-la-zona-afectada-por-la-dana\/"},"wordCount":508,"commentCount":0,"publisher":{"@id":"https:\/\/www.bolsarama.es\/bolsa\/#organization"},"image":{"@id":"https:\/\/www.bolsarama.es\/bolsa\/se-estima-una-afectacion-del-5-en-el-nivel-de-actividad-economica-de-la-zona-afectada-por-la-dana\/#primaryimage"},"thumbnailUrl":"https:\/\/www.bolsarama.es\/bolsa\/wp-content\/uploads\/2024\/11\/Se-estima-una-afectacion-del-5-en-el-nivel-de.jpg","inLanguage":"es","potentialAction":[{"@type":"CommentAction","name":"Comment","target":["https:\/\/www.bolsarama.es\/bolsa\/se-estima-una-afectacion-del-5-en-el-nivel-de-actividad-economica-de-la-zona-afectada-por-la-dana\/#respond"]}]},{"@type":"WebPage","@id":"https:\/\/www.bolsarama.es\/bolsa\/se-estima-una-afectacion-del-5-en-el-nivel-de-actividad-economica-de-la-zona-afectada-por-la-dana\/","url":"https:\/\/www.bolsarama.es\/bolsa\/se-estima-una-afectacion-del-5-en-el-nivel-de-actividad-economica-de-la-zona-afectada-por-la-dana\/","name":"Se estima una afectaci\u00f3n del 5% en el nivel de actividad econ\u00f3mica de la zona afectada por la DANA. - Bolsarama - Informaci\u00f3n econ\u00f3mica actualizada - Bolsarama.es","isPartOf":{"@id":"https:\/\/www.bolsarama.es\/bolsa\/#website"},"primaryImageOfPage":{"@id":"https:\/\/www.bolsarama.es\/bolsa\/se-estima-una-afectacion-del-5-en-el-nivel-de-actividad-economica-de-la-zona-afectada-por-la-dana\/#primaryimage"},"image":{"@id":"https:\/\/www.bolsarama.es\/bolsa\/se-estima-una-afectacion-del-5-en-el-nivel-de-actividad-economica-de-la-zona-afectada-por-la-dana\/#primaryimage"},"thumbnailUrl":"https:\/\/www.bolsarama.es\/bolsa\/wp-content\/uploads\/2024\/11\/Se-estima-una-afectacion-del-5-en-el-nivel-de.jpg","datePublished":"2024-11-22T11:15:54+00:00","dateModified":"2024-11-22T11:15:54+00:00","breadcrumb":{"@id":"https:\/\/www.bolsarama.es\/bolsa\/se-estima-una-afectacion-del-5-en-el-nivel-de-actividad-economica-de-la-zona-afectada-por-la-dana\/#breadcrumb"},"inLanguage":"es","potentialAction":[{"@type":"ReadAction","target":["https:\/\/www.bolsarama.es\/bolsa\/se-estima-una-afectacion-del-5-en-el-nivel-de-actividad-economica-de-la-zona-afectada-por-la-dana\/"]}]},{"@type":"ImageObject","inLanguage":"es","@id":"https:\/\/www.bolsarama.es\/bolsa\/se-estima-una-afectacion-del-5-en-el-nivel-de-actividad-economica-de-la-zona-afectada-por-la-dana\/#primaryimage","url":"https:\/\/www.bolsarama.es\/bolsa\/wp-content\/uploads\/2024\/11\/Se-estima-una-afectacion-del-5-en-el-nivel-de.jpg","contentUrl":"https:\/\/www.bolsarama.es\/bolsa\/wp-content\/uploads\/2024\/11\/Se-estima-una-afectacion-del-5-en-el-nivel-de.jpg","width":800,"height":529,"caption":"Econom\u00eda.- Cuerpo calcula una afectaci\u00f3n del 5% sobre el nivel de actividad econ\u00f3mica de la zona afectada por la DANA"},{"@type":"BreadcrumbList","@id":"https:\/\/www.bolsarama.es\/bolsa\/se-estima-una-afectacion-del-5-en-el-nivel-de-actividad-economica-de-la-zona-afectada-por-la-dana\/#breadcrumb","itemListElement":[{"@type":"ListItem","position":1,"name":"Bolsa","item":"https:\/\/www.bolsarama.es\/bolsa\/"},{"@type":"ListItem","position":2,"name":"Se estima una afectaci\u00f3n del 5% en el nivel de actividad econ\u00f3mica de la zona afectada por la DANA."}]},{"@type":"WebSite","@id":"https:\/\/www.bolsarama.es\/bolsa\/#website","url":"https:\/\/www.bolsarama.es\/bolsa\/","name":"Bolsarama","description":"","publisher":{"@id":"https:\/\/www.bolsarama.es\/bolsa\/#organization"},"potentialAction":[{"@type":"SearchAction","target":{"@type":"EntryPoint","urlTemplate":"https:\/\/www.bolsarama.es\/bolsa\/?s={search_term_string}"},"query-input":{"@type":"PropertyValueSpecification","valueRequired":true,"valueName":"search_term_string"}}],"inLanguage":"es"},{"@type":"Organization","@id":"https:\/\/www.bolsarama.es\/bolsa\/#organization","name":"Bolsarama","url":"https:\/\/www.bolsarama.es\/bolsa\/","logo":{"@type":"ImageObject","inLanguage":"es","@id":"https:\/\/www.bolsarama.es\/bolsa\/#\/schema\/logo\/image\/","url":"https:\/\/www.bolsarama.es\/bolsa\/wp-content\/uploads\/2023\/10\/logo-bolsarama.png","contentUrl":"https:\/\/www.bolsarama.es\/bolsa\/wp-content\/uploads\/2023\/10\/logo-bolsarama.png","width":300,"height":50,"caption":"Bolsarama"},"image":{"@id":"https:\/\/www.bolsarama.es\/bolsa\/#\/schema\/logo\/image\/"},"sameAs":["https:\/\/www.facebook.com\/bolsarama.es","https:\/\/x.com\/Bolsarama_es"]},{"@type":"Person","@id":"https:\/\/www.bolsarama.es\/bolsa\/#\/schema\/person\/a34ab5b5c7d41d99c10a5c3564af3e43","name":"Paula","image":{"@type":"ImageObject","inLanguage":"es","@id":"https:\/\/www.bolsarama.es\/bolsa\/#\/schema\/person\/image\/","url":"https:\/\/www.bolsarama.es\/bolsa\/wp-content\/litespeed\/avatar\/d6404594800e2b580b751c6bb2eb5f4f.jpg?ver=1777428602","contentUrl":"https:\/\/www.bolsarama.es\/bolsa\/wp-content\/litespeed\/avatar\/d6404594800e2b580b751c6bb2eb5f4f.jpg?ver=1777428602","caption":"Paula"},"url":"https:\/\/www.bolsarama.es\/bolsa\/author\/paula\/"}]}},"_links":{"self":[{"href":"https:\/\/www.bolsarama.es\/bolsa\/wp-json\/wp\/v2\/posts\/563","targetHints":{"allow":["GET"]}}],"collection":[{"href":"https:\/\/www.bolsarama.es\/bolsa\/wp-json\/wp\/v2\/posts"}],"about":[{"href":"https:\/\/www.bolsarama.es\/bolsa\/wp-json\/wp\/v2\/types\/post"}],"author":[{"embeddable":true,"href":"https:\/\/www.bolsarama.es\/bolsa\/wp-json\/wp\/v2\/users\/2"}],"replies":[{"embeddable":true,"href":"https:\/\/www.bolsarama.es\/bolsa\/wp-json\/wp\/v2\/comments?post=563"}],"version-history":[{"count":1,"href":"https:\/\/www.bolsarama.es\/bolsa\/wp-json\/wp\/v2\/posts\/563\/revisions"}],"predecessor-version":[{"id":565,"href":"https:\/\/www.bolsarama.es\/bolsa\/wp-json\/wp\/v2\/posts\/563\/revisions\/565"}],"wp:featuredmedia":[{"embeddable":true,"href":"https:\/\/www.bolsarama.es\/bolsa\/wp-json\/wp\/v2\/media\/564"}],"wp:attachment":[{"href":"https:\/\/www.bolsarama.es\/bolsa\/wp-json\/wp\/v2\/media?parent=563"}],"wp:term":[{"taxonomy":"category","embeddable":true,"href":"https:\/\/www.bolsarama.es\/bolsa\/wp-json\/wp\/v2\/categories?post=563"},{"taxonomy":"post_tag","embeddable":true,"href":"https:\/\/www.bolsarama.es\/bolsa\/wp-json\/wp\/v2\/tags?post=563"}],"curies":[{"name":"wp","href":"https:\/\/api.w.org\/{rel}","templated":true}]}}