{"id":604,"date":"2024-11-23T15:31:02","date_gmt":"2024-11-23T14:31:02","guid":{"rendered":"https:\/\/www.bolsarama.es\/bolsa\/?p=604"},"modified":"2024-11-23T15:31:02","modified_gmt":"2024-11-23T14:31:02","slug":"el-ministerio-de-trabajo-recuerda-a-las-empresas-en-erte-por-fuerza-mayor-que-deben-solicitar-la-prestacion-por-desempleo-para-sus-trabajadores","status":"publish","type":"post","link":"https:\/\/www.bolsarama.es\/bolsa\/el-ministerio-de-trabajo-recuerda-a-las-empresas-en-erte-por-fuerza-mayor-que-deben-solicitar-la-prestacion-por-desempleo-para-sus-trabajadores\/","title":{"rendered":"El Ministerio de Trabajo recuerda a las empresas en ERTE por fuerza mayor que deben solicitar la prestaci\u00f3n por desempleo para sus trabajadores."},"content":{"rendered":"<p><H2>\u00bfQu\u00e9 es un ERTE por fuerza mayor?<\/H2><\/p>\n<p>Un Expediente de Regulaci\u00f3n Temporal de Empleo (ERTE) es una medida que pueden tomar las empresas en situaciones excepcionales. En este caso, estamos hablando de un ERTE por fuerza mayor, algo que se produce cuando ocurren fen\u00f3menos naturales, como inundaciones, que impiden el normal desarrollo de la actividad empresarial.<\/p>\n<p><H3>El papel de las empresas en un ERTE por fuerza mayor<\/H3><\/p>\n<p>Cuando una empresa se encuentra en una situaci\u00f3n que le obliga a presentar un ERTE de fuerza mayor, tiene una serie de obligaciones que cumplir. Una de las m\u00e1s importantes es la de solicitar la prestaci\u00f3n de desempleo para sus trabajadores. Esta es una medida que se toma para proteger a los empleados, permiti\u00e9ndoles recibir una remuneraci\u00f3n mientras dura la situaci\u00f3n excepcional.<\/p>\n<p><H4>Tr\u00e1mites necesarios para solicitar la prestaci\u00f3n por desempleo<\/H4><\/p>\n<p>El procedimiento para solicitar la prestaci\u00f3n de desempleo es relativamente simple. Se debe presentar una solicitud colectiva en nombre de todos los trabajadores afectados por el ERTE. Esto permite que los empleados puedan recibir la prestaci\u00f3n sin demora.<\/p>\n<p><H2>Consecuencias de no solicitar la prestaci\u00f3n de desempleo<\/H2><\/p>\n<p>La empresa que no solicita la prestaci\u00f3n de desempleo para sus trabajadores en un ERTE de fuerza mayor se enfrenta a serias consecuencias. La m\u00e1s destacada es que deber\u00e1 hacer frente al pago de los salarios de la plantilla en ERTE.<\/p>\n<p><H3>Impacto de los ERTE por fuerza mayor en la econom\u00eda<\/H3><\/p>\n<p>Los ERTE por fuerza mayor pueden tener un gran impacto en la econom\u00eda de una regi\u00f3n o un pa\u00eds. Para darnos una idea, en la Comunidad Valenciana, un total de 2.129 empresas han solicitado ya un ERTE por fuerza mayor debido a las inundaciones provocadas por la DANA. Los ERTE solicitados protegen a 23.555 trabajadores.<\/p>\n<p><H4>Importancia de la informaci\u00f3n y la preparaci\u00f3n<\/H4><\/p>\n<p>Es fundamental que las empresas est\u00e9n preparadas y bien informadas sobre los tr\u00e1mites y obligaciones en caso de tener que presentar un ERTE por fuerza mayor. De este modo, podr\u00e1n proteger tanto sus intereses como los de sus trabajadores, minimizando el impacto econ\u00f3mico y laboral de la situaci\u00f3n.<\/p>\n","protected":false},"excerpt":{"rendered":"<p>\u00bfQu\u00e9 es un ERTE por fuerza mayor? Un Expediente de Regulaci\u00f3n Temporal de Empleo (ERTE) es una medida que pueden tomar las empresas en situaciones excepcionales. En este caso, estamos hablando de un ERTE por fuerza mayor, algo que se produce cuando ocurren fen\u00f3menos naturales, como inundaciones, que impiden el normal desarrollo de la actividad [&hellip;]<\/p>\n","protected":false},"author":2,"featured_media":605,"comment_status":"open","ping_status":"open","sticky":false,"template":"","format":"standard","meta":{"footnotes":""},"categories":[1],"tags":[],"class_list":["post-604","post","type-post","status-publish","format-standard","has-post-thumbnail","hentry","category-sin-categoria"],"yoast_head":"<!-- This site is optimized with the Yoast SEO plugin v23.6 - https:\/\/yoast.com\/wordpress\/plugins\/seo\/ -->\n<title>El Ministerio de Trabajo recuerda a las empresas en ERTE por fuerza mayor que deben solicitar la prestaci\u00f3n por desempleo para sus trabajadores. - Bolsarama - Informaci\u00f3n econ\u00f3mica actualizada - Bolsarama.es<\/title>\n<meta name=\"robots\" content=\"index, follow, max-snippet:-1, max-image-preview:large, max-video-preview:-1\" \/>\n<link rel=\"canonical\" href=\"https:\/\/www.bolsarama.es\/bolsa\/el-ministerio-de-trabajo-recuerda-a-las-empresas-en-erte-por-fuerza-mayor-que-deben-solicitar-la-prestacion-por-desempleo-para-sus-trabajadores\/\" \/>\n<meta property=\"og:locale\" content=\"es_ES\" \/>\n<meta property=\"og:type\" content=\"article\" \/>\n<meta property=\"og:title\" content=\"El Ministerio de Trabajo recuerda a las empresas en ERTE por fuerza mayor que deben solicitar la prestaci\u00f3n por desempleo para sus trabajadores. - Bolsarama - Informaci\u00f3n econ\u00f3mica actualizada - Bolsarama.es\" \/>\n<meta property=\"og:description\" content=\"\u00bfQu\u00e9 es un ERTE por fuerza mayor? Un Expediente de Regulaci\u00f3n Temporal de Empleo (ERTE) es una medida que pueden tomar las empresas en situaciones excepcionales. En este caso, estamos hablando de un ERTE por fuerza mayor, algo que se produce cuando ocurren fen\u00f3menos naturales, como inundaciones, que impiden el normal desarrollo de la actividad [&hellip;]\" \/>\n<meta property=\"og:url\" content=\"https:\/\/www.bolsarama.es\/bolsa\/el-ministerio-de-trabajo-recuerda-a-las-empresas-en-erte-por-fuerza-mayor-que-deben-solicitar-la-prestacion-por-desempleo-para-sus-trabajadores\/\" \/>\n<meta property=\"og:site_name\" content=\"Bolsarama - Informaci\u00f3n econ\u00f3mica actualizada - Bolsarama.es\" \/>\n<meta property=\"article:publisher\" content=\"https:\/\/www.facebook.com\/bolsarama.es\" \/>\n<meta property=\"article:published_time\" content=\"2024-11-23T14:31:02+00:00\" \/>\n<meta property=\"og:image\" content=\"https:\/\/www.bolsarama.es\/bolsa\/wp-content\/uploads\/2024\/11\/El-Ministerio-de-Trabajo-recuerda-a-las-empresas-en-ERTE.jpg\" \/>\n\t<meta property=\"og:image:width\" content=\"800\" \/>\n\t<meta property=\"og:image:height\" content=\"534\" \/>\n\t<meta property=\"og:image:type\" content=\"image\/jpeg\" \/>\n<meta name=\"author\" content=\"Paula\" \/>\n<meta name=\"twitter:card\" content=\"summary_large_image\" \/>\n<meta name=\"twitter:creator\" content=\"@Bolsarama_es\" \/>\n<meta name=\"twitter:site\" content=\"@Bolsarama_es\" \/>\n<meta name=\"twitter:label1\" content=\"Escrito por\" \/>\n\t<meta name=\"twitter:data1\" content=\"Paula\" \/>\n\t<meta name=\"twitter:label2\" content=\"Tiempo de lectura\" \/>\n\t<meta name=\"twitter:data2\" content=\"2 minutos\" \/>\n<script type=\"application\/ld+json\" class=\"yoast-schema-graph\">{\"@context\":\"https:\/\/schema.org\",\"@graph\":[{\"@type\":\"Article\",\"@id\":\"https:\/\/www.bolsarama.es\/bolsa\/el-ministerio-de-trabajo-recuerda-a-las-empresas-en-erte-por-fuerza-mayor-que-deben-solicitar-la-prestacion-por-desempleo-para-sus-trabajadores\/#article\",\"isPartOf\":{\"@id\":\"https:\/\/www.bolsarama.es\/bolsa\/el-ministerio-de-trabajo-recuerda-a-las-empresas-en-erte-por-fuerza-mayor-que-deben-solicitar-la-prestacion-por-desempleo-para-sus-trabajadores\/\"},\"author\":{\"name\":\"Paula\",\"@id\":\"https:\/\/www.bolsarama.es\/bolsa\/#\/schema\/person\/a34ab5b5c7d41d99c10a5c3564af3e43\"},\"headline\":\"El Ministerio de Trabajo recuerda a las empresas en ERTE por fuerza mayor que deben solicitar la prestaci\u00f3n por desempleo para sus trabajadores.\",\"datePublished\":\"2024-11-23T14:31:02+00:00\",\"dateModified\":\"2024-11-23T14:31:02+00:00\",\"mainEntityOfPage\":{\"@id\":\"https:\/\/www.bolsarama.es\/bolsa\/el-ministerio-de-trabajo-recuerda-a-las-empresas-en-erte-por-fuerza-mayor-que-deben-solicitar-la-prestacion-por-desempleo-para-sus-trabajadores\/\"},\"wordCount\":392,\"commentCount\":0,\"publisher\":{\"@id\":\"https:\/\/www.bolsarama.es\/bolsa\/#organization\"},\"image\":{\"@id\":\"https:\/\/www.bolsarama.es\/bolsa\/el-ministerio-de-trabajo-recuerda-a-las-empresas-en-erte-por-fuerza-mayor-que-deben-solicitar-la-prestacion-por-desempleo-para-sus-trabajadores\/#primaryimage\"},\"thumbnailUrl\":\"https:\/\/www.bolsarama.es\/bolsa\/wp-content\/uploads\/2024\/11\/El-Ministerio-de-Trabajo-recuerda-a-las-empresas-en-ERTE.jpg\",\"inLanguage\":\"es\",\"potentialAction\":[{\"@type\":\"CommentAction\",\"name\":\"Comment\",\"target\":[\"https:\/\/www.bolsarama.es\/bolsa\/el-ministerio-de-trabajo-recuerda-a-las-empresas-en-erte-por-fuerza-mayor-que-deben-solicitar-la-prestacion-por-desempleo-para-sus-trabajadores\/#respond\"]}]},{\"@type\":\"WebPage\",\"@id\":\"https:\/\/www.bolsarama.es\/bolsa\/el-ministerio-de-trabajo-recuerda-a-las-empresas-en-erte-por-fuerza-mayor-que-deben-solicitar-la-prestacion-por-desempleo-para-sus-trabajadores\/\",\"url\":\"https:\/\/www.bolsarama.es\/bolsa\/el-ministerio-de-trabajo-recuerda-a-las-empresas-en-erte-por-fuerza-mayor-que-deben-solicitar-la-prestacion-por-desempleo-para-sus-trabajadores\/\",\"name\":\"El Ministerio de Trabajo recuerda a las empresas en ERTE por fuerza mayor que deben solicitar la prestaci\u00f3n por desempleo para sus trabajadores. - Bolsarama - Informaci\u00f3n econ\u00f3mica actualizada - Bolsarama.es\",\"isPartOf\":{\"@id\":\"https:\/\/www.bolsarama.es\/bolsa\/#website\"},\"primaryImageOfPage\":{\"@id\":\"https:\/\/www.bolsarama.es\/bolsa\/el-ministerio-de-trabajo-recuerda-a-las-empresas-en-erte-por-fuerza-mayor-que-deben-solicitar-la-prestacion-por-desempleo-para-sus-trabajadores\/#primaryimage\"},\"image\":{\"@id\":\"https:\/\/www.bolsarama.es\/bolsa\/el-ministerio-de-trabajo-recuerda-a-las-empresas-en-erte-por-fuerza-mayor-que-deben-solicitar-la-prestacion-por-desempleo-para-sus-trabajadores\/#primaryimage\"},\"thumbnailUrl\":\"https:\/\/www.bolsarama.es\/bolsa\/wp-content\/uploads\/2024\/11\/El-Ministerio-de-Trabajo-recuerda-a-las-empresas-en-ERTE.jpg\",\"datePublished\":\"2024-11-23T14:31:02+00:00\",\"dateModified\":\"2024-11-23T14:31:02+00:00\",\"breadcrumb\":{\"@id\":\"https:\/\/www.bolsarama.es\/bolsa\/el-ministerio-de-trabajo-recuerda-a-las-empresas-en-erte-por-fuerza-mayor-que-deben-solicitar-la-prestacion-por-desempleo-para-sus-trabajadores\/#breadcrumb\"},\"inLanguage\":\"es\",\"potentialAction\":[{\"@type\":\"ReadAction\",\"target\":[\"https:\/\/www.bolsarama.es\/bolsa\/el-ministerio-de-trabajo-recuerda-a-las-empresas-en-erte-por-fuerza-mayor-que-deben-solicitar-la-prestacion-por-desempleo-para-sus-trabajadores\/\"]}]},{\"@type\":\"ImageObject\",\"inLanguage\":\"es\",\"@id\":\"https:\/\/www.bolsarama.es\/bolsa\/el-ministerio-de-trabajo-recuerda-a-las-empresas-en-erte-por-fuerza-mayor-que-deben-solicitar-la-prestacion-por-desempleo-para-sus-trabajadores\/#primaryimage\",\"url\":\"https:\/\/www.bolsarama.es\/bolsa\/wp-content\/uploads\/2024\/11\/El-Ministerio-de-Trabajo-recuerda-a-las-empresas-en-ERTE.jpg\",\"contentUrl\":\"https:\/\/www.bolsarama.es\/bolsa\/wp-content\/uploads\/2024\/11\/El-Ministerio-de-Trabajo-recuerda-a-las-empresas-en-ERTE.jpg\",\"width\":800,\"height\":534,\"caption\":\"Econom\u00eda.- Trabajo recuerda que las empresas en ERTE de fuerza mayor deben solicitar desempleo para sus trabajadores\"},{\"@type\":\"BreadcrumbList\",\"@id\":\"https:\/\/www.bolsarama.es\/bolsa\/el-ministerio-de-trabajo-recuerda-a-las-empresas-en-erte-por-fuerza-mayor-que-deben-solicitar-la-prestacion-por-desempleo-para-sus-trabajadores\/#breadcrumb\",\"itemListElement\":[{\"@type\":\"ListItem\",\"position\":1,\"name\":\"Bolsa\",\"item\":\"https:\/\/www.bolsarama.es\/bolsa\/\"},{\"@type\":\"ListItem\",\"position\":2,\"name\":\"El Ministerio de Trabajo recuerda a las empresas en ERTE por fuerza mayor que deben solicitar la prestaci\u00f3n por desempleo para sus trabajadores.\"}]},{\"@type\":\"WebSite\",\"@id\":\"https:\/\/www.bolsarama.es\/bolsa\/#website\",\"url\":\"https:\/\/www.bolsarama.es\/bolsa\/\",\"name\":\"Bolsarama\",\"description\":\"\",\"publisher\":{\"@id\":\"https:\/\/www.bolsarama.es\/bolsa\/#organization\"},\"potentialAction\":[{\"@type\":\"SearchAction\",\"target\":{\"@type\":\"EntryPoint\",\"urlTemplate\":\"https:\/\/www.bolsarama.es\/bolsa\/?s={search_term_string}\"},\"query-input\":{\"@type\":\"PropertyValueSpecification\",\"valueRequired\":true,\"valueName\":\"search_term_string\"}}],\"inLanguage\":\"es\"},{\"@type\":\"Organization\",\"@id\":\"https:\/\/www.bolsarama.es\/bolsa\/#organization\",\"name\":\"Bolsarama\",\"url\":\"https:\/\/www.bolsarama.es\/bolsa\/\",\"logo\":{\"@type\":\"ImageObject\",\"inLanguage\":\"es\",\"@id\":\"https:\/\/www.bolsarama.es\/bolsa\/#\/schema\/logo\/image\/\",\"url\":\"https:\/\/www.bolsarama.es\/bolsa\/wp-content\/uploads\/2023\/10\/logo-bolsarama.png\",\"contentUrl\":\"https:\/\/www.bolsarama.es\/bolsa\/wp-content\/uploads\/2023\/10\/logo-bolsarama.png\",\"width\":300,\"height\":50,\"caption\":\"Bolsarama\"},\"image\":{\"@id\":\"https:\/\/www.bolsarama.es\/bolsa\/#\/schema\/logo\/image\/\"},\"sameAs\":[\"https:\/\/www.facebook.com\/bolsarama.es\",\"https:\/\/x.com\/Bolsarama_es\"]},{\"@type\":\"Person\",\"@id\":\"https:\/\/www.bolsarama.es\/bolsa\/#\/schema\/person\/a34ab5b5c7d41d99c10a5c3564af3e43\",\"name\":\"Paula\",\"image\":{\"@type\":\"ImageObject\",\"inLanguage\":\"es\",\"@id\":\"https:\/\/www.bolsarama.es\/bolsa\/#\/schema\/person\/image\/\",\"url\":\"https:\/\/www.bolsarama.es\/bolsa\/wp-content\/litespeed\/avatar\/d6404594800e2b580b751c6bb2eb5f4f.jpg?ver=1777428602\",\"contentUrl\":\"https:\/\/www.bolsarama.es\/bolsa\/wp-content\/litespeed\/avatar\/d6404594800e2b580b751c6bb2eb5f4f.jpg?ver=1777428602\",\"caption\":\"Paula\"},\"url\":\"https:\/\/www.bolsarama.es\/bolsa\/author\/paula\/\"}]}<\/script>\n<!-- \/ Yoast SEO plugin. -->","yoast_head_json":{"title":"El Ministerio de Trabajo recuerda a las empresas en ERTE por fuerza mayor que deben solicitar la prestaci\u00f3n por desempleo para sus trabajadores. - Bolsarama - Informaci\u00f3n econ\u00f3mica actualizada - Bolsarama.es","robots":{"index":"index","follow":"follow","max-snippet":"max-snippet:-1","max-image-preview":"max-image-preview:large","max-video-preview":"max-video-preview:-1"},"canonical":"https:\/\/www.bolsarama.es\/bolsa\/el-ministerio-de-trabajo-recuerda-a-las-empresas-en-erte-por-fuerza-mayor-que-deben-solicitar-la-prestacion-por-desempleo-para-sus-trabajadores\/","og_locale":"es_ES","og_type":"article","og_title":"El Ministerio de Trabajo recuerda a las empresas en ERTE por fuerza mayor que deben solicitar la prestaci\u00f3n por desempleo para sus trabajadores. - Bolsarama - Informaci\u00f3n econ\u00f3mica actualizada - Bolsarama.es","og_description":"\u00bfQu\u00e9 es un ERTE por fuerza mayor? Un Expediente de Regulaci\u00f3n Temporal de Empleo (ERTE) es una medida que pueden tomar las empresas en situaciones excepcionales. En este caso, estamos hablando de un ERTE por fuerza mayor, algo que se produce cuando ocurren fen\u00f3menos naturales, como inundaciones, que impiden el normal desarrollo de la actividad [&hellip;]","og_url":"https:\/\/www.bolsarama.es\/bolsa\/el-ministerio-de-trabajo-recuerda-a-las-empresas-en-erte-por-fuerza-mayor-que-deben-solicitar-la-prestacion-por-desempleo-para-sus-trabajadores\/","og_site_name":"Bolsarama - Informaci\u00f3n econ\u00f3mica actualizada - Bolsarama.es","article_publisher":"https:\/\/www.facebook.com\/bolsarama.es","article_published_time":"2024-11-23T14:31:02+00:00","og_image":[{"width":800,"height":534,"url":"https:\/\/www.bolsarama.es\/bolsa\/wp-content\/uploads\/2024\/11\/El-Ministerio-de-Trabajo-recuerda-a-las-empresas-en-ERTE.jpg","type":"image\/jpeg"}],"author":"Paula","twitter_card":"summary_large_image","twitter_creator":"@Bolsarama_es","twitter_site":"@Bolsarama_es","twitter_misc":{"Escrito por":"Paula","Tiempo de lectura":"2 minutos"},"schema":{"@context":"https:\/\/schema.org","@graph":[{"@type":"Article","@id":"https:\/\/www.bolsarama.es\/bolsa\/el-ministerio-de-trabajo-recuerda-a-las-empresas-en-erte-por-fuerza-mayor-que-deben-solicitar-la-prestacion-por-desempleo-para-sus-trabajadores\/#article","isPartOf":{"@id":"https:\/\/www.bolsarama.es\/bolsa\/el-ministerio-de-trabajo-recuerda-a-las-empresas-en-erte-por-fuerza-mayor-que-deben-solicitar-la-prestacion-por-desempleo-para-sus-trabajadores\/"},"author":{"name":"Paula","@id":"https:\/\/www.bolsarama.es\/bolsa\/#\/schema\/person\/a34ab5b5c7d41d99c10a5c3564af3e43"},"headline":"El Ministerio de Trabajo recuerda a las empresas en ERTE por fuerza mayor que deben solicitar la prestaci\u00f3n por desempleo para sus trabajadores.","datePublished":"2024-11-23T14:31:02+00:00","dateModified":"2024-11-23T14:31:02+00:00","mainEntityOfPage":{"@id":"https:\/\/www.bolsarama.es\/bolsa\/el-ministerio-de-trabajo-recuerda-a-las-empresas-en-erte-por-fuerza-mayor-que-deben-solicitar-la-prestacion-por-desempleo-para-sus-trabajadores\/"},"wordCount":392,"commentCount":0,"publisher":{"@id":"https:\/\/www.bolsarama.es\/bolsa\/#organization"},"image":{"@id":"https:\/\/www.bolsarama.es\/bolsa\/el-ministerio-de-trabajo-recuerda-a-las-empresas-en-erte-por-fuerza-mayor-que-deben-solicitar-la-prestacion-por-desempleo-para-sus-trabajadores\/#primaryimage"},"thumbnailUrl":"https:\/\/www.bolsarama.es\/bolsa\/wp-content\/uploads\/2024\/11\/El-Ministerio-de-Trabajo-recuerda-a-las-empresas-en-ERTE.jpg","inLanguage":"es","potentialAction":[{"@type":"CommentAction","name":"Comment","target":["https:\/\/www.bolsarama.es\/bolsa\/el-ministerio-de-trabajo-recuerda-a-las-empresas-en-erte-por-fuerza-mayor-que-deben-solicitar-la-prestacion-por-desempleo-para-sus-trabajadores\/#respond"]}]},{"@type":"WebPage","@id":"https:\/\/www.bolsarama.es\/bolsa\/el-ministerio-de-trabajo-recuerda-a-las-empresas-en-erte-por-fuerza-mayor-que-deben-solicitar-la-prestacion-por-desempleo-para-sus-trabajadores\/","url":"https:\/\/www.bolsarama.es\/bolsa\/el-ministerio-de-trabajo-recuerda-a-las-empresas-en-erte-por-fuerza-mayor-que-deben-solicitar-la-prestacion-por-desempleo-para-sus-trabajadores\/","name":"El Ministerio de Trabajo recuerda a las empresas en ERTE por fuerza mayor que deben solicitar la prestaci\u00f3n por desempleo para sus trabajadores. - Bolsarama - Informaci\u00f3n econ\u00f3mica actualizada - Bolsarama.es","isPartOf":{"@id":"https:\/\/www.bolsarama.es\/bolsa\/#website"},"primaryImageOfPage":{"@id":"https:\/\/www.bolsarama.es\/bolsa\/el-ministerio-de-trabajo-recuerda-a-las-empresas-en-erte-por-fuerza-mayor-que-deben-solicitar-la-prestacion-por-desempleo-para-sus-trabajadores\/#primaryimage"},"image":{"@id":"https:\/\/www.bolsarama.es\/bolsa\/el-ministerio-de-trabajo-recuerda-a-las-empresas-en-erte-por-fuerza-mayor-que-deben-solicitar-la-prestacion-por-desempleo-para-sus-trabajadores\/#primaryimage"},"thumbnailUrl":"https:\/\/www.bolsarama.es\/bolsa\/wp-content\/uploads\/2024\/11\/El-Ministerio-de-Trabajo-recuerda-a-las-empresas-en-ERTE.jpg","datePublished":"2024-11-23T14:31:02+00:00","dateModified":"2024-11-23T14:31:02+00:00","breadcrumb":{"@id":"https:\/\/www.bolsarama.es\/bolsa\/el-ministerio-de-trabajo-recuerda-a-las-empresas-en-erte-por-fuerza-mayor-que-deben-solicitar-la-prestacion-por-desempleo-para-sus-trabajadores\/#breadcrumb"},"inLanguage":"es","potentialAction":[{"@type":"ReadAction","target":["https:\/\/www.bolsarama.es\/bolsa\/el-ministerio-de-trabajo-recuerda-a-las-empresas-en-erte-por-fuerza-mayor-que-deben-solicitar-la-prestacion-por-desempleo-para-sus-trabajadores\/"]}]},{"@type":"ImageObject","inLanguage":"es","@id":"https:\/\/www.bolsarama.es\/bolsa\/el-ministerio-de-trabajo-recuerda-a-las-empresas-en-erte-por-fuerza-mayor-que-deben-solicitar-la-prestacion-por-desempleo-para-sus-trabajadores\/#primaryimage","url":"https:\/\/www.bolsarama.es\/bolsa\/wp-content\/uploads\/2024\/11\/El-Ministerio-de-Trabajo-recuerda-a-las-empresas-en-ERTE.jpg","contentUrl":"https:\/\/www.bolsarama.es\/bolsa\/wp-content\/uploads\/2024\/11\/El-Ministerio-de-Trabajo-recuerda-a-las-empresas-en-ERTE.jpg","width":800,"height":534,"caption":"Econom\u00eda.- Trabajo recuerda que las empresas en ERTE de fuerza mayor deben solicitar desempleo para sus trabajadores"},{"@type":"BreadcrumbList","@id":"https:\/\/www.bolsarama.es\/bolsa\/el-ministerio-de-trabajo-recuerda-a-las-empresas-en-erte-por-fuerza-mayor-que-deben-solicitar-la-prestacion-por-desempleo-para-sus-trabajadores\/#breadcrumb","itemListElement":[{"@type":"ListItem","position":1,"name":"Bolsa","item":"https:\/\/www.bolsarama.es\/bolsa\/"},{"@type":"ListItem","position":2,"name":"El Ministerio de Trabajo recuerda a las empresas en ERTE por fuerza mayor que deben solicitar la prestaci\u00f3n por desempleo para sus trabajadores."}]},{"@type":"WebSite","@id":"https:\/\/www.bolsarama.es\/bolsa\/#website","url":"https:\/\/www.bolsarama.es\/bolsa\/","name":"Bolsarama","description":"","publisher":{"@id":"https:\/\/www.bolsarama.es\/bolsa\/#organization"},"potentialAction":[{"@type":"SearchAction","target":{"@type":"EntryPoint","urlTemplate":"https:\/\/www.bolsarama.es\/bolsa\/?s={search_term_string}"},"query-input":{"@type":"PropertyValueSpecification","valueRequired":true,"valueName":"search_term_string"}}],"inLanguage":"es"},{"@type":"Organization","@id":"https:\/\/www.bolsarama.es\/bolsa\/#organization","name":"Bolsarama","url":"https:\/\/www.bolsarama.es\/bolsa\/","logo":{"@type":"ImageObject","inLanguage":"es","@id":"https:\/\/www.bolsarama.es\/bolsa\/#\/schema\/logo\/image\/","url":"https:\/\/www.bolsarama.es\/bolsa\/wp-content\/uploads\/2023\/10\/logo-bolsarama.png","contentUrl":"https:\/\/www.bolsarama.es\/bolsa\/wp-content\/uploads\/2023\/10\/logo-bolsarama.png","width":300,"height":50,"caption":"Bolsarama"},"image":{"@id":"https:\/\/www.bolsarama.es\/bolsa\/#\/schema\/logo\/image\/"},"sameAs":["https:\/\/www.facebook.com\/bolsarama.es","https:\/\/x.com\/Bolsarama_es"]},{"@type":"Person","@id":"https:\/\/www.bolsarama.es\/bolsa\/#\/schema\/person\/a34ab5b5c7d41d99c10a5c3564af3e43","name":"Paula","image":{"@type":"ImageObject","inLanguage":"es","@id":"https:\/\/www.bolsarama.es\/bolsa\/#\/schema\/person\/image\/","url":"https:\/\/www.bolsarama.es\/bolsa\/wp-content\/litespeed\/avatar\/d6404594800e2b580b751c6bb2eb5f4f.jpg?ver=1777428602","contentUrl":"https:\/\/www.bolsarama.es\/bolsa\/wp-content\/litespeed\/avatar\/d6404594800e2b580b751c6bb2eb5f4f.jpg?ver=1777428602","caption":"Paula"},"url":"https:\/\/www.bolsarama.es\/bolsa\/author\/paula\/"}]}},"_links":{"self":[{"href":"https:\/\/www.bolsarama.es\/bolsa\/wp-json\/wp\/v2\/posts\/604","targetHints":{"allow":["GET"]}}],"collection":[{"href":"https:\/\/www.bolsarama.es\/bolsa\/wp-json\/wp\/v2\/posts"}],"about":[{"href":"https:\/\/www.bolsarama.es\/bolsa\/wp-json\/wp\/v2\/types\/post"}],"author":[{"embeddable":true,"href":"https:\/\/www.bolsarama.es\/bolsa\/wp-json\/wp\/v2\/users\/2"}],"replies":[{"embeddable":true,"href":"https:\/\/www.bolsarama.es\/bolsa\/wp-json\/wp\/v2\/comments?post=604"}],"version-history":[{"count":1,"href":"https:\/\/www.bolsarama.es\/bolsa\/wp-json\/wp\/v2\/posts\/604\/revisions"}],"predecessor-version":[{"id":606,"href":"https:\/\/www.bolsarama.es\/bolsa\/wp-json\/wp\/v2\/posts\/604\/revisions\/606"}],"wp:featuredmedia":[{"embeddable":true,"href":"https:\/\/www.bolsarama.es\/bolsa\/wp-json\/wp\/v2\/media\/605"}],"wp:attachment":[{"href":"https:\/\/www.bolsarama.es\/bolsa\/wp-json\/wp\/v2\/media?parent=604"}],"wp:term":[{"taxonomy":"category","embeddable":true,"href":"https:\/\/www.bolsarama.es\/bolsa\/wp-json\/wp\/v2\/categories?post=604"},{"taxonomy":"post_tag","embeddable":true,"href":"https:\/\/www.bolsarama.es\/bolsa\/wp-json\/wp\/v2\/tags?post=604"}],"curies":[{"name":"wp","href":"https:\/\/api.w.org\/{rel}","templated":true}]}}