{"id":615,"date":"2024-11-23T19:50:45","date_gmt":"2024-11-23T18:50:45","guid":{"rendered":"https:\/\/www.bolsarama.es\/bolsa\/?p=615"},"modified":"2024-11-23T19:50:45","modified_gmt":"2024-11-23T18:50:45","slug":"se-planea-reducir-la-jornada-laboral-en-un-acuerdo-con-los-sindicatos-y-el-martes-se-convocara-una-reunion-con-expertos-para-discutir-un-aumento-del-salario-minimo-interprofesional","status":"publish","type":"post","link":"https:\/\/www.bolsarama.es\/bolsa\/se-planea-reducir-la-jornada-laboral-en-un-acuerdo-con-los-sindicatos-y-el-martes-se-convocara-una-reunion-con-expertos-para-discutir-un-aumento-del-salario-minimo-interprofesional\/","title":{"rendered":"Se planea reducir la jornada laboral en un acuerdo con los sindicatos, y el martes se convocar\u00e1 una reuni\u00f3n con expertos para discutir un aumento del salario m\u00ednimo interprofesional."},"content":{"rendered":"<div>\n<p>En la nueva era laboral que se avecina en Espa\u00f1a, se proyecta una significativa transformaci\u00f3n del panorama laboral. La vicepresidenta segunda del Gobierno y ministra de Trabajo, Yolanda D\u00edaz, ha anunciado recientemente dos medidas de gran alcance que prometen cambiar el panorama laboral espa\u00f1ol. En los pr\u00f3ximos d\u00edas, se espera alcanzar un acuerdo con los sindicatos para reducir la jornada laboral a 37,5 horas semanales y subir el Salario M\u00ednimo Profesional (SMI).<\/p>\n<h2>El Futuro del Trabajo: Reducci\u00f3n de la Jornada Laboral<\/h2>\n<p><\/p>\n<p>La reducci\u00f3n de la jornada laboral, es, sin duda, una de las propuestas que m\u00e1s va a transformar nuestra forma de trabajar. \u00abLlega un nuevo tiempo que se llama nada m\u00e1s y nada menos que reducci\u00f3n de la jornada laboral\u00bb, ha afirmado Yolanda D\u00edaz. Este cambio, anunciado como una \u00abmedida por excelencia\u00bb y \u00abde car\u00e1cter transversal\u00bb, se propone para mejorar la calidad de vida de los trabajadores, promoviendo la salud mental y luchando contra la emergencia clim\u00e1tica.<\/p>\n<h3>Beneficios de la Reducci\u00f3n de la Jornada Laboral<\/h3>\n<p><\/p>\n<p>Adem\u00e1s de mejorar la calidad de vida de los trabajadores, la reducci\u00f3n de la jornada laboral trae consigo una serie de beneficios adicionales. Se espera que esta medida ayude a reducir la huella ecol\u00f3gica, ganar tiempo de vida y aumentar la productividad. En efecto, esta medida, junto con la subida del SMI, cierra \u00abun c\u00edrculo potente\u00bb en las pol\u00edticas laborales del pa\u00eds.<\/p>\n<h2>Subida del Salario M\u00ednimo Profesional<\/h2>\n<p><\/p>\n<p>Por otro lado, el gobierno tambi\u00e9n tiene previsto convocar a la mesa de expertos para \u00abvolver a subir el Salario M\u00ednimo Interprofesional\u00bb. Esta medida, que promete mejorar la posici\u00f3n salarial de miles de trabajadores en todo el pa\u00eds, es otra muestra del compromiso del gobierno con la mejora de las condiciones laborales de los trabajadores.<\/p>\n<h3>Impacto en Galicia: Mejora Salarial para 136.000 Trabajadores<\/h3>\n<p><\/p>\n<p>En particular, en Galicia, se estima que alrededor de 136.000 trabajadores ver\u00e1n mejorada su posici\u00f3n salarial gracias a la subida del SMI. Esta es una clara muestra del impacto positivo que estas medidas pueden tener en la vida de miles de personas en todo el pa\u00eds.<\/p>\n<h4>En Resumen<\/h4>\n<p><\/p>\n<p>La reducci\u00f3n de la jornada laboral y la subida del SMI son medidas que prometen cambiar el panorama laboral espa\u00f1ol. Estas medidas, que buscan mejorar la calidad de vida de los trabajadores y aumentar la productividad, son un claro ejemplo de c\u00f3mo el gobierno est\u00e1 trabajando para crear un entorno laboral m\u00e1s justo y equitativo.<\/p>\n<p>\n<\/div>\n","protected":false},"excerpt":{"rendered":"<p>En la nueva era laboral que se avecina en Espa\u00f1a, se proyecta una significativa transformaci\u00f3n del panorama laboral. La vicepresidenta segunda del Gobierno y ministra de Trabajo, Yolanda D\u00edaz, ha anunciado recientemente dos medidas de gran alcance que prometen cambiar el panorama laboral espa\u00f1ol. En los pr\u00f3ximos d\u00edas, se espera alcanzar un acuerdo con los [&hellip;]<\/p>\n","protected":false},"author":2,"featured_media":0,"comment_status":"open","ping_status":"open","sticky":false,"template":"","format":"standard","meta":{"footnotes":""},"categories":[1],"tags":[],"class_list":["post-615","post","type-post","status-publish","format-standard","hentry","category-sin-categoria"],"yoast_head":"<!-- This site is optimized with the Yoast SEO plugin v23.6 - https:\/\/yoast.com\/wordpress\/plugins\/seo\/ -->\n<title>Se planea reducir la jornada laboral en un acuerdo con los sindicatos, y el martes se convocar\u00e1 una reuni\u00f3n con expertos para discutir un aumento del salario m\u00ednimo interprofesional. - Bolsarama - Informaci\u00f3n econ\u00f3mica actualizada - Bolsarama.es<\/title>\n<meta name=\"robots\" content=\"index, follow, max-snippet:-1, max-image-preview:large, max-video-preview:-1\" \/>\n<link rel=\"canonical\" href=\"https:\/\/www.bolsarama.es\/bolsa\/se-planea-reducir-la-jornada-laboral-en-un-acuerdo-con-los-sindicatos-y-el-martes-se-convocara-una-reunion-con-expertos-para-discutir-un-aumento-del-salario-minimo-interprofesional\/\" \/>\n<meta property=\"og:locale\" content=\"es_ES\" \/>\n<meta property=\"og:type\" content=\"article\" \/>\n<meta property=\"og:title\" content=\"Se planea reducir la jornada laboral en un acuerdo con los sindicatos, y el martes se convocar\u00e1 una reuni\u00f3n con expertos para discutir un aumento del salario m\u00ednimo interprofesional. - Bolsarama - Informaci\u00f3n econ\u00f3mica actualizada - Bolsarama.es\" \/>\n<meta property=\"og:description\" content=\"En la nueva era laboral que se avecina en Espa\u00f1a, se proyecta una significativa transformaci\u00f3n del panorama laboral. La vicepresidenta segunda del Gobierno y ministra de Trabajo, Yolanda D\u00edaz, ha anunciado recientemente dos medidas de gran alcance que prometen cambiar el panorama laboral espa\u00f1ol. En los pr\u00f3ximos d\u00edas, se espera alcanzar un acuerdo con los [&hellip;]\" \/>\n<meta property=\"og:url\" content=\"https:\/\/www.bolsarama.es\/bolsa\/se-planea-reducir-la-jornada-laboral-en-un-acuerdo-con-los-sindicatos-y-el-martes-se-convocara-una-reunion-con-expertos-para-discutir-un-aumento-del-salario-minimo-interprofesional\/\" \/>\n<meta property=\"og:site_name\" content=\"Bolsarama - Informaci\u00f3n econ\u00f3mica actualizada - Bolsarama.es\" \/>\n<meta property=\"article:publisher\" content=\"https:\/\/www.facebook.com\/bolsarama.es\" \/>\n<meta property=\"article:published_time\" content=\"2024-11-23T18:50:45+00:00\" \/>\n<meta name=\"author\" content=\"Paula\" \/>\n<meta name=\"twitter:card\" content=\"summary_large_image\" \/>\n<meta name=\"twitter:creator\" content=\"@Bolsarama_es\" \/>\n<meta name=\"twitter:site\" content=\"@Bolsarama_es\" \/>\n<meta name=\"twitter:label1\" content=\"Escrito por\" \/>\n\t<meta name=\"twitter:data1\" content=\"Paula\" \/>\n\t<meta name=\"twitter:label2\" content=\"Tiempo de lectura\" \/>\n\t<meta name=\"twitter:data2\" content=\"2 minutos\" \/>\n<script type=\"application\/ld+json\" class=\"yoast-schema-graph\">{\"@context\":\"https:\/\/schema.org\",\"@graph\":[{\"@type\":\"Article\",\"@id\":\"https:\/\/www.bolsarama.es\/bolsa\/se-planea-reducir-la-jornada-laboral-en-un-acuerdo-con-los-sindicatos-y-el-martes-se-convocara-una-reunion-con-expertos-para-discutir-un-aumento-del-salario-minimo-interprofesional\/#article\",\"isPartOf\":{\"@id\":\"https:\/\/www.bolsarama.es\/bolsa\/se-planea-reducir-la-jornada-laboral-en-un-acuerdo-con-los-sindicatos-y-el-martes-se-convocara-una-reunion-con-expertos-para-discutir-un-aumento-del-salario-minimo-interprofesional\/\"},\"author\":{\"name\":\"Paula\",\"@id\":\"https:\/\/www.bolsarama.es\/bolsa\/#\/schema\/person\/a34ab5b5c7d41d99c10a5c3564af3e43\"},\"headline\":\"Se planea reducir la jornada laboral en un acuerdo con los sindicatos, y el martes se convocar\u00e1 una reuni\u00f3n con expertos para discutir un aumento del salario m\u00ednimo interprofesional.\",\"datePublished\":\"2024-11-23T18:50:45+00:00\",\"dateModified\":\"2024-11-23T18:50:45+00:00\",\"mainEntityOfPage\":{\"@id\":\"https:\/\/www.bolsarama.es\/bolsa\/se-planea-reducir-la-jornada-laboral-en-un-acuerdo-con-los-sindicatos-y-el-martes-se-convocara-una-reunion-con-expertos-para-discutir-un-aumento-del-salario-minimo-interprofesional\/\"},\"wordCount\":461,\"commentCount\":0,\"publisher\":{\"@id\":\"https:\/\/www.bolsarama.es\/bolsa\/#organization\"},\"inLanguage\":\"es\",\"potentialAction\":[{\"@type\":\"CommentAction\",\"name\":\"Comment\",\"target\":[\"https:\/\/www.bolsarama.es\/bolsa\/se-planea-reducir-la-jornada-laboral-en-un-acuerdo-con-los-sindicatos-y-el-martes-se-convocara-una-reunion-con-expertos-para-discutir-un-aumento-del-salario-minimo-interprofesional\/#respond\"]}]},{\"@type\":\"WebPage\",\"@id\":\"https:\/\/www.bolsarama.es\/bolsa\/se-planea-reducir-la-jornada-laboral-en-un-acuerdo-con-los-sindicatos-y-el-martes-se-convocara-una-reunion-con-expertos-para-discutir-un-aumento-del-salario-minimo-interprofesional\/\",\"url\":\"https:\/\/www.bolsarama.es\/bolsa\/se-planea-reducir-la-jornada-laboral-en-un-acuerdo-con-los-sindicatos-y-el-martes-se-convocara-una-reunion-con-expertos-para-discutir-un-aumento-del-salario-minimo-interprofesional\/\",\"name\":\"Se planea reducir la jornada laboral en un acuerdo con los sindicatos, y el martes se convocar\u00e1 una reuni\u00f3n con expertos para discutir un aumento del salario m\u00ednimo interprofesional. - Bolsarama - Informaci\u00f3n econ\u00f3mica actualizada - Bolsarama.es\",\"isPartOf\":{\"@id\":\"https:\/\/www.bolsarama.es\/bolsa\/#website\"},\"datePublished\":\"2024-11-23T18:50:45+00:00\",\"dateModified\":\"2024-11-23T18:50:45+00:00\",\"breadcrumb\":{\"@id\":\"https:\/\/www.bolsarama.es\/bolsa\/se-planea-reducir-la-jornada-laboral-en-un-acuerdo-con-los-sindicatos-y-el-martes-se-convocara-una-reunion-con-expertos-para-discutir-un-aumento-del-salario-minimo-interprofesional\/#breadcrumb\"},\"inLanguage\":\"es\",\"potentialAction\":[{\"@type\":\"ReadAction\",\"target\":[\"https:\/\/www.bolsarama.es\/bolsa\/se-planea-reducir-la-jornada-laboral-en-un-acuerdo-con-los-sindicatos-y-el-martes-se-convocara-una-reunion-con-expertos-para-discutir-un-aumento-del-salario-minimo-interprofesional\/\"]}]},{\"@type\":\"BreadcrumbList\",\"@id\":\"https:\/\/www.bolsarama.es\/bolsa\/se-planea-reducir-la-jornada-laboral-en-un-acuerdo-con-los-sindicatos-y-el-martes-se-convocara-una-reunion-con-expertos-para-discutir-un-aumento-del-salario-minimo-interprofesional\/#breadcrumb\",\"itemListElement\":[{\"@type\":\"ListItem\",\"position\":1,\"name\":\"Bolsa\",\"item\":\"https:\/\/www.bolsarama.es\/bolsa\/\"},{\"@type\":\"ListItem\",\"position\":2,\"name\":\"Se planea reducir la jornada laboral en un acuerdo con los sindicatos, y el martes se convocar\u00e1 una reuni\u00f3n con expertos para discutir un aumento del salario m\u00ednimo interprofesional.\"}]},{\"@type\":\"WebSite\",\"@id\":\"https:\/\/www.bolsarama.es\/bolsa\/#website\",\"url\":\"https:\/\/www.bolsarama.es\/bolsa\/\",\"name\":\"Bolsarama\",\"description\":\"\",\"publisher\":{\"@id\":\"https:\/\/www.bolsarama.es\/bolsa\/#organization\"},\"potentialAction\":[{\"@type\":\"SearchAction\",\"target\":{\"@type\":\"EntryPoint\",\"urlTemplate\":\"https:\/\/www.bolsarama.es\/bolsa\/?s={search_term_string}\"},\"query-input\":{\"@type\":\"PropertyValueSpecification\",\"valueRequired\":true,\"valueName\":\"search_term_string\"}}],\"inLanguage\":\"es\"},{\"@type\":\"Organization\",\"@id\":\"https:\/\/www.bolsarama.es\/bolsa\/#organization\",\"name\":\"Bolsarama\",\"url\":\"https:\/\/www.bolsarama.es\/bolsa\/\",\"logo\":{\"@type\":\"ImageObject\",\"inLanguage\":\"es\",\"@id\":\"https:\/\/www.bolsarama.es\/bolsa\/#\/schema\/logo\/image\/\",\"url\":\"https:\/\/www.bolsarama.es\/bolsa\/wp-content\/uploads\/2023\/10\/logo-bolsarama.png\",\"contentUrl\":\"https:\/\/www.bolsarama.es\/bolsa\/wp-content\/uploads\/2023\/10\/logo-bolsarama.png\",\"width\":300,\"height\":50,\"caption\":\"Bolsarama\"},\"image\":{\"@id\":\"https:\/\/www.bolsarama.es\/bolsa\/#\/schema\/logo\/image\/\"},\"sameAs\":[\"https:\/\/www.facebook.com\/bolsarama.es\",\"https:\/\/x.com\/Bolsarama_es\"]},{\"@type\":\"Person\",\"@id\":\"https:\/\/www.bolsarama.es\/bolsa\/#\/schema\/person\/a34ab5b5c7d41d99c10a5c3564af3e43\",\"name\":\"Paula\",\"image\":{\"@type\":\"ImageObject\",\"inLanguage\":\"es\",\"@id\":\"https:\/\/www.bolsarama.es\/bolsa\/#\/schema\/person\/image\/\",\"url\":\"https:\/\/www.bolsarama.es\/bolsa\/wp-content\/litespeed\/avatar\/d6404594800e2b580b751c6bb2eb5f4f.jpg?ver=1777428602\",\"contentUrl\":\"https:\/\/www.bolsarama.es\/bolsa\/wp-content\/litespeed\/avatar\/d6404594800e2b580b751c6bb2eb5f4f.jpg?ver=1777428602\",\"caption\":\"Paula\"},\"url\":\"https:\/\/www.bolsarama.es\/bolsa\/author\/paula\/\"}]}<\/script>\n<!-- \/ Yoast SEO plugin. -->","yoast_head_json":{"title":"Se planea reducir la jornada laboral en un acuerdo con los sindicatos, y el martes se convocar\u00e1 una reuni\u00f3n con expertos para discutir un aumento del salario m\u00ednimo interprofesional. - Bolsarama - Informaci\u00f3n econ\u00f3mica actualizada - Bolsarama.es","robots":{"index":"index","follow":"follow","max-snippet":"max-snippet:-1","max-image-preview":"max-image-preview:large","max-video-preview":"max-video-preview:-1"},"canonical":"https:\/\/www.bolsarama.es\/bolsa\/se-planea-reducir-la-jornada-laboral-en-un-acuerdo-con-los-sindicatos-y-el-martes-se-convocara-una-reunion-con-expertos-para-discutir-un-aumento-del-salario-minimo-interprofesional\/","og_locale":"es_ES","og_type":"article","og_title":"Se planea reducir la jornada laboral en un acuerdo con los sindicatos, y el martes se convocar\u00e1 una reuni\u00f3n con expertos para discutir un aumento del salario m\u00ednimo interprofesional. - Bolsarama - Informaci\u00f3n econ\u00f3mica actualizada - Bolsarama.es","og_description":"En la nueva era laboral que se avecina en Espa\u00f1a, se proyecta una significativa transformaci\u00f3n del panorama laboral. La vicepresidenta segunda del Gobierno y ministra de Trabajo, Yolanda D\u00edaz, ha anunciado recientemente dos medidas de gran alcance que prometen cambiar el panorama laboral espa\u00f1ol. En los pr\u00f3ximos d\u00edas, se espera alcanzar un acuerdo con los [&hellip;]","og_url":"https:\/\/www.bolsarama.es\/bolsa\/se-planea-reducir-la-jornada-laboral-en-un-acuerdo-con-los-sindicatos-y-el-martes-se-convocara-una-reunion-con-expertos-para-discutir-un-aumento-del-salario-minimo-interprofesional\/","og_site_name":"Bolsarama - Informaci\u00f3n econ\u00f3mica actualizada - Bolsarama.es","article_publisher":"https:\/\/www.facebook.com\/bolsarama.es","article_published_time":"2024-11-23T18:50:45+00:00","author":"Paula","twitter_card":"summary_large_image","twitter_creator":"@Bolsarama_es","twitter_site":"@Bolsarama_es","twitter_misc":{"Escrito por":"Paula","Tiempo de lectura":"2 minutos"},"schema":{"@context":"https:\/\/schema.org","@graph":[{"@type":"Article","@id":"https:\/\/www.bolsarama.es\/bolsa\/se-planea-reducir-la-jornada-laboral-en-un-acuerdo-con-los-sindicatos-y-el-martes-se-convocara-una-reunion-con-expertos-para-discutir-un-aumento-del-salario-minimo-interprofesional\/#article","isPartOf":{"@id":"https:\/\/www.bolsarama.es\/bolsa\/se-planea-reducir-la-jornada-laboral-en-un-acuerdo-con-los-sindicatos-y-el-martes-se-convocara-una-reunion-con-expertos-para-discutir-un-aumento-del-salario-minimo-interprofesional\/"},"author":{"name":"Paula","@id":"https:\/\/www.bolsarama.es\/bolsa\/#\/schema\/person\/a34ab5b5c7d41d99c10a5c3564af3e43"},"headline":"Se planea reducir la jornada laboral en un acuerdo con los sindicatos, y el martes se convocar\u00e1 una reuni\u00f3n con expertos para discutir un aumento del salario m\u00ednimo interprofesional.","datePublished":"2024-11-23T18:50:45+00:00","dateModified":"2024-11-23T18:50:45+00:00","mainEntityOfPage":{"@id":"https:\/\/www.bolsarama.es\/bolsa\/se-planea-reducir-la-jornada-laboral-en-un-acuerdo-con-los-sindicatos-y-el-martes-se-convocara-una-reunion-con-expertos-para-discutir-un-aumento-del-salario-minimo-interprofesional\/"},"wordCount":461,"commentCount":0,"publisher":{"@id":"https:\/\/www.bolsarama.es\/bolsa\/#organization"},"inLanguage":"es","potentialAction":[{"@type":"CommentAction","name":"Comment","target":["https:\/\/www.bolsarama.es\/bolsa\/se-planea-reducir-la-jornada-laboral-en-un-acuerdo-con-los-sindicatos-y-el-martes-se-convocara-una-reunion-con-expertos-para-discutir-un-aumento-del-salario-minimo-interprofesional\/#respond"]}]},{"@type":"WebPage","@id":"https:\/\/www.bolsarama.es\/bolsa\/se-planea-reducir-la-jornada-laboral-en-un-acuerdo-con-los-sindicatos-y-el-martes-se-convocara-una-reunion-con-expertos-para-discutir-un-aumento-del-salario-minimo-interprofesional\/","url":"https:\/\/www.bolsarama.es\/bolsa\/se-planea-reducir-la-jornada-laboral-en-un-acuerdo-con-los-sindicatos-y-el-martes-se-convocara-una-reunion-con-expertos-para-discutir-un-aumento-del-salario-minimo-interprofesional\/","name":"Se planea reducir la jornada laboral en un acuerdo con los sindicatos, y el martes se convocar\u00e1 una reuni\u00f3n con expertos para discutir un aumento del salario m\u00ednimo interprofesional. - Bolsarama - Informaci\u00f3n econ\u00f3mica actualizada - Bolsarama.es","isPartOf":{"@id":"https:\/\/www.bolsarama.es\/bolsa\/#website"},"datePublished":"2024-11-23T18:50:45+00:00","dateModified":"2024-11-23T18:50:45+00:00","breadcrumb":{"@id":"https:\/\/www.bolsarama.es\/bolsa\/se-planea-reducir-la-jornada-laboral-en-un-acuerdo-con-los-sindicatos-y-el-martes-se-convocara-una-reunion-con-expertos-para-discutir-un-aumento-del-salario-minimo-interprofesional\/#breadcrumb"},"inLanguage":"es","potentialAction":[{"@type":"ReadAction","target":["https:\/\/www.bolsarama.es\/bolsa\/se-planea-reducir-la-jornada-laboral-en-un-acuerdo-con-los-sindicatos-y-el-martes-se-convocara-una-reunion-con-expertos-para-discutir-un-aumento-del-salario-minimo-interprofesional\/"]}]},{"@type":"BreadcrumbList","@id":"https:\/\/www.bolsarama.es\/bolsa\/se-planea-reducir-la-jornada-laboral-en-un-acuerdo-con-los-sindicatos-y-el-martes-se-convocara-una-reunion-con-expertos-para-discutir-un-aumento-del-salario-minimo-interprofesional\/#breadcrumb","itemListElement":[{"@type":"ListItem","position":1,"name":"Bolsa","item":"https:\/\/www.bolsarama.es\/bolsa\/"},{"@type":"ListItem","position":2,"name":"Se planea reducir la jornada laboral en un acuerdo con los sindicatos, y el martes se convocar\u00e1 una reuni\u00f3n con expertos para discutir un aumento del salario m\u00ednimo interprofesional."}]},{"@type":"WebSite","@id":"https:\/\/www.bolsarama.es\/bolsa\/#website","url":"https:\/\/www.bolsarama.es\/bolsa\/","name":"Bolsarama","description":"","publisher":{"@id":"https:\/\/www.bolsarama.es\/bolsa\/#organization"},"potentialAction":[{"@type":"SearchAction","target":{"@type":"EntryPoint","urlTemplate":"https:\/\/www.bolsarama.es\/bolsa\/?s={search_term_string}"},"query-input":{"@type":"PropertyValueSpecification","valueRequired":true,"valueName":"search_term_string"}}],"inLanguage":"es"},{"@type":"Organization","@id":"https:\/\/www.bolsarama.es\/bolsa\/#organization","name":"Bolsarama","url":"https:\/\/www.bolsarama.es\/bolsa\/","logo":{"@type":"ImageObject","inLanguage":"es","@id":"https:\/\/www.bolsarama.es\/bolsa\/#\/schema\/logo\/image\/","url":"https:\/\/www.bolsarama.es\/bolsa\/wp-content\/uploads\/2023\/10\/logo-bolsarama.png","contentUrl":"https:\/\/www.bolsarama.es\/bolsa\/wp-content\/uploads\/2023\/10\/logo-bolsarama.png","width":300,"height":50,"caption":"Bolsarama"},"image":{"@id":"https:\/\/www.bolsarama.es\/bolsa\/#\/schema\/logo\/image\/"},"sameAs":["https:\/\/www.facebook.com\/bolsarama.es","https:\/\/x.com\/Bolsarama_es"]},{"@type":"Person","@id":"https:\/\/www.bolsarama.es\/bolsa\/#\/schema\/person\/a34ab5b5c7d41d99c10a5c3564af3e43","name":"Paula","image":{"@type":"ImageObject","inLanguage":"es","@id":"https:\/\/www.bolsarama.es\/bolsa\/#\/schema\/person\/image\/","url":"https:\/\/www.bolsarama.es\/bolsa\/wp-content\/litespeed\/avatar\/d6404594800e2b580b751c6bb2eb5f4f.jpg?ver=1777428602","contentUrl":"https:\/\/www.bolsarama.es\/bolsa\/wp-content\/litespeed\/avatar\/d6404594800e2b580b751c6bb2eb5f4f.jpg?ver=1777428602","caption":"Paula"},"url":"https:\/\/www.bolsarama.es\/bolsa\/author\/paula\/"}]}},"_links":{"self":[{"href":"https:\/\/www.bolsarama.es\/bolsa\/wp-json\/wp\/v2\/posts\/615","targetHints":{"allow":["GET"]}}],"collection":[{"href":"https:\/\/www.bolsarama.es\/bolsa\/wp-json\/wp\/v2\/posts"}],"about":[{"href":"https:\/\/www.bolsarama.es\/bolsa\/wp-json\/wp\/v2\/types\/post"}],"author":[{"embeddable":true,"href":"https:\/\/www.bolsarama.es\/bolsa\/wp-json\/wp\/v2\/users\/2"}],"replies":[{"embeddable":true,"href":"https:\/\/www.bolsarama.es\/bolsa\/wp-json\/wp\/v2\/comments?post=615"}],"version-history":[{"count":1,"href":"https:\/\/www.bolsarama.es\/bolsa\/wp-json\/wp\/v2\/posts\/615\/revisions"}],"predecessor-version":[{"id":616,"href":"https:\/\/www.bolsarama.es\/bolsa\/wp-json\/wp\/v2\/posts\/615\/revisions\/616"}],"wp:attachment":[{"href":"https:\/\/www.bolsarama.es\/bolsa\/wp-json\/wp\/v2\/media?parent=615"}],"wp:term":[{"taxonomy":"category","embeddable":true,"href":"https:\/\/www.bolsarama.es\/bolsa\/wp-json\/wp\/v2\/categories?post=615"},{"taxonomy":"post_tag","embeddable":true,"href":"https:\/\/www.bolsarama.es\/bolsa\/wp-json\/wp\/v2\/tags?post=615"}],"curies":[{"name":"wp","href":"https:\/\/api.w.org\/{rel}","templated":true}]}}