{"id":620,"date":"2024-11-24T09:00:51","date_gmt":"2024-11-24T08:00:51","guid":{"rendered":"https:\/\/www.bolsarama.es\/bolsa\/?p=620"},"modified":"2024-11-24T09:00:51","modified_gmt":"2024-11-24T08:00:51","slug":"la-presion-sobre-el-banco-central-europeo-para-un-mayor-recorte-de-tipos-se-incrementa-debido-a-la-debilidad-de-la-eurozona-evidenciada-por-el-pmi","status":"publish","type":"post","link":"https:\/\/www.bolsarama.es\/bolsa\/la-presion-sobre-el-banco-central-europeo-para-un-mayor-recorte-de-tipos-se-incrementa-debido-a-la-debilidad-de-la-eurozona-evidenciada-por-el-pmi\/","title":{"rendered":"La presi\u00f3n sobre el Banco Central Europeo para un mayor recorte de tipos se incrementa debido a la debilidad de la eurozona evidenciada por el PMI."},"content":{"rendered":"<h2>La ca\u00edda del Euro ante el D\u00f3lar: An\u00e1lisis del panorama econ\u00f3mico<\/h2>\n<p>En un sorprendente giro de los acontecimientos, el euro ha experimentado una ca\u00edda significativa en su valor frente al d\u00f3lar, alcanzando su nivel m\u00e1s bajo en dos a\u00f1os. Este descenso, que supera el 5% desde la elecci\u00f3n de Donald Trump como presidente de los Estados Unidos, ha alarmado a los economistas y plantea serias preocupaciones sobre el futuro de la econom\u00eda de la zona euro. \u00bfPero qu\u00e9 ha llevado a esta ca\u00edda y qu\u00e9 implicaciones tiene para el futuro?<\/p>\n<h3>El declive de la actividad del sector privado<\/h3>\n<p>Uno de los factores clave que ha impulsado la ca\u00edda del euro es el deterioro de la actividad del sector privado en la zona euro. Durante el mes de noviembre, hubo una contracci\u00f3n tanto en el sector manufacturero como en el sector servicios. Esto, combinado con el caos pol\u00edtico en Alemania y Francia, las dos mayores econom\u00edas del euro, y la incertidumbre vinculada a la elecci\u00f3n de Donald Trump, ha creado un ambiente de creciente preocupaci\u00f3n.<\/p>\n<p>Este descenso de la actividad total ha llevado a una disminuci\u00f3n de los nuevos pedidos y ha llevado a las empresas a reducir sus plantillas. La combinaci\u00f3n de estos factores ha tenido un efecto desastroso en el valor del euro frente al d\u00f3lar.<\/p>\n<h3>El impacto de la pol\u00edtica en el cambio de divisas<\/h3>\n<p>Adem\u00e1s de la contracci\u00f3n de la actividad econ\u00f3mica, el panorama pol\u00edtico tambi\u00e9n ha jugado un papel importante en la ca\u00edda del euro. La victoria de Donald Trump en las elecciones presidenciales de los Estados Unidos ha creado un ambiente de incertidumbre en la econom\u00eda global. Su enfoque en pol\u00edticas arancelarias radicales ha generado preocupaci\u00f3n entre las empresas europeas, que dependen en gran medida de la demanda estadounidense.<\/p>\n<h4>El papel del Banco Central Europeo<\/h4>\n<p>Ante este panorama, es probable que se ejerza una mayor presi\u00f3n sobre el Banco Central Europeo (BCE) para que intervenga con recortes de tipos de inter\u00e9s m\u00e1s agresivos. El objetivo ser\u00eda apoyar la econom\u00eda de la zona euro y estabilizar el valor del euro frente al d\u00f3lar. Sin embargo, este enfoque no est\u00e1 exento de riesgos y podr\u00eda tener consecuencias a largo plazo.<\/p>\n<h3>Las perspectivas futuras para la econom\u00eda de la zona euro<\/h3>\n<p>A pesar de las sombr\u00edas cifras actuales, se espera que la econom\u00eda de la zona euro gane algo de tracci\u00f3n en el futuro. Sin embargo, los riesgos a la baja est\u00e1n aumentando y el camino hacia la recuperaci\u00f3n ser\u00e1 dif\u00edcil. La situaci\u00f3n actual es un recordatorio de la volatilidad de las econom\u00edas globales y de la importancia de las pol\u00edticas econ\u00f3micas s\u00f3lidas para mantener la estabilidad.<\/p>\n","protected":false},"excerpt":{"rendered":"<p>La ca\u00edda del Euro ante el D\u00f3lar: An\u00e1lisis del panorama econ\u00f3mico En un sorprendente giro de los acontecimientos, el euro ha experimentado una ca\u00edda significativa en su valor frente al d\u00f3lar, alcanzando su nivel m\u00e1s bajo en dos a\u00f1os. Este descenso, que supera el 5% desde la elecci\u00f3n de Donald Trump como presidente de los [&hellip;]<\/p>\n","protected":false},"author":2,"featured_media":621,"comment_status":"open","ping_status":"open","sticky":false,"template":"","format":"standard","meta":{"footnotes":""},"categories":[1],"tags":[],"class_list":["post-620","post","type-post","status-publish","format-standard","has-post-thumbnail","hentry","category-sin-categoria"],"yoast_head":"<!-- This site is optimized with the Yoast SEO plugin v23.6 - https:\/\/yoast.com\/wordpress\/plugins\/seo\/ -->\n<title>La presi\u00f3n sobre el Banco Central Europeo para un mayor recorte de tipos se incrementa debido a la debilidad de la eurozona evidenciada por el PMI. - Bolsarama - Informaci\u00f3n econ\u00f3mica actualizada - Bolsarama.es<\/title>\n<meta name=\"robots\" content=\"index, follow, max-snippet:-1, max-image-preview:large, max-video-preview:-1\" \/>\n<link rel=\"canonical\" href=\"https:\/\/www.bolsarama.es\/bolsa\/la-presion-sobre-el-banco-central-europeo-para-un-mayor-recorte-de-tipos-se-incrementa-debido-a-la-debilidad-de-la-eurozona-evidenciada-por-el-pmi\/\" \/>\n<meta property=\"og:locale\" content=\"es_ES\" \/>\n<meta property=\"og:type\" content=\"article\" \/>\n<meta property=\"og:title\" content=\"La presi\u00f3n sobre el Banco Central Europeo para un mayor recorte de tipos se incrementa debido a la debilidad de la eurozona evidenciada por el PMI. - Bolsarama - Informaci\u00f3n econ\u00f3mica actualizada - Bolsarama.es\" \/>\n<meta property=\"og:description\" content=\"La ca\u00edda del Euro ante el D\u00f3lar: An\u00e1lisis del panorama econ\u00f3mico En un sorprendente giro de los acontecimientos, el euro ha experimentado una ca\u00edda significativa en su valor frente al d\u00f3lar, alcanzando su nivel m\u00e1s bajo en dos a\u00f1os. Este descenso, que supera el 5% desde la elecci\u00f3n de Donald Trump como presidente de los [&hellip;]\" \/>\n<meta property=\"og:url\" content=\"https:\/\/www.bolsarama.es\/bolsa\/la-presion-sobre-el-banco-central-europeo-para-un-mayor-recorte-de-tipos-se-incrementa-debido-a-la-debilidad-de-la-eurozona-evidenciada-por-el-pmi\/\" \/>\n<meta property=\"og:site_name\" content=\"Bolsarama - Informaci\u00f3n econ\u00f3mica actualizada - Bolsarama.es\" \/>\n<meta property=\"article:publisher\" content=\"https:\/\/www.facebook.com\/bolsarama.es\" \/>\n<meta property=\"article:published_time\" content=\"2024-11-24T08:00:51+00:00\" \/>\n<meta property=\"og:image\" content=\"https:\/\/www.bolsarama.es\/bolsa\/wp-content\/uploads\/2024\/11\/La-presion-sobre-el-Banco-Central-Europeo-para-un-mayor\" \/>\n\t<meta property=\"og:image:width\" content=\"1\" \/>\n\t<meta property=\"og:image:height\" content=\"1\" \/>\n\t<meta property=\"og:image:type\" content=\"image\/jpeg\" \/>\n<meta name=\"author\" content=\"Paula\" \/>\n<meta name=\"twitter:card\" content=\"summary_large_image\" \/>\n<meta name=\"twitter:creator\" content=\"@Bolsarama_es\" \/>\n<meta name=\"twitter:site\" content=\"@Bolsarama_es\" \/>\n<meta name=\"twitter:label1\" content=\"Escrito por\" \/>\n\t<meta name=\"twitter:data1\" content=\"Paula\" \/>\n\t<meta name=\"twitter:label2\" content=\"Tiempo de lectura\" \/>\n\t<meta name=\"twitter:data2\" content=\"2 minutos\" \/>\n<script type=\"application\/ld+json\" class=\"yoast-schema-graph\">{\"@context\":\"https:\/\/schema.org\",\"@graph\":[{\"@type\":\"Article\",\"@id\":\"https:\/\/www.bolsarama.es\/bolsa\/la-presion-sobre-el-banco-central-europeo-para-un-mayor-recorte-de-tipos-se-incrementa-debido-a-la-debilidad-de-la-eurozona-evidenciada-por-el-pmi\/#article\",\"isPartOf\":{\"@id\":\"https:\/\/www.bolsarama.es\/bolsa\/la-presion-sobre-el-banco-central-europeo-para-un-mayor-recorte-de-tipos-se-incrementa-debido-a-la-debilidad-de-la-eurozona-evidenciada-por-el-pmi\/\"},\"author\":{\"name\":\"Paula\",\"@id\":\"https:\/\/www.bolsarama.es\/bolsa\/#\/schema\/person\/a34ab5b5c7d41d99c10a5c3564af3e43\"},\"headline\":\"La presi\u00f3n sobre el Banco Central Europeo para un mayor recorte de tipos se incrementa debido a la debilidad de la eurozona evidenciada por el PMI.\",\"datePublished\":\"2024-11-24T08:00:51+00:00\",\"dateModified\":\"2024-11-24T08:00:51+00:00\",\"mainEntityOfPage\":{\"@id\":\"https:\/\/www.bolsarama.es\/bolsa\/la-presion-sobre-el-banco-central-europeo-para-un-mayor-recorte-de-tipos-se-incrementa-debido-a-la-debilidad-de-la-eurozona-evidenciada-por-el-pmi\/\"},\"wordCount\":514,\"commentCount\":0,\"publisher\":{\"@id\":\"https:\/\/www.bolsarama.es\/bolsa\/#organization\"},\"image\":{\"@id\":\"https:\/\/www.bolsarama.es\/bolsa\/la-presion-sobre-el-banco-central-europeo-para-un-mayor-recorte-de-tipos-se-incrementa-debido-a-la-debilidad-de-la-eurozona-evidenciada-por-el-pmi\/#primaryimage\"},\"thumbnailUrl\":\"https:\/\/www.bolsarama.es\/bolsa\/wp-content\/uploads\/2024\/11\/La-presion-sobre-el-Banco-Central-Europeo-para-un-mayor\",\"inLanguage\":\"es\",\"potentialAction\":[{\"@type\":\"CommentAction\",\"name\":\"Comment\",\"target\":[\"https:\/\/www.bolsarama.es\/bolsa\/la-presion-sobre-el-banco-central-europeo-para-un-mayor-recorte-de-tipos-se-incrementa-debido-a-la-debilidad-de-la-eurozona-evidenciada-por-el-pmi\/#respond\"]}]},{\"@type\":\"WebPage\",\"@id\":\"https:\/\/www.bolsarama.es\/bolsa\/la-presion-sobre-el-banco-central-europeo-para-un-mayor-recorte-de-tipos-se-incrementa-debido-a-la-debilidad-de-la-eurozona-evidenciada-por-el-pmi\/\",\"url\":\"https:\/\/www.bolsarama.es\/bolsa\/la-presion-sobre-el-banco-central-europeo-para-un-mayor-recorte-de-tipos-se-incrementa-debido-a-la-debilidad-de-la-eurozona-evidenciada-por-el-pmi\/\",\"name\":\"La presi\u00f3n sobre el Banco Central Europeo para un mayor recorte de tipos se incrementa debido a la debilidad de la eurozona evidenciada por el PMI. - Bolsarama - Informaci\u00f3n econ\u00f3mica actualizada - Bolsarama.es\",\"isPartOf\":{\"@id\":\"https:\/\/www.bolsarama.es\/bolsa\/#website\"},\"primaryImageOfPage\":{\"@id\":\"https:\/\/www.bolsarama.es\/bolsa\/la-presion-sobre-el-banco-central-europeo-para-un-mayor-recorte-de-tipos-se-incrementa-debido-a-la-debilidad-de-la-eurozona-evidenciada-por-el-pmi\/#primaryimage\"},\"image\":{\"@id\":\"https:\/\/www.bolsarama.es\/bolsa\/la-presion-sobre-el-banco-central-europeo-para-un-mayor-recorte-de-tipos-se-incrementa-debido-a-la-debilidad-de-la-eurozona-evidenciada-por-el-pmi\/#primaryimage\"},\"thumbnailUrl\":\"https:\/\/www.bolsarama.es\/bolsa\/wp-content\/uploads\/2024\/11\/La-presion-sobre-el-Banco-Central-Europeo-para-un-mayor\",\"datePublished\":\"2024-11-24T08:00:51+00:00\",\"dateModified\":\"2024-11-24T08:00:51+00:00\",\"breadcrumb\":{\"@id\":\"https:\/\/www.bolsarama.es\/bolsa\/la-presion-sobre-el-banco-central-europeo-para-un-mayor-recorte-de-tipos-se-incrementa-debido-a-la-debilidad-de-la-eurozona-evidenciada-por-el-pmi\/#breadcrumb\"},\"inLanguage\":\"es\",\"potentialAction\":[{\"@type\":\"ReadAction\",\"target\":[\"https:\/\/www.bolsarama.es\/bolsa\/la-presion-sobre-el-banco-central-europeo-para-un-mayor-recorte-de-tipos-se-incrementa-debido-a-la-debilidad-de-la-eurozona-evidenciada-por-el-pmi\/\"]}]},{\"@type\":\"ImageObject\",\"inLanguage\":\"es\",\"@id\":\"https:\/\/www.bolsarama.es\/bolsa\/la-presion-sobre-el-banco-central-europeo-para-un-mayor-recorte-de-tipos-se-incrementa-debido-a-la-debilidad-de-la-eurozona-evidenciada-por-el-pmi\/#primaryimage\",\"url\":\"https:\/\/www.bolsarama.es\/bolsa\/wp-content\/uploads\/2024\/11\/La-presion-sobre-el-Banco-Central-Europeo-para-un-mayor\",\"contentUrl\":\"https:\/\/www.bolsarama.es\/bolsa\/wp-content\/uploads\/2024\/11\/La-presion-sobre-el-Banco-Central-Europeo-para-un-mayor\",\"caption\":\"Econom\u00eda.- La debilidad de la eurozona mostrada por el PMI presiona al BCE para un mayor recorte de tipos\"},{\"@type\":\"BreadcrumbList\",\"@id\":\"https:\/\/www.bolsarama.es\/bolsa\/la-presion-sobre-el-banco-central-europeo-para-un-mayor-recorte-de-tipos-se-incrementa-debido-a-la-debilidad-de-la-eurozona-evidenciada-por-el-pmi\/#breadcrumb\",\"itemListElement\":[{\"@type\":\"ListItem\",\"position\":1,\"name\":\"Bolsa\",\"item\":\"https:\/\/www.bolsarama.es\/bolsa\/\"},{\"@type\":\"ListItem\",\"position\":2,\"name\":\"La presi\u00f3n sobre el Banco Central Europeo para un mayor recorte de tipos se incrementa debido a la debilidad de la eurozona evidenciada por el PMI.\"}]},{\"@type\":\"WebSite\",\"@id\":\"https:\/\/www.bolsarama.es\/bolsa\/#website\",\"url\":\"https:\/\/www.bolsarama.es\/bolsa\/\",\"name\":\"Bolsarama\",\"description\":\"\",\"publisher\":{\"@id\":\"https:\/\/www.bolsarama.es\/bolsa\/#organization\"},\"potentialAction\":[{\"@type\":\"SearchAction\",\"target\":{\"@type\":\"EntryPoint\",\"urlTemplate\":\"https:\/\/www.bolsarama.es\/bolsa\/?s={search_term_string}\"},\"query-input\":{\"@type\":\"PropertyValueSpecification\",\"valueRequired\":true,\"valueName\":\"search_term_string\"}}],\"inLanguage\":\"es\"},{\"@type\":\"Organization\",\"@id\":\"https:\/\/www.bolsarama.es\/bolsa\/#organization\",\"name\":\"Bolsarama\",\"url\":\"https:\/\/www.bolsarama.es\/bolsa\/\",\"logo\":{\"@type\":\"ImageObject\",\"inLanguage\":\"es\",\"@id\":\"https:\/\/www.bolsarama.es\/bolsa\/#\/schema\/logo\/image\/\",\"url\":\"https:\/\/www.bolsarama.es\/bolsa\/wp-content\/uploads\/2023\/10\/logo-bolsarama.png\",\"contentUrl\":\"https:\/\/www.bolsarama.es\/bolsa\/wp-content\/uploads\/2023\/10\/logo-bolsarama.png\",\"width\":300,\"height\":50,\"caption\":\"Bolsarama\"},\"image\":{\"@id\":\"https:\/\/www.bolsarama.es\/bolsa\/#\/schema\/logo\/image\/\"},\"sameAs\":[\"https:\/\/www.facebook.com\/bolsarama.es\",\"https:\/\/x.com\/Bolsarama_es\"]},{\"@type\":\"Person\",\"@id\":\"https:\/\/www.bolsarama.es\/bolsa\/#\/schema\/person\/a34ab5b5c7d41d99c10a5c3564af3e43\",\"name\":\"Paula\",\"image\":{\"@type\":\"ImageObject\",\"inLanguage\":\"es\",\"@id\":\"https:\/\/www.bolsarama.es\/bolsa\/#\/schema\/person\/image\/\",\"url\":\"https:\/\/www.bolsarama.es\/bolsa\/wp-content\/litespeed\/avatar\/d6404594800e2b580b751c6bb2eb5f4f.jpg?ver=1777428602\",\"contentUrl\":\"https:\/\/www.bolsarama.es\/bolsa\/wp-content\/litespeed\/avatar\/d6404594800e2b580b751c6bb2eb5f4f.jpg?ver=1777428602\",\"caption\":\"Paula\"},\"url\":\"https:\/\/www.bolsarama.es\/bolsa\/author\/paula\/\"}]}<\/script>\n<!-- \/ Yoast SEO plugin. -->","yoast_head_json":{"title":"La presi\u00f3n sobre el Banco Central Europeo para un mayor recorte de tipos se incrementa debido a la debilidad de la eurozona evidenciada por el PMI. - Bolsarama - Informaci\u00f3n econ\u00f3mica actualizada - Bolsarama.es","robots":{"index":"index","follow":"follow","max-snippet":"max-snippet:-1","max-image-preview":"max-image-preview:large","max-video-preview":"max-video-preview:-1"},"canonical":"https:\/\/www.bolsarama.es\/bolsa\/la-presion-sobre-el-banco-central-europeo-para-un-mayor-recorte-de-tipos-se-incrementa-debido-a-la-debilidad-de-la-eurozona-evidenciada-por-el-pmi\/","og_locale":"es_ES","og_type":"article","og_title":"La presi\u00f3n sobre el Banco Central Europeo para un mayor recorte de tipos se incrementa debido a la debilidad de la eurozona evidenciada por el PMI. - Bolsarama - Informaci\u00f3n econ\u00f3mica actualizada - Bolsarama.es","og_description":"La ca\u00edda del Euro ante el D\u00f3lar: An\u00e1lisis del panorama econ\u00f3mico En un sorprendente giro de los acontecimientos, el euro ha experimentado una ca\u00edda significativa en su valor frente al d\u00f3lar, alcanzando su nivel m\u00e1s bajo en dos a\u00f1os. Este descenso, que supera el 5% desde la elecci\u00f3n de Donald Trump como presidente de los [&hellip;]","og_url":"https:\/\/www.bolsarama.es\/bolsa\/la-presion-sobre-el-banco-central-europeo-para-un-mayor-recorte-de-tipos-se-incrementa-debido-a-la-debilidad-de-la-eurozona-evidenciada-por-el-pmi\/","og_site_name":"Bolsarama - Informaci\u00f3n econ\u00f3mica actualizada - Bolsarama.es","article_publisher":"https:\/\/www.facebook.com\/bolsarama.es","article_published_time":"2024-11-24T08:00:51+00:00","og_image":[{"url":"https:\/\/www.bolsarama.es\/bolsa\/wp-content\/uploads\/2024\/11\/La-presion-sobre-el-Banco-Central-Europeo-para-un-mayor","width":1,"height":1,"type":"image\/jpeg"}],"author":"Paula","twitter_card":"summary_large_image","twitter_creator":"@Bolsarama_es","twitter_site":"@Bolsarama_es","twitter_misc":{"Escrito por":"Paula","Tiempo de lectura":"2 minutos"},"schema":{"@context":"https:\/\/schema.org","@graph":[{"@type":"Article","@id":"https:\/\/www.bolsarama.es\/bolsa\/la-presion-sobre-el-banco-central-europeo-para-un-mayor-recorte-de-tipos-se-incrementa-debido-a-la-debilidad-de-la-eurozona-evidenciada-por-el-pmi\/#article","isPartOf":{"@id":"https:\/\/www.bolsarama.es\/bolsa\/la-presion-sobre-el-banco-central-europeo-para-un-mayor-recorte-de-tipos-se-incrementa-debido-a-la-debilidad-de-la-eurozona-evidenciada-por-el-pmi\/"},"author":{"name":"Paula","@id":"https:\/\/www.bolsarama.es\/bolsa\/#\/schema\/person\/a34ab5b5c7d41d99c10a5c3564af3e43"},"headline":"La presi\u00f3n sobre el Banco Central Europeo para un mayor recorte de tipos se incrementa debido a la debilidad de la eurozona evidenciada por el PMI.","datePublished":"2024-11-24T08:00:51+00:00","dateModified":"2024-11-24T08:00:51+00:00","mainEntityOfPage":{"@id":"https:\/\/www.bolsarama.es\/bolsa\/la-presion-sobre-el-banco-central-europeo-para-un-mayor-recorte-de-tipos-se-incrementa-debido-a-la-debilidad-de-la-eurozona-evidenciada-por-el-pmi\/"},"wordCount":514,"commentCount":0,"publisher":{"@id":"https:\/\/www.bolsarama.es\/bolsa\/#organization"},"image":{"@id":"https:\/\/www.bolsarama.es\/bolsa\/la-presion-sobre-el-banco-central-europeo-para-un-mayor-recorte-de-tipos-se-incrementa-debido-a-la-debilidad-de-la-eurozona-evidenciada-por-el-pmi\/#primaryimage"},"thumbnailUrl":"https:\/\/www.bolsarama.es\/bolsa\/wp-content\/uploads\/2024\/11\/La-presion-sobre-el-Banco-Central-Europeo-para-un-mayor","inLanguage":"es","potentialAction":[{"@type":"CommentAction","name":"Comment","target":["https:\/\/www.bolsarama.es\/bolsa\/la-presion-sobre-el-banco-central-europeo-para-un-mayor-recorte-de-tipos-se-incrementa-debido-a-la-debilidad-de-la-eurozona-evidenciada-por-el-pmi\/#respond"]}]},{"@type":"WebPage","@id":"https:\/\/www.bolsarama.es\/bolsa\/la-presion-sobre-el-banco-central-europeo-para-un-mayor-recorte-de-tipos-se-incrementa-debido-a-la-debilidad-de-la-eurozona-evidenciada-por-el-pmi\/","url":"https:\/\/www.bolsarama.es\/bolsa\/la-presion-sobre-el-banco-central-europeo-para-un-mayor-recorte-de-tipos-se-incrementa-debido-a-la-debilidad-de-la-eurozona-evidenciada-por-el-pmi\/","name":"La presi\u00f3n sobre el Banco Central Europeo para un mayor recorte de tipos se incrementa debido a la debilidad de la eurozona evidenciada por el PMI. - Bolsarama - Informaci\u00f3n econ\u00f3mica actualizada - Bolsarama.es","isPartOf":{"@id":"https:\/\/www.bolsarama.es\/bolsa\/#website"},"primaryImageOfPage":{"@id":"https:\/\/www.bolsarama.es\/bolsa\/la-presion-sobre-el-banco-central-europeo-para-un-mayor-recorte-de-tipos-se-incrementa-debido-a-la-debilidad-de-la-eurozona-evidenciada-por-el-pmi\/#primaryimage"},"image":{"@id":"https:\/\/www.bolsarama.es\/bolsa\/la-presion-sobre-el-banco-central-europeo-para-un-mayor-recorte-de-tipos-se-incrementa-debido-a-la-debilidad-de-la-eurozona-evidenciada-por-el-pmi\/#primaryimage"},"thumbnailUrl":"https:\/\/www.bolsarama.es\/bolsa\/wp-content\/uploads\/2024\/11\/La-presion-sobre-el-Banco-Central-Europeo-para-un-mayor","datePublished":"2024-11-24T08:00:51+00:00","dateModified":"2024-11-24T08:00:51+00:00","breadcrumb":{"@id":"https:\/\/www.bolsarama.es\/bolsa\/la-presion-sobre-el-banco-central-europeo-para-un-mayor-recorte-de-tipos-se-incrementa-debido-a-la-debilidad-de-la-eurozona-evidenciada-por-el-pmi\/#breadcrumb"},"inLanguage":"es","potentialAction":[{"@type":"ReadAction","target":["https:\/\/www.bolsarama.es\/bolsa\/la-presion-sobre-el-banco-central-europeo-para-un-mayor-recorte-de-tipos-se-incrementa-debido-a-la-debilidad-de-la-eurozona-evidenciada-por-el-pmi\/"]}]},{"@type":"ImageObject","inLanguage":"es","@id":"https:\/\/www.bolsarama.es\/bolsa\/la-presion-sobre-el-banco-central-europeo-para-un-mayor-recorte-de-tipos-se-incrementa-debido-a-la-debilidad-de-la-eurozona-evidenciada-por-el-pmi\/#primaryimage","url":"https:\/\/www.bolsarama.es\/bolsa\/wp-content\/uploads\/2024\/11\/La-presion-sobre-el-Banco-Central-Europeo-para-un-mayor","contentUrl":"https:\/\/www.bolsarama.es\/bolsa\/wp-content\/uploads\/2024\/11\/La-presion-sobre-el-Banco-Central-Europeo-para-un-mayor","caption":"Econom\u00eda.- La debilidad de la eurozona mostrada por el PMI presiona al BCE para un mayor recorte de tipos"},{"@type":"BreadcrumbList","@id":"https:\/\/www.bolsarama.es\/bolsa\/la-presion-sobre-el-banco-central-europeo-para-un-mayor-recorte-de-tipos-se-incrementa-debido-a-la-debilidad-de-la-eurozona-evidenciada-por-el-pmi\/#breadcrumb","itemListElement":[{"@type":"ListItem","position":1,"name":"Bolsa","item":"https:\/\/www.bolsarama.es\/bolsa\/"},{"@type":"ListItem","position":2,"name":"La presi\u00f3n sobre el Banco Central Europeo para un mayor recorte de tipos se incrementa debido a la debilidad de la eurozona evidenciada por el PMI."}]},{"@type":"WebSite","@id":"https:\/\/www.bolsarama.es\/bolsa\/#website","url":"https:\/\/www.bolsarama.es\/bolsa\/","name":"Bolsarama","description":"","publisher":{"@id":"https:\/\/www.bolsarama.es\/bolsa\/#organization"},"potentialAction":[{"@type":"SearchAction","target":{"@type":"EntryPoint","urlTemplate":"https:\/\/www.bolsarama.es\/bolsa\/?s={search_term_string}"},"query-input":{"@type":"PropertyValueSpecification","valueRequired":true,"valueName":"search_term_string"}}],"inLanguage":"es"},{"@type":"Organization","@id":"https:\/\/www.bolsarama.es\/bolsa\/#organization","name":"Bolsarama","url":"https:\/\/www.bolsarama.es\/bolsa\/","logo":{"@type":"ImageObject","inLanguage":"es","@id":"https:\/\/www.bolsarama.es\/bolsa\/#\/schema\/logo\/image\/","url":"https:\/\/www.bolsarama.es\/bolsa\/wp-content\/uploads\/2023\/10\/logo-bolsarama.png","contentUrl":"https:\/\/www.bolsarama.es\/bolsa\/wp-content\/uploads\/2023\/10\/logo-bolsarama.png","width":300,"height":50,"caption":"Bolsarama"},"image":{"@id":"https:\/\/www.bolsarama.es\/bolsa\/#\/schema\/logo\/image\/"},"sameAs":["https:\/\/www.facebook.com\/bolsarama.es","https:\/\/x.com\/Bolsarama_es"]},{"@type":"Person","@id":"https:\/\/www.bolsarama.es\/bolsa\/#\/schema\/person\/a34ab5b5c7d41d99c10a5c3564af3e43","name":"Paula","image":{"@type":"ImageObject","inLanguage":"es","@id":"https:\/\/www.bolsarama.es\/bolsa\/#\/schema\/person\/image\/","url":"https:\/\/www.bolsarama.es\/bolsa\/wp-content\/litespeed\/avatar\/d6404594800e2b580b751c6bb2eb5f4f.jpg?ver=1777428602","contentUrl":"https:\/\/www.bolsarama.es\/bolsa\/wp-content\/litespeed\/avatar\/d6404594800e2b580b751c6bb2eb5f4f.jpg?ver=1777428602","caption":"Paula"},"url":"https:\/\/www.bolsarama.es\/bolsa\/author\/paula\/"}]}},"_links":{"self":[{"href":"https:\/\/www.bolsarama.es\/bolsa\/wp-json\/wp\/v2\/posts\/620","targetHints":{"allow":["GET"]}}],"collection":[{"href":"https:\/\/www.bolsarama.es\/bolsa\/wp-json\/wp\/v2\/posts"}],"about":[{"href":"https:\/\/www.bolsarama.es\/bolsa\/wp-json\/wp\/v2\/types\/post"}],"author":[{"embeddable":true,"href":"https:\/\/www.bolsarama.es\/bolsa\/wp-json\/wp\/v2\/users\/2"}],"replies":[{"embeddable":true,"href":"https:\/\/www.bolsarama.es\/bolsa\/wp-json\/wp\/v2\/comments?post=620"}],"version-history":[{"count":1,"href":"https:\/\/www.bolsarama.es\/bolsa\/wp-json\/wp\/v2\/posts\/620\/revisions"}],"predecessor-version":[{"id":622,"href":"https:\/\/www.bolsarama.es\/bolsa\/wp-json\/wp\/v2\/posts\/620\/revisions\/622"}],"wp:featuredmedia":[{"embeddable":true,"href":"https:\/\/www.bolsarama.es\/bolsa\/wp-json\/wp\/v2\/media\/621"}],"wp:attachment":[{"href":"https:\/\/www.bolsarama.es\/bolsa\/wp-json\/wp\/v2\/media?parent=620"}],"wp:term":[{"taxonomy":"category","embeddable":true,"href":"https:\/\/www.bolsarama.es\/bolsa\/wp-json\/wp\/v2\/categories?post=620"},{"taxonomy":"post_tag","embeddable":true,"href":"https:\/\/www.bolsarama.es\/bolsa\/wp-json\/wp\/v2\/tags?post=620"}],"curies":[{"name":"wp","href":"https:\/\/api.w.org\/{rel}","templated":true}]}}