{"id":636,"date":"2024-11-24T15:31:00","date_gmt":"2024-11-24T14:31:00","guid":{"rendered":"https:\/\/www.bolsarama.es\/bolsa\/?p=636"},"modified":"2024-11-24T15:31:00","modified_gmt":"2024-11-24T14:31:00","slug":"segun-aplazame-el-54-de-los-espanoles-planea-gastar-un-maximo-de-200-euros-en-sus-compras-de-black-friday","status":"publish","type":"post","link":"https:\/\/www.bolsarama.es\/bolsa\/segun-aplazame-el-54-de-los-espanoles-planea-gastar-un-maximo-de-200-euros-en-sus-compras-de-black-friday\/","title":{"rendered":"Seg\u00fan Aplazame, el 54% de los espa\u00f1oles planea gastar un m\u00e1ximo de 200 euros en sus compras de Black Friday."},"content":{"rendered":"<h2>Prepar\u00e1ndonos para el Black Friday: Comportamiento de los consumidores espa\u00f1oles<\/h2>\n<p>El Black Friday es una de las fechas m\u00e1s esperadas para los consumidores de todo el mundo, y Espa\u00f1a no es la excepci\u00f3n. Seg\u00fan un reciente estudio realizado por Aplazame, se ha observado que el 54% de los consumidores espa\u00f1oles planea gastar un m\u00e1ximo de 200 euros en sus compras de Black Friday, mientras que un 23% planea superar esta cantidad con un l\u00edmite de 500 euros.<\/p>\n<h3>\u00bfM\u00e1s gasto o m\u00e1s ahorro en el Black Friday?<\/h3>\n<p>Interesantemente, los consumidores parecen estar divididos en cuanto a sus planes de gasto para el pr\u00f3ximo Black Friday. Mientras que el 40% afirma que su presupuesto ser\u00e1 similar al del \u00faltimo Black Friday, un 37% prev\u00e9 incrementarlo. Sin embargo, no todos los consumidores planean gastar m\u00e1s. Alrededor de dos de cada diez compradores planean reducir su gasto respecto a 2023, atribuyendo esta decisi\u00f3n a la necesidad de adoptar una actitud m\u00e1s racional frente al consumo y la disminuci\u00f3n de su capacidad econ\u00f3mica debido a la inflaci\u00f3n.<\/p>\n<h4>\u00bfUn cambio en la percepci\u00f3n financiera?<\/h4>\n<p>Este comportamiento de los consumidores espa\u00f1oles muestra una mejora en la percepci\u00f3n de su situaci\u00f3n financiera en comparaci\u00f3n con el a\u00f1o anterior, cuando el 34% de los encuestados planeaba gastar menos y solo un 23% consideraba aumentarlo.<\/p>\n<h2>Pago aplazado: Una opci\u00f3n cada vez m\u00e1s popular<\/h2>\n<p>El estudio tambi\u00e9n revela que la modalidad de pago aplazado de las compras ha ganado popularidad entre los consumidores espa\u00f1oles. De hecho, el 43% declara que piensa recurrir m\u00e1s a esta f\u00f3rmula este Black Friday y el 36% prev\u00e9 hacer el mismo uso que en ediciones anteriores.<\/p>\n<h3>\u00bfCu\u00e1les son los productos m\u00e1s buscados durante el Black Friday?<\/h3>\n<p>En cuanto a las categor\u00edas de productos, los m\u00e1s buscados durante este Black Friday ser\u00e1n los relacionados con la moda y la electr\u00f3nica, con ocho de cada diez consumidores que dirigir\u00e1n sus compras a este tipo de art\u00edculos. Le siguen los productos de hogar y decoraci\u00f3n (56%), art\u00edculos deportivos (39%) y ocio y viajes (28%).<\/p>\n<h4>Planificaci\u00f3n y estrategia de compra en el Black Friday<\/h4>\n<p>Respecto a la planificaci\u00f3n con que los consumidores espa\u00f1oles se enfrentan a esta campa\u00f1a de rebajas, m\u00e1s de la mitad de los encuestados (54%) asegura que elabora una lista de productos y se atiene a ella para aprovechar las mejores ofertas. Adem\u00e1s, un 72% aprovecha la campa\u00f1a del Black Friday para adelantar compras navide\u00f1as y adquirir art\u00edculos a buen precio, lo que muestra el enfoque estrat\u00e9gico de los consumidores espa\u00f1oles en sus adquisiciones.<\/p>\n<h2>Conclusi\u00f3n<\/h2>\n<p>En definitiva, el comportamiento de los consumidores espa\u00f1oles frente al Black Friday parece estar marcado por una combinaci\u00f3n de planificaci\u00f3n, estrategia y adaptaci\u00f3n a las circunstancias econ\u00f3micas actuales. Con cada vez m\u00e1s personas recurriendo a opciones como el pago aplazado y aprovechando estas rebajas para adelantar sus compras navide\u00f1as, est\u00e1 claro que el Black Friday se ha consolidado como una fecha clave en el calendario de compras de los espa\u00f1oles.<\/p>\n","protected":false},"excerpt":{"rendered":"<p>Prepar\u00e1ndonos para el Black Friday: Comportamiento de los consumidores espa\u00f1oles El Black Friday es una de las fechas m\u00e1s esperadas para los consumidores de todo el mundo, y Espa\u00f1a no es la excepci\u00f3n. Seg\u00fan un reciente estudio realizado por Aplazame, se ha observado que el 54% de los consumidores espa\u00f1oles planea gastar un m\u00e1ximo de [&hellip;]<\/p>\n","protected":false},"author":2,"featured_media":637,"comment_status":"open","ping_status":"open","sticky":false,"template":"","format":"standard","meta":{"footnotes":""},"categories":[1],"tags":[],"class_list":["post-636","post","type-post","status-publish","format-standard","has-post-thumbnail","hentry","category-sin-categoria"],"yoast_head":"<!-- This site is optimized with the Yoast SEO plugin v23.6 - https:\/\/yoast.com\/wordpress\/plugins\/seo\/ -->\n<title>Seg\u00fan Aplazame, el 54% de los espa\u00f1oles planea gastar un m\u00e1ximo de 200 euros en sus compras de Black Friday. - Bolsarama - Informaci\u00f3n econ\u00f3mica actualizada - Bolsarama.es<\/title>\n<meta name=\"robots\" content=\"index, follow, max-snippet:-1, max-image-preview:large, max-video-preview:-1\" \/>\n<link rel=\"canonical\" href=\"https:\/\/www.bolsarama.es\/bolsa\/segun-aplazame-el-54-de-los-espanoles-planea-gastar-un-maximo-de-200-euros-en-sus-compras-de-black-friday\/\" \/>\n<meta property=\"og:locale\" content=\"es_ES\" \/>\n<meta property=\"og:type\" content=\"article\" \/>\n<meta property=\"og:title\" content=\"Seg\u00fan Aplazame, el 54% de los espa\u00f1oles planea gastar un m\u00e1ximo de 200 euros en sus compras de Black Friday. - Bolsarama - Informaci\u00f3n econ\u00f3mica actualizada - Bolsarama.es\" \/>\n<meta property=\"og:description\" content=\"Prepar\u00e1ndonos para el Black Friday: Comportamiento de los consumidores espa\u00f1oles El Black Friday es una de las fechas m\u00e1s esperadas para los consumidores de todo el mundo, y Espa\u00f1a no es la excepci\u00f3n. Seg\u00fan un reciente estudio realizado por Aplazame, se ha observado que el 54% de los consumidores espa\u00f1oles planea gastar un m\u00e1ximo de [&hellip;]\" \/>\n<meta property=\"og:url\" content=\"https:\/\/www.bolsarama.es\/bolsa\/segun-aplazame-el-54-de-los-espanoles-planea-gastar-un-maximo-de-200-euros-en-sus-compras-de-black-friday\/\" \/>\n<meta property=\"og:site_name\" content=\"Bolsarama - Informaci\u00f3n econ\u00f3mica actualizada - Bolsarama.es\" \/>\n<meta property=\"article:publisher\" content=\"https:\/\/www.facebook.com\/bolsarama.es\" \/>\n<meta property=\"article:published_time\" content=\"2024-11-24T14:31:00+00:00\" \/>\n<meta property=\"og:image\" content=\"https:\/\/www.bolsarama.es\/bolsa\/wp-content\/uploads\/2024\/11\/Segun-Aplazame-el-54-de-los-espanoles-planea-gastar-un.jpg\" \/>\n\t<meta property=\"og:image:width\" content=\"800\" \/>\n\t<meta property=\"og:image:height\" content=\"528\" \/>\n\t<meta property=\"og:image:type\" content=\"image\/jpeg\" \/>\n<meta name=\"author\" content=\"Paula\" \/>\n<meta name=\"twitter:card\" content=\"summary_large_image\" \/>\n<meta name=\"twitter:creator\" content=\"@Bolsarama_es\" \/>\n<meta name=\"twitter:site\" content=\"@Bolsarama_es\" \/>\n<meta name=\"twitter:label1\" content=\"Escrito por\" \/>\n\t<meta name=\"twitter:data1\" content=\"Paula\" \/>\n\t<meta name=\"twitter:label2\" content=\"Tiempo de lectura\" \/>\n\t<meta name=\"twitter:data2\" content=\"3 minutos\" \/>\n<script type=\"application\/ld+json\" class=\"yoast-schema-graph\">{\"@context\":\"https:\/\/schema.org\",\"@graph\":[{\"@type\":\"Article\",\"@id\":\"https:\/\/www.bolsarama.es\/bolsa\/segun-aplazame-el-54-de-los-espanoles-planea-gastar-un-maximo-de-200-euros-en-sus-compras-de-black-friday\/#article\",\"isPartOf\":{\"@id\":\"https:\/\/www.bolsarama.es\/bolsa\/segun-aplazame-el-54-de-los-espanoles-planea-gastar-un-maximo-de-200-euros-en-sus-compras-de-black-friday\/\"},\"author\":{\"name\":\"Paula\",\"@id\":\"https:\/\/www.bolsarama.es\/bolsa\/#\/schema\/person\/a34ab5b5c7d41d99c10a5c3564af3e43\"},\"headline\":\"Seg\u00fan Aplazame, el 54% de los espa\u00f1oles planea gastar un m\u00e1ximo de 200 euros en sus compras de Black Friday.\",\"datePublished\":\"2024-11-24T14:31:00+00:00\",\"dateModified\":\"2024-11-24T14:31:00+00:00\",\"mainEntityOfPage\":{\"@id\":\"https:\/\/www.bolsarama.es\/bolsa\/segun-aplazame-el-54-de-los-espanoles-planea-gastar-un-maximo-de-200-euros-en-sus-compras-de-black-friday\/\"},\"wordCount\":553,\"commentCount\":0,\"publisher\":{\"@id\":\"https:\/\/www.bolsarama.es\/bolsa\/#organization\"},\"image\":{\"@id\":\"https:\/\/www.bolsarama.es\/bolsa\/segun-aplazame-el-54-de-los-espanoles-planea-gastar-un-maximo-de-200-euros-en-sus-compras-de-black-friday\/#primaryimage\"},\"thumbnailUrl\":\"https:\/\/www.bolsarama.es\/bolsa\/wp-content\/uploads\/2024\/11\/Segun-Aplazame-el-54-de-los-espanoles-planea-gastar-un.jpg\",\"inLanguage\":\"es\",\"potentialAction\":[{\"@type\":\"CommentAction\",\"name\":\"Comment\",\"target\":[\"https:\/\/www.bolsarama.es\/bolsa\/segun-aplazame-el-54-de-los-espanoles-planea-gastar-un-maximo-de-200-euros-en-sus-compras-de-black-friday\/#respond\"]}]},{\"@type\":\"WebPage\",\"@id\":\"https:\/\/www.bolsarama.es\/bolsa\/segun-aplazame-el-54-de-los-espanoles-planea-gastar-un-maximo-de-200-euros-en-sus-compras-de-black-friday\/\",\"url\":\"https:\/\/www.bolsarama.es\/bolsa\/segun-aplazame-el-54-de-los-espanoles-planea-gastar-un-maximo-de-200-euros-en-sus-compras-de-black-friday\/\",\"name\":\"Seg\u00fan Aplazame, el 54% de los espa\u00f1oles planea gastar un m\u00e1ximo de 200 euros en sus compras de Black Friday. - Bolsarama - Informaci\u00f3n econ\u00f3mica actualizada - Bolsarama.es\",\"isPartOf\":{\"@id\":\"https:\/\/www.bolsarama.es\/bolsa\/#website\"},\"primaryImageOfPage\":{\"@id\":\"https:\/\/www.bolsarama.es\/bolsa\/segun-aplazame-el-54-de-los-espanoles-planea-gastar-un-maximo-de-200-euros-en-sus-compras-de-black-friday\/#primaryimage\"},\"image\":{\"@id\":\"https:\/\/www.bolsarama.es\/bolsa\/segun-aplazame-el-54-de-los-espanoles-planea-gastar-un-maximo-de-200-euros-en-sus-compras-de-black-friday\/#primaryimage\"},\"thumbnailUrl\":\"https:\/\/www.bolsarama.es\/bolsa\/wp-content\/uploads\/2024\/11\/Segun-Aplazame-el-54-de-los-espanoles-planea-gastar-un.jpg\",\"datePublished\":\"2024-11-24T14:31:00+00:00\",\"dateModified\":\"2024-11-24T14:31:00+00:00\",\"breadcrumb\":{\"@id\":\"https:\/\/www.bolsarama.es\/bolsa\/segun-aplazame-el-54-de-los-espanoles-planea-gastar-un-maximo-de-200-euros-en-sus-compras-de-black-friday\/#breadcrumb\"},\"inLanguage\":\"es\",\"potentialAction\":[{\"@type\":\"ReadAction\",\"target\":[\"https:\/\/www.bolsarama.es\/bolsa\/segun-aplazame-el-54-de-los-espanoles-planea-gastar-un-maximo-de-200-euros-en-sus-compras-de-black-friday\/\"]}]},{\"@type\":\"ImageObject\",\"inLanguage\":\"es\",\"@id\":\"https:\/\/www.bolsarama.es\/bolsa\/segun-aplazame-el-54-de-los-espanoles-planea-gastar-un-maximo-de-200-euros-en-sus-compras-de-black-friday\/#primaryimage\",\"url\":\"https:\/\/www.bolsarama.es\/bolsa\/wp-content\/uploads\/2024\/11\/Segun-Aplazame-el-54-de-los-espanoles-planea-gastar-un.jpg\",\"contentUrl\":\"https:\/\/www.bolsarama.es\/bolsa\/wp-content\/uploads\/2024\/11\/Segun-Aplazame-el-54-de-los-espanoles-planea-gastar-un.jpg\",\"width\":800,\"height\":528,\"caption\":\"Econom\u00eda.- El 54% de los espa\u00f1oles planea destinar un m\u00e1ximo de 200 euros a sus compras de Black Friday, seg\u00fan Aplazame\"},{\"@type\":\"BreadcrumbList\",\"@id\":\"https:\/\/www.bolsarama.es\/bolsa\/segun-aplazame-el-54-de-los-espanoles-planea-gastar-un-maximo-de-200-euros-en-sus-compras-de-black-friday\/#breadcrumb\",\"itemListElement\":[{\"@type\":\"ListItem\",\"position\":1,\"name\":\"Bolsa\",\"item\":\"https:\/\/www.bolsarama.es\/bolsa\/\"},{\"@type\":\"ListItem\",\"position\":2,\"name\":\"Seg\u00fan Aplazame, el 54% de los espa\u00f1oles planea gastar un m\u00e1ximo de 200 euros en sus compras de Black Friday.\"}]},{\"@type\":\"WebSite\",\"@id\":\"https:\/\/www.bolsarama.es\/bolsa\/#website\",\"url\":\"https:\/\/www.bolsarama.es\/bolsa\/\",\"name\":\"Bolsarama\",\"description\":\"\",\"publisher\":{\"@id\":\"https:\/\/www.bolsarama.es\/bolsa\/#organization\"},\"potentialAction\":[{\"@type\":\"SearchAction\",\"target\":{\"@type\":\"EntryPoint\",\"urlTemplate\":\"https:\/\/www.bolsarama.es\/bolsa\/?s={search_term_string}\"},\"query-input\":{\"@type\":\"PropertyValueSpecification\",\"valueRequired\":true,\"valueName\":\"search_term_string\"}}],\"inLanguage\":\"es\"},{\"@type\":\"Organization\",\"@id\":\"https:\/\/www.bolsarama.es\/bolsa\/#organization\",\"name\":\"Bolsarama\",\"url\":\"https:\/\/www.bolsarama.es\/bolsa\/\",\"logo\":{\"@type\":\"ImageObject\",\"inLanguage\":\"es\",\"@id\":\"https:\/\/www.bolsarama.es\/bolsa\/#\/schema\/logo\/image\/\",\"url\":\"https:\/\/www.bolsarama.es\/bolsa\/wp-content\/uploads\/2023\/10\/logo-bolsarama.png\",\"contentUrl\":\"https:\/\/www.bolsarama.es\/bolsa\/wp-content\/uploads\/2023\/10\/logo-bolsarama.png\",\"width\":300,\"height\":50,\"caption\":\"Bolsarama\"},\"image\":{\"@id\":\"https:\/\/www.bolsarama.es\/bolsa\/#\/schema\/logo\/image\/\"},\"sameAs\":[\"https:\/\/www.facebook.com\/bolsarama.es\",\"https:\/\/x.com\/Bolsarama_es\"]},{\"@type\":\"Person\",\"@id\":\"https:\/\/www.bolsarama.es\/bolsa\/#\/schema\/person\/a34ab5b5c7d41d99c10a5c3564af3e43\",\"name\":\"Paula\",\"image\":{\"@type\":\"ImageObject\",\"inLanguage\":\"es\",\"@id\":\"https:\/\/www.bolsarama.es\/bolsa\/#\/schema\/person\/image\/\",\"url\":\"https:\/\/www.bolsarama.es\/bolsa\/wp-content\/litespeed\/avatar\/d6404594800e2b580b751c6bb2eb5f4f.jpg?ver=1777428602\",\"contentUrl\":\"https:\/\/www.bolsarama.es\/bolsa\/wp-content\/litespeed\/avatar\/d6404594800e2b580b751c6bb2eb5f4f.jpg?ver=1777428602\",\"caption\":\"Paula\"},\"url\":\"https:\/\/www.bolsarama.es\/bolsa\/author\/paula\/\"}]}<\/script>\n<!-- \/ Yoast SEO plugin. -->","yoast_head_json":{"title":"Seg\u00fan Aplazame, el 54% de los espa\u00f1oles planea gastar un m\u00e1ximo de 200 euros en sus compras de Black Friday. - Bolsarama - Informaci\u00f3n econ\u00f3mica actualizada - Bolsarama.es","robots":{"index":"index","follow":"follow","max-snippet":"max-snippet:-1","max-image-preview":"max-image-preview:large","max-video-preview":"max-video-preview:-1"},"canonical":"https:\/\/www.bolsarama.es\/bolsa\/segun-aplazame-el-54-de-los-espanoles-planea-gastar-un-maximo-de-200-euros-en-sus-compras-de-black-friday\/","og_locale":"es_ES","og_type":"article","og_title":"Seg\u00fan Aplazame, el 54% de los espa\u00f1oles planea gastar un m\u00e1ximo de 200 euros en sus compras de Black Friday. - Bolsarama - Informaci\u00f3n econ\u00f3mica actualizada - Bolsarama.es","og_description":"Prepar\u00e1ndonos para el Black Friday: Comportamiento de los consumidores espa\u00f1oles El Black Friday es una de las fechas m\u00e1s esperadas para los consumidores de todo el mundo, y Espa\u00f1a no es la excepci\u00f3n. Seg\u00fan un reciente estudio realizado por Aplazame, se ha observado que el 54% de los consumidores espa\u00f1oles planea gastar un m\u00e1ximo de [&hellip;]","og_url":"https:\/\/www.bolsarama.es\/bolsa\/segun-aplazame-el-54-de-los-espanoles-planea-gastar-un-maximo-de-200-euros-en-sus-compras-de-black-friday\/","og_site_name":"Bolsarama - Informaci\u00f3n econ\u00f3mica actualizada - Bolsarama.es","article_publisher":"https:\/\/www.facebook.com\/bolsarama.es","article_published_time":"2024-11-24T14:31:00+00:00","og_image":[{"width":800,"height":528,"url":"https:\/\/www.bolsarama.es\/bolsa\/wp-content\/uploads\/2024\/11\/Segun-Aplazame-el-54-de-los-espanoles-planea-gastar-un.jpg","type":"image\/jpeg"}],"author":"Paula","twitter_card":"summary_large_image","twitter_creator":"@Bolsarama_es","twitter_site":"@Bolsarama_es","twitter_misc":{"Escrito por":"Paula","Tiempo de lectura":"3 minutos"},"schema":{"@context":"https:\/\/schema.org","@graph":[{"@type":"Article","@id":"https:\/\/www.bolsarama.es\/bolsa\/segun-aplazame-el-54-de-los-espanoles-planea-gastar-un-maximo-de-200-euros-en-sus-compras-de-black-friday\/#article","isPartOf":{"@id":"https:\/\/www.bolsarama.es\/bolsa\/segun-aplazame-el-54-de-los-espanoles-planea-gastar-un-maximo-de-200-euros-en-sus-compras-de-black-friday\/"},"author":{"name":"Paula","@id":"https:\/\/www.bolsarama.es\/bolsa\/#\/schema\/person\/a34ab5b5c7d41d99c10a5c3564af3e43"},"headline":"Seg\u00fan Aplazame, el 54% de los espa\u00f1oles planea gastar un m\u00e1ximo de 200 euros en sus compras de Black Friday.","datePublished":"2024-11-24T14:31:00+00:00","dateModified":"2024-11-24T14:31:00+00:00","mainEntityOfPage":{"@id":"https:\/\/www.bolsarama.es\/bolsa\/segun-aplazame-el-54-de-los-espanoles-planea-gastar-un-maximo-de-200-euros-en-sus-compras-de-black-friday\/"},"wordCount":553,"commentCount":0,"publisher":{"@id":"https:\/\/www.bolsarama.es\/bolsa\/#organization"},"image":{"@id":"https:\/\/www.bolsarama.es\/bolsa\/segun-aplazame-el-54-de-los-espanoles-planea-gastar-un-maximo-de-200-euros-en-sus-compras-de-black-friday\/#primaryimage"},"thumbnailUrl":"https:\/\/www.bolsarama.es\/bolsa\/wp-content\/uploads\/2024\/11\/Segun-Aplazame-el-54-de-los-espanoles-planea-gastar-un.jpg","inLanguage":"es","potentialAction":[{"@type":"CommentAction","name":"Comment","target":["https:\/\/www.bolsarama.es\/bolsa\/segun-aplazame-el-54-de-los-espanoles-planea-gastar-un-maximo-de-200-euros-en-sus-compras-de-black-friday\/#respond"]}]},{"@type":"WebPage","@id":"https:\/\/www.bolsarama.es\/bolsa\/segun-aplazame-el-54-de-los-espanoles-planea-gastar-un-maximo-de-200-euros-en-sus-compras-de-black-friday\/","url":"https:\/\/www.bolsarama.es\/bolsa\/segun-aplazame-el-54-de-los-espanoles-planea-gastar-un-maximo-de-200-euros-en-sus-compras-de-black-friday\/","name":"Seg\u00fan Aplazame, el 54% de los espa\u00f1oles planea gastar un m\u00e1ximo de 200 euros en sus compras de Black Friday. - Bolsarama - Informaci\u00f3n econ\u00f3mica actualizada - Bolsarama.es","isPartOf":{"@id":"https:\/\/www.bolsarama.es\/bolsa\/#website"},"primaryImageOfPage":{"@id":"https:\/\/www.bolsarama.es\/bolsa\/segun-aplazame-el-54-de-los-espanoles-planea-gastar-un-maximo-de-200-euros-en-sus-compras-de-black-friday\/#primaryimage"},"image":{"@id":"https:\/\/www.bolsarama.es\/bolsa\/segun-aplazame-el-54-de-los-espanoles-planea-gastar-un-maximo-de-200-euros-en-sus-compras-de-black-friday\/#primaryimage"},"thumbnailUrl":"https:\/\/www.bolsarama.es\/bolsa\/wp-content\/uploads\/2024\/11\/Segun-Aplazame-el-54-de-los-espanoles-planea-gastar-un.jpg","datePublished":"2024-11-24T14:31:00+00:00","dateModified":"2024-11-24T14:31:00+00:00","breadcrumb":{"@id":"https:\/\/www.bolsarama.es\/bolsa\/segun-aplazame-el-54-de-los-espanoles-planea-gastar-un-maximo-de-200-euros-en-sus-compras-de-black-friday\/#breadcrumb"},"inLanguage":"es","potentialAction":[{"@type":"ReadAction","target":["https:\/\/www.bolsarama.es\/bolsa\/segun-aplazame-el-54-de-los-espanoles-planea-gastar-un-maximo-de-200-euros-en-sus-compras-de-black-friday\/"]}]},{"@type":"ImageObject","inLanguage":"es","@id":"https:\/\/www.bolsarama.es\/bolsa\/segun-aplazame-el-54-de-los-espanoles-planea-gastar-un-maximo-de-200-euros-en-sus-compras-de-black-friday\/#primaryimage","url":"https:\/\/www.bolsarama.es\/bolsa\/wp-content\/uploads\/2024\/11\/Segun-Aplazame-el-54-de-los-espanoles-planea-gastar-un.jpg","contentUrl":"https:\/\/www.bolsarama.es\/bolsa\/wp-content\/uploads\/2024\/11\/Segun-Aplazame-el-54-de-los-espanoles-planea-gastar-un.jpg","width":800,"height":528,"caption":"Econom\u00eda.- El 54% de los espa\u00f1oles planea destinar un m\u00e1ximo de 200 euros a sus compras de Black Friday, seg\u00fan Aplazame"},{"@type":"BreadcrumbList","@id":"https:\/\/www.bolsarama.es\/bolsa\/segun-aplazame-el-54-de-los-espanoles-planea-gastar-un-maximo-de-200-euros-en-sus-compras-de-black-friday\/#breadcrumb","itemListElement":[{"@type":"ListItem","position":1,"name":"Bolsa","item":"https:\/\/www.bolsarama.es\/bolsa\/"},{"@type":"ListItem","position":2,"name":"Seg\u00fan Aplazame, el 54% de los espa\u00f1oles planea gastar un m\u00e1ximo de 200 euros en sus compras de Black Friday."}]},{"@type":"WebSite","@id":"https:\/\/www.bolsarama.es\/bolsa\/#website","url":"https:\/\/www.bolsarama.es\/bolsa\/","name":"Bolsarama","description":"","publisher":{"@id":"https:\/\/www.bolsarama.es\/bolsa\/#organization"},"potentialAction":[{"@type":"SearchAction","target":{"@type":"EntryPoint","urlTemplate":"https:\/\/www.bolsarama.es\/bolsa\/?s={search_term_string}"},"query-input":{"@type":"PropertyValueSpecification","valueRequired":true,"valueName":"search_term_string"}}],"inLanguage":"es"},{"@type":"Organization","@id":"https:\/\/www.bolsarama.es\/bolsa\/#organization","name":"Bolsarama","url":"https:\/\/www.bolsarama.es\/bolsa\/","logo":{"@type":"ImageObject","inLanguage":"es","@id":"https:\/\/www.bolsarama.es\/bolsa\/#\/schema\/logo\/image\/","url":"https:\/\/www.bolsarama.es\/bolsa\/wp-content\/uploads\/2023\/10\/logo-bolsarama.png","contentUrl":"https:\/\/www.bolsarama.es\/bolsa\/wp-content\/uploads\/2023\/10\/logo-bolsarama.png","width":300,"height":50,"caption":"Bolsarama"},"image":{"@id":"https:\/\/www.bolsarama.es\/bolsa\/#\/schema\/logo\/image\/"},"sameAs":["https:\/\/www.facebook.com\/bolsarama.es","https:\/\/x.com\/Bolsarama_es"]},{"@type":"Person","@id":"https:\/\/www.bolsarama.es\/bolsa\/#\/schema\/person\/a34ab5b5c7d41d99c10a5c3564af3e43","name":"Paula","image":{"@type":"ImageObject","inLanguage":"es","@id":"https:\/\/www.bolsarama.es\/bolsa\/#\/schema\/person\/image\/","url":"https:\/\/www.bolsarama.es\/bolsa\/wp-content\/litespeed\/avatar\/d6404594800e2b580b751c6bb2eb5f4f.jpg?ver=1777428602","contentUrl":"https:\/\/www.bolsarama.es\/bolsa\/wp-content\/litespeed\/avatar\/d6404594800e2b580b751c6bb2eb5f4f.jpg?ver=1777428602","caption":"Paula"},"url":"https:\/\/www.bolsarama.es\/bolsa\/author\/paula\/"}]}},"_links":{"self":[{"href":"https:\/\/www.bolsarama.es\/bolsa\/wp-json\/wp\/v2\/posts\/636","targetHints":{"allow":["GET"]}}],"collection":[{"href":"https:\/\/www.bolsarama.es\/bolsa\/wp-json\/wp\/v2\/posts"}],"about":[{"href":"https:\/\/www.bolsarama.es\/bolsa\/wp-json\/wp\/v2\/types\/post"}],"author":[{"embeddable":true,"href":"https:\/\/www.bolsarama.es\/bolsa\/wp-json\/wp\/v2\/users\/2"}],"replies":[{"embeddable":true,"href":"https:\/\/www.bolsarama.es\/bolsa\/wp-json\/wp\/v2\/comments?post=636"}],"version-history":[{"count":1,"href":"https:\/\/www.bolsarama.es\/bolsa\/wp-json\/wp\/v2\/posts\/636\/revisions"}],"predecessor-version":[{"id":638,"href":"https:\/\/www.bolsarama.es\/bolsa\/wp-json\/wp\/v2\/posts\/636\/revisions\/638"}],"wp:featuredmedia":[{"embeddable":true,"href":"https:\/\/www.bolsarama.es\/bolsa\/wp-json\/wp\/v2\/media\/637"}],"wp:attachment":[{"href":"https:\/\/www.bolsarama.es\/bolsa\/wp-json\/wp\/v2\/media?parent=636"}],"wp:term":[{"taxonomy":"category","embeddable":true,"href":"https:\/\/www.bolsarama.es\/bolsa\/wp-json\/wp\/v2\/categories?post=636"},{"taxonomy":"post_tag","embeddable":true,"href":"https:\/\/www.bolsarama.es\/bolsa\/wp-json\/wp\/v2\/tags?post=636"}],"curies":[{"name":"wp","href":"https:\/\/api.w.org\/{rel}","templated":true}]}}