{"id":653,"date":"2024-11-25T11:11:03","date_gmt":"2024-11-25T10:11:03","guid":{"rendered":"https:\/\/www.bolsarama.es\/bolsa\/?p=653"},"modified":"2024-11-25T11:11:03","modified_gmt":"2024-11-25T10:11:03","slug":"segun-ifo-la-opinion-de-los-empresarios-alemanes-sobre-la-situacion-actual-cae-a-niveles-minimos-desde-2020","status":"publish","type":"post","link":"https:\/\/www.bolsarama.es\/bolsa\/segun-ifo-la-opinion-de-los-empresarios-alemanes-sobre-la-situacion-actual-cae-a-niveles-minimos-desde-2020\/","title":{"rendered":"Seg\u00fan Ifo, la opini\u00f3n de los empresarios alemanes sobre la situaci\u00f3n actual cae a niveles m\u00ednimos desde 2020."},"content":{"rendered":"<p>El panorama econ\u00f3mico en Alemania presenta una creciente inseguridad. Seg\u00fan datos recientes del Instituto de Investigaci\u00f3n Econ\u00f3mica de M\u00fanich (Ifo), la confianza de los empresarios alemanes ha experimentado un marcado deterioro en noviembre, alcanzando m\u00ednimos desde 2020. Pero, \u00bfqu\u00e9 est\u00e1 impulsando esta tendencia descendiente y qu\u00e9 implicaciones puede tener para la econom\u00eda alemana en su conjunto?<\/p>\n<h2>El clima empresarial en Alemania: Un giro hacia la incertidumbre<\/h2>\n<p>El \u00edndice de confianza empresarial Ifo, un importante bar\u00f3metro de la salud econ\u00f3mica de Alemania, ha descendido a 85,7 puntos en noviembre desde los 86,5 del mes anterior. Este indicador revela que las perspectivas de las empresas sobre la situaci\u00f3n econ\u00f3mica actual se han deteriorado, reflejando un clima de creciente incertidumbre y pesimismo.<\/p>\n<h3>Desvanecimiento de la confianza en diferentes sectores<\/h3>\n<p>La disminuci\u00f3n de la confianza empresarial no se limita a un solo sector, sino que se refleja en una variedad de industrias. En el sector manufacturero, por ejemplo, las empresas muestran escepticismo sobre los pr\u00f3ximos meses. En el sector servicios, el \u00edndice de clima empresarial ha ca\u00eddo significativamente. Sin embargo, en el comercio, el \u00edndice ha experimentado un ligero incremento en noviembre, gracias a una percepci\u00f3n ligeramente m\u00e1s positiva de la situaci\u00f3n actual.<\/p>\n<h4>Factores que contribuyen al deterioro de la confianza<\/h4>\n<p>Existen varios factores que est\u00e1n contribuyendo a este descenso en la confianza empresarial. Entre ellos, la crisis pol\u00edtica en Alemania y la potencial agenda proteccionista de Donald Trump en Estados Unidos han a\u00f1adido incertidumbre al panorama econ\u00f3mico. Adem\u00e1s, la debilidad de la demanda de China y la escalada de la guerra en Ucrania tambi\u00e9n est\u00e1n afectando a la econom\u00eda alemana.<\/p>\n<h2>\u00bfQu\u00e9 significa un \u00edndice Ifo bajo para la econom\u00eda alemana?<\/h2>\n<p>Un \u00edndice Ifo bajo es una se\u00f1al de alerta para la econom\u00eda alemana. Indica que las empresas est\u00e1n menos satisfechas con el estado actual de la econom\u00eda y tienen menos confianza en el futuro. Si esta tendencia contin\u00faa, podr\u00eda conducir a una desaceleraci\u00f3n econ\u00f3mica o incluso a una recesi\u00f3n. En este contexto, es crucial que los responsables pol\u00edticos y econ\u00f3micos tomen medidas para restaurar la confianza y estabilizar la econom\u00eda.<\/p>\n<h3>Buscando soluciones a la incertidumbre econ\u00f3mica<\/h3>\n<p>Para enfrentar este desaf\u00edo, se requieren pol\u00edticas s\u00f3lidas y efectivas. Esto incluye medidas para reducir la incertidumbre pol\u00edtica, fortalecer la demanda interna y mejorar el clima de inversi\u00f3n. Con la estrategia y el esfuerzo correctos, Alemania puede superar estos obst\u00e1culos y recuperar la confianza de sus empresarios, lo que es esencial para el crecimiento econ\u00f3mico sostenible en el futuro.<\/p>\n","protected":false},"excerpt":{"rendered":"<p>El panorama econ\u00f3mico en Alemania presenta una creciente inseguridad. Seg\u00fan datos recientes del Instituto de Investigaci\u00f3n Econ\u00f3mica de M\u00fanich (Ifo), la confianza de los empresarios alemanes ha experimentado un marcado deterioro en noviembre, alcanzando m\u00ednimos desde 2020. Pero, \u00bfqu\u00e9 est\u00e1 impulsando esta tendencia descendiente y qu\u00e9 implicaciones puede tener para la econom\u00eda alemana en su [&hellip;]<\/p>\n","protected":false},"author":2,"featured_media":0,"comment_status":"open","ping_status":"open","sticky":false,"template":"","format":"standard","meta":{"footnotes":""},"categories":[1],"tags":[],"class_list":["post-653","post","type-post","status-publish","format-standard","hentry","category-sin-categoria"],"yoast_head":"<!-- This site is optimized with the Yoast SEO plugin v23.6 - https:\/\/yoast.com\/wordpress\/plugins\/seo\/ -->\n<title>Seg\u00fan Ifo, la opini\u00f3n de los empresarios alemanes sobre la situaci\u00f3n actual cae a niveles m\u00ednimos desde 2020. - Bolsarama - Informaci\u00f3n econ\u00f3mica actualizada - Bolsarama.es<\/title>\n<meta name=\"robots\" content=\"index, follow, max-snippet:-1, max-image-preview:large, max-video-preview:-1\" \/>\n<link rel=\"canonical\" href=\"https:\/\/www.bolsarama.es\/bolsa\/segun-ifo-la-opinion-de-los-empresarios-alemanes-sobre-la-situacion-actual-cae-a-niveles-minimos-desde-2020\/\" \/>\n<meta property=\"og:locale\" content=\"es_ES\" \/>\n<meta property=\"og:type\" content=\"article\" \/>\n<meta property=\"og:title\" content=\"Seg\u00fan Ifo, la opini\u00f3n de los empresarios alemanes sobre la situaci\u00f3n actual cae a niveles m\u00ednimos desde 2020. - Bolsarama - Informaci\u00f3n econ\u00f3mica actualizada - Bolsarama.es\" \/>\n<meta property=\"og:description\" content=\"El panorama econ\u00f3mico en Alemania presenta una creciente inseguridad. Seg\u00fan datos recientes del Instituto de Investigaci\u00f3n Econ\u00f3mica de M\u00fanich (Ifo), la confianza de los empresarios alemanes ha experimentado un marcado deterioro en noviembre, alcanzando m\u00ednimos desde 2020. Pero, \u00bfqu\u00e9 est\u00e1 impulsando esta tendencia descendiente y qu\u00e9 implicaciones puede tener para la econom\u00eda alemana en su [&hellip;]\" \/>\n<meta property=\"og:url\" content=\"https:\/\/www.bolsarama.es\/bolsa\/segun-ifo-la-opinion-de-los-empresarios-alemanes-sobre-la-situacion-actual-cae-a-niveles-minimos-desde-2020\/\" \/>\n<meta property=\"og:site_name\" content=\"Bolsarama - Informaci\u00f3n econ\u00f3mica actualizada - Bolsarama.es\" \/>\n<meta property=\"article:publisher\" content=\"https:\/\/www.facebook.com\/bolsarama.es\" \/>\n<meta property=\"article:published_time\" content=\"2024-11-25T10:11:03+00:00\" \/>\n<meta name=\"author\" content=\"Paula\" \/>\n<meta name=\"twitter:card\" content=\"summary_large_image\" \/>\n<meta name=\"twitter:creator\" content=\"@Bolsarama_es\" \/>\n<meta name=\"twitter:site\" content=\"@Bolsarama_es\" \/>\n<meta name=\"twitter:label1\" content=\"Escrito por\" \/>\n\t<meta name=\"twitter:data1\" content=\"Paula\" \/>\n\t<meta name=\"twitter:label2\" content=\"Tiempo de lectura\" \/>\n\t<meta name=\"twitter:data2\" content=\"2 minutos\" \/>\n<script type=\"application\/ld+json\" class=\"yoast-schema-graph\">{\"@context\":\"https:\/\/schema.org\",\"@graph\":[{\"@type\":\"Article\",\"@id\":\"https:\/\/www.bolsarama.es\/bolsa\/segun-ifo-la-opinion-de-los-empresarios-alemanes-sobre-la-situacion-actual-cae-a-niveles-minimos-desde-2020\/#article\",\"isPartOf\":{\"@id\":\"https:\/\/www.bolsarama.es\/bolsa\/segun-ifo-la-opinion-de-los-empresarios-alemanes-sobre-la-situacion-actual-cae-a-niveles-minimos-desde-2020\/\"},\"author\":{\"name\":\"Paula\",\"@id\":\"https:\/\/www.bolsarama.es\/bolsa\/#\/schema\/person\/a34ab5b5c7d41d99c10a5c3564af3e43\"},\"headline\":\"Seg\u00fan Ifo, la opini\u00f3n de los empresarios alemanes sobre la situaci\u00f3n actual cae a niveles m\u00ednimos desde 2020.\",\"datePublished\":\"2024-11-25T10:11:03+00:00\",\"dateModified\":\"2024-11-25T10:11:03+00:00\",\"mainEntityOfPage\":{\"@id\":\"https:\/\/www.bolsarama.es\/bolsa\/segun-ifo-la-opinion-de-los-empresarios-alemanes-sobre-la-situacion-actual-cae-a-niveles-minimos-desde-2020\/\"},\"wordCount\":476,\"commentCount\":0,\"publisher\":{\"@id\":\"https:\/\/www.bolsarama.es\/bolsa\/#organization\"},\"inLanguage\":\"es\",\"potentialAction\":[{\"@type\":\"CommentAction\",\"name\":\"Comment\",\"target\":[\"https:\/\/www.bolsarama.es\/bolsa\/segun-ifo-la-opinion-de-los-empresarios-alemanes-sobre-la-situacion-actual-cae-a-niveles-minimos-desde-2020\/#respond\"]}]},{\"@type\":\"WebPage\",\"@id\":\"https:\/\/www.bolsarama.es\/bolsa\/segun-ifo-la-opinion-de-los-empresarios-alemanes-sobre-la-situacion-actual-cae-a-niveles-minimos-desde-2020\/\",\"url\":\"https:\/\/www.bolsarama.es\/bolsa\/segun-ifo-la-opinion-de-los-empresarios-alemanes-sobre-la-situacion-actual-cae-a-niveles-minimos-desde-2020\/\",\"name\":\"Seg\u00fan Ifo, la opini\u00f3n de los empresarios alemanes sobre la situaci\u00f3n actual cae a niveles m\u00ednimos desde 2020. - Bolsarama - Informaci\u00f3n econ\u00f3mica actualizada - Bolsarama.es\",\"isPartOf\":{\"@id\":\"https:\/\/www.bolsarama.es\/bolsa\/#website\"},\"datePublished\":\"2024-11-25T10:11:03+00:00\",\"dateModified\":\"2024-11-25T10:11:03+00:00\",\"breadcrumb\":{\"@id\":\"https:\/\/www.bolsarama.es\/bolsa\/segun-ifo-la-opinion-de-los-empresarios-alemanes-sobre-la-situacion-actual-cae-a-niveles-minimos-desde-2020\/#breadcrumb\"},\"inLanguage\":\"es\",\"potentialAction\":[{\"@type\":\"ReadAction\",\"target\":[\"https:\/\/www.bolsarama.es\/bolsa\/segun-ifo-la-opinion-de-los-empresarios-alemanes-sobre-la-situacion-actual-cae-a-niveles-minimos-desde-2020\/\"]}]},{\"@type\":\"BreadcrumbList\",\"@id\":\"https:\/\/www.bolsarama.es\/bolsa\/segun-ifo-la-opinion-de-los-empresarios-alemanes-sobre-la-situacion-actual-cae-a-niveles-minimos-desde-2020\/#breadcrumb\",\"itemListElement\":[{\"@type\":\"ListItem\",\"position\":1,\"name\":\"Bolsa\",\"item\":\"https:\/\/www.bolsarama.es\/bolsa\/\"},{\"@type\":\"ListItem\",\"position\":2,\"name\":\"Seg\u00fan Ifo, la opini\u00f3n de los empresarios alemanes sobre la situaci\u00f3n actual cae a niveles m\u00ednimos desde 2020.\"}]},{\"@type\":\"WebSite\",\"@id\":\"https:\/\/www.bolsarama.es\/bolsa\/#website\",\"url\":\"https:\/\/www.bolsarama.es\/bolsa\/\",\"name\":\"Bolsarama\",\"description\":\"\",\"publisher\":{\"@id\":\"https:\/\/www.bolsarama.es\/bolsa\/#organization\"},\"potentialAction\":[{\"@type\":\"SearchAction\",\"target\":{\"@type\":\"EntryPoint\",\"urlTemplate\":\"https:\/\/www.bolsarama.es\/bolsa\/?s={search_term_string}\"},\"query-input\":{\"@type\":\"PropertyValueSpecification\",\"valueRequired\":true,\"valueName\":\"search_term_string\"}}],\"inLanguage\":\"es\"},{\"@type\":\"Organization\",\"@id\":\"https:\/\/www.bolsarama.es\/bolsa\/#organization\",\"name\":\"Bolsarama\",\"url\":\"https:\/\/www.bolsarama.es\/bolsa\/\",\"logo\":{\"@type\":\"ImageObject\",\"inLanguage\":\"es\",\"@id\":\"https:\/\/www.bolsarama.es\/bolsa\/#\/schema\/logo\/image\/\",\"url\":\"https:\/\/www.bolsarama.es\/bolsa\/wp-content\/uploads\/2023\/10\/logo-bolsarama.png\",\"contentUrl\":\"https:\/\/www.bolsarama.es\/bolsa\/wp-content\/uploads\/2023\/10\/logo-bolsarama.png\",\"width\":300,\"height\":50,\"caption\":\"Bolsarama\"},\"image\":{\"@id\":\"https:\/\/www.bolsarama.es\/bolsa\/#\/schema\/logo\/image\/\"},\"sameAs\":[\"https:\/\/www.facebook.com\/bolsarama.es\",\"https:\/\/x.com\/Bolsarama_es\"]},{\"@type\":\"Person\",\"@id\":\"https:\/\/www.bolsarama.es\/bolsa\/#\/schema\/person\/a34ab5b5c7d41d99c10a5c3564af3e43\",\"name\":\"Paula\",\"image\":{\"@type\":\"ImageObject\",\"inLanguage\":\"es\",\"@id\":\"https:\/\/www.bolsarama.es\/bolsa\/#\/schema\/person\/image\/\",\"url\":\"https:\/\/www.bolsarama.es\/bolsa\/wp-content\/litespeed\/avatar\/d6404594800e2b580b751c6bb2eb5f4f.jpg?ver=1777428602\",\"contentUrl\":\"https:\/\/www.bolsarama.es\/bolsa\/wp-content\/litespeed\/avatar\/d6404594800e2b580b751c6bb2eb5f4f.jpg?ver=1777428602\",\"caption\":\"Paula\"},\"url\":\"https:\/\/www.bolsarama.es\/bolsa\/author\/paula\/\"}]}<\/script>\n<!-- \/ Yoast SEO plugin. -->","yoast_head_json":{"title":"Seg\u00fan Ifo, la opini\u00f3n de los empresarios alemanes sobre la situaci\u00f3n actual cae a niveles m\u00ednimos desde 2020. - Bolsarama - Informaci\u00f3n econ\u00f3mica actualizada - Bolsarama.es","robots":{"index":"index","follow":"follow","max-snippet":"max-snippet:-1","max-image-preview":"max-image-preview:large","max-video-preview":"max-video-preview:-1"},"canonical":"https:\/\/www.bolsarama.es\/bolsa\/segun-ifo-la-opinion-de-los-empresarios-alemanes-sobre-la-situacion-actual-cae-a-niveles-minimos-desde-2020\/","og_locale":"es_ES","og_type":"article","og_title":"Seg\u00fan Ifo, la opini\u00f3n de los empresarios alemanes sobre la situaci\u00f3n actual cae a niveles m\u00ednimos desde 2020. - Bolsarama - Informaci\u00f3n econ\u00f3mica actualizada - Bolsarama.es","og_description":"El panorama econ\u00f3mico en Alemania presenta una creciente inseguridad. Seg\u00fan datos recientes del Instituto de Investigaci\u00f3n Econ\u00f3mica de M\u00fanich (Ifo), la confianza de los empresarios alemanes ha experimentado un marcado deterioro en noviembre, alcanzando m\u00ednimos desde 2020. Pero, \u00bfqu\u00e9 est\u00e1 impulsando esta tendencia descendiente y qu\u00e9 implicaciones puede tener para la econom\u00eda alemana en su [&hellip;]","og_url":"https:\/\/www.bolsarama.es\/bolsa\/segun-ifo-la-opinion-de-los-empresarios-alemanes-sobre-la-situacion-actual-cae-a-niveles-minimos-desde-2020\/","og_site_name":"Bolsarama - Informaci\u00f3n econ\u00f3mica actualizada - Bolsarama.es","article_publisher":"https:\/\/www.facebook.com\/bolsarama.es","article_published_time":"2024-11-25T10:11:03+00:00","author":"Paula","twitter_card":"summary_large_image","twitter_creator":"@Bolsarama_es","twitter_site":"@Bolsarama_es","twitter_misc":{"Escrito por":"Paula","Tiempo de lectura":"2 minutos"},"schema":{"@context":"https:\/\/schema.org","@graph":[{"@type":"Article","@id":"https:\/\/www.bolsarama.es\/bolsa\/segun-ifo-la-opinion-de-los-empresarios-alemanes-sobre-la-situacion-actual-cae-a-niveles-minimos-desde-2020\/#article","isPartOf":{"@id":"https:\/\/www.bolsarama.es\/bolsa\/segun-ifo-la-opinion-de-los-empresarios-alemanes-sobre-la-situacion-actual-cae-a-niveles-minimos-desde-2020\/"},"author":{"name":"Paula","@id":"https:\/\/www.bolsarama.es\/bolsa\/#\/schema\/person\/a34ab5b5c7d41d99c10a5c3564af3e43"},"headline":"Seg\u00fan Ifo, la opini\u00f3n de los empresarios alemanes sobre la situaci\u00f3n actual cae a niveles m\u00ednimos desde 2020.","datePublished":"2024-11-25T10:11:03+00:00","dateModified":"2024-11-25T10:11:03+00:00","mainEntityOfPage":{"@id":"https:\/\/www.bolsarama.es\/bolsa\/segun-ifo-la-opinion-de-los-empresarios-alemanes-sobre-la-situacion-actual-cae-a-niveles-minimos-desde-2020\/"},"wordCount":476,"commentCount":0,"publisher":{"@id":"https:\/\/www.bolsarama.es\/bolsa\/#organization"},"inLanguage":"es","potentialAction":[{"@type":"CommentAction","name":"Comment","target":["https:\/\/www.bolsarama.es\/bolsa\/segun-ifo-la-opinion-de-los-empresarios-alemanes-sobre-la-situacion-actual-cae-a-niveles-minimos-desde-2020\/#respond"]}]},{"@type":"WebPage","@id":"https:\/\/www.bolsarama.es\/bolsa\/segun-ifo-la-opinion-de-los-empresarios-alemanes-sobre-la-situacion-actual-cae-a-niveles-minimos-desde-2020\/","url":"https:\/\/www.bolsarama.es\/bolsa\/segun-ifo-la-opinion-de-los-empresarios-alemanes-sobre-la-situacion-actual-cae-a-niveles-minimos-desde-2020\/","name":"Seg\u00fan Ifo, la opini\u00f3n de los empresarios alemanes sobre la situaci\u00f3n actual cae a niveles m\u00ednimos desde 2020. - Bolsarama - Informaci\u00f3n econ\u00f3mica actualizada - Bolsarama.es","isPartOf":{"@id":"https:\/\/www.bolsarama.es\/bolsa\/#website"},"datePublished":"2024-11-25T10:11:03+00:00","dateModified":"2024-11-25T10:11:03+00:00","breadcrumb":{"@id":"https:\/\/www.bolsarama.es\/bolsa\/segun-ifo-la-opinion-de-los-empresarios-alemanes-sobre-la-situacion-actual-cae-a-niveles-minimos-desde-2020\/#breadcrumb"},"inLanguage":"es","potentialAction":[{"@type":"ReadAction","target":["https:\/\/www.bolsarama.es\/bolsa\/segun-ifo-la-opinion-de-los-empresarios-alemanes-sobre-la-situacion-actual-cae-a-niveles-minimos-desde-2020\/"]}]},{"@type":"BreadcrumbList","@id":"https:\/\/www.bolsarama.es\/bolsa\/segun-ifo-la-opinion-de-los-empresarios-alemanes-sobre-la-situacion-actual-cae-a-niveles-minimos-desde-2020\/#breadcrumb","itemListElement":[{"@type":"ListItem","position":1,"name":"Bolsa","item":"https:\/\/www.bolsarama.es\/bolsa\/"},{"@type":"ListItem","position":2,"name":"Seg\u00fan Ifo, la opini\u00f3n de los empresarios alemanes sobre la situaci\u00f3n actual cae a niveles m\u00ednimos desde 2020."}]},{"@type":"WebSite","@id":"https:\/\/www.bolsarama.es\/bolsa\/#website","url":"https:\/\/www.bolsarama.es\/bolsa\/","name":"Bolsarama","description":"","publisher":{"@id":"https:\/\/www.bolsarama.es\/bolsa\/#organization"},"potentialAction":[{"@type":"SearchAction","target":{"@type":"EntryPoint","urlTemplate":"https:\/\/www.bolsarama.es\/bolsa\/?s={search_term_string}"},"query-input":{"@type":"PropertyValueSpecification","valueRequired":true,"valueName":"search_term_string"}}],"inLanguage":"es"},{"@type":"Organization","@id":"https:\/\/www.bolsarama.es\/bolsa\/#organization","name":"Bolsarama","url":"https:\/\/www.bolsarama.es\/bolsa\/","logo":{"@type":"ImageObject","inLanguage":"es","@id":"https:\/\/www.bolsarama.es\/bolsa\/#\/schema\/logo\/image\/","url":"https:\/\/www.bolsarama.es\/bolsa\/wp-content\/uploads\/2023\/10\/logo-bolsarama.png","contentUrl":"https:\/\/www.bolsarama.es\/bolsa\/wp-content\/uploads\/2023\/10\/logo-bolsarama.png","width":300,"height":50,"caption":"Bolsarama"},"image":{"@id":"https:\/\/www.bolsarama.es\/bolsa\/#\/schema\/logo\/image\/"},"sameAs":["https:\/\/www.facebook.com\/bolsarama.es","https:\/\/x.com\/Bolsarama_es"]},{"@type":"Person","@id":"https:\/\/www.bolsarama.es\/bolsa\/#\/schema\/person\/a34ab5b5c7d41d99c10a5c3564af3e43","name":"Paula","image":{"@type":"ImageObject","inLanguage":"es","@id":"https:\/\/www.bolsarama.es\/bolsa\/#\/schema\/person\/image\/","url":"https:\/\/www.bolsarama.es\/bolsa\/wp-content\/litespeed\/avatar\/d6404594800e2b580b751c6bb2eb5f4f.jpg?ver=1777428602","contentUrl":"https:\/\/www.bolsarama.es\/bolsa\/wp-content\/litespeed\/avatar\/d6404594800e2b580b751c6bb2eb5f4f.jpg?ver=1777428602","caption":"Paula"},"url":"https:\/\/www.bolsarama.es\/bolsa\/author\/paula\/"}]}},"_links":{"self":[{"href":"https:\/\/www.bolsarama.es\/bolsa\/wp-json\/wp\/v2\/posts\/653","targetHints":{"allow":["GET"]}}],"collection":[{"href":"https:\/\/www.bolsarama.es\/bolsa\/wp-json\/wp\/v2\/posts"}],"about":[{"href":"https:\/\/www.bolsarama.es\/bolsa\/wp-json\/wp\/v2\/types\/post"}],"author":[{"embeddable":true,"href":"https:\/\/www.bolsarama.es\/bolsa\/wp-json\/wp\/v2\/users\/2"}],"replies":[{"embeddable":true,"href":"https:\/\/www.bolsarama.es\/bolsa\/wp-json\/wp\/v2\/comments?post=653"}],"version-history":[{"count":1,"href":"https:\/\/www.bolsarama.es\/bolsa\/wp-json\/wp\/v2\/posts\/653\/revisions"}],"predecessor-version":[{"id":654,"href":"https:\/\/www.bolsarama.es\/bolsa\/wp-json\/wp\/v2\/posts\/653\/revisions\/654"}],"wp:attachment":[{"href":"https:\/\/www.bolsarama.es\/bolsa\/wp-json\/wp\/v2\/media?parent=653"}],"wp:term":[{"taxonomy":"category","embeddable":true,"href":"https:\/\/www.bolsarama.es\/bolsa\/wp-json\/wp\/v2\/categories?post=653"},{"taxonomy":"post_tag","embeddable":true,"href":"https:\/\/www.bolsarama.es\/bolsa\/wp-json\/wp\/v2\/tags?post=653"}],"curies":[{"name":"wp","href":"https:\/\/api.w.org\/{rel}","templated":true}]}}