{"id":655,"date":"2024-11-25T14:26:30","date_gmt":"2024-11-25T13:26:30","guid":{"rendered":"https:\/\/www.bolsarama.es\/bolsa\/?p=655"},"modified":"2024-11-25T14:26:30","modified_gmt":"2024-11-25T13:26:30","slug":"lamelas-asume-la-presidencia-de-la-amt-con-el-desafio-de-favorecer-las-sinergias-entre-turistas-y-residentes","status":"publish","type":"post","link":"https:\/\/www.bolsarama.es\/bolsa\/lamelas-asume-la-presidencia-de-la-amt-con-el-desafio-de-favorecer-las-sinergias-entre-turistas-y-residentes\/","title":{"rendered":"Lamelas asume la presidencia de la AMT con el desaf\u00edo de favorecer las sinergias entre turistas y residentes."},"content":{"rendered":"<h2>Adri\u00e0 Lamelas: El nuevo l\u00edder de la Alianza de Municipios Tur\u00edsticos de Espa\u00f1a<\/h2>\n<p><\/p>\n<p>Adri\u00e0 Lamelas, el alcalde de Lloret de Mar, se ha convertido en el nuevo presidente de la Alianza de Municipios Tur\u00edsticos de Espa\u00f1a de Sol y Playa (AMT). Lamelas asume la responsabilidad de este cargo con un potente discurso de bienvenida en el que enfatiza la importancia de la cogobernanza y la colaboraci\u00f3n para garantizar el bienestar de los turistas y residentes. <\/p>\n<h3>Ayuda conjunta para la DANA en Valencia<\/h3>\n<p><\/p>\n<p>La AMT, integrada por ocho municipios, ha aprobado una ayuda conjunta para mitigar los efectos de la DANA en Valencia. Este gesto de solidaridad pone de manifiesto el compromiso de la Alianza con la comunidad y su determinaci\u00f3n para enfrentar los desaf\u00edos que puedan surgir. <\/p>\n<h4>El desaf\u00edo de mejorar las sinergias entre turistas y residentes<\/h4>\n<p><\/p>\n<p>Uno de los principales retos que Adri\u00e0 Lamelas ha destacado en su discurso es la necesidad de mejorar las sinergias entre turistas y residentes. Esta tarea, seg\u00fan Lamelas, es fundamental para el futuro del turismo no s\u00f3lo en los destinos de la Alianza, sino tambi\u00e9n a nivel global. <\/p>\n<h3>Avances en las pol\u00edticas tur\u00edsticas<\/h3>\n<p><\/p>\n<p>Adem\u00e1s de mejorar las relaciones entre turistas y residentes, Lamelas ha expresado su compromiso con la optimizaci\u00f3n de las pol\u00edticas tur\u00edsticas. Este enfoque permitir\u00e1 a la Alianza de Municipios Tur\u00edsticos de Espa\u00f1a de Sol y Playa (AMT) adaptarse mejor a las demandas del sector tur\u00edstico y a las necesidades de los destinos que representa. <\/p>\n<h2>Eventos y planes futuros de la AMT<\/h2>\n<p><\/p>\n<p>La AMT ha participado activamente en eventos internacionales, como la World Travel Market (WTM) de Londres y el Sun &#038; Blue Congress en Almer\u00eda. Adem\u00e1s, tiene previsto participar en FITUR 2025, donde realizar\u00e1 mesas de debate sobre destinos sostenibles y digitales y entregar\u00e1 los AMT Smart Destinations Awards. <\/p>\n<h4>Creaci\u00f3n de un foro de alto nivel sobre el futuro del turismo vacacional<\/h4>\n<p><\/p>\n<p>La AMT tambi\u00e9n est\u00e1 trabajando en la creaci\u00f3n de un foro de alto nivel sobre el futuro del turismo vacacional. Este foro permitir\u00e1 a los expertos del sector compartir ideas y debatir sobre las tendencias y desaf\u00edos del turismo vacacional. <\/p>\n<h3>Retos compartidos por los municipios de la Alianza<\/h3>\n<p><\/p>\n<p>En una mesa redonda dedicada a los retos compartidos por los municipios de la Alianza, los alcaldes de Lloret de Mar, San Bartolom\u00e9 de Tirajana, Arona, Salou y las concejalas de turismo de Adeje y de Torremolinos, discutieron temas como la financiaci\u00f3n, la convivencia, la sostenibilidad, la digitalizaci\u00f3n y la cogobernanza. <\/p>\n<h4>La importancia de la medici\u00f3n en la estrategia tur\u00edstica<\/h4>\n<p><\/p>\n<p>Carlos Sintes, experto en an\u00e1lisis de datos de la consultora Mabrian Technologies, destac\u00f3 la importancia de la medici\u00f3n para desarrollar estrategias de promoci\u00f3n efectivas y atraer a nuevos segmentos de turistas. <\/p>\n<h2>La visi\u00f3n de la Secretar\u00eda de Estado de Turismo<\/h2>\n<p><\/p>\n<p>Rosario S\u00e1nchez, la secretaria de Estado de Turismo, destac\u00f3 el papel fundamental de la Alianza en la construcci\u00f3n de una agenda estrat\u00e9gica com\u00fan para hacer de Espa\u00f1a un referente mundial en turismo sostenible. En sus palabras, la actividad tur\u00edstica debe estar orientada por la responsabilidad y el equilibrio, y debe poner a las personas en el centro. <\/p>\n<p><\/p>\n","protected":false},"excerpt":{"rendered":"<p>Adri\u00e0 Lamelas: El nuevo l\u00edder de la Alianza de Municipios Tur\u00edsticos de Espa\u00f1a Adri\u00e0 Lamelas, el alcalde de Lloret de Mar, se ha convertido en el nuevo presidente de la Alianza de Municipios Tur\u00edsticos de Espa\u00f1a de Sol y Playa (AMT). Lamelas asume la responsabilidad de este cargo con un potente discurso de bienvenida en [&hellip;]<\/p>\n","protected":false},"author":2,"featured_media":656,"comment_status":"open","ping_status":"open","sticky":false,"template":"","format":"standard","meta":{"footnotes":""},"categories":[1],"tags":[],"class_list":["post-655","post","type-post","status-publish","format-standard","has-post-thumbnail","hentry","category-sin-categoria"],"yoast_head":"<!-- This site is optimized with the Yoast SEO plugin v23.6 - https:\/\/yoast.com\/wordpress\/plugins\/seo\/ -->\n<title>Lamelas asume la presidencia de la AMT con el desaf\u00edo de favorecer las sinergias entre turistas y residentes. - Bolsarama - Informaci\u00f3n econ\u00f3mica actualizada - Bolsarama.es<\/title>\n<meta name=\"robots\" content=\"index, follow, max-snippet:-1, max-image-preview:large, max-video-preview:-1\" \/>\n<link rel=\"canonical\" href=\"https:\/\/www.bolsarama.es\/bolsa\/lamelas-asume-la-presidencia-de-la-amt-con-el-desafio-de-favorecer-las-sinergias-entre-turistas-y-residentes\/\" \/>\n<meta property=\"og:locale\" content=\"es_ES\" \/>\n<meta property=\"og:type\" content=\"article\" \/>\n<meta property=\"og:title\" content=\"Lamelas asume la presidencia de la AMT con el desaf\u00edo de favorecer las sinergias entre turistas y residentes. - Bolsarama - Informaci\u00f3n econ\u00f3mica actualizada - Bolsarama.es\" \/>\n<meta property=\"og:description\" content=\"Adri\u00e0 Lamelas: El nuevo l\u00edder de la Alianza de Municipios Tur\u00edsticos de Espa\u00f1a Adri\u00e0 Lamelas, el alcalde de Lloret de Mar, se ha convertido en el nuevo presidente de la Alianza de Municipios Tur\u00edsticos de Espa\u00f1a de Sol y Playa (AMT). Lamelas asume la responsabilidad de este cargo con un potente discurso de bienvenida en [&hellip;]\" \/>\n<meta property=\"og:url\" content=\"https:\/\/www.bolsarama.es\/bolsa\/lamelas-asume-la-presidencia-de-la-amt-con-el-desafio-de-favorecer-las-sinergias-entre-turistas-y-residentes\/\" \/>\n<meta property=\"og:site_name\" content=\"Bolsarama - Informaci\u00f3n econ\u00f3mica actualizada - Bolsarama.es\" \/>\n<meta property=\"article:publisher\" content=\"https:\/\/www.facebook.com\/bolsarama.es\" \/>\n<meta property=\"article:published_time\" content=\"2024-11-25T13:26:30+00:00\" \/>\n<meta property=\"og:image\" content=\"https:\/\/www.bolsarama.es\/bolsa\/wp-content\/uploads\/2024\/11\/Lamelas-asume-la-presidencia-de-la-AMT-con-el-desafio.jpg\" \/>\n\t<meta property=\"og:image:width\" content=\"800\" \/>\n\t<meta property=\"og:image:height\" content=\"516\" \/>\n\t<meta property=\"og:image:type\" content=\"image\/jpeg\" \/>\n<meta name=\"author\" content=\"Paula\" \/>\n<meta name=\"twitter:card\" content=\"summary_large_image\" \/>\n<meta name=\"twitter:creator\" content=\"@Bolsarama_es\" \/>\n<meta name=\"twitter:site\" content=\"@Bolsarama_es\" \/>\n<meta name=\"twitter:label1\" content=\"Escrito por\" \/>\n\t<meta name=\"twitter:data1\" content=\"Paula\" \/>\n\t<meta name=\"twitter:label2\" content=\"Tiempo de lectura\" \/>\n\t<meta name=\"twitter:data2\" content=\"3 minutos\" \/>\n<script type=\"application\/ld+json\" class=\"yoast-schema-graph\">{\"@context\":\"https:\/\/schema.org\",\"@graph\":[{\"@type\":\"Article\",\"@id\":\"https:\/\/www.bolsarama.es\/bolsa\/lamelas-asume-la-presidencia-de-la-amt-con-el-desafio-de-favorecer-las-sinergias-entre-turistas-y-residentes\/#article\",\"isPartOf\":{\"@id\":\"https:\/\/www.bolsarama.es\/bolsa\/lamelas-asume-la-presidencia-de-la-amt-con-el-desafio-de-favorecer-las-sinergias-entre-turistas-y-residentes\/\"},\"author\":{\"name\":\"Paula\",\"@id\":\"https:\/\/www.bolsarama.es\/bolsa\/#\/schema\/person\/a34ab5b5c7d41d99c10a5c3564af3e43\"},\"headline\":\"Lamelas asume la presidencia de la AMT con el desaf\u00edo de favorecer las sinergias entre turistas y residentes.\",\"datePublished\":\"2024-11-25T13:26:30+00:00\",\"dateModified\":\"2024-11-25T13:26:30+00:00\",\"mainEntityOfPage\":{\"@id\":\"https:\/\/www.bolsarama.es\/bolsa\/lamelas-asume-la-presidencia-de-la-amt-con-el-desafio-de-favorecer-las-sinergias-entre-turistas-y-residentes\/\"},\"wordCount\":576,\"commentCount\":0,\"publisher\":{\"@id\":\"https:\/\/www.bolsarama.es\/bolsa\/#organization\"},\"image\":{\"@id\":\"https:\/\/www.bolsarama.es\/bolsa\/lamelas-asume-la-presidencia-de-la-amt-con-el-desafio-de-favorecer-las-sinergias-entre-turistas-y-residentes\/#primaryimage\"},\"thumbnailUrl\":\"https:\/\/www.bolsarama.es\/bolsa\/wp-content\/uploads\/2024\/11\/Lamelas-asume-la-presidencia-de-la-AMT-con-el-desafio.jpg\",\"inLanguage\":\"es\",\"potentialAction\":[{\"@type\":\"CommentAction\",\"name\":\"Comment\",\"target\":[\"https:\/\/www.bolsarama.es\/bolsa\/lamelas-asume-la-presidencia-de-la-amt-con-el-desafio-de-favorecer-las-sinergias-entre-turistas-y-residentes\/#respond\"]}]},{\"@type\":\"WebPage\",\"@id\":\"https:\/\/www.bolsarama.es\/bolsa\/lamelas-asume-la-presidencia-de-la-amt-con-el-desafio-de-favorecer-las-sinergias-entre-turistas-y-residentes\/\",\"url\":\"https:\/\/www.bolsarama.es\/bolsa\/lamelas-asume-la-presidencia-de-la-amt-con-el-desafio-de-favorecer-las-sinergias-entre-turistas-y-residentes\/\",\"name\":\"Lamelas asume la presidencia de la AMT con el desaf\u00edo de favorecer las sinergias entre turistas y residentes. - Bolsarama - Informaci\u00f3n econ\u00f3mica actualizada - Bolsarama.es\",\"isPartOf\":{\"@id\":\"https:\/\/www.bolsarama.es\/bolsa\/#website\"},\"primaryImageOfPage\":{\"@id\":\"https:\/\/www.bolsarama.es\/bolsa\/lamelas-asume-la-presidencia-de-la-amt-con-el-desafio-de-favorecer-las-sinergias-entre-turistas-y-residentes\/#primaryimage\"},\"image\":{\"@id\":\"https:\/\/www.bolsarama.es\/bolsa\/lamelas-asume-la-presidencia-de-la-amt-con-el-desafio-de-favorecer-las-sinergias-entre-turistas-y-residentes\/#primaryimage\"},\"thumbnailUrl\":\"https:\/\/www.bolsarama.es\/bolsa\/wp-content\/uploads\/2024\/11\/Lamelas-asume-la-presidencia-de-la-AMT-con-el-desafio.jpg\",\"datePublished\":\"2024-11-25T13:26:30+00:00\",\"dateModified\":\"2024-11-25T13:26:30+00:00\",\"breadcrumb\":{\"@id\":\"https:\/\/www.bolsarama.es\/bolsa\/lamelas-asume-la-presidencia-de-la-amt-con-el-desafio-de-favorecer-las-sinergias-entre-turistas-y-residentes\/#breadcrumb\"},\"inLanguage\":\"es\",\"potentialAction\":[{\"@type\":\"ReadAction\",\"target\":[\"https:\/\/www.bolsarama.es\/bolsa\/lamelas-asume-la-presidencia-de-la-amt-con-el-desafio-de-favorecer-las-sinergias-entre-turistas-y-residentes\/\"]}]},{\"@type\":\"ImageObject\",\"inLanguage\":\"es\",\"@id\":\"https:\/\/www.bolsarama.es\/bolsa\/lamelas-asume-la-presidencia-de-la-amt-con-el-desafio-de-favorecer-las-sinergias-entre-turistas-y-residentes\/#primaryimage\",\"url\":\"https:\/\/www.bolsarama.es\/bolsa\/wp-content\/uploads\/2024\/11\/Lamelas-asume-la-presidencia-de-la-AMT-con-el-desafio.jpg\",\"contentUrl\":\"https:\/\/www.bolsarama.es\/bolsa\/wp-content\/uploads\/2024\/11\/Lamelas-asume-la-presidencia-de-la-AMT-con-el-desafio.jpg\",\"width\":800,\"height\":516,\"caption\":\"Econom\u00eda.- Lamelas nuevo presidente de la AMT con el reto de mejorar las sinergias entre turistas y residentes\"},{\"@type\":\"BreadcrumbList\",\"@id\":\"https:\/\/www.bolsarama.es\/bolsa\/lamelas-asume-la-presidencia-de-la-amt-con-el-desafio-de-favorecer-las-sinergias-entre-turistas-y-residentes\/#breadcrumb\",\"itemListElement\":[{\"@type\":\"ListItem\",\"position\":1,\"name\":\"Bolsa\",\"item\":\"https:\/\/www.bolsarama.es\/bolsa\/\"},{\"@type\":\"ListItem\",\"position\":2,\"name\":\"Lamelas asume la presidencia de la AMT con el desaf\u00edo de favorecer las sinergias entre turistas y residentes.\"}]},{\"@type\":\"WebSite\",\"@id\":\"https:\/\/www.bolsarama.es\/bolsa\/#website\",\"url\":\"https:\/\/www.bolsarama.es\/bolsa\/\",\"name\":\"Bolsarama\",\"description\":\"\",\"publisher\":{\"@id\":\"https:\/\/www.bolsarama.es\/bolsa\/#organization\"},\"potentialAction\":[{\"@type\":\"SearchAction\",\"target\":{\"@type\":\"EntryPoint\",\"urlTemplate\":\"https:\/\/www.bolsarama.es\/bolsa\/?s={search_term_string}\"},\"query-input\":{\"@type\":\"PropertyValueSpecification\",\"valueRequired\":true,\"valueName\":\"search_term_string\"}}],\"inLanguage\":\"es\"},{\"@type\":\"Organization\",\"@id\":\"https:\/\/www.bolsarama.es\/bolsa\/#organization\",\"name\":\"Bolsarama\",\"url\":\"https:\/\/www.bolsarama.es\/bolsa\/\",\"logo\":{\"@type\":\"ImageObject\",\"inLanguage\":\"es\",\"@id\":\"https:\/\/www.bolsarama.es\/bolsa\/#\/schema\/logo\/image\/\",\"url\":\"https:\/\/www.bolsarama.es\/bolsa\/wp-content\/uploads\/2023\/10\/logo-bolsarama.png\",\"contentUrl\":\"https:\/\/www.bolsarama.es\/bolsa\/wp-content\/uploads\/2023\/10\/logo-bolsarama.png\",\"width\":300,\"height\":50,\"caption\":\"Bolsarama\"},\"image\":{\"@id\":\"https:\/\/www.bolsarama.es\/bolsa\/#\/schema\/logo\/image\/\"},\"sameAs\":[\"https:\/\/www.facebook.com\/bolsarama.es\",\"https:\/\/x.com\/Bolsarama_es\"]},{\"@type\":\"Person\",\"@id\":\"https:\/\/www.bolsarama.es\/bolsa\/#\/schema\/person\/a34ab5b5c7d41d99c10a5c3564af3e43\",\"name\":\"Paula\",\"image\":{\"@type\":\"ImageObject\",\"inLanguage\":\"es\",\"@id\":\"https:\/\/www.bolsarama.es\/bolsa\/#\/schema\/person\/image\/\",\"url\":\"https:\/\/www.bolsarama.es\/bolsa\/wp-content\/litespeed\/avatar\/d6404594800e2b580b751c6bb2eb5f4f.jpg?ver=1777428602\",\"contentUrl\":\"https:\/\/www.bolsarama.es\/bolsa\/wp-content\/litespeed\/avatar\/d6404594800e2b580b751c6bb2eb5f4f.jpg?ver=1777428602\",\"caption\":\"Paula\"},\"url\":\"https:\/\/www.bolsarama.es\/bolsa\/author\/paula\/\"}]}<\/script>\n<!-- \/ Yoast SEO plugin. -->","yoast_head_json":{"title":"Lamelas asume la presidencia de la AMT con el desaf\u00edo de favorecer las sinergias entre turistas y residentes. - Bolsarama - Informaci\u00f3n econ\u00f3mica actualizada - Bolsarama.es","robots":{"index":"index","follow":"follow","max-snippet":"max-snippet:-1","max-image-preview":"max-image-preview:large","max-video-preview":"max-video-preview:-1"},"canonical":"https:\/\/www.bolsarama.es\/bolsa\/lamelas-asume-la-presidencia-de-la-amt-con-el-desafio-de-favorecer-las-sinergias-entre-turistas-y-residentes\/","og_locale":"es_ES","og_type":"article","og_title":"Lamelas asume la presidencia de la AMT con el desaf\u00edo de favorecer las sinergias entre turistas y residentes. - Bolsarama - Informaci\u00f3n econ\u00f3mica actualizada - Bolsarama.es","og_description":"Adri\u00e0 Lamelas: El nuevo l\u00edder de la Alianza de Municipios Tur\u00edsticos de Espa\u00f1a Adri\u00e0 Lamelas, el alcalde de Lloret de Mar, se ha convertido en el nuevo presidente de la Alianza de Municipios Tur\u00edsticos de Espa\u00f1a de Sol y Playa (AMT). Lamelas asume la responsabilidad de este cargo con un potente discurso de bienvenida en [&hellip;]","og_url":"https:\/\/www.bolsarama.es\/bolsa\/lamelas-asume-la-presidencia-de-la-amt-con-el-desafio-de-favorecer-las-sinergias-entre-turistas-y-residentes\/","og_site_name":"Bolsarama - Informaci\u00f3n econ\u00f3mica actualizada - Bolsarama.es","article_publisher":"https:\/\/www.facebook.com\/bolsarama.es","article_published_time":"2024-11-25T13:26:30+00:00","og_image":[{"width":800,"height":516,"url":"https:\/\/www.bolsarama.es\/bolsa\/wp-content\/uploads\/2024\/11\/Lamelas-asume-la-presidencia-de-la-AMT-con-el-desafio.jpg","type":"image\/jpeg"}],"author":"Paula","twitter_card":"summary_large_image","twitter_creator":"@Bolsarama_es","twitter_site":"@Bolsarama_es","twitter_misc":{"Escrito por":"Paula","Tiempo de lectura":"3 minutos"},"schema":{"@context":"https:\/\/schema.org","@graph":[{"@type":"Article","@id":"https:\/\/www.bolsarama.es\/bolsa\/lamelas-asume-la-presidencia-de-la-amt-con-el-desafio-de-favorecer-las-sinergias-entre-turistas-y-residentes\/#article","isPartOf":{"@id":"https:\/\/www.bolsarama.es\/bolsa\/lamelas-asume-la-presidencia-de-la-amt-con-el-desafio-de-favorecer-las-sinergias-entre-turistas-y-residentes\/"},"author":{"name":"Paula","@id":"https:\/\/www.bolsarama.es\/bolsa\/#\/schema\/person\/a34ab5b5c7d41d99c10a5c3564af3e43"},"headline":"Lamelas asume la presidencia de la AMT con el desaf\u00edo de favorecer las sinergias entre turistas y residentes.","datePublished":"2024-11-25T13:26:30+00:00","dateModified":"2024-11-25T13:26:30+00:00","mainEntityOfPage":{"@id":"https:\/\/www.bolsarama.es\/bolsa\/lamelas-asume-la-presidencia-de-la-amt-con-el-desafio-de-favorecer-las-sinergias-entre-turistas-y-residentes\/"},"wordCount":576,"commentCount":0,"publisher":{"@id":"https:\/\/www.bolsarama.es\/bolsa\/#organization"},"image":{"@id":"https:\/\/www.bolsarama.es\/bolsa\/lamelas-asume-la-presidencia-de-la-amt-con-el-desafio-de-favorecer-las-sinergias-entre-turistas-y-residentes\/#primaryimage"},"thumbnailUrl":"https:\/\/www.bolsarama.es\/bolsa\/wp-content\/uploads\/2024\/11\/Lamelas-asume-la-presidencia-de-la-AMT-con-el-desafio.jpg","inLanguage":"es","potentialAction":[{"@type":"CommentAction","name":"Comment","target":["https:\/\/www.bolsarama.es\/bolsa\/lamelas-asume-la-presidencia-de-la-amt-con-el-desafio-de-favorecer-las-sinergias-entre-turistas-y-residentes\/#respond"]}]},{"@type":"WebPage","@id":"https:\/\/www.bolsarama.es\/bolsa\/lamelas-asume-la-presidencia-de-la-amt-con-el-desafio-de-favorecer-las-sinergias-entre-turistas-y-residentes\/","url":"https:\/\/www.bolsarama.es\/bolsa\/lamelas-asume-la-presidencia-de-la-amt-con-el-desafio-de-favorecer-las-sinergias-entre-turistas-y-residentes\/","name":"Lamelas asume la presidencia de la AMT con el desaf\u00edo de favorecer las sinergias entre turistas y residentes. - Bolsarama - Informaci\u00f3n econ\u00f3mica actualizada - Bolsarama.es","isPartOf":{"@id":"https:\/\/www.bolsarama.es\/bolsa\/#website"},"primaryImageOfPage":{"@id":"https:\/\/www.bolsarama.es\/bolsa\/lamelas-asume-la-presidencia-de-la-amt-con-el-desafio-de-favorecer-las-sinergias-entre-turistas-y-residentes\/#primaryimage"},"image":{"@id":"https:\/\/www.bolsarama.es\/bolsa\/lamelas-asume-la-presidencia-de-la-amt-con-el-desafio-de-favorecer-las-sinergias-entre-turistas-y-residentes\/#primaryimage"},"thumbnailUrl":"https:\/\/www.bolsarama.es\/bolsa\/wp-content\/uploads\/2024\/11\/Lamelas-asume-la-presidencia-de-la-AMT-con-el-desafio.jpg","datePublished":"2024-11-25T13:26:30+00:00","dateModified":"2024-11-25T13:26:30+00:00","breadcrumb":{"@id":"https:\/\/www.bolsarama.es\/bolsa\/lamelas-asume-la-presidencia-de-la-amt-con-el-desafio-de-favorecer-las-sinergias-entre-turistas-y-residentes\/#breadcrumb"},"inLanguage":"es","potentialAction":[{"@type":"ReadAction","target":["https:\/\/www.bolsarama.es\/bolsa\/lamelas-asume-la-presidencia-de-la-amt-con-el-desafio-de-favorecer-las-sinergias-entre-turistas-y-residentes\/"]}]},{"@type":"ImageObject","inLanguage":"es","@id":"https:\/\/www.bolsarama.es\/bolsa\/lamelas-asume-la-presidencia-de-la-amt-con-el-desafio-de-favorecer-las-sinergias-entre-turistas-y-residentes\/#primaryimage","url":"https:\/\/www.bolsarama.es\/bolsa\/wp-content\/uploads\/2024\/11\/Lamelas-asume-la-presidencia-de-la-AMT-con-el-desafio.jpg","contentUrl":"https:\/\/www.bolsarama.es\/bolsa\/wp-content\/uploads\/2024\/11\/Lamelas-asume-la-presidencia-de-la-AMT-con-el-desafio.jpg","width":800,"height":516,"caption":"Econom\u00eda.- Lamelas nuevo presidente de la AMT con el reto de mejorar las sinergias entre turistas y residentes"},{"@type":"BreadcrumbList","@id":"https:\/\/www.bolsarama.es\/bolsa\/lamelas-asume-la-presidencia-de-la-amt-con-el-desafio-de-favorecer-las-sinergias-entre-turistas-y-residentes\/#breadcrumb","itemListElement":[{"@type":"ListItem","position":1,"name":"Bolsa","item":"https:\/\/www.bolsarama.es\/bolsa\/"},{"@type":"ListItem","position":2,"name":"Lamelas asume la presidencia de la AMT con el desaf\u00edo de favorecer las sinergias entre turistas y residentes."}]},{"@type":"WebSite","@id":"https:\/\/www.bolsarama.es\/bolsa\/#website","url":"https:\/\/www.bolsarama.es\/bolsa\/","name":"Bolsarama","description":"","publisher":{"@id":"https:\/\/www.bolsarama.es\/bolsa\/#organization"},"potentialAction":[{"@type":"SearchAction","target":{"@type":"EntryPoint","urlTemplate":"https:\/\/www.bolsarama.es\/bolsa\/?s={search_term_string}"},"query-input":{"@type":"PropertyValueSpecification","valueRequired":true,"valueName":"search_term_string"}}],"inLanguage":"es"},{"@type":"Organization","@id":"https:\/\/www.bolsarama.es\/bolsa\/#organization","name":"Bolsarama","url":"https:\/\/www.bolsarama.es\/bolsa\/","logo":{"@type":"ImageObject","inLanguage":"es","@id":"https:\/\/www.bolsarama.es\/bolsa\/#\/schema\/logo\/image\/","url":"https:\/\/www.bolsarama.es\/bolsa\/wp-content\/uploads\/2023\/10\/logo-bolsarama.png","contentUrl":"https:\/\/www.bolsarama.es\/bolsa\/wp-content\/uploads\/2023\/10\/logo-bolsarama.png","width":300,"height":50,"caption":"Bolsarama"},"image":{"@id":"https:\/\/www.bolsarama.es\/bolsa\/#\/schema\/logo\/image\/"},"sameAs":["https:\/\/www.facebook.com\/bolsarama.es","https:\/\/x.com\/Bolsarama_es"]},{"@type":"Person","@id":"https:\/\/www.bolsarama.es\/bolsa\/#\/schema\/person\/a34ab5b5c7d41d99c10a5c3564af3e43","name":"Paula","image":{"@type":"ImageObject","inLanguage":"es","@id":"https:\/\/www.bolsarama.es\/bolsa\/#\/schema\/person\/image\/","url":"https:\/\/www.bolsarama.es\/bolsa\/wp-content\/litespeed\/avatar\/d6404594800e2b580b751c6bb2eb5f4f.jpg?ver=1777428602","contentUrl":"https:\/\/www.bolsarama.es\/bolsa\/wp-content\/litespeed\/avatar\/d6404594800e2b580b751c6bb2eb5f4f.jpg?ver=1777428602","caption":"Paula"},"url":"https:\/\/www.bolsarama.es\/bolsa\/author\/paula\/"}]}},"_links":{"self":[{"href":"https:\/\/www.bolsarama.es\/bolsa\/wp-json\/wp\/v2\/posts\/655","targetHints":{"allow":["GET"]}}],"collection":[{"href":"https:\/\/www.bolsarama.es\/bolsa\/wp-json\/wp\/v2\/posts"}],"about":[{"href":"https:\/\/www.bolsarama.es\/bolsa\/wp-json\/wp\/v2\/types\/post"}],"author":[{"embeddable":true,"href":"https:\/\/www.bolsarama.es\/bolsa\/wp-json\/wp\/v2\/users\/2"}],"replies":[{"embeddable":true,"href":"https:\/\/www.bolsarama.es\/bolsa\/wp-json\/wp\/v2\/comments?post=655"}],"version-history":[{"count":1,"href":"https:\/\/www.bolsarama.es\/bolsa\/wp-json\/wp\/v2\/posts\/655\/revisions"}],"predecessor-version":[{"id":657,"href":"https:\/\/www.bolsarama.es\/bolsa\/wp-json\/wp\/v2\/posts\/655\/revisions\/657"}],"wp:featuredmedia":[{"embeddable":true,"href":"https:\/\/www.bolsarama.es\/bolsa\/wp-json\/wp\/v2\/media\/656"}],"wp:attachment":[{"href":"https:\/\/www.bolsarama.es\/bolsa\/wp-json\/wp\/v2\/media?parent=655"}],"wp:term":[{"taxonomy":"category","embeddable":true,"href":"https:\/\/www.bolsarama.es\/bolsa\/wp-json\/wp\/v2\/categories?post=655"},{"taxonomy":"post_tag","embeddable":true,"href":"https:\/\/www.bolsarama.es\/bolsa\/wp-json\/wp\/v2\/tags?post=655"}],"curies":[{"name":"wp","href":"https:\/\/api.w.org\/{rel}","templated":true}]}}