{"id":663,"date":"2024-11-25T18:45:59","date_gmt":"2024-11-25T17:45:59","guid":{"rendered":"https:\/\/www.bolsarama.es\/bolsa\/?p=663"},"modified":"2024-11-25T18:45:59","modified_gmt":"2024-11-25T17:45:59","slug":"el-gobierno-de-brasil-respalda-a-la-industria-de-la-carne-en-su-eleccion-de-no-vender-a-carrefour","status":"publish","type":"post","link":"https:\/\/www.bolsarama.es\/bolsa\/el-gobierno-de-brasil-respalda-a-la-industria-de-la-carne-en-su-eleccion-de-no-vender-a-carrefour\/","title":{"rendered":"El Gobierno de Brasil respalda a la industria de la carne en su elecci\u00f3n de no vender a Carrefour."},"content":{"rendered":"<h2>El Gobierno de Brasil respalda el boicot de la industria c\u00e1rnica a Carrefour<\/h2>\n<p>El ministro de Agricultura y Ganader\u00eda de Brasil, Carlos F\u00e1varo, ha expresado su total apoyo a la industria c\u00e1rnica del pa\u00eds en su decisi\u00f3n de no vender sus productos a Carrefour en Brasil. Esta decisi\u00f3n se produce a ra\u00edz de las declaraciones de Alexandre Bompard, director general de la cadena francesa, en las que cuestionaba la calidad de los productos c\u00e1rnicos provenientes de los pa\u00edses del Mercosur.<\/p>\n<h3>\u00bfPor qu\u00e9 este respaldo del Gobierno brasile\u00f1o a la industria c\u00e1rnica?<\/h3>\n<p>El Gobierno brasile\u00f1o ha mostrado firmeza en su respaldo a la industria c\u00e1rnica, defendiendo que si la carne brasile\u00f1a no es buena para Carrefour en Francia, tampoco deber\u00eda serlo para Carrefour en Brasil. Esta postura se deriva de la necesidad de proteger la reputaci\u00f3n de la carne brasile\u00f1a, que es un importante producto de exportaci\u00f3n para el pa\u00eds.<\/p>\n<h4>Una respuesta a las dudas sobre la calidad de la carne brasile\u00f1a<\/h4>\n<p>El ministro F\u00e1varo ha sido tajante al afirmar que no aceptar\u00e1n que se cuestione la calidad de su carne. El sector c\u00e1rnico brasile\u00f1o se ha comprometido con la producci\u00f3n responsable, sostenible y con la seguridad alimentaria. Esto es una clara respuesta a las dudas planteadas por Carrefour en lo referente a aspectos sanitarios y ambientales de la carne brasile\u00f1a.<\/p>\n<h3>La pol\u00e9mica con Carrefour<\/h3>\n<p>El conflicto con Carrefour ha ido en aumento en los \u00faltimos d\u00edas, en medio de las negociaciones para un acuerdo entre la Uni\u00f3n Europea y el Mercosur, que ha sido rechazado rotundamente por Francia. Como medida de represalia, el sector c\u00e1rnico ha dejado de suministrar carne a Carrefour en Brasil, lo que ha llevado a la empresa a emitir un comunicado reconociendo la situaci\u00f3n, aunque han asegurado que no hay escasez de carne por el momento.<\/p>\n<h4>\u00bfQu\u00e9 significa esto para el futuro de la industria c\u00e1rnica brasile\u00f1a?<\/h4>\n<p>La industria c\u00e1rnica brasile\u00f1a est\u00e1 demostrando su fortaleza y unidad en esta controversia con Carrefour. Aunque la decisi\u00f3n de boicotear a la cadena francesa puede tener un impacto econ\u00f3mico a corto plazo, tambi\u00e9n est\u00e1 enviando un mensaje claro al mundo de que la carne brasile\u00f1a no debe ser subestimada y que el sector est\u00e1 comprometido con la producci\u00f3n de alta calidad.<\/p>\n<p><\/p>\n","protected":false},"excerpt":{"rendered":"<p>El Gobierno de Brasil respalda el boicot de la industria c\u00e1rnica a Carrefour El ministro de Agricultura y Ganader\u00eda de Brasil, Carlos F\u00e1varo, ha expresado su total apoyo a la industria c\u00e1rnica del pa\u00eds en su decisi\u00f3n de no vender sus productos a Carrefour en Brasil. Esta decisi\u00f3n se produce a ra\u00edz de las declaraciones [&hellip;]<\/p>\n","protected":false},"author":2,"featured_media":664,"comment_status":"open","ping_status":"open","sticky":false,"template":"","format":"standard","meta":{"footnotes":""},"categories":[1],"tags":[],"class_list":["post-663","post","type-post","status-publish","format-standard","has-post-thumbnail","hentry","category-sin-categoria"],"yoast_head":"<!-- This site is optimized with the Yoast SEO plugin v23.6 - https:\/\/yoast.com\/wordpress\/plugins\/seo\/ -->\n<title>El Gobierno de Brasil respalda a la industria de la carne en su elecci\u00f3n de no vender a Carrefour. - Bolsarama - Informaci\u00f3n econ\u00f3mica actualizada - Bolsarama.es<\/title>\n<meta name=\"robots\" content=\"index, follow, max-snippet:-1, max-image-preview:large, max-video-preview:-1\" \/>\n<link rel=\"canonical\" href=\"https:\/\/www.bolsarama.es\/bolsa\/el-gobierno-de-brasil-respalda-a-la-industria-de-la-carne-en-su-eleccion-de-no-vender-a-carrefour\/\" \/>\n<meta property=\"og:locale\" content=\"es_ES\" \/>\n<meta property=\"og:type\" content=\"article\" \/>\n<meta property=\"og:title\" content=\"El Gobierno de Brasil respalda a la industria de la carne en su elecci\u00f3n de no vender a Carrefour. - Bolsarama - Informaci\u00f3n econ\u00f3mica actualizada - Bolsarama.es\" \/>\n<meta property=\"og:description\" content=\"El Gobierno de Brasil respalda el boicot de la industria c\u00e1rnica a Carrefour El ministro de Agricultura y Ganader\u00eda de Brasil, Carlos F\u00e1varo, ha expresado su total apoyo a la industria c\u00e1rnica del pa\u00eds en su decisi\u00f3n de no vender sus productos a Carrefour en Brasil. Esta decisi\u00f3n se produce a ra\u00edz de las declaraciones [&hellip;]\" \/>\n<meta property=\"og:url\" content=\"https:\/\/www.bolsarama.es\/bolsa\/el-gobierno-de-brasil-respalda-a-la-industria-de-la-carne-en-su-eleccion-de-no-vender-a-carrefour\/\" \/>\n<meta property=\"og:site_name\" content=\"Bolsarama - Informaci\u00f3n econ\u00f3mica actualizada - Bolsarama.es\" \/>\n<meta property=\"article:publisher\" content=\"https:\/\/www.facebook.com\/bolsarama.es\" \/>\n<meta property=\"article:published_time\" content=\"2024-11-25T17:45:59+00:00\" \/>\n<meta property=\"og:image\" content=\"https:\/\/www.bolsarama.es\/bolsa\/wp-content\/uploads\/2024\/11\/El-Gobierno-de-Brasil-respalda-a-la-industria-de-la.jpg\" \/>\n\t<meta property=\"og:image:width\" content=\"800\" \/>\n\t<meta property=\"og:image:height\" content=\"486\" \/>\n\t<meta property=\"og:image:type\" content=\"image\/jpeg\" \/>\n<meta name=\"author\" content=\"Paula\" \/>\n<meta name=\"twitter:card\" content=\"summary_large_image\" \/>\n<meta name=\"twitter:creator\" content=\"@Bolsarama_es\" \/>\n<meta name=\"twitter:site\" content=\"@Bolsarama_es\" \/>\n<meta name=\"twitter:label1\" content=\"Escrito por\" \/>\n\t<meta name=\"twitter:data1\" content=\"Paula\" \/>\n\t<meta name=\"twitter:label2\" content=\"Tiempo de lectura\" \/>\n\t<meta name=\"twitter:data2\" content=\"2 minutos\" \/>\n<script type=\"application\/ld+json\" class=\"yoast-schema-graph\">{\"@context\":\"https:\/\/schema.org\",\"@graph\":[{\"@type\":\"Article\",\"@id\":\"https:\/\/www.bolsarama.es\/bolsa\/el-gobierno-de-brasil-respalda-a-la-industria-de-la-carne-en-su-eleccion-de-no-vender-a-carrefour\/#article\",\"isPartOf\":{\"@id\":\"https:\/\/www.bolsarama.es\/bolsa\/el-gobierno-de-brasil-respalda-a-la-industria-de-la-carne-en-su-eleccion-de-no-vender-a-carrefour\/\"},\"author\":{\"name\":\"Paula\",\"@id\":\"https:\/\/www.bolsarama.es\/bolsa\/#\/schema\/person\/a34ab5b5c7d41d99c10a5c3564af3e43\"},\"headline\":\"El Gobierno de Brasil respalda a la industria de la carne en su elecci\u00f3n de no vender a Carrefour.\",\"datePublished\":\"2024-11-25T17:45:59+00:00\",\"dateModified\":\"2024-11-25T17:45:59+00:00\",\"mainEntityOfPage\":{\"@id\":\"https:\/\/www.bolsarama.es\/bolsa\/el-gobierno-de-brasil-respalda-a-la-industria-de-la-carne-en-su-eleccion-de-no-vender-a-carrefour\/\"},\"wordCount\":433,\"commentCount\":0,\"publisher\":{\"@id\":\"https:\/\/www.bolsarama.es\/bolsa\/#organization\"},\"image\":{\"@id\":\"https:\/\/www.bolsarama.es\/bolsa\/el-gobierno-de-brasil-respalda-a-la-industria-de-la-carne-en-su-eleccion-de-no-vender-a-carrefour\/#primaryimage\"},\"thumbnailUrl\":\"https:\/\/www.bolsarama.es\/bolsa\/wp-content\/uploads\/2024\/11\/El-Gobierno-de-Brasil-respalda-a-la-industria-de-la.jpg\",\"inLanguage\":\"es\",\"potentialAction\":[{\"@type\":\"CommentAction\",\"name\":\"Comment\",\"target\":[\"https:\/\/www.bolsarama.es\/bolsa\/el-gobierno-de-brasil-respalda-a-la-industria-de-la-carne-en-su-eleccion-de-no-vender-a-carrefour\/#respond\"]}]},{\"@type\":\"WebPage\",\"@id\":\"https:\/\/www.bolsarama.es\/bolsa\/el-gobierno-de-brasil-respalda-a-la-industria-de-la-carne-en-su-eleccion-de-no-vender-a-carrefour\/\",\"url\":\"https:\/\/www.bolsarama.es\/bolsa\/el-gobierno-de-brasil-respalda-a-la-industria-de-la-carne-en-su-eleccion-de-no-vender-a-carrefour\/\",\"name\":\"El Gobierno de Brasil respalda a la industria de la carne en su elecci\u00f3n de no vender a Carrefour. - Bolsarama - Informaci\u00f3n econ\u00f3mica actualizada - Bolsarama.es\",\"isPartOf\":{\"@id\":\"https:\/\/www.bolsarama.es\/bolsa\/#website\"},\"primaryImageOfPage\":{\"@id\":\"https:\/\/www.bolsarama.es\/bolsa\/el-gobierno-de-brasil-respalda-a-la-industria-de-la-carne-en-su-eleccion-de-no-vender-a-carrefour\/#primaryimage\"},\"image\":{\"@id\":\"https:\/\/www.bolsarama.es\/bolsa\/el-gobierno-de-brasil-respalda-a-la-industria-de-la-carne-en-su-eleccion-de-no-vender-a-carrefour\/#primaryimage\"},\"thumbnailUrl\":\"https:\/\/www.bolsarama.es\/bolsa\/wp-content\/uploads\/2024\/11\/El-Gobierno-de-Brasil-respalda-a-la-industria-de-la.jpg\",\"datePublished\":\"2024-11-25T17:45:59+00:00\",\"dateModified\":\"2024-11-25T17:45:59+00:00\",\"breadcrumb\":{\"@id\":\"https:\/\/www.bolsarama.es\/bolsa\/el-gobierno-de-brasil-respalda-a-la-industria-de-la-carne-en-su-eleccion-de-no-vender-a-carrefour\/#breadcrumb\"},\"inLanguage\":\"es\",\"potentialAction\":[{\"@type\":\"ReadAction\",\"target\":[\"https:\/\/www.bolsarama.es\/bolsa\/el-gobierno-de-brasil-respalda-a-la-industria-de-la-carne-en-su-eleccion-de-no-vender-a-carrefour\/\"]}]},{\"@type\":\"ImageObject\",\"inLanguage\":\"es\",\"@id\":\"https:\/\/www.bolsarama.es\/bolsa\/el-gobierno-de-brasil-respalda-a-la-industria-de-la-carne-en-su-eleccion-de-no-vender-a-carrefour\/#primaryimage\",\"url\":\"https:\/\/www.bolsarama.es\/bolsa\/wp-content\/uploads\/2024\/11\/El-Gobierno-de-Brasil-respalda-a-la-industria-de-la.jpg\",\"contentUrl\":\"https:\/\/www.bolsarama.es\/bolsa\/wp-content\/uploads\/2024\/11\/El-Gobierno-de-Brasil-respalda-a-la-industria-de-la.jpg\",\"width\":800,\"height\":486,\"caption\":\"Econom\u00eda.- El Gobierno de Brasil apoya al sector c\u00e1rnica en su decisi\u00f3n de no vender a Carrefour\"},{\"@type\":\"BreadcrumbList\",\"@id\":\"https:\/\/www.bolsarama.es\/bolsa\/el-gobierno-de-brasil-respalda-a-la-industria-de-la-carne-en-su-eleccion-de-no-vender-a-carrefour\/#breadcrumb\",\"itemListElement\":[{\"@type\":\"ListItem\",\"position\":1,\"name\":\"Bolsa\",\"item\":\"https:\/\/www.bolsarama.es\/bolsa\/\"},{\"@type\":\"ListItem\",\"position\":2,\"name\":\"El Gobierno de Brasil respalda a la industria de la carne en su elecci\u00f3n de no vender a Carrefour.\"}]},{\"@type\":\"WebSite\",\"@id\":\"https:\/\/www.bolsarama.es\/bolsa\/#website\",\"url\":\"https:\/\/www.bolsarama.es\/bolsa\/\",\"name\":\"Bolsarama\",\"description\":\"\",\"publisher\":{\"@id\":\"https:\/\/www.bolsarama.es\/bolsa\/#organization\"},\"potentialAction\":[{\"@type\":\"SearchAction\",\"target\":{\"@type\":\"EntryPoint\",\"urlTemplate\":\"https:\/\/www.bolsarama.es\/bolsa\/?s={search_term_string}\"},\"query-input\":{\"@type\":\"PropertyValueSpecification\",\"valueRequired\":true,\"valueName\":\"search_term_string\"}}],\"inLanguage\":\"es\"},{\"@type\":\"Organization\",\"@id\":\"https:\/\/www.bolsarama.es\/bolsa\/#organization\",\"name\":\"Bolsarama\",\"url\":\"https:\/\/www.bolsarama.es\/bolsa\/\",\"logo\":{\"@type\":\"ImageObject\",\"inLanguage\":\"es\",\"@id\":\"https:\/\/www.bolsarama.es\/bolsa\/#\/schema\/logo\/image\/\",\"url\":\"https:\/\/www.bolsarama.es\/bolsa\/wp-content\/uploads\/2023\/10\/logo-bolsarama.png\",\"contentUrl\":\"https:\/\/www.bolsarama.es\/bolsa\/wp-content\/uploads\/2023\/10\/logo-bolsarama.png\",\"width\":300,\"height\":50,\"caption\":\"Bolsarama\"},\"image\":{\"@id\":\"https:\/\/www.bolsarama.es\/bolsa\/#\/schema\/logo\/image\/\"},\"sameAs\":[\"https:\/\/www.facebook.com\/bolsarama.es\",\"https:\/\/x.com\/Bolsarama_es\"]},{\"@type\":\"Person\",\"@id\":\"https:\/\/www.bolsarama.es\/bolsa\/#\/schema\/person\/a34ab5b5c7d41d99c10a5c3564af3e43\",\"name\":\"Paula\",\"image\":{\"@type\":\"ImageObject\",\"inLanguage\":\"es\",\"@id\":\"https:\/\/www.bolsarama.es\/bolsa\/#\/schema\/person\/image\/\",\"url\":\"https:\/\/www.bolsarama.es\/bolsa\/wp-content\/litespeed\/avatar\/d6404594800e2b580b751c6bb2eb5f4f.jpg?ver=1777428602\",\"contentUrl\":\"https:\/\/www.bolsarama.es\/bolsa\/wp-content\/litespeed\/avatar\/d6404594800e2b580b751c6bb2eb5f4f.jpg?ver=1777428602\",\"caption\":\"Paula\"},\"url\":\"https:\/\/www.bolsarama.es\/bolsa\/author\/paula\/\"}]}<\/script>\n<!-- \/ Yoast SEO plugin. -->","yoast_head_json":{"title":"El Gobierno de Brasil respalda a la industria de la carne en su elecci\u00f3n de no vender a Carrefour. - Bolsarama - Informaci\u00f3n econ\u00f3mica actualizada - Bolsarama.es","robots":{"index":"index","follow":"follow","max-snippet":"max-snippet:-1","max-image-preview":"max-image-preview:large","max-video-preview":"max-video-preview:-1"},"canonical":"https:\/\/www.bolsarama.es\/bolsa\/el-gobierno-de-brasil-respalda-a-la-industria-de-la-carne-en-su-eleccion-de-no-vender-a-carrefour\/","og_locale":"es_ES","og_type":"article","og_title":"El Gobierno de Brasil respalda a la industria de la carne en su elecci\u00f3n de no vender a Carrefour. - Bolsarama - Informaci\u00f3n econ\u00f3mica actualizada - Bolsarama.es","og_description":"El Gobierno de Brasil respalda el boicot de la industria c\u00e1rnica a Carrefour El ministro de Agricultura y Ganader\u00eda de Brasil, Carlos F\u00e1varo, ha expresado su total apoyo a la industria c\u00e1rnica del pa\u00eds en su decisi\u00f3n de no vender sus productos a Carrefour en Brasil. Esta decisi\u00f3n se produce a ra\u00edz de las declaraciones [&hellip;]","og_url":"https:\/\/www.bolsarama.es\/bolsa\/el-gobierno-de-brasil-respalda-a-la-industria-de-la-carne-en-su-eleccion-de-no-vender-a-carrefour\/","og_site_name":"Bolsarama - Informaci\u00f3n econ\u00f3mica actualizada - Bolsarama.es","article_publisher":"https:\/\/www.facebook.com\/bolsarama.es","article_published_time":"2024-11-25T17:45:59+00:00","og_image":[{"width":800,"height":486,"url":"https:\/\/www.bolsarama.es\/bolsa\/wp-content\/uploads\/2024\/11\/El-Gobierno-de-Brasil-respalda-a-la-industria-de-la.jpg","type":"image\/jpeg"}],"author":"Paula","twitter_card":"summary_large_image","twitter_creator":"@Bolsarama_es","twitter_site":"@Bolsarama_es","twitter_misc":{"Escrito por":"Paula","Tiempo de lectura":"2 minutos"},"schema":{"@context":"https:\/\/schema.org","@graph":[{"@type":"Article","@id":"https:\/\/www.bolsarama.es\/bolsa\/el-gobierno-de-brasil-respalda-a-la-industria-de-la-carne-en-su-eleccion-de-no-vender-a-carrefour\/#article","isPartOf":{"@id":"https:\/\/www.bolsarama.es\/bolsa\/el-gobierno-de-brasil-respalda-a-la-industria-de-la-carne-en-su-eleccion-de-no-vender-a-carrefour\/"},"author":{"name":"Paula","@id":"https:\/\/www.bolsarama.es\/bolsa\/#\/schema\/person\/a34ab5b5c7d41d99c10a5c3564af3e43"},"headline":"El Gobierno de Brasil respalda a la industria de la carne en su elecci\u00f3n de no vender a Carrefour.","datePublished":"2024-11-25T17:45:59+00:00","dateModified":"2024-11-25T17:45:59+00:00","mainEntityOfPage":{"@id":"https:\/\/www.bolsarama.es\/bolsa\/el-gobierno-de-brasil-respalda-a-la-industria-de-la-carne-en-su-eleccion-de-no-vender-a-carrefour\/"},"wordCount":433,"commentCount":0,"publisher":{"@id":"https:\/\/www.bolsarama.es\/bolsa\/#organization"},"image":{"@id":"https:\/\/www.bolsarama.es\/bolsa\/el-gobierno-de-brasil-respalda-a-la-industria-de-la-carne-en-su-eleccion-de-no-vender-a-carrefour\/#primaryimage"},"thumbnailUrl":"https:\/\/www.bolsarama.es\/bolsa\/wp-content\/uploads\/2024\/11\/El-Gobierno-de-Brasil-respalda-a-la-industria-de-la.jpg","inLanguage":"es","potentialAction":[{"@type":"CommentAction","name":"Comment","target":["https:\/\/www.bolsarama.es\/bolsa\/el-gobierno-de-brasil-respalda-a-la-industria-de-la-carne-en-su-eleccion-de-no-vender-a-carrefour\/#respond"]}]},{"@type":"WebPage","@id":"https:\/\/www.bolsarama.es\/bolsa\/el-gobierno-de-brasil-respalda-a-la-industria-de-la-carne-en-su-eleccion-de-no-vender-a-carrefour\/","url":"https:\/\/www.bolsarama.es\/bolsa\/el-gobierno-de-brasil-respalda-a-la-industria-de-la-carne-en-su-eleccion-de-no-vender-a-carrefour\/","name":"El Gobierno de Brasil respalda a la industria de la carne en su elecci\u00f3n de no vender a Carrefour. - Bolsarama - Informaci\u00f3n econ\u00f3mica actualizada - Bolsarama.es","isPartOf":{"@id":"https:\/\/www.bolsarama.es\/bolsa\/#website"},"primaryImageOfPage":{"@id":"https:\/\/www.bolsarama.es\/bolsa\/el-gobierno-de-brasil-respalda-a-la-industria-de-la-carne-en-su-eleccion-de-no-vender-a-carrefour\/#primaryimage"},"image":{"@id":"https:\/\/www.bolsarama.es\/bolsa\/el-gobierno-de-brasil-respalda-a-la-industria-de-la-carne-en-su-eleccion-de-no-vender-a-carrefour\/#primaryimage"},"thumbnailUrl":"https:\/\/www.bolsarama.es\/bolsa\/wp-content\/uploads\/2024\/11\/El-Gobierno-de-Brasil-respalda-a-la-industria-de-la.jpg","datePublished":"2024-11-25T17:45:59+00:00","dateModified":"2024-11-25T17:45:59+00:00","breadcrumb":{"@id":"https:\/\/www.bolsarama.es\/bolsa\/el-gobierno-de-brasil-respalda-a-la-industria-de-la-carne-en-su-eleccion-de-no-vender-a-carrefour\/#breadcrumb"},"inLanguage":"es","potentialAction":[{"@type":"ReadAction","target":["https:\/\/www.bolsarama.es\/bolsa\/el-gobierno-de-brasil-respalda-a-la-industria-de-la-carne-en-su-eleccion-de-no-vender-a-carrefour\/"]}]},{"@type":"ImageObject","inLanguage":"es","@id":"https:\/\/www.bolsarama.es\/bolsa\/el-gobierno-de-brasil-respalda-a-la-industria-de-la-carne-en-su-eleccion-de-no-vender-a-carrefour\/#primaryimage","url":"https:\/\/www.bolsarama.es\/bolsa\/wp-content\/uploads\/2024\/11\/El-Gobierno-de-Brasil-respalda-a-la-industria-de-la.jpg","contentUrl":"https:\/\/www.bolsarama.es\/bolsa\/wp-content\/uploads\/2024\/11\/El-Gobierno-de-Brasil-respalda-a-la-industria-de-la.jpg","width":800,"height":486,"caption":"Econom\u00eda.- El Gobierno de Brasil apoya al sector c\u00e1rnica en su decisi\u00f3n de no vender a Carrefour"},{"@type":"BreadcrumbList","@id":"https:\/\/www.bolsarama.es\/bolsa\/el-gobierno-de-brasil-respalda-a-la-industria-de-la-carne-en-su-eleccion-de-no-vender-a-carrefour\/#breadcrumb","itemListElement":[{"@type":"ListItem","position":1,"name":"Bolsa","item":"https:\/\/www.bolsarama.es\/bolsa\/"},{"@type":"ListItem","position":2,"name":"El Gobierno de Brasil respalda a la industria de la carne en su elecci\u00f3n de no vender a Carrefour."}]},{"@type":"WebSite","@id":"https:\/\/www.bolsarama.es\/bolsa\/#website","url":"https:\/\/www.bolsarama.es\/bolsa\/","name":"Bolsarama","description":"","publisher":{"@id":"https:\/\/www.bolsarama.es\/bolsa\/#organization"},"potentialAction":[{"@type":"SearchAction","target":{"@type":"EntryPoint","urlTemplate":"https:\/\/www.bolsarama.es\/bolsa\/?s={search_term_string}"},"query-input":{"@type":"PropertyValueSpecification","valueRequired":true,"valueName":"search_term_string"}}],"inLanguage":"es"},{"@type":"Organization","@id":"https:\/\/www.bolsarama.es\/bolsa\/#organization","name":"Bolsarama","url":"https:\/\/www.bolsarama.es\/bolsa\/","logo":{"@type":"ImageObject","inLanguage":"es","@id":"https:\/\/www.bolsarama.es\/bolsa\/#\/schema\/logo\/image\/","url":"https:\/\/www.bolsarama.es\/bolsa\/wp-content\/uploads\/2023\/10\/logo-bolsarama.png","contentUrl":"https:\/\/www.bolsarama.es\/bolsa\/wp-content\/uploads\/2023\/10\/logo-bolsarama.png","width":300,"height":50,"caption":"Bolsarama"},"image":{"@id":"https:\/\/www.bolsarama.es\/bolsa\/#\/schema\/logo\/image\/"},"sameAs":["https:\/\/www.facebook.com\/bolsarama.es","https:\/\/x.com\/Bolsarama_es"]},{"@type":"Person","@id":"https:\/\/www.bolsarama.es\/bolsa\/#\/schema\/person\/a34ab5b5c7d41d99c10a5c3564af3e43","name":"Paula","image":{"@type":"ImageObject","inLanguage":"es","@id":"https:\/\/www.bolsarama.es\/bolsa\/#\/schema\/person\/image\/","url":"https:\/\/www.bolsarama.es\/bolsa\/wp-content\/litespeed\/avatar\/d6404594800e2b580b751c6bb2eb5f4f.jpg?ver=1777428602","contentUrl":"https:\/\/www.bolsarama.es\/bolsa\/wp-content\/litespeed\/avatar\/d6404594800e2b580b751c6bb2eb5f4f.jpg?ver=1777428602","caption":"Paula"},"url":"https:\/\/www.bolsarama.es\/bolsa\/author\/paula\/"}]}},"_links":{"self":[{"href":"https:\/\/www.bolsarama.es\/bolsa\/wp-json\/wp\/v2\/posts\/663","targetHints":{"allow":["GET"]}}],"collection":[{"href":"https:\/\/www.bolsarama.es\/bolsa\/wp-json\/wp\/v2\/posts"}],"about":[{"href":"https:\/\/www.bolsarama.es\/bolsa\/wp-json\/wp\/v2\/types\/post"}],"author":[{"embeddable":true,"href":"https:\/\/www.bolsarama.es\/bolsa\/wp-json\/wp\/v2\/users\/2"}],"replies":[{"embeddable":true,"href":"https:\/\/www.bolsarama.es\/bolsa\/wp-json\/wp\/v2\/comments?post=663"}],"version-history":[{"count":1,"href":"https:\/\/www.bolsarama.es\/bolsa\/wp-json\/wp\/v2\/posts\/663\/revisions"}],"predecessor-version":[{"id":665,"href":"https:\/\/www.bolsarama.es\/bolsa\/wp-json\/wp\/v2\/posts\/663\/revisions\/665"}],"wp:featuredmedia":[{"embeddable":true,"href":"https:\/\/www.bolsarama.es\/bolsa\/wp-json\/wp\/v2\/media\/664"}],"wp:attachment":[{"href":"https:\/\/www.bolsarama.es\/bolsa\/wp-json\/wp\/v2\/media?parent=663"}],"wp:term":[{"taxonomy":"category","embeddable":true,"href":"https:\/\/www.bolsarama.es\/bolsa\/wp-json\/wp\/v2\/categories?post=663"},{"taxonomy":"post_tag","embeddable":true,"href":"https:\/\/www.bolsarama.es\/bolsa\/wp-json\/wp\/v2\/tags?post=663"}],"curies":[{"name":"wp","href":"https:\/\/api.w.org\/{rel}","templated":true}]}}