{"id":666,"date":"2024-11-25T19:50:43","date_gmt":"2024-11-25T18:50:43","guid":{"rendered":"https:\/\/www.bolsarama.es\/bolsa\/?p=666"},"modified":"2024-11-25T19:50:43","modified_gmt":"2024-11-25T18:50:43","slug":"doscientos-directivos-de-la-seguridad-social-han-anunciado-movilizaciones-debido-al-deterioro-de-sus-condiciones-de-trabajo","status":"publish","type":"post","link":"https:\/\/www.bolsarama.es\/bolsa\/doscientos-directivos-de-la-seguridad-social-han-anunciado-movilizaciones-debido-al-deterioro-de-sus-condiciones-de-trabajo\/","title":{"rendered":"Doscientos directivos de la Seguridad Social han anunciado movilizaciones debido al deterioro de sus condiciones de trabajo."},"content":{"rendered":"<p>La seguridad social en Espa\u00f1a, un pilar fundamental del sistema de bienestar, est\u00e1 atravesando momentos de incertidumbre. Un grupo de directivos del Instituto Nacional de la Seguridad Social (INSS) ha decidido iniciar movilizaciones para protestar por el deterioro de sus condiciones laborales y del servicio que se presta a la ciudadan\u00eda. Este hecho se atribuye a los recortes de personal y el aumento de la carga de trabajo.<\/p>\n<h2>Reivindicaciones en marcha: \u00bfQu\u00e9 acciones se planean?<\/h2>\n<p>Los directivos del INSS no se quedan de brazos cruzados ante esta situaci\u00f3n. Han empezado a plantear una serie de acciones reivindicativas que podr\u00edan incluir paros parciales o incluso una huelga. Su objetivo: reclamar soluciones al Ministerio de Inclusi\u00f3n, Seguridad Social y Migraciones.<\/p>\n<h3>La demanda de un di\u00e1logo abierto y constructivo<\/h3>\n<p>Los secretarios y subdirectores provinciales del INSS se encuentran preocupados por la situaci\u00f3n cr\u00edtica que atraviesa el organismo. No solo por sus condiciones laborales, sino por el servicio que se ofrece a la ciudadan\u00eda. Han solicitado una reuni\u00f3n con la ministra para discutir las medidas necesarias para garantizar la calidad del servicio y evitar el riesgo de colapso de las pensiones.<\/p>\n<h4>Retos y responsabilidades: La asunci\u00f3n de nuevas competencias<\/h4>\n<p>El INSS ha sufrido cambios significativos en los \u00faltimos a\u00f1os a nivel normativo, procedimental y organizativo. Ha asumido nuevas competencias como la gesti\u00f3n del ingreso m\u00ednimo vital, el complemento de la brecha de g\u00e9nero y maternidad, y los cambios en la pensi\u00f3n de jubilaci\u00f3n, entre otros. A esto se suma el control de las bajas m\u00e9dicas y la valoraci\u00f3n de las incapacidades. Todo ello, en un contexto de plantillas envejecidas y reducidas, con una relaci\u00f3n de puestos de trabajo creada hace m\u00e1s de 30 a\u00f1os, que no se ajusta a las exigencias actuales.<\/p>\n<h2>El clamor por una respuesta: La urgencia de ser escuchados<\/h2>\n<p>Los directivos del INSS han hecho llegar sus preocupaciones a los responsables pol\u00edticos del ministerio en varias ocasiones, pero no han recibido respuesta a sus demandas de mejora. Ante el silencio del ministerio, solicitan ser recibidos con urgencia por la ministra y el secretario de Estado. Si no se atiende a sus demandas, est\u00e1n dispuestos a emprender movilizaciones y acciones, con el objetivo de revertir la situaci\u00f3n y obtener el reconocimiento de su labor. Buscan un refuerzo de las plantillas y una mejora de sus condiciones laborales que est\u00e9n a la altura de la responsabilidad que asumen y la complejidad t\u00e9cnica de sus funciones.<\/p>\n","protected":false},"excerpt":{"rendered":"<p>La seguridad social en Espa\u00f1a, un pilar fundamental del sistema de bienestar, est\u00e1 atravesando momentos de incertidumbre. Un grupo de directivos del Instituto Nacional de la Seguridad Social (INSS) ha decidido iniciar movilizaciones para protestar por el deterioro de sus condiciones laborales y del servicio que se presta a la ciudadan\u00eda. Este hecho se atribuye [&hellip;]<\/p>\n","protected":false},"author":2,"featured_media":667,"comment_status":"open","ping_status":"open","sticky":false,"template":"","format":"standard","meta":{"footnotes":""},"categories":[1],"tags":[],"class_list":["post-666","post","type-post","status-publish","format-standard","has-post-thumbnail","hentry","category-sin-categoria"],"yoast_head":"<!-- This site is optimized with the Yoast SEO plugin v23.6 - https:\/\/yoast.com\/wordpress\/plugins\/seo\/ -->\n<title>Doscientos directivos de la Seguridad Social han anunciado movilizaciones debido al deterioro de sus condiciones de trabajo. - Bolsarama - Informaci\u00f3n econ\u00f3mica actualizada - Bolsarama.es<\/title>\n<meta name=\"robots\" content=\"index, follow, max-snippet:-1, max-image-preview:large, max-video-preview:-1\" \/>\n<link rel=\"canonical\" href=\"https:\/\/www.bolsarama.es\/bolsa\/doscientos-directivos-de-la-seguridad-social-han-anunciado-movilizaciones-debido-al-deterioro-de-sus-condiciones-de-trabajo\/\" \/>\n<meta property=\"og:locale\" content=\"es_ES\" \/>\n<meta property=\"og:type\" content=\"article\" \/>\n<meta property=\"og:title\" content=\"Doscientos directivos de la Seguridad Social han anunciado movilizaciones debido al deterioro de sus condiciones de trabajo. - Bolsarama - Informaci\u00f3n econ\u00f3mica actualizada - Bolsarama.es\" \/>\n<meta property=\"og:description\" content=\"La seguridad social en Espa\u00f1a, un pilar fundamental del sistema de bienestar, est\u00e1 atravesando momentos de incertidumbre. Un grupo de directivos del Instituto Nacional de la Seguridad Social (INSS) ha decidido iniciar movilizaciones para protestar por el deterioro de sus condiciones laborales y del servicio que se presta a la ciudadan\u00eda. Este hecho se atribuye [&hellip;]\" \/>\n<meta property=\"og:url\" content=\"https:\/\/www.bolsarama.es\/bolsa\/doscientos-directivos-de-la-seguridad-social-han-anunciado-movilizaciones-debido-al-deterioro-de-sus-condiciones-de-trabajo\/\" \/>\n<meta property=\"og:site_name\" content=\"Bolsarama - Informaci\u00f3n econ\u00f3mica actualizada - Bolsarama.es\" \/>\n<meta property=\"article:publisher\" content=\"https:\/\/www.facebook.com\/bolsarama.es\" \/>\n<meta property=\"article:published_time\" content=\"2024-11-25T18:50:43+00:00\" \/>\n<meta property=\"og:image\" content=\"https:\/\/www.bolsarama.es\/bolsa\/wp-content\/uploads\/2024\/11\/Doscientos-directivos-de-la-Seguridad-Social-han-anunciado-movilizaciones-debido.jpg\" \/>\n\t<meta property=\"og:image:width\" content=\"800\" \/>\n\t<meta property=\"og:image:height\" content=\"534\" \/>\n\t<meta property=\"og:image:type\" content=\"image\/jpeg\" \/>\n<meta name=\"author\" content=\"Paula\" \/>\n<meta name=\"twitter:card\" content=\"summary_large_image\" \/>\n<meta name=\"twitter:creator\" content=\"@Bolsarama_es\" \/>\n<meta name=\"twitter:site\" content=\"@Bolsarama_es\" \/>\n<meta name=\"twitter:label1\" content=\"Escrito por\" \/>\n\t<meta name=\"twitter:data1\" content=\"Paula\" \/>\n\t<meta name=\"twitter:label2\" content=\"Tiempo de lectura\" \/>\n\t<meta name=\"twitter:data2\" content=\"2 minutos\" \/>\n<script type=\"application\/ld+json\" class=\"yoast-schema-graph\">{\"@context\":\"https:\/\/schema.org\",\"@graph\":[{\"@type\":\"Article\",\"@id\":\"https:\/\/www.bolsarama.es\/bolsa\/doscientos-directivos-de-la-seguridad-social-han-anunciado-movilizaciones-debido-al-deterioro-de-sus-condiciones-de-trabajo\/#article\",\"isPartOf\":{\"@id\":\"https:\/\/www.bolsarama.es\/bolsa\/doscientos-directivos-de-la-seguridad-social-han-anunciado-movilizaciones-debido-al-deterioro-de-sus-condiciones-de-trabajo\/\"},\"author\":{\"name\":\"Paula\",\"@id\":\"https:\/\/www.bolsarama.es\/bolsa\/#\/schema\/person\/a34ab5b5c7d41d99c10a5c3564af3e43\"},\"headline\":\"Doscientos directivos de la Seguridad Social han anunciado movilizaciones debido al deterioro de sus condiciones de trabajo.\",\"datePublished\":\"2024-11-25T18:50:43+00:00\",\"dateModified\":\"2024-11-25T18:50:43+00:00\",\"mainEntityOfPage\":{\"@id\":\"https:\/\/www.bolsarama.es\/bolsa\/doscientos-directivos-de-la-seguridad-social-han-anunciado-movilizaciones-debido-al-deterioro-de-sus-condiciones-de-trabajo\/\"},\"wordCount\":445,\"commentCount\":0,\"publisher\":{\"@id\":\"https:\/\/www.bolsarama.es\/bolsa\/#organization\"},\"image\":{\"@id\":\"https:\/\/www.bolsarama.es\/bolsa\/doscientos-directivos-de-la-seguridad-social-han-anunciado-movilizaciones-debido-al-deterioro-de-sus-condiciones-de-trabajo\/#primaryimage\"},\"thumbnailUrl\":\"https:\/\/www.bolsarama.es\/bolsa\/wp-content\/uploads\/2024\/11\/Doscientos-directivos-de-la-Seguridad-Social-han-anunciado-movilizaciones-debido.jpg\",\"inLanguage\":\"es\",\"potentialAction\":[{\"@type\":\"CommentAction\",\"name\":\"Comment\",\"target\":[\"https:\/\/www.bolsarama.es\/bolsa\/doscientos-directivos-de-la-seguridad-social-han-anunciado-movilizaciones-debido-al-deterioro-de-sus-condiciones-de-trabajo\/#respond\"]}]},{\"@type\":\"WebPage\",\"@id\":\"https:\/\/www.bolsarama.es\/bolsa\/doscientos-directivos-de-la-seguridad-social-han-anunciado-movilizaciones-debido-al-deterioro-de-sus-condiciones-de-trabajo\/\",\"url\":\"https:\/\/www.bolsarama.es\/bolsa\/doscientos-directivos-de-la-seguridad-social-han-anunciado-movilizaciones-debido-al-deterioro-de-sus-condiciones-de-trabajo\/\",\"name\":\"Doscientos directivos de la Seguridad Social han anunciado movilizaciones debido al deterioro de sus condiciones de trabajo. - Bolsarama - Informaci\u00f3n econ\u00f3mica actualizada - Bolsarama.es\",\"isPartOf\":{\"@id\":\"https:\/\/www.bolsarama.es\/bolsa\/#website\"},\"primaryImageOfPage\":{\"@id\":\"https:\/\/www.bolsarama.es\/bolsa\/doscientos-directivos-de-la-seguridad-social-han-anunciado-movilizaciones-debido-al-deterioro-de-sus-condiciones-de-trabajo\/#primaryimage\"},\"image\":{\"@id\":\"https:\/\/www.bolsarama.es\/bolsa\/doscientos-directivos-de-la-seguridad-social-han-anunciado-movilizaciones-debido-al-deterioro-de-sus-condiciones-de-trabajo\/#primaryimage\"},\"thumbnailUrl\":\"https:\/\/www.bolsarama.es\/bolsa\/wp-content\/uploads\/2024\/11\/Doscientos-directivos-de-la-Seguridad-Social-han-anunciado-movilizaciones-debido.jpg\",\"datePublished\":\"2024-11-25T18:50:43+00:00\",\"dateModified\":\"2024-11-25T18:50:43+00:00\",\"breadcrumb\":{\"@id\":\"https:\/\/www.bolsarama.es\/bolsa\/doscientos-directivos-de-la-seguridad-social-han-anunciado-movilizaciones-debido-al-deterioro-de-sus-condiciones-de-trabajo\/#breadcrumb\"},\"inLanguage\":\"es\",\"potentialAction\":[{\"@type\":\"ReadAction\",\"target\":[\"https:\/\/www.bolsarama.es\/bolsa\/doscientos-directivos-de-la-seguridad-social-han-anunciado-movilizaciones-debido-al-deterioro-de-sus-condiciones-de-trabajo\/\"]}]},{\"@type\":\"ImageObject\",\"inLanguage\":\"es\",\"@id\":\"https:\/\/www.bolsarama.es\/bolsa\/doscientos-directivos-de-la-seguridad-social-han-anunciado-movilizaciones-debido-al-deterioro-de-sus-condiciones-de-trabajo\/#primaryimage\",\"url\":\"https:\/\/www.bolsarama.es\/bolsa\/wp-content\/uploads\/2024\/11\/Doscientos-directivos-de-la-Seguridad-Social-han-anunciado-movilizaciones-debido.jpg\",\"contentUrl\":\"https:\/\/www.bolsarama.es\/bolsa\/wp-content\/uploads\/2024\/11\/Doscientos-directivos-de-la-Seguridad-Social-han-anunciado-movilizaciones-debido.jpg\",\"width\":800,\"height\":534,\"caption\":\"Econom\u00eda.- 200 directivos de la Seguridad Social anuncian movilizaciones por el deterioro de sus condiciones laborales\"},{\"@type\":\"BreadcrumbList\",\"@id\":\"https:\/\/www.bolsarama.es\/bolsa\/doscientos-directivos-de-la-seguridad-social-han-anunciado-movilizaciones-debido-al-deterioro-de-sus-condiciones-de-trabajo\/#breadcrumb\",\"itemListElement\":[{\"@type\":\"ListItem\",\"position\":1,\"name\":\"Bolsa\",\"item\":\"https:\/\/www.bolsarama.es\/bolsa\/\"},{\"@type\":\"ListItem\",\"position\":2,\"name\":\"Doscientos directivos de la Seguridad Social han anunciado movilizaciones debido al deterioro de sus condiciones de trabajo.\"}]},{\"@type\":\"WebSite\",\"@id\":\"https:\/\/www.bolsarama.es\/bolsa\/#website\",\"url\":\"https:\/\/www.bolsarama.es\/bolsa\/\",\"name\":\"Bolsarama\",\"description\":\"\",\"publisher\":{\"@id\":\"https:\/\/www.bolsarama.es\/bolsa\/#organization\"},\"potentialAction\":[{\"@type\":\"SearchAction\",\"target\":{\"@type\":\"EntryPoint\",\"urlTemplate\":\"https:\/\/www.bolsarama.es\/bolsa\/?s={search_term_string}\"},\"query-input\":{\"@type\":\"PropertyValueSpecification\",\"valueRequired\":true,\"valueName\":\"search_term_string\"}}],\"inLanguage\":\"es\"},{\"@type\":\"Organization\",\"@id\":\"https:\/\/www.bolsarama.es\/bolsa\/#organization\",\"name\":\"Bolsarama\",\"url\":\"https:\/\/www.bolsarama.es\/bolsa\/\",\"logo\":{\"@type\":\"ImageObject\",\"inLanguage\":\"es\",\"@id\":\"https:\/\/www.bolsarama.es\/bolsa\/#\/schema\/logo\/image\/\",\"url\":\"https:\/\/www.bolsarama.es\/bolsa\/wp-content\/uploads\/2023\/10\/logo-bolsarama.png\",\"contentUrl\":\"https:\/\/www.bolsarama.es\/bolsa\/wp-content\/uploads\/2023\/10\/logo-bolsarama.png\",\"width\":300,\"height\":50,\"caption\":\"Bolsarama\"},\"image\":{\"@id\":\"https:\/\/www.bolsarama.es\/bolsa\/#\/schema\/logo\/image\/\"},\"sameAs\":[\"https:\/\/www.facebook.com\/bolsarama.es\",\"https:\/\/x.com\/Bolsarama_es\"]},{\"@type\":\"Person\",\"@id\":\"https:\/\/www.bolsarama.es\/bolsa\/#\/schema\/person\/a34ab5b5c7d41d99c10a5c3564af3e43\",\"name\":\"Paula\",\"image\":{\"@type\":\"ImageObject\",\"inLanguage\":\"es\",\"@id\":\"https:\/\/www.bolsarama.es\/bolsa\/#\/schema\/person\/image\/\",\"url\":\"https:\/\/www.bolsarama.es\/bolsa\/wp-content\/litespeed\/avatar\/d6404594800e2b580b751c6bb2eb5f4f.jpg?ver=1777428602\",\"contentUrl\":\"https:\/\/www.bolsarama.es\/bolsa\/wp-content\/litespeed\/avatar\/d6404594800e2b580b751c6bb2eb5f4f.jpg?ver=1777428602\",\"caption\":\"Paula\"},\"url\":\"https:\/\/www.bolsarama.es\/bolsa\/author\/paula\/\"}]}<\/script>\n<!-- \/ Yoast SEO plugin. -->","yoast_head_json":{"title":"Doscientos directivos de la Seguridad Social han anunciado movilizaciones debido al deterioro de sus condiciones de trabajo. - Bolsarama - Informaci\u00f3n econ\u00f3mica actualizada - Bolsarama.es","robots":{"index":"index","follow":"follow","max-snippet":"max-snippet:-1","max-image-preview":"max-image-preview:large","max-video-preview":"max-video-preview:-1"},"canonical":"https:\/\/www.bolsarama.es\/bolsa\/doscientos-directivos-de-la-seguridad-social-han-anunciado-movilizaciones-debido-al-deterioro-de-sus-condiciones-de-trabajo\/","og_locale":"es_ES","og_type":"article","og_title":"Doscientos directivos de la Seguridad Social han anunciado movilizaciones debido al deterioro de sus condiciones de trabajo. - Bolsarama - Informaci\u00f3n econ\u00f3mica actualizada - Bolsarama.es","og_description":"La seguridad social en Espa\u00f1a, un pilar fundamental del sistema de bienestar, est\u00e1 atravesando momentos de incertidumbre. Un grupo de directivos del Instituto Nacional de la Seguridad Social (INSS) ha decidido iniciar movilizaciones para protestar por el deterioro de sus condiciones laborales y del servicio que se presta a la ciudadan\u00eda. Este hecho se atribuye [&hellip;]","og_url":"https:\/\/www.bolsarama.es\/bolsa\/doscientos-directivos-de-la-seguridad-social-han-anunciado-movilizaciones-debido-al-deterioro-de-sus-condiciones-de-trabajo\/","og_site_name":"Bolsarama - Informaci\u00f3n econ\u00f3mica actualizada - Bolsarama.es","article_publisher":"https:\/\/www.facebook.com\/bolsarama.es","article_published_time":"2024-11-25T18:50:43+00:00","og_image":[{"width":800,"height":534,"url":"https:\/\/www.bolsarama.es\/bolsa\/wp-content\/uploads\/2024\/11\/Doscientos-directivos-de-la-Seguridad-Social-han-anunciado-movilizaciones-debido.jpg","type":"image\/jpeg"}],"author":"Paula","twitter_card":"summary_large_image","twitter_creator":"@Bolsarama_es","twitter_site":"@Bolsarama_es","twitter_misc":{"Escrito por":"Paula","Tiempo de lectura":"2 minutos"},"schema":{"@context":"https:\/\/schema.org","@graph":[{"@type":"Article","@id":"https:\/\/www.bolsarama.es\/bolsa\/doscientos-directivos-de-la-seguridad-social-han-anunciado-movilizaciones-debido-al-deterioro-de-sus-condiciones-de-trabajo\/#article","isPartOf":{"@id":"https:\/\/www.bolsarama.es\/bolsa\/doscientos-directivos-de-la-seguridad-social-han-anunciado-movilizaciones-debido-al-deterioro-de-sus-condiciones-de-trabajo\/"},"author":{"name":"Paula","@id":"https:\/\/www.bolsarama.es\/bolsa\/#\/schema\/person\/a34ab5b5c7d41d99c10a5c3564af3e43"},"headline":"Doscientos directivos de la Seguridad Social han anunciado movilizaciones debido al deterioro de sus condiciones de trabajo.","datePublished":"2024-11-25T18:50:43+00:00","dateModified":"2024-11-25T18:50:43+00:00","mainEntityOfPage":{"@id":"https:\/\/www.bolsarama.es\/bolsa\/doscientos-directivos-de-la-seguridad-social-han-anunciado-movilizaciones-debido-al-deterioro-de-sus-condiciones-de-trabajo\/"},"wordCount":445,"commentCount":0,"publisher":{"@id":"https:\/\/www.bolsarama.es\/bolsa\/#organization"},"image":{"@id":"https:\/\/www.bolsarama.es\/bolsa\/doscientos-directivos-de-la-seguridad-social-han-anunciado-movilizaciones-debido-al-deterioro-de-sus-condiciones-de-trabajo\/#primaryimage"},"thumbnailUrl":"https:\/\/www.bolsarama.es\/bolsa\/wp-content\/uploads\/2024\/11\/Doscientos-directivos-de-la-Seguridad-Social-han-anunciado-movilizaciones-debido.jpg","inLanguage":"es","potentialAction":[{"@type":"CommentAction","name":"Comment","target":["https:\/\/www.bolsarama.es\/bolsa\/doscientos-directivos-de-la-seguridad-social-han-anunciado-movilizaciones-debido-al-deterioro-de-sus-condiciones-de-trabajo\/#respond"]}]},{"@type":"WebPage","@id":"https:\/\/www.bolsarama.es\/bolsa\/doscientos-directivos-de-la-seguridad-social-han-anunciado-movilizaciones-debido-al-deterioro-de-sus-condiciones-de-trabajo\/","url":"https:\/\/www.bolsarama.es\/bolsa\/doscientos-directivos-de-la-seguridad-social-han-anunciado-movilizaciones-debido-al-deterioro-de-sus-condiciones-de-trabajo\/","name":"Doscientos directivos de la Seguridad Social han anunciado movilizaciones debido al deterioro de sus condiciones de trabajo. - Bolsarama - Informaci\u00f3n econ\u00f3mica actualizada - Bolsarama.es","isPartOf":{"@id":"https:\/\/www.bolsarama.es\/bolsa\/#website"},"primaryImageOfPage":{"@id":"https:\/\/www.bolsarama.es\/bolsa\/doscientos-directivos-de-la-seguridad-social-han-anunciado-movilizaciones-debido-al-deterioro-de-sus-condiciones-de-trabajo\/#primaryimage"},"image":{"@id":"https:\/\/www.bolsarama.es\/bolsa\/doscientos-directivos-de-la-seguridad-social-han-anunciado-movilizaciones-debido-al-deterioro-de-sus-condiciones-de-trabajo\/#primaryimage"},"thumbnailUrl":"https:\/\/www.bolsarama.es\/bolsa\/wp-content\/uploads\/2024\/11\/Doscientos-directivos-de-la-Seguridad-Social-han-anunciado-movilizaciones-debido.jpg","datePublished":"2024-11-25T18:50:43+00:00","dateModified":"2024-11-25T18:50:43+00:00","breadcrumb":{"@id":"https:\/\/www.bolsarama.es\/bolsa\/doscientos-directivos-de-la-seguridad-social-han-anunciado-movilizaciones-debido-al-deterioro-de-sus-condiciones-de-trabajo\/#breadcrumb"},"inLanguage":"es","potentialAction":[{"@type":"ReadAction","target":["https:\/\/www.bolsarama.es\/bolsa\/doscientos-directivos-de-la-seguridad-social-han-anunciado-movilizaciones-debido-al-deterioro-de-sus-condiciones-de-trabajo\/"]}]},{"@type":"ImageObject","inLanguage":"es","@id":"https:\/\/www.bolsarama.es\/bolsa\/doscientos-directivos-de-la-seguridad-social-han-anunciado-movilizaciones-debido-al-deterioro-de-sus-condiciones-de-trabajo\/#primaryimage","url":"https:\/\/www.bolsarama.es\/bolsa\/wp-content\/uploads\/2024\/11\/Doscientos-directivos-de-la-Seguridad-Social-han-anunciado-movilizaciones-debido.jpg","contentUrl":"https:\/\/www.bolsarama.es\/bolsa\/wp-content\/uploads\/2024\/11\/Doscientos-directivos-de-la-Seguridad-Social-han-anunciado-movilizaciones-debido.jpg","width":800,"height":534,"caption":"Econom\u00eda.- 200 directivos de la Seguridad Social anuncian movilizaciones por el deterioro de sus condiciones laborales"},{"@type":"BreadcrumbList","@id":"https:\/\/www.bolsarama.es\/bolsa\/doscientos-directivos-de-la-seguridad-social-han-anunciado-movilizaciones-debido-al-deterioro-de-sus-condiciones-de-trabajo\/#breadcrumb","itemListElement":[{"@type":"ListItem","position":1,"name":"Bolsa","item":"https:\/\/www.bolsarama.es\/bolsa\/"},{"@type":"ListItem","position":2,"name":"Doscientos directivos de la Seguridad Social han anunciado movilizaciones debido al deterioro de sus condiciones de trabajo."}]},{"@type":"WebSite","@id":"https:\/\/www.bolsarama.es\/bolsa\/#website","url":"https:\/\/www.bolsarama.es\/bolsa\/","name":"Bolsarama","description":"","publisher":{"@id":"https:\/\/www.bolsarama.es\/bolsa\/#organization"},"potentialAction":[{"@type":"SearchAction","target":{"@type":"EntryPoint","urlTemplate":"https:\/\/www.bolsarama.es\/bolsa\/?s={search_term_string}"},"query-input":{"@type":"PropertyValueSpecification","valueRequired":true,"valueName":"search_term_string"}}],"inLanguage":"es"},{"@type":"Organization","@id":"https:\/\/www.bolsarama.es\/bolsa\/#organization","name":"Bolsarama","url":"https:\/\/www.bolsarama.es\/bolsa\/","logo":{"@type":"ImageObject","inLanguage":"es","@id":"https:\/\/www.bolsarama.es\/bolsa\/#\/schema\/logo\/image\/","url":"https:\/\/www.bolsarama.es\/bolsa\/wp-content\/uploads\/2023\/10\/logo-bolsarama.png","contentUrl":"https:\/\/www.bolsarama.es\/bolsa\/wp-content\/uploads\/2023\/10\/logo-bolsarama.png","width":300,"height":50,"caption":"Bolsarama"},"image":{"@id":"https:\/\/www.bolsarama.es\/bolsa\/#\/schema\/logo\/image\/"},"sameAs":["https:\/\/www.facebook.com\/bolsarama.es","https:\/\/x.com\/Bolsarama_es"]},{"@type":"Person","@id":"https:\/\/www.bolsarama.es\/bolsa\/#\/schema\/person\/a34ab5b5c7d41d99c10a5c3564af3e43","name":"Paula","image":{"@type":"ImageObject","inLanguage":"es","@id":"https:\/\/www.bolsarama.es\/bolsa\/#\/schema\/person\/image\/","url":"https:\/\/www.bolsarama.es\/bolsa\/wp-content\/litespeed\/avatar\/d6404594800e2b580b751c6bb2eb5f4f.jpg?ver=1777428602","contentUrl":"https:\/\/www.bolsarama.es\/bolsa\/wp-content\/litespeed\/avatar\/d6404594800e2b580b751c6bb2eb5f4f.jpg?ver=1777428602","caption":"Paula"},"url":"https:\/\/www.bolsarama.es\/bolsa\/author\/paula\/"}]}},"_links":{"self":[{"href":"https:\/\/www.bolsarama.es\/bolsa\/wp-json\/wp\/v2\/posts\/666","targetHints":{"allow":["GET"]}}],"collection":[{"href":"https:\/\/www.bolsarama.es\/bolsa\/wp-json\/wp\/v2\/posts"}],"about":[{"href":"https:\/\/www.bolsarama.es\/bolsa\/wp-json\/wp\/v2\/types\/post"}],"author":[{"embeddable":true,"href":"https:\/\/www.bolsarama.es\/bolsa\/wp-json\/wp\/v2\/users\/2"}],"replies":[{"embeddable":true,"href":"https:\/\/www.bolsarama.es\/bolsa\/wp-json\/wp\/v2\/comments?post=666"}],"version-history":[{"count":1,"href":"https:\/\/www.bolsarama.es\/bolsa\/wp-json\/wp\/v2\/posts\/666\/revisions"}],"predecessor-version":[{"id":668,"href":"https:\/\/www.bolsarama.es\/bolsa\/wp-json\/wp\/v2\/posts\/666\/revisions\/668"}],"wp:featuredmedia":[{"embeddable":true,"href":"https:\/\/www.bolsarama.es\/bolsa\/wp-json\/wp\/v2\/media\/667"}],"wp:attachment":[{"href":"https:\/\/www.bolsarama.es\/bolsa\/wp-json\/wp\/v2\/media?parent=666"}],"wp:term":[{"taxonomy":"category","embeddable":true,"href":"https:\/\/www.bolsarama.es\/bolsa\/wp-json\/wp\/v2\/categories?post=666"},{"taxonomy":"post_tag","embeddable":true,"href":"https:\/\/www.bolsarama.es\/bolsa\/wp-json\/wp\/v2\/tags?post=666"}],"curies":[{"name":"wp","href":"https:\/\/api.w.org\/{rel}","templated":true}]}}