{"id":677,"date":"2024-11-26T13:21:10","date_gmt":"2024-11-26T12:21:10","guid":{"rendered":"https:\/\/www.bolsarama.es\/bolsa\/?p=677"},"modified":"2024-11-26T13:21:10","modified_gmt":"2024-11-26T12:21:10","slug":"felipe-quinta-director-general-de-exlabesa-ha-sido-seleccionado-como-el-nuevo-presidente-de-la-asociacion-espanola-de-aluminio","status":"publish","type":"post","link":"https:\/\/www.bolsarama.es\/bolsa\/felipe-quinta-director-general-de-exlabesa-ha-sido-seleccionado-como-el-nuevo-presidente-de-la-asociacion-espanola-de-aluminio\/","title":{"rendered":"Felipe Quint\u00e1, director general de Exlabesa, ha sido seleccionado como el nuevo presidente de la Asociaci\u00f3n Espa\u00f1ola de Aluminio."},"content":{"rendered":"<h2>Felipe Quint\u00e1 Mari\u00f1o: El Nuevo L\u00edder de la Asociaci\u00f3n Espa\u00f1ola del Aluminio y Tratamientos de Superficie<\/h2>\n<p>El cambio de liderazgo es un hecho. Felipe Quint\u00e1 Mari\u00f1o, actual director general corporativo de Exlabesa, ha sido nombrado nuevo presidente de la Asociaci\u00f3n Espa\u00f1ola del Aluminio y Tratamientos de Superficie (AEA), una organizaci\u00f3n que respalda a m\u00e1s de 650 empresas en la industria del aluminio.<\/p>\n<h3>Aluminio: Un Material con Potencial Infinito<\/h3>\n<p>El nuevo presidente de la AEA tiene claros sus objetivos. Entre ellos, uno de los m\u00e1s destacados es el fortalecimiento del aluminio frente a otros materiales alternativos, tanto en la edificaci\u00f3n como en el sector industrial. Quint\u00e1 es consciente del potencial del aluminio, un material que, gracias a su reciclabilidad infinita y su baja huella de carbono, se presenta como la \u00fanica alternativa viable para la descarbonizaci\u00f3n del sector.<\/p>\n<h2>El Aluminio y el Pacto Verde Europeo<\/h2>\n<p>En un mundo cada vez m\u00e1s concienciado con el medio ambiente, Quint\u00e1 destaca que el aluminio puede jugar un papel crucial para cumplir con los objetivos marcados por la Uni\u00f3n Europea en el Pacto Verde Europeo. Este pacto, que busca una econom\u00eda sostenible y respetuosa con el medio ambiente, encuentra en el aluminio un aliado de gran valor.<\/p>\n<h4>El Reto de la Competencia Desleal<\/h4>\n<p>Adem\u00e1s, Quint\u00e1 no ignora los desaf\u00edos que enfrenta el sector del aluminio espa\u00f1ol, especialmente en relaci\u00f3n con la competencia desleal de terceros pa\u00edses en el mercado europeo. Por tanto, una de sus metas es potenciar y consolidar la presencia de la industria del aluminio espa\u00f1ol en Europa.<\/p>\n<h3>Un L\u00edder con Amplia Experiencia<\/h3>\n<p>Felipe Quint\u00e1 Mari\u00f1o, licenciado en Administraci\u00f3n y Direcci\u00f3n de Empresas, tiene una s\u00f3lida trayectoria profesional. Desde 2002, ha ocupado diversas funciones directivas en Exlabesa, la compa\u00f1\u00eda gallega que lidera hoy en d\u00eda. Quint\u00e1 se ha encargado de la implantaci\u00f3n de la multinacional en Reino Unido, Polonia y Estados Unidos, y ha liderado la expansi\u00f3n de la compa\u00f1\u00eda a nuevos mercados desde 2006.<\/p>\n<h2>El Futuro del Aluminio bajo la Presidencia de Quint\u00e1<\/h2>\n<p>Bajo el liderazgo de Felipe Quint\u00e1, el futuro del sector del aluminio en Espa\u00f1a parece prometedor. Con una visi\u00f3n clara de los desaf\u00edos y las oportunidades, Quint\u00e1 est\u00e1 dispuesto a llevar a la industria del aluminio espa\u00f1ol a nuevas alturas, fomentando su competitividad a nivel europeo y global, y promoviendo el uso del aluminio como una soluci\u00f3n sostenible para el futuro.<\/p>\n<p><\/p>\n","protected":false},"excerpt":{"rendered":"<p>Felipe Quint\u00e1 Mari\u00f1o: El Nuevo L\u00edder de la Asociaci\u00f3n Espa\u00f1ola del Aluminio y Tratamientos de Superficie El cambio de liderazgo es un hecho. Felipe Quint\u00e1 Mari\u00f1o, actual director general corporativo de Exlabesa, ha sido nombrado nuevo presidente de la Asociaci\u00f3n Espa\u00f1ola del Aluminio y Tratamientos de Superficie (AEA), una organizaci\u00f3n que respalda a m\u00e1s de [&hellip;]<\/p>\n","protected":false},"author":2,"featured_media":678,"comment_status":"open","ping_status":"open","sticky":false,"template":"","format":"standard","meta":{"footnotes":""},"categories":[1],"tags":[],"class_list":["post-677","post","type-post","status-publish","format-standard","has-post-thumbnail","hentry","category-sin-categoria"],"yoast_head":"<!-- This site is optimized with the Yoast SEO plugin v23.6 - https:\/\/yoast.com\/wordpress\/plugins\/seo\/ -->\n<title>Felipe Quint\u00e1, director general de Exlabesa, ha sido seleccionado como el nuevo presidente de la Asociaci\u00f3n Espa\u00f1ola de Aluminio. - Bolsarama - Informaci\u00f3n econ\u00f3mica actualizada - Bolsarama.es<\/title>\n<meta name=\"robots\" content=\"index, follow, max-snippet:-1, max-image-preview:large, max-video-preview:-1\" \/>\n<link rel=\"canonical\" href=\"https:\/\/www.bolsarama.es\/bolsa\/felipe-quinta-director-general-de-exlabesa-ha-sido-seleccionado-como-el-nuevo-presidente-de-la-asociacion-espanola-de-aluminio\/\" \/>\n<meta property=\"og:locale\" content=\"es_ES\" \/>\n<meta property=\"og:type\" content=\"article\" \/>\n<meta property=\"og:title\" content=\"Felipe Quint\u00e1, director general de Exlabesa, ha sido seleccionado como el nuevo presidente de la Asociaci\u00f3n Espa\u00f1ola de Aluminio. - Bolsarama - Informaci\u00f3n econ\u00f3mica actualizada - Bolsarama.es\" \/>\n<meta property=\"og:description\" content=\"Felipe Quint\u00e1 Mari\u00f1o: El Nuevo L\u00edder de la Asociaci\u00f3n Espa\u00f1ola del Aluminio y Tratamientos de Superficie El cambio de liderazgo es un hecho. Felipe Quint\u00e1 Mari\u00f1o, actual director general corporativo de Exlabesa, ha sido nombrado nuevo presidente de la Asociaci\u00f3n Espa\u00f1ola del Aluminio y Tratamientos de Superficie (AEA), una organizaci\u00f3n que respalda a m\u00e1s de [&hellip;]\" \/>\n<meta property=\"og:url\" content=\"https:\/\/www.bolsarama.es\/bolsa\/felipe-quinta-director-general-de-exlabesa-ha-sido-seleccionado-como-el-nuevo-presidente-de-la-asociacion-espanola-de-aluminio\/\" \/>\n<meta property=\"og:site_name\" content=\"Bolsarama - Informaci\u00f3n econ\u00f3mica actualizada - Bolsarama.es\" \/>\n<meta property=\"article:publisher\" content=\"https:\/\/www.facebook.com\/bolsarama.es\" \/>\n<meta property=\"article:published_time\" content=\"2024-11-26T12:21:10+00:00\" \/>\n<meta property=\"og:image\" content=\"https:\/\/www.bolsarama.es\/bolsa\/wp-content\/uploads\/2024\/11\/Felipe-Quinta-director-general-de-Exlabesa-ha-sido-seleccionado-como.jpg\" \/>\n\t<meta property=\"og:image:width\" content=\"800\" \/>\n\t<meta property=\"og:image:height\" content=\"534\" \/>\n\t<meta property=\"og:image:type\" content=\"image\/jpeg\" \/>\n<meta name=\"author\" content=\"Paula\" \/>\n<meta name=\"twitter:card\" content=\"summary_large_image\" \/>\n<meta name=\"twitter:creator\" content=\"@Bolsarama_es\" \/>\n<meta name=\"twitter:site\" content=\"@Bolsarama_es\" \/>\n<meta name=\"twitter:label1\" content=\"Escrito por\" \/>\n\t<meta name=\"twitter:data1\" content=\"Paula\" \/>\n\t<meta name=\"twitter:label2\" content=\"Tiempo de lectura\" \/>\n\t<meta name=\"twitter:data2\" content=\"2 minutos\" \/>\n<script type=\"application\/ld+json\" class=\"yoast-schema-graph\">{\"@context\":\"https:\/\/schema.org\",\"@graph\":[{\"@type\":\"Article\",\"@id\":\"https:\/\/www.bolsarama.es\/bolsa\/felipe-quinta-director-general-de-exlabesa-ha-sido-seleccionado-como-el-nuevo-presidente-de-la-asociacion-espanola-de-aluminio\/#article\",\"isPartOf\":{\"@id\":\"https:\/\/www.bolsarama.es\/bolsa\/felipe-quinta-director-general-de-exlabesa-ha-sido-seleccionado-como-el-nuevo-presidente-de-la-asociacion-espanola-de-aluminio\/\"},\"author\":{\"name\":\"Paula\",\"@id\":\"https:\/\/www.bolsarama.es\/bolsa\/#\/schema\/person\/a34ab5b5c7d41d99c10a5c3564af3e43\"},\"headline\":\"Felipe Quint\u00e1, director general de Exlabesa, ha sido seleccionado como el nuevo presidente de la Asociaci\u00f3n Espa\u00f1ola de Aluminio.\",\"datePublished\":\"2024-11-26T12:21:10+00:00\",\"dateModified\":\"2024-11-26T12:21:10+00:00\",\"mainEntityOfPage\":{\"@id\":\"https:\/\/www.bolsarama.es\/bolsa\/felipe-quinta-director-general-de-exlabesa-ha-sido-seleccionado-como-el-nuevo-presidente-de-la-asociacion-espanola-de-aluminio\/\"},\"wordCount\":446,\"commentCount\":0,\"publisher\":{\"@id\":\"https:\/\/www.bolsarama.es\/bolsa\/#organization\"},\"image\":{\"@id\":\"https:\/\/www.bolsarama.es\/bolsa\/felipe-quinta-director-general-de-exlabesa-ha-sido-seleccionado-como-el-nuevo-presidente-de-la-asociacion-espanola-de-aluminio\/#primaryimage\"},\"thumbnailUrl\":\"https:\/\/www.bolsarama.es\/bolsa\/wp-content\/uploads\/2024\/11\/Felipe-Quinta-director-general-de-Exlabesa-ha-sido-seleccionado-como.jpg\",\"inLanguage\":\"es\",\"potentialAction\":[{\"@type\":\"CommentAction\",\"name\":\"Comment\",\"target\":[\"https:\/\/www.bolsarama.es\/bolsa\/felipe-quinta-director-general-de-exlabesa-ha-sido-seleccionado-como-el-nuevo-presidente-de-la-asociacion-espanola-de-aluminio\/#respond\"]}]},{\"@type\":\"WebPage\",\"@id\":\"https:\/\/www.bolsarama.es\/bolsa\/felipe-quinta-director-general-de-exlabesa-ha-sido-seleccionado-como-el-nuevo-presidente-de-la-asociacion-espanola-de-aluminio\/\",\"url\":\"https:\/\/www.bolsarama.es\/bolsa\/felipe-quinta-director-general-de-exlabesa-ha-sido-seleccionado-como-el-nuevo-presidente-de-la-asociacion-espanola-de-aluminio\/\",\"name\":\"Felipe Quint\u00e1, director general de Exlabesa, ha sido seleccionado como el nuevo presidente de la Asociaci\u00f3n Espa\u00f1ola de Aluminio. - Bolsarama - Informaci\u00f3n econ\u00f3mica actualizada - Bolsarama.es\",\"isPartOf\":{\"@id\":\"https:\/\/www.bolsarama.es\/bolsa\/#website\"},\"primaryImageOfPage\":{\"@id\":\"https:\/\/www.bolsarama.es\/bolsa\/felipe-quinta-director-general-de-exlabesa-ha-sido-seleccionado-como-el-nuevo-presidente-de-la-asociacion-espanola-de-aluminio\/#primaryimage\"},\"image\":{\"@id\":\"https:\/\/www.bolsarama.es\/bolsa\/felipe-quinta-director-general-de-exlabesa-ha-sido-seleccionado-como-el-nuevo-presidente-de-la-asociacion-espanola-de-aluminio\/#primaryimage\"},\"thumbnailUrl\":\"https:\/\/www.bolsarama.es\/bolsa\/wp-content\/uploads\/2024\/11\/Felipe-Quinta-director-general-de-Exlabesa-ha-sido-seleccionado-como.jpg\",\"datePublished\":\"2024-11-26T12:21:10+00:00\",\"dateModified\":\"2024-11-26T12:21:10+00:00\",\"breadcrumb\":{\"@id\":\"https:\/\/www.bolsarama.es\/bolsa\/felipe-quinta-director-general-de-exlabesa-ha-sido-seleccionado-como-el-nuevo-presidente-de-la-asociacion-espanola-de-aluminio\/#breadcrumb\"},\"inLanguage\":\"es\",\"potentialAction\":[{\"@type\":\"ReadAction\",\"target\":[\"https:\/\/www.bolsarama.es\/bolsa\/felipe-quinta-director-general-de-exlabesa-ha-sido-seleccionado-como-el-nuevo-presidente-de-la-asociacion-espanola-de-aluminio\/\"]}]},{\"@type\":\"ImageObject\",\"inLanguage\":\"es\",\"@id\":\"https:\/\/www.bolsarama.es\/bolsa\/felipe-quinta-director-general-de-exlabesa-ha-sido-seleccionado-como-el-nuevo-presidente-de-la-asociacion-espanola-de-aluminio\/#primaryimage\",\"url\":\"https:\/\/www.bolsarama.es\/bolsa\/wp-content\/uploads\/2024\/11\/Felipe-Quinta-director-general-de-Exlabesa-ha-sido-seleccionado-como.jpg\",\"contentUrl\":\"https:\/\/www.bolsarama.es\/bolsa\/wp-content\/uploads\/2024\/11\/Felipe-Quinta-director-general-de-Exlabesa-ha-sido-seleccionado-como.jpg\",\"width\":800,\"height\":534,\"caption\":\"Econom\u00eda.-El director general de Exlabesa, Felipe Quint\u00e1, elegido nuevo presidente de la Asociaci\u00f3n Espa\u00f1ola de Aluminio\"},{\"@type\":\"BreadcrumbList\",\"@id\":\"https:\/\/www.bolsarama.es\/bolsa\/felipe-quinta-director-general-de-exlabesa-ha-sido-seleccionado-como-el-nuevo-presidente-de-la-asociacion-espanola-de-aluminio\/#breadcrumb\",\"itemListElement\":[{\"@type\":\"ListItem\",\"position\":1,\"name\":\"Bolsa\",\"item\":\"https:\/\/www.bolsarama.es\/bolsa\/\"},{\"@type\":\"ListItem\",\"position\":2,\"name\":\"Felipe Quint\u00e1, director general de Exlabesa, ha sido seleccionado como el nuevo presidente de la Asociaci\u00f3n Espa\u00f1ola de Aluminio.\"}]},{\"@type\":\"WebSite\",\"@id\":\"https:\/\/www.bolsarama.es\/bolsa\/#website\",\"url\":\"https:\/\/www.bolsarama.es\/bolsa\/\",\"name\":\"Bolsarama\",\"description\":\"\",\"publisher\":{\"@id\":\"https:\/\/www.bolsarama.es\/bolsa\/#organization\"},\"potentialAction\":[{\"@type\":\"SearchAction\",\"target\":{\"@type\":\"EntryPoint\",\"urlTemplate\":\"https:\/\/www.bolsarama.es\/bolsa\/?s={search_term_string}\"},\"query-input\":{\"@type\":\"PropertyValueSpecification\",\"valueRequired\":true,\"valueName\":\"search_term_string\"}}],\"inLanguage\":\"es\"},{\"@type\":\"Organization\",\"@id\":\"https:\/\/www.bolsarama.es\/bolsa\/#organization\",\"name\":\"Bolsarama\",\"url\":\"https:\/\/www.bolsarama.es\/bolsa\/\",\"logo\":{\"@type\":\"ImageObject\",\"inLanguage\":\"es\",\"@id\":\"https:\/\/www.bolsarama.es\/bolsa\/#\/schema\/logo\/image\/\",\"url\":\"https:\/\/www.bolsarama.es\/bolsa\/wp-content\/uploads\/2023\/10\/logo-bolsarama.png\",\"contentUrl\":\"https:\/\/www.bolsarama.es\/bolsa\/wp-content\/uploads\/2023\/10\/logo-bolsarama.png\",\"width\":300,\"height\":50,\"caption\":\"Bolsarama\"},\"image\":{\"@id\":\"https:\/\/www.bolsarama.es\/bolsa\/#\/schema\/logo\/image\/\"},\"sameAs\":[\"https:\/\/www.facebook.com\/bolsarama.es\",\"https:\/\/x.com\/Bolsarama_es\"]},{\"@type\":\"Person\",\"@id\":\"https:\/\/www.bolsarama.es\/bolsa\/#\/schema\/person\/a34ab5b5c7d41d99c10a5c3564af3e43\",\"name\":\"Paula\",\"image\":{\"@type\":\"ImageObject\",\"inLanguage\":\"es\",\"@id\":\"https:\/\/www.bolsarama.es\/bolsa\/#\/schema\/person\/image\/\",\"url\":\"https:\/\/www.bolsarama.es\/bolsa\/wp-content\/litespeed\/avatar\/d6404594800e2b580b751c6bb2eb5f4f.jpg?ver=1777428602\",\"contentUrl\":\"https:\/\/www.bolsarama.es\/bolsa\/wp-content\/litespeed\/avatar\/d6404594800e2b580b751c6bb2eb5f4f.jpg?ver=1777428602\",\"caption\":\"Paula\"},\"url\":\"https:\/\/www.bolsarama.es\/bolsa\/author\/paula\/\"}]}<\/script>\n<!-- \/ Yoast SEO plugin. -->","yoast_head_json":{"title":"Felipe Quint\u00e1, director general de Exlabesa, ha sido seleccionado como el nuevo presidente de la Asociaci\u00f3n Espa\u00f1ola de Aluminio. - Bolsarama - Informaci\u00f3n econ\u00f3mica actualizada - Bolsarama.es","robots":{"index":"index","follow":"follow","max-snippet":"max-snippet:-1","max-image-preview":"max-image-preview:large","max-video-preview":"max-video-preview:-1"},"canonical":"https:\/\/www.bolsarama.es\/bolsa\/felipe-quinta-director-general-de-exlabesa-ha-sido-seleccionado-como-el-nuevo-presidente-de-la-asociacion-espanola-de-aluminio\/","og_locale":"es_ES","og_type":"article","og_title":"Felipe Quint\u00e1, director general de Exlabesa, ha sido seleccionado como el nuevo presidente de la Asociaci\u00f3n Espa\u00f1ola de Aluminio. - Bolsarama - Informaci\u00f3n econ\u00f3mica actualizada - Bolsarama.es","og_description":"Felipe Quint\u00e1 Mari\u00f1o: El Nuevo L\u00edder de la Asociaci\u00f3n Espa\u00f1ola del Aluminio y Tratamientos de Superficie El cambio de liderazgo es un hecho. Felipe Quint\u00e1 Mari\u00f1o, actual director general corporativo de Exlabesa, ha sido nombrado nuevo presidente de la Asociaci\u00f3n Espa\u00f1ola del Aluminio y Tratamientos de Superficie (AEA), una organizaci\u00f3n que respalda a m\u00e1s de [&hellip;]","og_url":"https:\/\/www.bolsarama.es\/bolsa\/felipe-quinta-director-general-de-exlabesa-ha-sido-seleccionado-como-el-nuevo-presidente-de-la-asociacion-espanola-de-aluminio\/","og_site_name":"Bolsarama - Informaci\u00f3n econ\u00f3mica actualizada - Bolsarama.es","article_publisher":"https:\/\/www.facebook.com\/bolsarama.es","article_published_time":"2024-11-26T12:21:10+00:00","og_image":[{"width":800,"height":534,"url":"https:\/\/www.bolsarama.es\/bolsa\/wp-content\/uploads\/2024\/11\/Felipe-Quinta-director-general-de-Exlabesa-ha-sido-seleccionado-como.jpg","type":"image\/jpeg"}],"author":"Paula","twitter_card":"summary_large_image","twitter_creator":"@Bolsarama_es","twitter_site":"@Bolsarama_es","twitter_misc":{"Escrito por":"Paula","Tiempo de lectura":"2 minutos"},"schema":{"@context":"https:\/\/schema.org","@graph":[{"@type":"Article","@id":"https:\/\/www.bolsarama.es\/bolsa\/felipe-quinta-director-general-de-exlabesa-ha-sido-seleccionado-como-el-nuevo-presidente-de-la-asociacion-espanola-de-aluminio\/#article","isPartOf":{"@id":"https:\/\/www.bolsarama.es\/bolsa\/felipe-quinta-director-general-de-exlabesa-ha-sido-seleccionado-como-el-nuevo-presidente-de-la-asociacion-espanola-de-aluminio\/"},"author":{"name":"Paula","@id":"https:\/\/www.bolsarama.es\/bolsa\/#\/schema\/person\/a34ab5b5c7d41d99c10a5c3564af3e43"},"headline":"Felipe Quint\u00e1, director general de Exlabesa, ha sido seleccionado como el nuevo presidente de la Asociaci\u00f3n Espa\u00f1ola de Aluminio.","datePublished":"2024-11-26T12:21:10+00:00","dateModified":"2024-11-26T12:21:10+00:00","mainEntityOfPage":{"@id":"https:\/\/www.bolsarama.es\/bolsa\/felipe-quinta-director-general-de-exlabesa-ha-sido-seleccionado-como-el-nuevo-presidente-de-la-asociacion-espanola-de-aluminio\/"},"wordCount":446,"commentCount":0,"publisher":{"@id":"https:\/\/www.bolsarama.es\/bolsa\/#organization"},"image":{"@id":"https:\/\/www.bolsarama.es\/bolsa\/felipe-quinta-director-general-de-exlabesa-ha-sido-seleccionado-como-el-nuevo-presidente-de-la-asociacion-espanola-de-aluminio\/#primaryimage"},"thumbnailUrl":"https:\/\/www.bolsarama.es\/bolsa\/wp-content\/uploads\/2024\/11\/Felipe-Quinta-director-general-de-Exlabesa-ha-sido-seleccionado-como.jpg","inLanguage":"es","potentialAction":[{"@type":"CommentAction","name":"Comment","target":["https:\/\/www.bolsarama.es\/bolsa\/felipe-quinta-director-general-de-exlabesa-ha-sido-seleccionado-como-el-nuevo-presidente-de-la-asociacion-espanola-de-aluminio\/#respond"]}]},{"@type":"WebPage","@id":"https:\/\/www.bolsarama.es\/bolsa\/felipe-quinta-director-general-de-exlabesa-ha-sido-seleccionado-como-el-nuevo-presidente-de-la-asociacion-espanola-de-aluminio\/","url":"https:\/\/www.bolsarama.es\/bolsa\/felipe-quinta-director-general-de-exlabesa-ha-sido-seleccionado-como-el-nuevo-presidente-de-la-asociacion-espanola-de-aluminio\/","name":"Felipe Quint\u00e1, director general de Exlabesa, ha sido seleccionado como el nuevo presidente de la Asociaci\u00f3n Espa\u00f1ola de Aluminio. - Bolsarama - Informaci\u00f3n econ\u00f3mica actualizada - Bolsarama.es","isPartOf":{"@id":"https:\/\/www.bolsarama.es\/bolsa\/#website"},"primaryImageOfPage":{"@id":"https:\/\/www.bolsarama.es\/bolsa\/felipe-quinta-director-general-de-exlabesa-ha-sido-seleccionado-como-el-nuevo-presidente-de-la-asociacion-espanola-de-aluminio\/#primaryimage"},"image":{"@id":"https:\/\/www.bolsarama.es\/bolsa\/felipe-quinta-director-general-de-exlabesa-ha-sido-seleccionado-como-el-nuevo-presidente-de-la-asociacion-espanola-de-aluminio\/#primaryimage"},"thumbnailUrl":"https:\/\/www.bolsarama.es\/bolsa\/wp-content\/uploads\/2024\/11\/Felipe-Quinta-director-general-de-Exlabesa-ha-sido-seleccionado-como.jpg","datePublished":"2024-11-26T12:21:10+00:00","dateModified":"2024-11-26T12:21:10+00:00","breadcrumb":{"@id":"https:\/\/www.bolsarama.es\/bolsa\/felipe-quinta-director-general-de-exlabesa-ha-sido-seleccionado-como-el-nuevo-presidente-de-la-asociacion-espanola-de-aluminio\/#breadcrumb"},"inLanguage":"es","potentialAction":[{"@type":"ReadAction","target":["https:\/\/www.bolsarama.es\/bolsa\/felipe-quinta-director-general-de-exlabesa-ha-sido-seleccionado-como-el-nuevo-presidente-de-la-asociacion-espanola-de-aluminio\/"]}]},{"@type":"ImageObject","inLanguage":"es","@id":"https:\/\/www.bolsarama.es\/bolsa\/felipe-quinta-director-general-de-exlabesa-ha-sido-seleccionado-como-el-nuevo-presidente-de-la-asociacion-espanola-de-aluminio\/#primaryimage","url":"https:\/\/www.bolsarama.es\/bolsa\/wp-content\/uploads\/2024\/11\/Felipe-Quinta-director-general-de-Exlabesa-ha-sido-seleccionado-como.jpg","contentUrl":"https:\/\/www.bolsarama.es\/bolsa\/wp-content\/uploads\/2024\/11\/Felipe-Quinta-director-general-de-Exlabesa-ha-sido-seleccionado-como.jpg","width":800,"height":534,"caption":"Econom\u00eda.-El director general de Exlabesa, Felipe Quint\u00e1, elegido nuevo presidente de la Asociaci\u00f3n Espa\u00f1ola de Aluminio"},{"@type":"BreadcrumbList","@id":"https:\/\/www.bolsarama.es\/bolsa\/felipe-quinta-director-general-de-exlabesa-ha-sido-seleccionado-como-el-nuevo-presidente-de-la-asociacion-espanola-de-aluminio\/#breadcrumb","itemListElement":[{"@type":"ListItem","position":1,"name":"Bolsa","item":"https:\/\/www.bolsarama.es\/bolsa\/"},{"@type":"ListItem","position":2,"name":"Felipe Quint\u00e1, director general de Exlabesa, ha sido seleccionado como el nuevo presidente de la Asociaci\u00f3n Espa\u00f1ola de Aluminio."}]},{"@type":"WebSite","@id":"https:\/\/www.bolsarama.es\/bolsa\/#website","url":"https:\/\/www.bolsarama.es\/bolsa\/","name":"Bolsarama","description":"","publisher":{"@id":"https:\/\/www.bolsarama.es\/bolsa\/#organization"},"potentialAction":[{"@type":"SearchAction","target":{"@type":"EntryPoint","urlTemplate":"https:\/\/www.bolsarama.es\/bolsa\/?s={search_term_string}"},"query-input":{"@type":"PropertyValueSpecification","valueRequired":true,"valueName":"search_term_string"}}],"inLanguage":"es"},{"@type":"Organization","@id":"https:\/\/www.bolsarama.es\/bolsa\/#organization","name":"Bolsarama","url":"https:\/\/www.bolsarama.es\/bolsa\/","logo":{"@type":"ImageObject","inLanguage":"es","@id":"https:\/\/www.bolsarama.es\/bolsa\/#\/schema\/logo\/image\/","url":"https:\/\/www.bolsarama.es\/bolsa\/wp-content\/uploads\/2023\/10\/logo-bolsarama.png","contentUrl":"https:\/\/www.bolsarama.es\/bolsa\/wp-content\/uploads\/2023\/10\/logo-bolsarama.png","width":300,"height":50,"caption":"Bolsarama"},"image":{"@id":"https:\/\/www.bolsarama.es\/bolsa\/#\/schema\/logo\/image\/"},"sameAs":["https:\/\/www.facebook.com\/bolsarama.es","https:\/\/x.com\/Bolsarama_es"]},{"@type":"Person","@id":"https:\/\/www.bolsarama.es\/bolsa\/#\/schema\/person\/a34ab5b5c7d41d99c10a5c3564af3e43","name":"Paula","image":{"@type":"ImageObject","inLanguage":"es","@id":"https:\/\/www.bolsarama.es\/bolsa\/#\/schema\/person\/image\/","url":"https:\/\/www.bolsarama.es\/bolsa\/wp-content\/litespeed\/avatar\/d6404594800e2b580b751c6bb2eb5f4f.jpg?ver=1777428602","contentUrl":"https:\/\/www.bolsarama.es\/bolsa\/wp-content\/litespeed\/avatar\/d6404594800e2b580b751c6bb2eb5f4f.jpg?ver=1777428602","caption":"Paula"},"url":"https:\/\/www.bolsarama.es\/bolsa\/author\/paula\/"}]}},"_links":{"self":[{"href":"https:\/\/www.bolsarama.es\/bolsa\/wp-json\/wp\/v2\/posts\/677","targetHints":{"allow":["GET"]}}],"collection":[{"href":"https:\/\/www.bolsarama.es\/bolsa\/wp-json\/wp\/v2\/posts"}],"about":[{"href":"https:\/\/www.bolsarama.es\/bolsa\/wp-json\/wp\/v2\/types\/post"}],"author":[{"embeddable":true,"href":"https:\/\/www.bolsarama.es\/bolsa\/wp-json\/wp\/v2\/users\/2"}],"replies":[{"embeddable":true,"href":"https:\/\/www.bolsarama.es\/bolsa\/wp-json\/wp\/v2\/comments?post=677"}],"version-history":[{"count":1,"href":"https:\/\/www.bolsarama.es\/bolsa\/wp-json\/wp\/v2\/posts\/677\/revisions"}],"predecessor-version":[{"id":679,"href":"https:\/\/www.bolsarama.es\/bolsa\/wp-json\/wp\/v2\/posts\/677\/revisions\/679"}],"wp:featuredmedia":[{"embeddable":true,"href":"https:\/\/www.bolsarama.es\/bolsa\/wp-json\/wp\/v2\/media\/678"}],"wp:attachment":[{"href":"https:\/\/www.bolsarama.es\/bolsa\/wp-json\/wp\/v2\/media?parent=677"}],"wp:term":[{"taxonomy":"category","embeddable":true,"href":"https:\/\/www.bolsarama.es\/bolsa\/wp-json\/wp\/v2\/categories?post=677"},{"taxonomy":"post_tag","embeddable":true,"href":"https:\/\/www.bolsarama.es\/bolsa\/wp-json\/wp\/v2\/tags?post=677"}],"curies":[{"name":"wp","href":"https:\/\/api.w.org\/{rel}","templated":true}]}}