{"id":697,"date":"2024-11-27T13:20:48","date_gmt":"2024-11-27T12:20:48","guid":{"rendered":"https:\/\/www.bolsarama.es\/bolsa\/?p=697"},"modified":"2024-11-27T13:20:48","modified_gmt":"2024-11-27T12:20:48","slug":"endesa-senala-que-la-flexibilidad-en-la-demanda-electrica-es-una-condicion-fundamental-para-acomodar-data-centers","status":"publish","type":"post","link":"https:\/\/www.bolsarama.es\/bolsa\/endesa-senala-que-la-flexibilidad-en-la-demanda-electrica-es-una-condicion-fundamental-para-acomodar-data-centers\/","title":{"rendered":"Endesa se\u00f1ala que la flexibilidad en la demanda el\u00e9ctrica es una condici\u00f3n \u00abfundamental\u00bb para acomodar data centers."},"content":{"rendered":"<h2>Los desaf\u00edos de la capacidad de la red el\u00e9ctrica<\/h2>\n<p><\/p>\n<p>En un mundo cada vez m\u00e1s digital, los centros de datos se han convertido en una pieza clave para el desarrollo econ\u00f3mico y tecnol\u00f3gico. Sin embargo, su instalaci\u00f3n y funcionamiento plantean desaf\u00edos significativos en t\u00e9rminos de infraestructura el\u00e9ctrica. A diferencia de la red de transmisi\u00f3n de datos, aumentar la capacidad de la red el\u00e9ctrica es un proceso complejo que requiere soluciones multifac\u00e9ticas. Una de estas soluciones es la construcci\u00f3n de m\u00e1s redes el\u00e9ctricas, pero esto solo no es suficiente. Como hemos visto, es fundamental que se utilice de manera m\u00e1s eficiente la infraestructura existente.<\/p>\n<h3>El papel de la flexibilidad de la demanda el\u00e9ctrica<\/h3>\n<p><\/p>\n<p>En este contexto, la flexibilidad de la demanda el\u00e9ctrica se convierte en un factor esencial para acomodar centros de datos de gran escala. Esta flexibilidad, que implica ajustar la demanda de electricidad en respuesta a las se\u00f1ales de precios del mercado, permite una utilizaci\u00f3n m\u00e1s eficiente de la infraestructura existente. Pero para que esto sea posible, es crucial que tanto los consumidores como los distribuidores se adapten y aprendan a manejar esta flexibilidad.<\/p>\n<h2>Una oportunidad hist\u00f3rica en el contexto de la transici\u00f3n energ\u00e9tica<\/h2>\n<p><\/p>\n<p>Al mismo tiempo, Espa\u00f1a se encuentra en una posici\u00f3n \u00fanica en t\u00e9rminos de su potencial energ\u00e9tico. Hist\u00f3ricamente, hemos sido importadores de energ\u00eda, dependiendo en gran medida de las importaciones de petr\u00f3leo y gas. No obstante, ahora tenemos una oportunidad hist\u00f3rica de cambiar esta din\u00e1mica. En lugar de gastar en importaciones de energ\u00eda, podemos invertir en infraestructuras productivas que se queden en nuestro pa\u00eds. Este cambio podr\u00eda atraer m\u00e1s industrias que buscan una energ\u00eda m\u00e1s barata y en mejores condiciones que en otros lugares.<\/p>\n<h3>El impacto de los proyectos energ\u00e9ticos en la sociedad<\/h3>\n<p><\/p>\n<p>Adem\u00e1s de las ventajas econ\u00f3micas y energ\u00e9ticas, es importante tener en cuenta el impacto social de los proyectos energ\u00e9ticos. Los centros de datos y otras instalaciones de este tipo pueden tener un impacto significativo en las comunidades donde se instalan. Por lo tanto, es necesario que estos proyectos se vean con buenos ojos y que se traduzcan en beneficios tangibles para la sociedad.<\/p>\n<h4>La importancia de un marco regulatorio competitivo<\/h4>\n<p><\/p>\n<p>Para que todo esto sea posible, necesitamos un marco regulatorio competitivo que favorezca la inversi\u00f3n en infraestructuras energ\u00e9ticas. Este marco debe permitir una mayor agilidad en el reconocimiento de las inversiones, facilitando as\u00ed el incremento de puntos de acceso y conexi\u00f3n. Adem\u00e1s, debe enviar se\u00f1ales coherentes para atraer capital y fomentar la inversi\u00f3n en redes en Espa\u00f1a, en un contexto de creciente competencia por el capital a nivel internacional.<\/p>\n<p><\/p>\n","protected":false},"excerpt":{"rendered":"<p>Los desaf\u00edos de la capacidad de la red el\u00e9ctrica En un mundo cada vez m\u00e1s digital, los centros de datos se han convertido en una pieza clave para el desarrollo econ\u00f3mico y tecnol\u00f3gico. Sin embargo, su instalaci\u00f3n y funcionamiento plantean desaf\u00edos significativos en t\u00e9rminos de infraestructura el\u00e9ctrica. A diferencia de la red de transmisi\u00f3n de [&hellip;]<\/p>\n","protected":false},"author":2,"featured_media":698,"comment_status":"open","ping_status":"open","sticky":false,"template":"","format":"standard","meta":{"footnotes":""},"categories":[1],"tags":[],"class_list":["post-697","post","type-post","status-publish","format-standard","has-post-thumbnail","hentry","category-sin-categoria"],"yoast_head":"<!-- This site is optimized with the Yoast SEO plugin v23.6 - https:\/\/yoast.com\/wordpress\/plugins\/seo\/ -->\n<title>Endesa se\u00f1ala que la flexibilidad en la demanda el\u00e9ctrica es una condici\u00f3n &quot;fundamental&quot; para acomodar data centers. - Bolsarama - Informaci\u00f3n econ\u00f3mica actualizada - Bolsarama.es<\/title>\n<meta name=\"robots\" content=\"index, follow, max-snippet:-1, max-image-preview:large, max-video-preview:-1\" \/>\n<link rel=\"canonical\" href=\"https:\/\/www.bolsarama.es\/bolsa\/endesa-senala-que-la-flexibilidad-en-la-demanda-electrica-es-una-condicion-fundamental-para-acomodar-data-centers\/\" \/>\n<meta property=\"og:locale\" content=\"es_ES\" \/>\n<meta property=\"og:type\" content=\"article\" \/>\n<meta property=\"og:title\" content=\"Endesa se\u00f1ala que la flexibilidad en la demanda el\u00e9ctrica es una condici\u00f3n &quot;fundamental&quot; para acomodar data centers. - Bolsarama - Informaci\u00f3n econ\u00f3mica actualizada - Bolsarama.es\" \/>\n<meta property=\"og:description\" content=\"Los desaf\u00edos de la capacidad de la red el\u00e9ctrica En un mundo cada vez m\u00e1s digital, los centros de datos se han convertido en una pieza clave para el desarrollo econ\u00f3mico y tecnol\u00f3gico. Sin embargo, su instalaci\u00f3n y funcionamiento plantean desaf\u00edos significativos en t\u00e9rminos de infraestructura el\u00e9ctrica. A diferencia de la red de transmisi\u00f3n de [&hellip;]\" \/>\n<meta property=\"og:url\" content=\"https:\/\/www.bolsarama.es\/bolsa\/endesa-senala-que-la-flexibilidad-en-la-demanda-electrica-es-una-condicion-fundamental-para-acomodar-data-centers\/\" \/>\n<meta property=\"og:site_name\" content=\"Bolsarama - Informaci\u00f3n econ\u00f3mica actualizada - Bolsarama.es\" \/>\n<meta property=\"article:publisher\" content=\"https:\/\/www.facebook.com\/bolsarama.es\" \/>\n<meta property=\"article:published_time\" content=\"2024-11-27T12:20:48+00:00\" \/>\n<meta property=\"og:image\" content=\"https:\/\/www.bolsarama.es\/bolsa\/wp-content\/uploads\/2024\/11\/Endesa-senala-que-la-flexibilidad-en-la-demanda-electrica-es.jpg\" \/>\n\t<meta property=\"og:image:width\" content=\"800\" \/>\n\t<meta property=\"og:image:height\" content=\"528\" \/>\n\t<meta property=\"og:image:type\" content=\"image\/jpeg\" \/>\n<meta name=\"author\" content=\"Paula\" \/>\n<meta name=\"twitter:card\" content=\"summary_large_image\" \/>\n<meta name=\"twitter:creator\" content=\"@Bolsarama_es\" \/>\n<meta name=\"twitter:site\" content=\"@Bolsarama_es\" \/>\n<meta name=\"twitter:label1\" content=\"Escrito por\" \/>\n\t<meta name=\"twitter:data1\" content=\"Paula\" \/>\n\t<meta name=\"twitter:label2\" content=\"Tiempo de lectura\" \/>\n\t<meta name=\"twitter:data2\" content=\"2 minutos\" \/>\n<script type=\"application\/ld+json\" class=\"yoast-schema-graph\">{\"@context\":\"https:\/\/schema.org\",\"@graph\":[{\"@type\":\"Article\",\"@id\":\"https:\/\/www.bolsarama.es\/bolsa\/endesa-senala-que-la-flexibilidad-en-la-demanda-electrica-es-una-condicion-fundamental-para-acomodar-data-centers\/#article\",\"isPartOf\":{\"@id\":\"https:\/\/www.bolsarama.es\/bolsa\/endesa-senala-que-la-flexibilidad-en-la-demanda-electrica-es-una-condicion-fundamental-para-acomodar-data-centers\/\"},\"author\":{\"name\":\"Paula\",\"@id\":\"https:\/\/www.bolsarama.es\/bolsa\/#\/schema\/person\/a34ab5b5c7d41d99c10a5c3564af3e43\"},\"headline\":\"Endesa se\u00f1ala que la flexibilidad en la demanda el\u00e9ctrica es una condici\u00f3n \u00abfundamental\u00bb para acomodar data centers.\",\"datePublished\":\"2024-11-27T12:20:48+00:00\",\"dateModified\":\"2024-11-27T12:20:48+00:00\",\"mainEntityOfPage\":{\"@id\":\"https:\/\/www.bolsarama.es\/bolsa\/endesa-senala-que-la-flexibilidad-en-la-demanda-electrica-es-una-condicion-fundamental-para-acomodar-data-centers\/\"},\"wordCount\":497,\"commentCount\":0,\"publisher\":{\"@id\":\"https:\/\/www.bolsarama.es\/bolsa\/#organization\"},\"image\":{\"@id\":\"https:\/\/www.bolsarama.es\/bolsa\/endesa-senala-que-la-flexibilidad-en-la-demanda-electrica-es-una-condicion-fundamental-para-acomodar-data-centers\/#primaryimage\"},\"thumbnailUrl\":\"https:\/\/www.bolsarama.es\/bolsa\/wp-content\/uploads\/2024\/11\/Endesa-senala-que-la-flexibilidad-en-la-demanda-electrica-es.jpg\",\"inLanguage\":\"es\",\"potentialAction\":[{\"@type\":\"CommentAction\",\"name\":\"Comment\",\"target\":[\"https:\/\/www.bolsarama.es\/bolsa\/endesa-senala-que-la-flexibilidad-en-la-demanda-electrica-es-una-condicion-fundamental-para-acomodar-data-centers\/#respond\"]}]},{\"@type\":\"WebPage\",\"@id\":\"https:\/\/www.bolsarama.es\/bolsa\/endesa-senala-que-la-flexibilidad-en-la-demanda-electrica-es-una-condicion-fundamental-para-acomodar-data-centers\/\",\"url\":\"https:\/\/www.bolsarama.es\/bolsa\/endesa-senala-que-la-flexibilidad-en-la-demanda-electrica-es-una-condicion-fundamental-para-acomodar-data-centers\/\",\"name\":\"Endesa se\u00f1ala que la flexibilidad en la demanda el\u00e9ctrica es una condici\u00f3n \\\"fundamental\\\" para acomodar data centers. - Bolsarama - Informaci\u00f3n econ\u00f3mica actualizada - Bolsarama.es\",\"isPartOf\":{\"@id\":\"https:\/\/www.bolsarama.es\/bolsa\/#website\"},\"primaryImageOfPage\":{\"@id\":\"https:\/\/www.bolsarama.es\/bolsa\/endesa-senala-que-la-flexibilidad-en-la-demanda-electrica-es-una-condicion-fundamental-para-acomodar-data-centers\/#primaryimage\"},\"image\":{\"@id\":\"https:\/\/www.bolsarama.es\/bolsa\/endesa-senala-que-la-flexibilidad-en-la-demanda-electrica-es-una-condicion-fundamental-para-acomodar-data-centers\/#primaryimage\"},\"thumbnailUrl\":\"https:\/\/www.bolsarama.es\/bolsa\/wp-content\/uploads\/2024\/11\/Endesa-senala-que-la-flexibilidad-en-la-demanda-electrica-es.jpg\",\"datePublished\":\"2024-11-27T12:20:48+00:00\",\"dateModified\":\"2024-11-27T12:20:48+00:00\",\"breadcrumb\":{\"@id\":\"https:\/\/www.bolsarama.es\/bolsa\/endesa-senala-que-la-flexibilidad-en-la-demanda-electrica-es-una-condicion-fundamental-para-acomodar-data-centers\/#breadcrumb\"},\"inLanguage\":\"es\",\"potentialAction\":[{\"@type\":\"ReadAction\",\"target\":[\"https:\/\/www.bolsarama.es\/bolsa\/endesa-senala-que-la-flexibilidad-en-la-demanda-electrica-es-una-condicion-fundamental-para-acomodar-data-centers\/\"]}]},{\"@type\":\"ImageObject\",\"inLanguage\":\"es\",\"@id\":\"https:\/\/www.bolsarama.es\/bolsa\/endesa-senala-que-la-flexibilidad-en-la-demanda-electrica-es-una-condicion-fundamental-para-acomodar-data-centers\/#primaryimage\",\"url\":\"https:\/\/www.bolsarama.es\/bolsa\/wp-content\/uploads\/2024\/11\/Endesa-senala-que-la-flexibilidad-en-la-demanda-electrica-es.jpg\",\"contentUrl\":\"https:\/\/www.bolsarama.es\/bolsa\/wp-content\/uploads\/2024\/11\/Endesa-senala-que-la-flexibilidad-en-la-demanda-electrica-es.jpg\",\"width\":800,\"height\":528,\"caption\":\"Econom\u00eda.- Endesa apunta a la flexibilidad de demanda el\u00e9ctrica como condici\u00f3n \\\"fundamental\\\" para acomodar data centers\"},{\"@type\":\"BreadcrumbList\",\"@id\":\"https:\/\/www.bolsarama.es\/bolsa\/endesa-senala-que-la-flexibilidad-en-la-demanda-electrica-es-una-condicion-fundamental-para-acomodar-data-centers\/#breadcrumb\",\"itemListElement\":[{\"@type\":\"ListItem\",\"position\":1,\"name\":\"Bolsa\",\"item\":\"https:\/\/www.bolsarama.es\/bolsa\/\"},{\"@type\":\"ListItem\",\"position\":2,\"name\":\"Endesa se\u00f1ala que la flexibilidad en la demanda el\u00e9ctrica es una condici\u00f3n \u00abfundamental\u00bb para acomodar data centers.\"}]},{\"@type\":\"WebSite\",\"@id\":\"https:\/\/www.bolsarama.es\/bolsa\/#website\",\"url\":\"https:\/\/www.bolsarama.es\/bolsa\/\",\"name\":\"Bolsarama\",\"description\":\"\",\"publisher\":{\"@id\":\"https:\/\/www.bolsarama.es\/bolsa\/#organization\"},\"potentialAction\":[{\"@type\":\"SearchAction\",\"target\":{\"@type\":\"EntryPoint\",\"urlTemplate\":\"https:\/\/www.bolsarama.es\/bolsa\/?s={search_term_string}\"},\"query-input\":{\"@type\":\"PropertyValueSpecification\",\"valueRequired\":true,\"valueName\":\"search_term_string\"}}],\"inLanguage\":\"es\"},{\"@type\":\"Organization\",\"@id\":\"https:\/\/www.bolsarama.es\/bolsa\/#organization\",\"name\":\"Bolsarama\",\"url\":\"https:\/\/www.bolsarama.es\/bolsa\/\",\"logo\":{\"@type\":\"ImageObject\",\"inLanguage\":\"es\",\"@id\":\"https:\/\/www.bolsarama.es\/bolsa\/#\/schema\/logo\/image\/\",\"url\":\"https:\/\/www.bolsarama.es\/bolsa\/wp-content\/uploads\/2023\/10\/logo-bolsarama.png\",\"contentUrl\":\"https:\/\/www.bolsarama.es\/bolsa\/wp-content\/uploads\/2023\/10\/logo-bolsarama.png\",\"width\":300,\"height\":50,\"caption\":\"Bolsarama\"},\"image\":{\"@id\":\"https:\/\/www.bolsarama.es\/bolsa\/#\/schema\/logo\/image\/\"},\"sameAs\":[\"https:\/\/www.facebook.com\/bolsarama.es\",\"https:\/\/x.com\/Bolsarama_es\"]},{\"@type\":\"Person\",\"@id\":\"https:\/\/www.bolsarama.es\/bolsa\/#\/schema\/person\/a34ab5b5c7d41d99c10a5c3564af3e43\",\"name\":\"Paula\",\"image\":{\"@type\":\"ImageObject\",\"inLanguage\":\"es\",\"@id\":\"https:\/\/www.bolsarama.es\/bolsa\/#\/schema\/person\/image\/\",\"url\":\"https:\/\/www.bolsarama.es\/bolsa\/wp-content\/litespeed\/avatar\/d6404594800e2b580b751c6bb2eb5f4f.jpg?ver=1777428602\",\"contentUrl\":\"https:\/\/www.bolsarama.es\/bolsa\/wp-content\/litespeed\/avatar\/d6404594800e2b580b751c6bb2eb5f4f.jpg?ver=1777428602\",\"caption\":\"Paula\"},\"url\":\"https:\/\/www.bolsarama.es\/bolsa\/author\/paula\/\"}]}<\/script>\n<!-- \/ Yoast SEO plugin. -->","yoast_head_json":{"title":"Endesa se\u00f1ala que la flexibilidad en la demanda el\u00e9ctrica es una condici\u00f3n \"fundamental\" para acomodar data centers. - Bolsarama - Informaci\u00f3n econ\u00f3mica actualizada - Bolsarama.es","robots":{"index":"index","follow":"follow","max-snippet":"max-snippet:-1","max-image-preview":"max-image-preview:large","max-video-preview":"max-video-preview:-1"},"canonical":"https:\/\/www.bolsarama.es\/bolsa\/endesa-senala-que-la-flexibilidad-en-la-demanda-electrica-es-una-condicion-fundamental-para-acomodar-data-centers\/","og_locale":"es_ES","og_type":"article","og_title":"Endesa se\u00f1ala que la flexibilidad en la demanda el\u00e9ctrica es una condici\u00f3n \"fundamental\" para acomodar data centers. - Bolsarama - Informaci\u00f3n econ\u00f3mica actualizada - Bolsarama.es","og_description":"Los desaf\u00edos de la capacidad de la red el\u00e9ctrica En un mundo cada vez m\u00e1s digital, los centros de datos se han convertido en una pieza clave para el desarrollo econ\u00f3mico y tecnol\u00f3gico. Sin embargo, su instalaci\u00f3n y funcionamiento plantean desaf\u00edos significativos en t\u00e9rminos de infraestructura el\u00e9ctrica. A diferencia de la red de transmisi\u00f3n de [&hellip;]","og_url":"https:\/\/www.bolsarama.es\/bolsa\/endesa-senala-que-la-flexibilidad-en-la-demanda-electrica-es-una-condicion-fundamental-para-acomodar-data-centers\/","og_site_name":"Bolsarama - Informaci\u00f3n econ\u00f3mica actualizada - Bolsarama.es","article_publisher":"https:\/\/www.facebook.com\/bolsarama.es","article_published_time":"2024-11-27T12:20:48+00:00","og_image":[{"width":800,"height":528,"url":"https:\/\/www.bolsarama.es\/bolsa\/wp-content\/uploads\/2024\/11\/Endesa-senala-que-la-flexibilidad-en-la-demanda-electrica-es.jpg","type":"image\/jpeg"}],"author":"Paula","twitter_card":"summary_large_image","twitter_creator":"@Bolsarama_es","twitter_site":"@Bolsarama_es","twitter_misc":{"Escrito por":"Paula","Tiempo de lectura":"2 minutos"},"schema":{"@context":"https:\/\/schema.org","@graph":[{"@type":"Article","@id":"https:\/\/www.bolsarama.es\/bolsa\/endesa-senala-que-la-flexibilidad-en-la-demanda-electrica-es-una-condicion-fundamental-para-acomodar-data-centers\/#article","isPartOf":{"@id":"https:\/\/www.bolsarama.es\/bolsa\/endesa-senala-que-la-flexibilidad-en-la-demanda-electrica-es-una-condicion-fundamental-para-acomodar-data-centers\/"},"author":{"name":"Paula","@id":"https:\/\/www.bolsarama.es\/bolsa\/#\/schema\/person\/a34ab5b5c7d41d99c10a5c3564af3e43"},"headline":"Endesa se\u00f1ala que la flexibilidad en la demanda el\u00e9ctrica es una condici\u00f3n \u00abfundamental\u00bb para acomodar data centers.","datePublished":"2024-11-27T12:20:48+00:00","dateModified":"2024-11-27T12:20:48+00:00","mainEntityOfPage":{"@id":"https:\/\/www.bolsarama.es\/bolsa\/endesa-senala-que-la-flexibilidad-en-la-demanda-electrica-es-una-condicion-fundamental-para-acomodar-data-centers\/"},"wordCount":497,"commentCount":0,"publisher":{"@id":"https:\/\/www.bolsarama.es\/bolsa\/#organization"},"image":{"@id":"https:\/\/www.bolsarama.es\/bolsa\/endesa-senala-que-la-flexibilidad-en-la-demanda-electrica-es-una-condicion-fundamental-para-acomodar-data-centers\/#primaryimage"},"thumbnailUrl":"https:\/\/www.bolsarama.es\/bolsa\/wp-content\/uploads\/2024\/11\/Endesa-senala-que-la-flexibilidad-en-la-demanda-electrica-es.jpg","inLanguage":"es","potentialAction":[{"@type":"CommentAction","name":"Comment","target":["https:\/\/www.bolsarama.es\/bolsa\/endesa-senala-que-la-flexibilidad-en-la-demanda-electrica-es-una-condicion-fundamental-para-acomodar-data-centers\/#respond"]}]},{"@type":"WebPage","@id":"https:\/\/www.bolsarama.es\/bolsa\/endesa-senala-que-la-flexibilidad-en-la-demanda-electrica-es-una-condicion-fundamental-para-acomodar-data-centers\/","url":"https:\/\/www.bolsarama.es\/bolsa\/endesa-senala-que-la-flexibilidad-en-la-demanda-electrica-es-una-condicion-fundamental-para-acomodar-data-centers\/","name":"Endesa se\u00f1ala que la flexibilidad en la demanda el\u00e9ctrica es una condici\u00f3n \"fundamental\" para acomodar data centers. - Bolsarama - Informaci\u00f3n econ\u00f3mica actualizada - Bolsarama.es","isPartOf":{"@id":"https:\/\/www.bolsarama.es\/bolsa\/#website"},"primaryImageOfPage":{"@id":"https:\/\/www.bolsarama.es\/bolsa\/endesa-senala-que-la-flexibilidad-en-la-demanda-electrica-es-una-condicion-fundamental-para-acomodar-data-centers\/#primaryimage"},"image":{"@id":"https:\/\/www.bolsarama.es\/bolsa\/endesa-senala-que-la-flexibilidad-en-la-demanda-electrica-es-una-condicion-fundamental-para-acomodar-data-centers\/#primaryimage"},"thumbnailUrl":"https:\/\/www.bolsarama.es\/bolsa\/wp-content\/uploads\/2024\/11\/Endesa-senala-que-la-flexibilidad-en-la-demanda-electrica-es.jpg","datePublished":"2024-11-27T12:20:48+00:00","dateModified":"2024-11-27T12:20:48+00:00","breadcrumb":{"@id":"https:\/\/www.bolsarama.es\/bolsa\/endesa-senala-que-la-flexibilidad-en-la-demanda-electrica-es-una-condicion-fundamental-para-acomodar-data-centers\/#breadcrumb"},"inLanguage":"es","potentialAction":[{"@type":"ReadAction","target":["https:\/\/www.bolsarama.es\/bolsa\/endesa-senala-que-la-flexibilidad-en-la-demanda-electrica-es-una-condicion-fundamental-para-acomodar-data-centers\/"]}]},{"@type":"ImageObject","inLanguage":"es","@id":"https:\/\/www.bolsarama.es\/bolsa\/endesa-senala-que-la-flexibilidad-en-la-demanda-electrica-es-una-condicion-fundamental-para-acomodar-data-centers\/#primaryimage","url":"https:\/\/www.bolsarama.es\/bolsa\/wp-content\/uploads\/2024\/11\/Endesa-senala-que-la-flexibilidad-en-la-demanda-electrica-es.jpg","contentUrl":"https:\/\/www.bolsarama.es\/bolsa\/wp-content\/uploads\/2024\/11\/Endesa-senala-que-la-flexibilidad-en-la-demanda-electrica-es.jpg","width":800,"height":528,"caption":"Econom\u00eda.- Endesa apunta a la flexibilidad de demanda el\u00e9ctrica como condici\u00f3n \"fundamental\" para acomodar data centers"},{"@type":"BreadcrumbList","@id":"https:\/\/www.bolsarama.es\/bolsa\/endesa-senala-que-la-flexibilidad-en-la-demanda-electrica-es-una-condicion-fundamental-para-acomodar-data-centers\/#breadcrumb","itemListElement":[{"@type":"ListItem","position":1,"name":"Bolsa","item":"https:\/\/www.bolsarama.es\/bolsa\/"},{"@type":"ListItem","position":2,"name":"Endesa se\u00f1ala que la flexibilidad en la demanda el\u00e9ctrica es una condici\u00f3n \u00abfundamental\u00bb para acomodar data centers."}]},{"@type":"WebSite","@id":"https:\/\/www.bolsarama.es\/bolsa\/#website","url":"https:\/\/www.bolsarama.es\/bolsa\/","name":"Bolsarama","description":"","publisher":{"@id":"https:\/\/www.bolsarama.es\/bolsa\/#organization"},"potentialAction":[{"@type":"SearchAction","target":{"@type":"EntryPoint","urlTemplate":"https:\/\/www.bolsarama.es\/bolsa\/?s={search_term_string}"},"query-input":{"@type":"PropertyValueSpecification","valueRequired":true,"valueName":"search_term_string"}}],"inLanguage":"es"},{"@type":"Organization","@id":"https:\/\/www.bolsarama.es\/bolsa\/#organization","name":"Bolsarama","url":"https:\/\/www.bolsarama.es\/bolsa\/","logo":{"@type":"ImageObject","inLanguage":"es","@id":"https:\/\/www.bolsarama.es\/bolsa\/#\/schema\/logo\/image\/","url":"https:\/\/www.bolsarama.es\/bolsa\/wp-content\/uploads\/2023\/10\/logo-bolsarama.png","contentUrl":"https:\/\/www.bolsarama.es\/bolsa\/wp-content\/uploads\/2023\/10\/logo-bolsarama.png","width":300,"height":50,"caption":"Bolsarama"},"image":{"@id":"https:\/\/www.bolsarama.es\/bolsa\/#\/schema\/logo\/image\/"},"sameAs":["https:\/\/www.facebook.com\/bolsarama.es","https:\/\/x.com\/Bolsarama_es"]},{"@type":"Person","@id":"https:\/\/www.bolsarama.es\/bolsa\/#\/schema\/person\/a34ab5b5c7d41d99c10a5c3564af3e43","name":"Paula","image":{"@type":"ImageObject","inLanguage":"es","@id":"https:\/\/www.bolsarama.es\/bolsa\/#\/schema\/person\/image\/","url":"https:\/\/www.bolsarama.es\/bolsa\/wp-content\/litespeed\/avatar\/d6404594800e2b580b751c6bb2eb5f4f.jpg?ver=1777428602","contentUrl":"https:\/\/www.bolsarama.es\/bolsa\/wp-content\/litespeed\/avatar\/d6404594800e2b580b751c6bb2eb5f4f.jpg?ver=1777428602","caption":"Paula"},"url":"https:\/\/www.bolsarama.es\/bolsa\/author\/paula\/"}]}},"_links":{"self":[{"href":"https:\/\/www.bolsarama.es\/bolsa\/wp-json\/wp\/v2\/posts\/697","targetHints":{"allow":["GET"]}}],"collection":[{"href":"https:\/\/www.bolsarama.es\/bolsa\/wp-json\/wp\/v2\/posts"}],"about":[{"href":"https:\/\/www.bolsarama.es\/bolsa\/wp-json\/wp\/v2\/types\/post"}],"author":[{"embeddable":true,"href":"https:\/\/www.bolsarama.es\/bolsa\/wp-json\/wp\/v2\/users\/2"}],"replies":[{"embeddable":true,"href":"https:\/\/www.bolsarama.es\/bolsa\/wp-json\/wp\/v2\/comments?post=697"}],"version-history":[{"count":1,"href":"https:\/\/www.bolsarama.es\/bolsa\/wp-json\/wp\/v2\/posts\/697\/revisions"}],"predecessor-version":[{"id":699,"href":"https:\/\/www.bolsarama.es\/bolsa\/wp-json\/wp\/v2\/posts\/697\/revisions\/699"}],"wp:featuredmedia":[{"embeddable":true,"href":"https:\/\/www.bolsarama.es\/bolsa\/wp-json\/wp\/v2\/media\/698"}],"wp:attachment":[{"href":"https:\/\/www.bolsarama.es\/bolsa\/wp-json\/wp\/v2\/media?parent=697"}],"wp:term":[{"taxonomy":"category","embeddable":true,"href":"https:\/\/www.bolsarama.es\/bolsa\/wp-json\/wp\/v2\/categories?post=697"},{"taxonomy":"post_tag","embeddable":true,"href":"https:\/\/www.bolsarama.es\/bolsa\/wp-json\/wp\/v2\/tags?post=697"}],"curies":[{"name":"wp","href":"https:\/\/api.w.org\/{rel}","templated":true}]}}