{"id":700,"date":"2024-11-27T14:26:04","date_gmt":"2024-11-27T13:26:04","guid":{"rendered":"https:\/\/www.bolsarama.es\/bolsa\/?p=700"},"modified":"2024-11-27T14:26:04","modified_gmt":"2024-11-27T13:26:04","slug":"el-consejo-de-europa-solicita-a-espana-que-revise-la-compensacion-por-despido-injustificado-con-el-objetivo-de-que-sea-disuasoria","status":"publish","type":"post","link":"https:\/\/www.bolsarama.es\/bolsa\/el-consejo-de-europa-solicita-a-espana-que-revise-la-compensacion-por-despido-injustificado-con-el-objetivo-de-que-sea-disuasoria\/","title":{"rendered":"El Consejo de Europa solicita a Espa\u00f1a que revise la compensaci\u00f3n por despido injustificado con el objetivo de que sea disuasoria."},"content":{"rendered":"<h2>1. La Posici\u00f3n del Consejo de Europa<\/h2>\n<p>El Consejo de Europa, a trav\u00e9s de su Comit\u00e9 de Ministros, exhorta al Gobierno espa\u00f1ol a realizar una revisi\u00f3n de la indemnizaci\u00f3n por despido improcedente. El objetivo es que dicha indemnizaci\u00f3n sea verdaderamente disuasoria para los empresarios y que permita reparar efectivamente el da\u00f1o causado al trabajador. Esta recomendaci\u00f3n surge tras la decisi\u00f3n del Comit\u00e9 Europeo de Derechos Sociales (CEDS), que consider\u00f3 insuficiente la compensaci\u00f3n actual para los despidos injustificados en Espa\u00f1a.<\/p>\n<h2>2. \u00bfQu\u00e9 Implica la Recomendaci\u00f3n del Consejo de Europa?<\/h2>\n<p>La recomendaci\u00f3n del Consejo de Europa insta a Espa\u00f1a a garantizar que la indemnizaci\u00f3n en los despidos sin causa justificada sea disuasoria y proteja a los trabajadores frente a estos despidos. Adem\u00e1s, sugiere que la legislaci\u00f3n nacional se modifique para que la indemnizaci\u00f3n concedida en casos de despido ilegal \u00abtenga en cuenta el da\u00f1o real sufrido por las v\u00edctimas y las circunstancias individuales de su caso\u00bb.<\/p>\n<h2>3. El Marco Legal Actual en Espa\u00f1a<\/h2>\n<p>En la legislaci\u00f3n laboral espa\u00f1ola, la indemnizaci\u00f3n en caso de despido improcedente no puede exceder de 33 d\u00edas de salario por a\u00f1o de servicio, con un l\u00edmite m\u00e1ximo de 24 mensualidades. En caso de despido por causas objetivas y despido colectivo por causas econ\u00f3micas, organizativas, t\u00e9cnicas o productivas, el tope m\u00e1ximo no puede superar los 20 d\u00edas de salario por a\u00f1o trabajado, con un l\u00edmite m\u00e1ximo de 12 mensualidades.<\/p>\n<h2>4. La Cr\u00edtica del Comit\u00e9 Europeo de Derechos Sociales (CEDS)<\/h2>\n<p>El CEDS sostiene que estos l\u00edmites m\u00e1ximos de indemnizaci\u00f3n podr\u00edan inducir a los empleadores a realizar un an\u00e1lisis pragm\u00e1tico de la carga financiera de un despido improcedente, lo cual podr\u00eda fomentar despidos injustos. Seg\u00fan este organismo, los l\u00edmites m\u00e1ximos fijados por la legislaci\u00f3n espa\u00f1ola \u00abno son lo suficientemente elevados para reparar el da\u00f1o sufrido por la v\u00edctima en todos los casos y para disuadir al empleador\u00bb.<\/p>\n<h2>5. \u00bfQu\u00e9 Cambios Podr\u00edan Venir?<\/h2>\n<p>Si se toman en cuenta las recomendaciones del CEDS, podr\u00edamos ver cambios significativos en la regulaci\u00f3n de las indemnizaciones por despido en Espa\u00f1a. Esto podr\u00eda incluir una mayor protecci\u00f3n para los trabajadores y una mayor disuasi\u00f3n para los empleadores para evitar despidos injustificados. Sin embargo, estos cambios a\u00fan est\u00e1n por definirse y requerir\u00e1n un an\u00e1lisis cuidadoso y un debate robusto por parte del Gobierno y las partes interesadas.<\/p>\n<p>Como siempre, estaremos atentos a las novedades en este \u00e1mbito y continuaremos informando sobre los cambios y sus posibles repercusiones en el mundo laboral espa\u00f1ol.<\/p>\n","protected":false},"excerpt":{"rendered":"<p>1. La Posici\u00f3n del Consejo de Europa El Consejo de Europa, a trav\u00e9s de su Comit\u00e9 de Ministros, exhorta al Gobierno espa\u00f1ol a realizar una revisi\u00f3n de la indemnizaci\u00f3n por despido improcedente. El objetivo es que dicha indemnizaci\u00f3n sea verdaderamente disuasoria para los empresarios y que permita reparar efectivamente el da\u00f1o causado al trabajador. Esta [&hellip;]<\/p>\n","protected":false},"author":2,"featured_media":701,"comment_status":"open","ping_status":"open","sticky":false,"template":"","format":"standard","meta":{"footnotes":""},"categories":[1],"tags":[],"class_list":["post-700","post","type-post","status-publish","format-standard","has-post-thumbnail","hentry","category-sin-categoria"],"yoast_head":"<!-- This site is optimized with the Yoast SEO plugin v23.6 - https:\/\/yoast.com\/wordpress\/plugins\/seo\/ -->\n<title>El Consejo de Europa solicita a Espa\u00f1a que revise la compensaci\u00f3n por despido injustificado con el objetivo de que sea disuasoria. - Bolsarama - Informaci\u00f3n econ\u00f3mica actualizada - Bolsarama.es<\/title>\n<meta name=\"robots\" content=\"index, follow, max-snippet:-1, max-image-preview:large, max-video-preview:-1\" \/>\n<link rel=\"canonical\" href=\"https:\/\/www.bolsarama.es\/bolsa\/el-consejo-de-europa-solicita-a-espana-que-revise-la-compensacion-por-despido-injustificado-con-el-objetivo-de-que-sea-disuasoria\/\" \/>\n<meta property=\"og:locale\" content=\"es_ES\" \/>\n<meta property=\"og:type\" content=\"article\" \/>\n<meta property=\"og:title\" content=\"El Consejo de Europa solicita a Espa\u00f1a que revise la compensaci\u00f3n por despido injustificado con el objetivo de que sea disuasoria. - Bolsarama - Informaci\u00f3n econ\u00f3mica actualizada - Bolsarama.es\" \/>\n<meta property=\"og:description\" content=\"1. La Posici\u00f3n del Consejo de Europa El Consejo de Europa, a trav\u00e9s de su Comit\u00e9 de Ministros, exhorta al Gobierno espa\u00f1ol a realizar una revisi\u00f3n de la indemnizaci\u00f3n por despido improcedente. El objetivo es que dicha indemnizaci\u00f3n sea verdaderamente disuasoria para los empresarios y que permita reparar efectivamente el da\u00f1o causado al trabajador. Esta [&hellip;]\" \/>\n<meta property=\"og:url\" content=\"https:\/\/www.bolsarama.es\/bolsa\/el-consejo-de-europa-solicita-a-espana-que-revise-la-compensacion-por-despido-injustificado-con-el-objetivo-de-que-sea-disuasoria\/\" \/>\n<meta property=\"og:site_name\" content=\"Bolsarama - Informaci\u00f3n econ\u00f3mica actualizada - Bolsarama.es\" \/>\n<meta property=\"article:publisher\" content=\"https:\/\/www.facebook.com\/bolsarama.es\" \/>\n<meta property=\"article:published_time\" content=\"2024-11-27T13:26:04+00:00\" \/>\n<meta property=\"og:image\" content=\"https:\/\/www.bolsarama.es\/bolsa\/wp-content\/uploads\/2024\/11\/El-Consejo-de-Europa-solicita-a-Espana-que-revise-la.jpg\" \/>\n\t<meta property=\"og:image:width\" content=\"800\" \/>\n\t<meta property=\"og:image:height\" content=\"484\" \/>\n\t<meta property=\"og:image:type\" content=\"image\/jpeg\" \/>\n<meta name=\"author\" content=\"Paula\" \/>\n<meta name=\"twitter:card\" content=\"summary_large_image\" \/>\n<meta name=\"twitter:creator\" content=\"@Bolsarama_es\" \/>\n<meta name=\"twitter:site\" content=\"@Bolsarama_es\" \/>\n<meta name=\"twitter:label1\" content=\"Escrito por\" \/>\n\t<meta name=\"twitter:data1\" content=\"Paula\" \/>\n\t<meta name=\"twitter:label2\" content=\"Tiempo de lectura\" \/>\n\t<meta name=\"twitter:data2\" content=\"2 minutos\" \/>\n<script type=\"application\/ld+json\" class=\"yoast-schema-graph\">{\"@context\":\"https:\/\/schema.org\",\"@graph\":[{\"@type\":\"Article\",\"@id\":\"https:\/\/www.bolsarama.es\/bolsa\/el-consejo-de-europa-solicita-a-espana-que-revise-la-compensacion-por-despido-injustificado-con-el-objetivo-de-que-sea-disuasoria\/#article\",\"isPartOf\":{\"@id\":\"https:\/\/www.bolsarama.es\/bolsa\/el-consejo-de-europa-solicita-a-espana-que-revise-la-compensacion-por-despido-injustificado-con-el-objetivo-de-que-sea-disuasoria\/\"},\"author\":{\"name\":\"Paula\",\"@id\":\"https:\/\/www.bolsarama.es\/bolsa\/#\/schema\/person\/a34ab5b5c7d41d99c10a5c3564af3e43\"},\"headline\":\"El Consejo de Europa solicita a Espa\u00f1a que revise la compensaci\u00f3n por despido injustificado con el objetivo de que sea disuasoria.\",\"datePublished\":\"2024-11-27T13:26:04+00:00\",\"dateModified\":\"2024-11-27T13:26:04+00:00\",\"mainEntityOfPage\":{\"@id\":\"https:\/\/www.bolsarama.es\/bolsa\/el-consejo-de-europa-solicita-a-espana-que-revise-la-compensacion-por-despido-injustificado-con-el-objetivo-de-que-sea-disuasoria\/\"},\"wordCount\":480,\"commentCount\":0,\"publisher\":{\"@id\":\"https:\/\/www.bolsarama.es\/bolsa\/#organization\"},\"image\":{\"@id\":\"https:\/\/www.bolsarama.es\/bolsa\/el-consejo-de-europa-solicita-a-espana-que-revise-la-compensacion-por-despido-injustificado-con-el-objetivo-de-que-sea-disuasoria\/#primaryimage\"},\"thumbnailUrl\":\"https:\/\/www.bolsarama.es\/bolsa\/wp-content\/uploads\/2024\/11\/El-Consejo-de-Europa-solicita-a-Espana-que-revise-la.jpg\",\"inLanguage\":\"es\",\"potentialAction\":[{\"@type\":\"CommentAction\",\"name\":\"Comment\",\"target\":[\"https:\/\/www.bolsarama.es\/bolsa\/el-consejo-de-europa-solicita-a-espana-que-revise-la-compensacion-por-despido-injustificado-con-el-objetivo-de-que-sea-disuasoria\/#respond\"]}]},{\"@type\":\"WebPage\",\"@id\":\"https:\/\/www.bolsarama.es\/bolsa\/el-consejo-de-europa-solicita-a-espana-que-revise-la-compensacion-por-despido-injustificado-con-el-objetivo-de-que-sea-disuasoria\/\",\"url\":\"https:\/\/www.bolsarama.es\/bolsa\/el-consejo-de-europa-solicita-a-espana-que-revise-la-compensacion-por-despido-injustificado-con-el-objetivo-de-que-sea-disuasoria\/\",\"name\":\"El Consejo de Europa solicita a Espa\u00f1a que revise la compensaci\u00f3n por despido injustificado con el objetivo de que sea disuasoria. - Bolsarama - Informaci\u00f3n econ\u00f3mica actualizada - Bolsarama.es\",\"isPartOf\":{\"@id\":\"https:\/\/www.bolsarama.es\/bolsa\/#website\"},\"primaryImageOfPage\":{\"@id\":\"https:\/\/www.bolsarama.es\/bolsa\/el-consejo-de-europa-solicita-a-espana-que-revise-la-compensacion-por-despido-injustificado-con-el-objetivo-de-que-sea-disuasoria\/#primaryimage\"},\"image\":{\"@id\":\"https:\/\/www.bolsarama.es\/bolsa\/el-consejo-de-europa-solicita-a-espana-que-revise-la-compensacion-por-despido-injustificado-con-el-objetivo-de-que-sea-disuasoria\/#primaryimage\"},\"thumbnailUrl\":\"https:\/\/www.bolsarama.es\/bolsa\/wp-content\/uploads\/2024\/11\/El-Consejo-de-Europa-solicita-a-Espana-que-revise-la.jpg\",\"datePublished\":\"2024-11-27T13:26:04+00:00\",\"dateModified\":\"2024-11-27T13:26:04+00:00\",\"breadcrumb\":{\"@id\":\"https:\/\/www.bolsarama.es\/bolsa\/el-consejo-de-europa-solicita-a-espana-que-revise-la-compensacion-por-despido-injustificado-con-el-objetivo-de-que-sea-disuasoria\/#breadcrumb\"},\"inLanguage\":\"es\",\"potentialAction\":[{\"@type\":\"ReadAction\",\"target\":[\"https:\/\/www.bolsarama.es\/bolsa\/el-consejo-de-europa-solicita-a-espana-que-revise-la-compensacion-por-despido-injustificado-con-el-objetivo-de-que-sea-disuasoria\/\"]}]},{\"@type\":\"ImageObject\",\"inLanguage\":\"es\",\"@id\":\"https:\/\/www.bolsarama.es\/bolsa\/el-consejo-de-europa-solicita-a-espana-que-revise-la-compensacion-por-despido-injustificado-con-el-objetivo-de-que-sea-disuasoria\/#primaryimage\",\"url\":\"https:\/\/www.bolsarama.es\/bolsa\/wp-content\/uploads\/2024\/11\/El-Consejo-de-Europa-solicita-a-Espana-que-revise-la.jpg\",\"contentUrl\":\"https:\/\/www.bolsarama.es\/bolsa\/wp-content\/uploads\/2024\/11\/El-Consejo-de-Europa-solicita-a-Espana-que-revise-la.jpg\",\"width\":800,\"height\":484,\"caption\":\"Econom\u00eda.- El Consejo de Europa pide a Espa\u00f1a revisar la indemnizaci\u00f3n por despido improcedente para que sea disuasoria\"},{\"@type\":\"BreadcrumbList\",\"@id\":\"https:\/\/www.bolsarama.es\/bolsa\/el-consejo-de-europa-solicita-a-espana-que-revise-la-compensacion-por-despido-injustificado-con-el-objetivo-de-que-sea-disuasoria\/#breadcrumb\",\"itemListElement\":[{\"@type\":\"ListItem\",\"position\":1,\"name\":\"Bolsa\",\"item\":\"https:\/\/www.bolsarama.es\/bolsa\/\"},{\"@type\":\"ListItem\",\"position\":2,\"name\":\"El Consejo de Europa solicita a Espa\u00f1a que revise la compensaci\u00f3n por despido injustificado con el objetivo de que sea disuasoria.\"}]},{\"@type\":\"WebSite\",\"@id\":\"https:\/\/www.bolsarama.es\/bolsa\/#website\",\"url\":\"https:\/\/www.bolsarama.es\/bolsa\/\",\"name\":\"Bolsarama\",\"description\":\"\",\"publisher\":{\"@id\":\"https:\/\/www.bolsarama.es\/bolsa\/#organization\"},\"potentialAction\":[{\"@type\":\"SearchAction\",\"target\":{\"@type\":\"EntryPoint\",\"urlTemplate\":\"https:\/\/www.bolsarama.es\/bolsa\/?s={search_term_string}\"},\"query-input\":{\"@type\":\"PropertyValueSpecification\",\"valueRequired\":true,\"valueName\":\"search_term_string\"}}],\"inLanguage\":\"es\"},{\"@type\":\"Organization\",\"@id\":\"https:\/\/www.bolsarama.es\/bolsa\/#organization\",\"name\":\"Bolsarama\",\"url\":\"https:\/\/www.bolsarama.es\/bolsa\/\",\"logo\":{\"@type\":\"ImageObject\",\"inLanguage\":\"es\",\"@id\":\"https:\/\/www.bolsarama.es\/bolsa\/#\/schema\/logo\/image\/\",\"url\":\"https:\/\/www.bolsarama.es\/bolsa\/wp-content\/uploads\/2023\/10\/logo-bolsarama.png\",\"contentUrl\":\"https:\/\/www.bolsarama.es\/bolsa\/wp-content\/uploads\/2023\/10\/logo-bolsarama.png\",\"width\":300,\"height\":50,\"caption\":\"Bolsarama\"},\"image\":{\"@id\":\"https:\/\/www.bolsarama.es\/bolsa\/#\/schema\/logo\/image\/\"},\"sameAs\":[\"https:\/\/www.facebook.com\/bolsarama.es\",\"https:\/\/x.com\/Bolsarama_es\"]},{\"@type\":\"Person\",\"@id\":\"https:\/\/www.bolsarama.es\/bolsa\/#\/schema\/person\/a34ab5b5c7d41d99c10a5c3564af3e43\",\"name\":\"Paula\",\"image\":{\"@type\":\"ImageObject\",\"inLanguage\":\"es\",\"@id\":\"https:\/\/www.bolsarama.es\/bolsa\/#\/schema\/person\/image\/\",\"url\":\"https:\/\/www.bolsarama.es\/bolsa\/wp-content\/litespeed\/avatar\/d6404594800e2b580b751c6bb2eb5f4f.jpg?ver=1777428602\",\"contentUrl\":\"https:\/\/www.bolsarama.es\/bolsa\/wp-content\/litespeed\/avatar\/d6404594800e2b580b751c6bb2eb5f4f.jpg?ver=1777428602\",\"caption\":\"Paula\"},\"url\":\"https:\/\/www.bolsarama.es\/bolsa\/author\/paula\/\"}]}<\/script>\n<!-- \/ Yoast SEO plugin. -->","yoast_head_json":{"title":"El Consejo de Europa solicita a Espa\u00f1a que revise la compensaci\u00f3n por despido injustificado con el objetivo de que sea disuasoria. - Bolsarama - Informaci\u00f3n econ\u00f3mica actualizada - Bolsarama.es","robots":{"index":"index","follow":"follow","max-snippet":"max-snippet:-1","max-image-preview":"max-image-preview:large","max-video-preview":"max-video-preview:-1"},"canonical":"https:\/\/www.bolsarama.es\/bolsa\/el-consejo-de-europa-solicita-a-espana-que-revise-la-compensacion-por-despido-injustificado-con-el-objetivo-de-que-sea-disuasoria\/","og_locale":"es_ES","og_type":"article","og_title":"El Consejo de Europa solicita a Espa\u00f1a que revise la compensaci\u00f3n por despido injustificado con el objetivo de que sea disuasoria. - Bolsarama - Informaci\u00f3n econ\u00f3mica actualizada - Bolsarama.es","og_description":"1. La Posici\u00f3n del Consejo de Europa El Consejo de Europa, a trav\u00e9s de su Comit\u00e9 de Ministros, exhorta al Gobierno espa\u00f1ol a realizar una revisi\u00f3n de la indemnizaci\u00f3n por despido improcedente. El objetivo es que dicha indemnizaci\u00f3n sea verdaderamente disuasoria para los empresarios y que permita reparar efectivamente el da\u00f1o causado al trabajador. Esta [&hellip;]","og_url":"https:\/\/www.bolsarama.es\/bolsa\/el-consejo-de-europa-solicita-a-espana-que-revise-la-compensacion-por-despido-injustificado-con-el-objetivo-de-que-sea-disuasoria\/","og_site_name":"Bolsarama - Informaci\u00f3n econ\u00f3mica actualizada - Bolsarama.es","article_publisher":"https:\/\/www.facebook.com\/bolsarama.es","article_published_time":"2024-11-27T13:26:04+00:00","og_image":[{"width":800,"height":484,"url":"https:\/\/www.bolsarama.es\/bolsa\/wp-content\/uploads\/2024\/11\/El-Consejo-de-Europa-solicita-a-Espana-que-revise-la.jpg","type":"image\/jpeg"}],"author":"Paula","twitter_card":"summary_large_image","twitter_creator":"@Bolsarama_es","twitter_site":"@Bolsarama_es","twitter_misc":{"Escrito por":"Paula","Tiempo de lectura":"2 minutos"},"schema":{"@context":"https:\/\/schema.org","@graph":[{"@type":"Article","@id":"https:\/\/www.bolsarama.es\/bolsa\/el-consejo-de-europa-solicita-a-espana-que-revise-la-compensacion-por-despido-injustificado-con-el-objetivo-de-que-sea-disuasoria\/#article","isPartOf":{"@id":"https:\/\/www.bolsarama.es\/bolsa\/el-consejo-de-europa-solicita-a-espana-que-revise-la-compensacion-por-despido-injustificado-con-el-objetivo-de-que-sea-disuasoria\/"},"author":{"name":"Paula","@id":"https:\/\/www.bolsarama.es\/bolsa\/#\/schema\/person\/a34ab5b5c7d41d99c10a5c3564af3e43"},"headline":"El Consejo de Europa solicita a Espa\u00f1a que revise la compensaci\u00f3n por despido injustificado con el objetivo de que sea disuasoria.","datePublished":"2024-11-27T13:26:04+00:00","dateModified":"2024-11-27T13:26:04+00:00","mainEntityOfPage":{"@id":"https:\/\/www.bolsarama.es\/bolsa\/el-consejo-de-europa-solicita-a-espana-que-revise-la-compensacion-por-despido-injustificado-con-el-objetivo-de-que-sea-disuasoria\/"},"wordCount":480,"commentCount":0,"publisher":{"@id":"https:\/\/www.bolsarama.es\/bolsa\/#organization"},"image":{"@id":"https:\/\/www.bolsarama.es\/bolsa\/el-consejo-de-europa-solicita-a-espana-que-revise-la-compensacion-por-despido-injustificado-con-el-objetivo-de-que-sea-disuasoria\/#primaryimage"},"thumbnailUrl":"https:\/\/www.bolsarama.es\/bolsa\/wp-content\/uploads\/2024\/11\/El-Consejo-de-Europa-solicita-a-Espana-que-revise-la.jpg","inLanguage":"es","potentialAction":[{"@type":"CommentAction","name":"Comment","target":["https:\/\/www.bolsarama.es\/bolsa\/el-consejo-de-europa-solicita-a-espana-que-revise-la-compensacion-por-despido-injustificado-con-el-objetivo-de-que-sea-disuasoria\/#respond"]}]},{"@type":"WebPage","@id":"https:\/\/www.bolsarama.es\/bolsa\/el-consejo-de-europa-solicita-a-espana-que-revise-la-compensacion-por-despido-injustificado-con-el-objetivo-de-que-sea-disuasoria\/","url":"https:\/\/www.bolsarama.es\/bolsa\/el-consejo-de-europa-solicita-a-espana-que-revise-la-compensacion-por-despido-injustificado-con-el-objetivo-de-que-sea-disuasoria\/","name":"El Consejo de Europa solicita a Espa\u00f1a que revise la compensaci\u00f3n por despido injustificado con el objetivo de que sea disuasoria. - Bolsarama - Informaci\u00f3n econ\u00f3mica actualizada - Bolsarama.es","isPartOf":{"@id":"https:\/\/www.bolsarama.es\/bolsa\/#website"},"primaryImageOfPage":{"@id":"https:\/\/www.bolsarama.es\/bolsa\/el-consejo-de-europa-solicita-a-espana-que-revise-la-compensacion-por-despido-injustificado-con-el-objetivo-de-que-sea-disuasoria\/#primaryimage"},"image":{"@id":"https:\/\/www.bolsarama.es\/bolsa\/el-consejo-de-europa-solicita-a-espana-que-revise-la-compensacion-por-despido-injustificado-con-el-objetivo-de-que-sea-disuasoria\/#primaryimage"},"thumbnailUrl":"https:\/\/www.bolsarama.es\/bolsa\/wp-content\/uploads\/2024\/11\/El-Consejo-de-Europa-solicita-a-Espana-que-revise-la.jpg","datePublished":"2024-11-27T13:26:04+00:00","dateModified":"2024-11-27T13:26:04+00:00","breadcrumb":{"@id":"https:\/\/www.bolsarama.es\/bolsa\/el-consejo-de-europa-solicita-a-espana-que-revise-la-compensacion-por-despido-injustificado-con-el-objetivo-de-que-sea-disuasoria\/#breadcrumb"},"inLanguage":"es","potentialAction":[{"@type":"ReadAction","target":["https:\/\/www.bolsarama.es\/bolsa\/el-consejo-de-europa-solicita-a-espana-que-revise-la-compensacion-por-despido-injustificado-con-el-objetivo-de-que-sea-disuasoria\/"]}]},{"@type":"ImageObject","inLanguage":"es","@id":"https:\/\/www.bolsarama.es\/bolsa\/el-consejo-de-europa-solicita-a-espana-que-revise-la-compensacion-por-despido-injustificado-con-el-objetivo-de-que-sea-disuasoria\/#primaryimage","url":"https:\/\/www.bolsarama.es\/bolsa\/wp-content\/uploads\/2024\/11\/El-Consejo-de-Europa-solicita-a-Espana-que-revise-la.jpg","contentUrl":"https:\/\/www.bolsarama.es\/bolsa\/wp-content\/uploads\/2024\/11\/El-Consejo-de-Europa-solicita-a-Espana-que-revise-la.jpg","width":800,"height":484,"caption":"Econom\u00eda.- El Consejo de Europa pide a Espa\u00f1a revisar la indemnizaci\u00f3n por despido improcedente para que sea disuasoria"},{"@type":"BreadcrumbList","@id":"https:\/\/www.bolsarama.es\/bolsa\/el-consejo-de-europa-solicita-a-espana-que-revise-la-compensacion-por-despido-injustificado-con-el-objetivo-de-que-sea-disuasoria\/#breadcrumb","itemListElement":[{"@type":"ListItem","position":1,"name":"Bolsa","item":"https:\/\/www.bolsarama.es\/bolsa\/"},{"@type":"ListItem","position":2,"name":"El Consejo de Europa solicita a Espa\u00f1a que revise la compensaci\u00f3n por despido injustificado con el objetivo de que sea disuasoria."}]},{"@type":"WebSite","@id":"https:\/\/www.bolsarama.es\/bolsa\/#website","url":"https:\/\/www.bolsarama.es\/bolsa\/","name":"Bolsarama","description":"","publisher":{"@id":"https:\/\/www.bolsarama.es\/bolsa\/#organization"},"potentialAction":[{"@type":"SearchAction","target":{"@type":"EntryPoint","urlTemplate":"https:\/\/www.bolsarama.es\/bolsa\/?s={search_term_string}"},"query-input":{"@type":"PropertyValueSpecification","valueRequired":true,"valueName":"search_term_string"}}],"inLanguage":"es"},{"@type":"Organization","@id":"https:\/\/www.bolsarama.es\/bolsa\/#organization","name":"Bolsarama","url":"https:\/\/www.bolsarama.es\/bolsa\/","logo":{"@type":"ImageObject","inLanguage":"es","@id":"https:\/\/www.bolsarama.es\/bolsa\/#\/schema\/logo\/image\/","url":"https:\/\/www.bolsarama.es\/bolsa\/wp-content\/uploads\/2023\/10\/logo-bolsarama.png","contentUrl":"https:\/\/www.bolsarama.es\/bolsa\/wp-content\/uploads\/2023\/10\/logo-bolsarama.png","width":300,"height":50,"caption":"Bolsarama"},"image":{"@id":"https:\/\/www.bolsarama.es\/bolsa\/#\/schema\/logo\/image\/"},"sameAs":["https:\/\/www.facebook.com\/bolsarama.es","https:\/\/x.com\/Bolsarama_es"]},{"@type":"Person","@id":"https:\/\/www.bolsarama.es\/bolsa\/#\/schema\/person\/a34ab5b5c7d41d99c10a5c3564af3e43","name":"Paula","image":{"@type":"ImageObject","inLanguage":"es","@id":"https:\/\/www.bolsarama.es\/bolsa\/#\/schema\/person\/image\/","url":"https:\/\/www.bolsarama.es\/bolsa\/wp-content\/litespeed\/avatar\/d6404594800e2b580b751c6bb2eb5f4f.jpg?ver=1777428602","contentUrl":"https:\/\/www.bolsarama.es\/bolsa\/wp-content\/litespeed\/avatar\/d6404594800e2b580b751c6bb2eb5f4f.jpg?ver=1777428602","caption":"Paula"},"url":"https:\/\/www.bolsarama.es\/bolsa\/author\/paula\/"}]}},"_links":{"self":[{"href":"https:\/\/www.bolsarama.es\/bolsa\/wp-json\/wp\/v2\/posts\/700","targetHints":{"allow":["GET"]}}],"collection":[{"href":"https:\/\/www.bolsarama.es\/bolsa\/wp-json\/wp\/v2\/posts"}],"about":[{"href":"https:\/\/www.bolsarama.es\/bolsa\/wp-json\/wp\/v2\/types\/post"}],"author":[{"embeddable":true,"href":"https:\/\/www.bolsarama.es\/bolsa\/wp-json\/wp\/v2\/users\/2"}],"replies":[{"embeddable":true,"href":"https:\/\/www.bolsarama.es\/bolsa\/wp-json\/wp\/v2\/comments?post=700"}],"version-history":[{"count":1,"href":"https:\/\/www.bolsarama.es\/bolsa\/wp-json\/wp\/v2\/posts\/700\/revisions"}],"predecessor-version":[{"id":702,"href":"https:\/\/www.bolsarama.es\/bolsa\/wp-json\/wp\/v2\/posts\/700\/revisions\/702"}],"wp:featuredmedia":[{"embeddable":true,"href":"https:\/\/www.bolsarama.es\/bolsa\/wp-json\/wp\/v2\/media\/701"}],"wp:attachment":[{"href":"https:\/\/www.bolsarama.es\/bolsa\/wp-json\/wp\/v2\/media?parent=700"}],"wp:term":[{"taxonomy":"category","embeddable":true,"href":"https:\/\/www.bolsarama.es\/bolsa\/wp-json\/wp\/v2\/categories?post=700"},{"taxonomy":"post_tag","embeddable":true,"href":"https:\/\/www.bolsarama.es\/bolsa\/wp-json\/wp\/v2\/tags?post=700"}],"curies":[{"name":"wp","href":"https:\/\/api.w.org\/{rel}","templated":true}]}}