{"id":708,"date":"2024-11-27T17:41:27","date_gmt":"2024-11-27T16:41:27","guid":{"rendered":"https:\/\/www.bolsarama.es\/bolsa\/?p=708"},"modified":"2024-11-27T17:41:27","modified_gmt":"2024-11-27T16:41:27","slug":"la-camara-de-alicante-muestra-interes-en-la-comision-nacional-de-los-mercados-y-la-competencia-por-la-oferta-publica-de-adquisicion-del-bbva-al-sabadell","status":"publish","type":"post","link":"https:\/\/www.bolsarama.es\/bolsa\/la-camara-de-alicante-muestra-interes-en-la-comision-nacional-de-los-mercados-y-la-competencia-por-la-oferta-publica-de-adquisicion-del-bbva-al-sabadell\/","title":{"rendered":"La C\u00e1mara de Alicante muestra inter\u00e9s en la Comisi\u00f3n Nacional de los Mercados y la Competencia por la oferta p\u00fablica de adquisici\u00f3n del BBVA al Sabadell."},"content":{"rendered":"<h2>La Intervenci\u00f3n de la C\u00e1mara de Comercio de Alicante<\/h2>\n<p>La C\u00e1mara de Comercio de Alicante ha tomado una decisi\u00f3n importante ante la reciente operaci\u00f3n de concentraci\u00f3n entre BBVA y Banco Sabadell. Esta entidad, que vela por los intereses de los comercios y la industria en la regi\u00f3n, ha decidido personarse como interesada en el procedimiento abierto por la Comisi\u00f3n Nacional de los Mercados y la Competencia (CNMC). <\/p>\n<h3>\u00bfPor qu\u00e9 la C\u00e1mara de Comercio se Involucra?<\/h3>\n<p>La C\u00e1mara de Comercio de Alicante justifica esta decisi\u00f3n por la gran cantidad de empresas y comercios que son clientes de una o ambas de estas entidades bancarias. Su objetivo es acceder a toda la informaci\u00f3n de primera mano sobre la operaci\u00f3n y trasladarla a sus miembros. <\/p>\n<h2>La CNMC y la Operaci\u00f3n BBVA-Banco Sabadell<\/h2>\n<p>La CNMC est\u00e1 estudiando esta operaci\u00f3n en segunda fase, un procedimiento que permite a las partes interesadas personarse para argumentar a favor o en contra de la operaci\u00f3n. Esta decisi\u00f3n de la C\u00e1mara de Comercio de Alicante se suma a la del propio Banco Sabadell, que se person\u00f3 a mediados de mes.<\/p>\n<h3>El Impacto de la Operaci\u00f3n BBVA-Banco Sabadell en los Comercios y Empresas<\/h3>\n<p>La operaci\u00f3n de concentraci\u00f3n entre BBVA y Banco Sabadell tiene un gran impacto en numerosos comercios y empresas que son clientes de ambas entidades. La decisi\u00f3n de la C\u00e1mara de Comercio de Alicante de personarse como interesada en el procedimiento es una muestra del inter\u00e9s que esta operaci\u00f3n suscita en el sector comercial y empresarial.<\/p>\n<h4>El Papel de la C\u00e1mara de Comercio de Alicante<\/h4>\n<p>La C\u00e1mara de Comercio de Alicante se ha convertido en un actor relevante en este procedimiento, al tomar la decisi\u00f3n de personarse como interesada. El objetivo es acceder a toda la informaci\u00f3n de primera mano sobre la operaci\u00f3n, para poder trasladarla a sus miembros y garantizar que los intereses de los comercios y la industria est\u00e1n bien representados.<\/p>\n<h2>La Importancia de la Informaci\u00f3n en el Proceso de Concentraci\u00f3n<\/h2>\n<p>Acceder a la informaci\u00f3n de primera mano sobre la operaci\u00f3n de concentraci\u00f3n es crucial para que los comercios y las empresas puedan tomar decisiones informadas. En este sentido, el papel de la C\u00e1mara de Comercio de Alicante es fundamental, ya que se encargar\u00e1 de trasladar esta informaci\u00f3n a sus miembros. Esta acci\u00f3n demuestra la importancia que tiene la transparencia en este tipo de operaciones.<\/p>\n","protected":false},"excerpt":{"rendered":"<p>La Intervenci\u00f3n de la C\u00e1mara de Comercio de Alicante La C\u00e1mara de Comercio de Alicante ha tomado una decisi\u00f3n importante ante la reciente operaci\u00f3n de concentraci\u00f3n entre BBVA y Banco Sabadell. Esta entidad, que vela por los intereses de los comercios y la industria en la regi\u00f3n, ha decidido personarse como interesada en el procedimiento [&hellip;]<\/p>\n","protected":false},"author":2,"featured_media":709,"comment_status":"open","ping_status":"open","sticky":false,"template":"","format":"standard","meta":{"footnotes":""},"categories":[1],"tags":[],"class_list":["post-708","post","type-post","status-publish","format-standard","has-post-thumbnail","hentry","category-sin-categoria"],"yoast_head":"<!-- This site is optimized with the Yoast SEO plugin v23.6 - https:\/\/yoast.com\/wordpress\/plugins\/seo\/ -->\n<title>La C\u00e1mara de Alicante muestra inter\u00e9s en la Comisi\u00f3n Nacional de los Mercados y la Competencia por la oferta p\u00fablica de adquisici\u00f3n del BBVA al Sabadell. - Bolsarama - Informaci\u00f3n econ\u00f3mica actualizada - Bolsarama.es<\/title>\n<meta name=\"robots\" content=\"index, follow, max-snippet:-1, max-image-preview:large, max-video-preview:-1\" \/>\n<link rel=\"canonical\" href=\"https:\/\/www.bolsarama.es\/bolsa\/la-camara-de-alicante-muestra-interes-en-la-comision-nacional-de-los-mercados-y-la-competencia-por-la-oferta-publica-de-adquisicion-del-bbva-al-sabadell\/\" \/>\n<meta property=\"og:locale\" content=\"es_ES\" \/>\n<meta property=\"og:type\" content=\"article\" \/>\n<meta property=\"og:title\" content=\"La C\u00e1mara de Alicante muestra inter\u00e9s en la Comisi\u00f3n Nacional de los Mercados y la Competencia por la oferta p\u00fablica de adquisici\u00f3n del BBVA al Sabadell. - Bolsarama - Informaci\u00f3n econ\u00f3mica actualizada - Bolsarama.es\" \/>\n<meta property=\"og:description\" content=\"La Intervenci\u00f3n de la C\u00e1mara de Comercio de Alicante La C\u00e1mara de Comercio de Alicante ha tomado una decisi\u00f3n importante ante la reciente operaci\u00f3n de concentraci\u00f3n entre BBVA y Banco Sabadell. Esta entidad, que vela por los intereses de los comercios y la industria en la regi\u00f3n, ha decidido personarse como interesada en el procedimiento [&hellip;]\" \/>\n<meta property=\"og:url\" content=\"https:\/\/www.bolsarama.es\/bolsa\/la-camara-de-alicante-muestra-interes-en-la-comision-nacional-de-los-mercados-y-la-competencia-por-la-oferta-publica-de-adquisicion-del-bbva-al-sabadell\/\" \/>\n<meta property=\"og:site_name\" content=\"Bolsarama - Informaci\u00f3n econ\u00f3mica actualizada - Bolsarama.es\" \/>\n<meta property=\"article:publisher\" content=\"https:\/\/www.facebook.com\/bolsarama.es\" \/>\n<meta property=\"article:published_time\" content=\"2024-11-27T16:41:27+00:00\" \/>\n<meta property=\"og:image\" content=\"https:\/\/www.bolsarama.es\/bolsa\/wp-content\/uploads\/2024\/11\/La-Camara-de-Alicante-muestra-interes-en-la-Comision-Nacional.jpg\" \/>\n\t<meta property=\"og:image:width\" content=\"800\" \/>\n\t<meta property=\"og:image:height\" content=\"534\" \/>\n\t<meta property=\"og:image:type\" content=\"image\/jpeg\" \/>\n<meta name=\"author\" content=\"Paula\" \/>\n<meta name=\"twitter:card\" content=\"summary_large_image\" \/>\n<meta name=\"twitter:creator\" content=\"@Bolsarama_es\" \/>\n<meta name=\"twitter:site\" content=\"@Bolsarama_es\" \/>\n<meta name=\"twitter:label1\" content=\"Escrito por\" \/>\n\t<meta name=\"twitter:data1\" content=\"Paula\" \/>\n\t<meta name=\"twitter:label2\" content=\"Tiempo de lectura\" \/>\n\t<meta name=\"twitter:data2\" content=\"2 minutos\" \/>\n<script type=\"application\/ld+json\" class=\"yoast-schema-graph\">{\"@context\":\"https:\/\/schema.org\",\"@graph\":[{\"@type\":\"Article\",\"@id\":\"https:\/\/www.bolsarama.es\/bolsa\/la-camara-de-alicante-muestra-interes-en-la-comision-nacional-de-los-mercados-y-la-competencia-por-la-oferta-publica-de-adquisicion-del-bbva-al-sabadell\/#article\",\"isPartOf\":{\"@id\":\"https:\/\/www.bolsarama.es\/bolsa\/la-camara-de-alicante-muestra-interes-en-la-comision-nacional-de-los-mercados-y-la-competencia-por-la-oferta-publica-de-adquisicion-del-bbva-al-sabadell\/\"},\"author\":{\"name\":\"Paula\",\"@id\":\"https:\/\/www.bolsarama.es\/bolsa\/#\/schema\/person\/a34ab5b5c7d41d99c10a5c3564af3e43\"},\"headline\":\"La C\u00e1mara de Alicante muestra inter\u00e9s en la Comisi\u00f3n Nacional de los Mercados y la Competencia por la oferta p\u00fablica de adquisici\u00f3n del BBVA al Sabadell.\",\"datePublished\":\"2024-11-27T16:41:27+00:00\",\"dateModified\":\"2024-11-27T16:41:27+00:00\",\"mainEntityOfPage\":{\"@id\":\"https:\/\/www.bolsarama.es\/bolsa\/la-camara-de-alicante-muestra-interes-en-la-comision-nacional-de-los-mercados-y-la-competencia-por-la-oferta-publica-de-adquisicion-del-bbva-al-sabadell\/\"},\"wordCount\":459,\"commentCount\":0,\"publisher\":{\"@id\":\"https:\/\/www.bolsarama.es\/bolsa\/#organization\"},\"image\":{\"@id\":\"https:\/\/www.bolsarama.es\/bolsa\/la-camara-de-alicante-muestra-interes-en-la-comision-nacional-de-los-mercados-y-la-competencia-por-la-oferta-publica-de-adquisicion-del-bbva-al-sabadell\/#primaryimage\"},\"thumbnailUrl\":\"https:\/\/www.bolsarama.es\/bolsa\/wp-content\/uploads\/2024\/11\/La-Camara-de-Alicante-muestra-interes-en-la-Comision-Nacional.jpg\",\"inLanguage\":\"es\",\"potentialAction\":[{\"@type\":\"CommentAction\",\"name\":\"Comment\",\"target\":[\"https:\/\/www.bolsarama.es\/bolsa\/la-camara-de-alicante-muestra-interes-en-la-comision-nacional-de-los-mercados-y-la-competencia-por-la-oferta-publica-de-adquisicion-del-bbva-al-sabadell\/#respond\"]}]},{\"@type\":\"WebPage\",\"@id\":\"https:\/\/www.bolsarama.es\/bolsa\/la-camara-de-alicante-muestra-interes-en-la-comision-nacional-de-los-mercados-y-la-competencia-por-la-oferta-publica-de-adquisicion-del-bbva-al-sabadell\/\",\"url\":\"https:\/\/www.bolsarama.es\/bolsa\/la-camara-de-alicante-muestra-interes-en-la-comision-nacional-de-los-mercados-y-la-competencia-por-la-oferta-publica-de-adquisicion-del-bbva-al-sabadell\/\",\"name\":\"La C\u00e1mara de Alicante muestra inter\u00e9s en la Comisi\u00f3n Nacional de los Mercados y la Competencia por la oferta p\u00fablica de adquisici\u00f3n del BBVA al Sabadell. - Bolsarama - Informaci\u00f3n econ\u00f3mica actualizada - Bolsarama.es\",\"isPartOf\":{\"@id\":\"https:\/\/www.bolsarama.es\/bolsa\/#website\"},\"primaryImageOfPage\":{\"@id\":\"https:\/\/www.bolsarama.es\/bolsa\/la-camara-de-alicante-muestra-interes-en-la-comision-nacional-de-los-mercados-y-la-competencia-por-la-oferta-publica-de-adquisicion-del-bbva-al-sabadell\/#primaryimage\"},\"image\":{\"@id\":\"https:\/\/www.bolsarama.es\/bolsa\/la-camara-de-alicante-muestra-interes-en-la-comision-nacional-de-los-mercados-y-la-competencia-por-la-oferta-publica-de-adquisicion-del-bbva-al-sabadell\/#primaryimage\"},\"thumbnailUrl\":\"https:\/\/www.bolsarama.es\/bolsa\/wp-content\/uploads\/2024\/11\/La-Camara-de-Alicante-muestra-interes-en-la-Comision-Nacional.jpg\",\"datePublished\":\"2024-11-27T16:41:27+00:00\",\"dateModified\":\"2024-11-27T16:41:27+00:00\",\"breadcrumb\":{\"@id\":\"https:\/\/www.bolsarama.es\/bolsa\/la-camara-de-alicante-muestra-interes-en-la-comision-nacional-de-los-mercados-y-la-competencia-por-la-oferta-publica-de-adquisicion-del-bbva-al-sabadell\/#breadcrumb\"},\"inLanguage\":\"es\",\"potentialAction\":[{\"@type\":\"ReadAction\",\"target\":[\"https:\/\/www.bolsarama.es\/bolsa\/la-camara-de-alicante-muestra-interes-en-la-comision-nacional-de-los-mercados-y-la-competencia-por-la-oferta-publica-de-adquisicion-del-bbva-al-sabadell\/\"]}]},{\"@type\":\"ImageObject\",\"inLanguage\":\"es\",\"@id\":\"https:\/\/www.bolsarama.es\/bolsa\/la-camara-de-alicante-muestra-interes-en-la-comision-nacional-de-los-mercados-y-la-competencia-por-la-oferta-publica-de-adquisicion-del-bbva-al-sabadell\/#primaryimage\",\"url\":\"https:\/\/www.bolsarama.es\/bolsa\/wp-content\/uploads\/2024\/11\/La-Camara-de-Alicante-muestra-interes-en-la-Comision-Nacional.jpg\",\"contentUrl\":\"https:\/\/www.bolsarama.es\/bolsa\/wp-content\/uploads\/2024\/11\/La-Camara-de-Alicante-muestra-interes-en-la-Comision-Nacional.jpg\",\"width\":800,\"height\":534,\"caption\":\"Econom\u00eda\/Finanzas.- La C\u00e1mara de Alicante se persona como interesada en la CNMC por la OPA del BBVA al Sabadell\"},{\"@type\":\"BreadcrumbList\",\"@id\":\"https:\/\/www.bolsarama.es\/bolsa\/la-camara-de-alicante-muestra-interes-en-la-comision-nacional-de-los-mercados-y-la-competencia-por-la-oferta-publica-de-adquisicion-del-bbva-al-sabadell\/#breadcrumb\",\"itemListElement\":[{\"@type\":\"ListItem\",\"position\":1,\"name\":\"Bolsa\",\"item\":\"https:\/\/www.bolsarama.es\/bolsa\/\"},{\"@type\":\"ListItem\",\"position\":2,\"name\":\"La C\u00e1mara de Alicante muestra inter\u00e9s en la Comisi\u00f3n Nacional de los Mercados y la Competencia por la oferta p\u00fablica de adquisici\u00f3n del BBVA al Sabadell.\"}]},{\"@type\":\"WebSite\",\"@id\":\"https:\/\/www.bolsarama.es\/bolsa\/#website\",\"url\":\"https:\/\/www.bolsarama.es\/bolsa\/\",\"name\":\"Bolsarama\",\"description\":\"\",\"publisher\":{\"@id\":\"https:\/\/www.bolsarama.es\/bolsa\/#organization\"},\"potentialAction\":[{\"@type\":\"SearchAction\",\"target\":{\"@type\":\"EntryPoint\",\"urlTemplate\":\"https:\/\/www.bolsarama.es\/bolsa\/?s={search_term_string}\"},\"query-input\":{\"@type\":\"PropertyValueSpecification\",\"valueRequired\":true,\"valueName\":\"search_term_string\"}}],\"inLanguage\":\"es\"},{\"@type\":\"Organization\",\"@id\":\"https:\/\/www.bolsarama.es\/bolsa\/#organization\",\"name\":\"Bolsarama\",\"url\":\"https:\/\/www.bolsarama.es\/bolsa\/\",\"logo\":{\"@type\":\"ImageObject\",\"inLanguage\":\"es\",\"@id\":\"https:\/\/www.bolsarama.es\/bolsa\/#\/schema\/logo\/image\/\",\"url\":\"https:\/\/www.bolsarama.es\/bolsa\/wp-content\/uploads\/2023\/10\/logo-bolsarama.png\",\"contentUrl\":\"https:\/\/www.bolsarama.es\/bolsa\/wp-content\/uploads\/2023\/10\/logo-bolsarama.png\",\"width\":300,\"height\":50,\"caption\":\"Bolsarama\"},\"image\":{\"@id\":\"https:\/\/www.bolsarama.es\/bolsa\/#\/schema\/logo\/image\/\"},\"sameAs\":[\"https:\/\/www.facebook.com\/bolsarama.es\",\"https:\/\/x.com\/Bolsarama_es\"]},{\"@type\":\"Person\",\"@id\":\"https:\/\/www.bolsarama.es\/bolsa\/#\/schema\/person\/a34ab5b5c7d41d99c10a5c3564af3e43\",\"name\":\"Paula\",\"image\":{\"@type\":\"ImageObject\",\"inLanguage\":\"es\",\"@id\":\"https:\/\/www.bolsarama.es\/bolsa\/#\/schema\/person\/image\/\",\"url\":\"https:\/\/www.bolsarama.es\/bolsa\/wp-content\/litespeed\/avatar\/d6404594800e2b580b751c6bb2eb5f4f.jpg?ver=1777428602\",\"contentUrl\":\"https:\/\/www.bolsarama.es\/bolsa\/wp-content\/litespeed\/avatar\/d6404594800e2b580b751c6bb2eb5f4f.jpg?ver=1777428602\",\"caption\":\"Paula\"},\"url\":\"https:\/\/www.bolsarama.es\/bolsa\/author\/paula\/\"}]}<\/script>\n<!-- \/ Yoast SEO plugin. -->","yoast_head_json":{"title":"La C\u00e1mara de Alicante muestra inter\u00e9s en la Comisi\u00f3n Nacional de los Mercados y la Competencia por la oferta p\u00fablica de adquisici\u00f3n del BBVA al Sabadell. - Bolsarama - Informaci\u00f3n econ\u00f3mica actualizada - Bolsarama.es","robots":{"index":"index","follow":"follow","max-snippet":"max-snippet:-1","max-image-preview":"max-image-preview:large","max-video-preview":"max-video-preview:-1"},"canonical":"https:\/\/www.bolsarama.es\/bolsa\/la-camara-de-alicante-muestra-interes-en-la-comision-nacional-de-los-mercados-y-la-competencia-por-la-oferta-publica-de-adquisicion-del-bbva-al-sabadell\/","og_locale":"es_ES","og_type":"article","og_title":"La C\u00e1mara de Alicante muestra inter\u00e9s en la Comisi\u00f3n Nacional de los Mercados y la Competencia por la oferta p\u00fablica de adquisici\u00f3n del BBVA al Sabadell. - Bolsarama - Informaci\u00f3n econ\u00f3mica actualizada - Bolsarama.es","og_description":"La Intervenci\u00f3n de la C\u00e1mara de Comercio de Alicante La C\u00e1mara de Comercio de Alicante ha tomado una decisi\u00f3n importante ante la reciente operaci\u00f3n de concentraci\u00f3n entre BBVA y Banco Sabadell. Esta entidad, que vela por los intereses de los comercios y la industria en la regi\u00f3n, ha decidido personarse como interesada en el procedimiento [&hellip;]","og_url":"https:\/\/www.bolsarama.es\/bolsa\/la-camara-de-alicante-muestra-interes-en-la-comision-nacional-de-los-mercados-y-la-competencia-por-la-oferta-publica-de-adquisicion-del-bbva-al-sabadell\/","og_site_name":"Bolsarama - Informaci\u00f3n econ\u00f3mica actualizada - Bolsarama.es","article_publisher":"https:\/\/www.facebook.com\/bolsarama.es","article_published_time":"2024-11-27T16:41:27+00:00","og_image":[{"width":800,"height":534,"url":"https:\/\/www.bolsarama.es\/bolsa\/wp-content\/uploads\/2024\/11\/La-Camara-de-Alicante-muestra-interes-en-la-Comision-Nacional.jpg","type":"image\/jpeg"}],"author":"Paula","twitter_card":"summary_large_image","twitter_creator":"@Bolsarama_es","twitter_site":"@Bolsarama_es","twitter_misc":{"Escrito por":"Paula","Tiempo de lectura":"2 minutos"},"schema":{"@context":"https:\/\/schema.org","@graph":[{"@type":"Article","@id":"https:\/\/www.bolsarama.es\/bolsa\/la-camara-de-alicante-muestra-interes-en-la-comision-nacional-de-los-mercados-y-la-competencia-por-la-oferta-publica-de-adquisicion-del-bbva-al-sabadell\/#article","isPartOf":{"@id":"https:\/\/www.bolsarama.es\/bolsa\/la-camara-de-alicante-muestra-interes-en-la-comision-nacional-de-los-mercados-y-la-competencia-por-la-oferta-publica-de-adquisicion-del-bbva-al-sabadell\/"},"author":{"name":"Paula","@id":"https:\/\/www.bolsarama.es\/bolsa\/#\/schema\/person\/a34ab5b5c7d41d99c10a5c3564af3e43"},"headline":"La C\u00e1mara de Alicante muestra inter\u00e9s en la Comisi\u00f3n Nacional de los Mercados y la Competencia por la oferta p\u00fablica de adquisici\u00f3n del BBVA al Sabadell.","datePublished":"2024-11-27T16:41:27+00:00","dateModified":"2024-11-27T16:41:27+00:00","mainEntityOfPage":{"@id":"https:\/\/www.bolsarama.es\/bolsa\/la-camara-de-alicante-muestra-interes-en-la-comision-nacional-de-los-mercados-y-la-competencia-por-la-oferta-publica-de-adquisicion-del-bbva-al-sabadell\/"},"wordCount":459,"commentCount":0,"publisher":{"@id":"https:\/\/www.bolsarama.es\/bolsa\/#organization"},"image":{"@id":"https:\/\/www.bolsarama.es\/bolsa\/la-camara-de-alicante-muestra-interes-en-la-comision-nacional-de-los-mercados-y-la-competencia-por-la-oferta-publica-de-adquisicion-del-bbva-al-sabadell\/#primaryimage"},"thumbnailUrl":"https:\/\/www.bolsarama.es\/bolsa\/wp-content\/uploads\/2024\/11\/La-Camara-de-Alicante-muestra-interes-en-la-Comision-Nacional.jpg","inLanguage":"es","potentialAction":[{"@type":"CommentAction","name":"Comment","target":["https:\/\/www.bolsarama.es\/bolsa\/la-camara-de-alicante-muestra-interes-en-la-comision-nacional-de-los-mercados-y-la-competencia-por-la-oferta-publica-de-adquisicion-del-bbva-al-sabadell\/#respond"]}]},{"@type":"WebPage","@id":"https:\/\/www.bolsarama.es\/bolsa\/la-camara-de-alicante-muestra-interes-en-la-comision-nacional-de-los-mercados-y-la-competencia-por-la-oferta-publica-de-adquisicion-del-bbva-al-sabadell\/","url":"https:\/\/www.bolsarama.es\/bolsa\/la-camara-de-alicante-muestra-interes-en-la-comision-nacional-de-los-mercados-y-la-competencia-por-la-oferta-publica-de-adquisicion-del-bbva-al-sabadell\/","name":"La C\u00e1mara de Alicante muestra inter\u00e9s en la Comisi\u00f3n Nacional de los Mercados y la Competencia por la oferta p\u00fablica de adquisici\u00f3n del BBVA al Sabadell. - Bolsarama - Informaci\u00f3n econ\u00f3mica actualizada - Bolsarama.es","isPartOf":{"@id":"https:\/\/www.bolsarama.es\/bolsa\/#website"},"primaryImageOfPage":{"@id":"https:\/\/www.bolsarama.es\/bolsa\/la-camara-de-alicante-muestra-interes-en-la-comision-nacional-de-los-mercados-y-la-competencia-por-la-oferta-publica-de-adquisicion-del-bbva-al-sabadell\/#primaryimage"},"image":{"@id":"https:\/\/www.bolsarama.es\/bolsa\/la-camara-de-alicante-muestra-interes-en-la-comision-nacional-de-los-mercados-y-la-competencia-por-la-oferta-publica-de-adquisicion-del-bbva-al-sabadell\/#primaryimage"},"thumbnailUrl":"https:\/\/www.bolsarama.es\/bolsa\/wp-content\/uploads\/2024\/11\/La-Camara-de-Alicante-muestra-interes-en-la-Comision-Nacional.jpg","datePublished":"2024-11-27T16:41:27+00:00","dateModified":"2024-11-27T16:41:27+00:00","breadcrumb":{"@id":"https:\/\/www.bolsarama.es\/bolsa\/la-camara-de-alicante-muestra-interes-en-la-comision-nacional-de-los-mercados-y-la-competencia-por-la-oferta-publica-de-adquisicion-del-bbva-al-sabadell\/#breadcrumb"},"inLanguage":"es","potentialAction":[{"@type":"ReadAction","target":["https:\/\/www.bolsarama.es\/bolsa\/la-camara-de-alicante-muestra-interes-en-la-comision-nacional-de-los-mercados-y-la-competencia-por-la-oferta-publica-de-adquisicion-del-bbva-al-sabadell\/"]}]},{"@type":"ImageObject","inLanguage":"es","@id":"https:\/\/www.bolsarama.es\/bolsa\/la-camara-de-alicante-muestra-interes-en-la-comision-nacional-de-los-mercados-y-la-competencia-por-la-oferta-publica-de-adquisicion-del-bbva-al-sabadell\/#primaryimage","url":"https:\/\/www.bolsarama.es\/bolsa\/wp-content\/uploads\/2024\/11\/La-Camara-de-Alicante-muestra-interes-en-la-Comision-Nacional.jpg","contentUrl":"https:\/\/www.bolsarama.es\/bolsa\/wp-content\/uploads\/2024\/11\/La-Camara-de-Alicante-muestra-interes-en-la-Comision-Nacional.jpg","width":800,"height":534,"caption":"Econom\u00eda\/Finanzas.- La C\u00e1mara de Alicante se persona como interesada en la CNMC por la OPA del BBVA al Sabadell"},{"@type":"BreadcrumbList","@id":"https:\/\/www.bolsarama.es\/bolsa\/la-camara-de-alicante-muestra-interes-en-la-comision-nacional-de-los-mercados-y-la-competencia-por-la-oferta-publica-de-adquisicion-del-bbva-al-sabadell\/#breadcrumb","itemListElement":[{"@type":"ListItem","position":1,"name":"Bolsa","item":"https:\/\/www.bolsarama.es\/bolsa\/"},{"@type":"ListItem","position":2,"name":"La C\u00e1mara de Alicante muestra inter\u00e9s en la Comisi\u00f3n Nacional de los Mercados y la Competencia por la oferta p\u00fablica de adquisici\u00f3n del BBVA al Sabadell."}]},{"@type":"WebSite","@id":"https:\/\/www.bolsarama.es\/bolsa\/#website","url":"https:\/\/www.bolsarama.es\/bolsa\/","name":"Bolsarama","description":"","publisher":{"@id":"https:\/\/www.bolsarama.es\/bolsa\/#organization"},"potentialAction":[{"@type":"SearchAction","target":{"@type":"EntryPoint","urlTemplate":"https:\/\/www.bolsarama.es\/bolsa\/?s={search_term_string}"},"query-input":{"@type":"PropertyValueSpecification","valueRequired":true,"valueName":"search_term_string"}}],"inLanguage":"es"},{"@type":"Organization","@id":"https:\/\/www.bolsarama.es\/bolsa\/#organization","name":"Bolsarama","url":"https:\/\/www.bolsarama.es\/bolsa\/","logo":{"@type":"ImageObject","inLanguage":"es","@id":"https:\/\/www.bolsarama.es\/bolsa\/#\/schema\/logo\/image\/","url":"https:\/\/www.bolsarama.es\/bolsa\/wp-content\/uploads\/2023\/10\/logo-bolsarama.png","contentUrl":"https:\/\/www.bolsarama.es\/bolsa\/wp-content\/uploads\/2023\/10\/logo-bolsarama.png","width":300,"height":50,"caption":"Bolsarama"},"image":{"@id":"https:\/\/www.bolsarama.es\/bolsa\/#\/schema\/logo\/image\/"},"sameAs":["https:\/\/www.facebook.com\/bolsarama.es","https:\/\/x.com\/Bolsarama_es"]},{"@type":"Person","@id":"https:\/\/www.bolsarama.es\/bolsa\/#\/schema\/person\/a34ab5b5c7d41d99c10a5c3564af3e43","name":"Paula","image":{"@type":"ImageObject","inLanguage":"es","@id":"https:\/\/www.bolsarama.es\/bolsa\/#\/schema\/person\/image\/","url":"https:\/\/www.bolsarama.es\/bolsa\/wp-content\/litespeed\/avatar\/d6404594800e2b580b751c6bb2eb5f4f.jpg?ver=1777428602","contentUrl":"https:\/\/www.bolsarama.es\/bolsa\/wp-content\/litespeed\/avatar\/d6404594800e2b580b751c6bb2eb5f4f.jpg?ver=1777428602","caption":"Paula"},"url":"https:\/\/www.bolsarama.es\/bolsa\/author\/paula\/"}]}},"_links":{"self":[{"href":"https:\/\/www.bolsarama.es\/bolsa\/wp-json\/wp\/v2\/posts\/708","targetHints":{"allow":["GET"]}}],"collection":[{"href":"https:\/\/www.bolsarama.es\/bolsa\/wp-json\/wp\/v2\/posts"}],"about":[{"href":"https:\/\/www.bolsarama.es\/bolsa\/wp-json\/wp\/v2\/types\/post"}],"author":[{"embeddable":true,"href":"https:\/\/www.bolsarama.es\/bolsa\/wp-json\/wp\/v2\/users\/2"}],"replies":[{"embeddable":true,"href":"https:\/\/www.bolsarama.es\/bolsa\/wp-json\/wp\/v2\/comments?post=708"}],"version-history":[{"count":1,"href":"https:\/\/www.bolsarama.es\/bolsa\/wp-json\/wp\/v2\/posts\/708\/revisions"}],"predecessor-version":[{"id":710,"href":"https:\/\/www.bolsarama.es\/bolsa\/wp-json\/wp\/v2\/posts\/708\/revisions\/710"}],"wp:featuredmedia":[{"embeddable":true,"href":"https:\/\/www.bolsarama.es\/bolsa\/wp-json\/wp\/v2\/media\/709"}],"wp:attachment":[{"href":"https:\/\/www.bolsarama.es\/bolsa\/wp-json\/wp\/v2\/media?parent=708"}],"wp:term":[{"taxonomy":"category","embeddable":true,"href":"https:\/\/www.bolsarama.es\/bolsa\/wp-json\/wp\/v2\/categories?post=708"},{"taxonomy":"post_tag","embeddable":true,"href":"https:\/\/www.bolsarama.es\/bolsa\/wp-json\/wp\/v2\/tags?post=708"}],"curies":[{"name":"wp","href":"https:\/\/api.w.org\/{rel}","templated":true}]}}