{"id":711,"date":"2024-11-27T18:45:59","date_gmt":"2024-11-27T17:45:59","guid":{"rendered":"https:\/\/www.bolsarama.es\/bolsa\/?p=711"},"modified":"2024-11-27T18:45:59","modified_gmt":"2024-11-27T17:45:59","slug":"los-vendedores-de-automoviles-y-concesionarios-aprecian-las-ayudas-proporcionadas-por-el-gobierno-debido-a-la-dana","status":"publish","type":"post","link":"https:\/\/www.bolsarama.es\/bolsa\/los-vendedores-de-automoviles-y-concesionarios-aprecian-las-ayudas-proporcionadas-por-el-gobierno-debido-a-la-dana\/","title":{"rendered":"Los vendedores de autom\u00f3viles y concesionarios aprecian las ayudas proporcionadas por el Gobierno debido a la DANA."},"content":{"rendered":"<p>Los recientes acontecimientos clim\u00e1ticos en Espa\u00f1a han dejado tras de s\u00ed un panorama desolador. La Depresi\u00f3n Aislada en Niveles Altos (DANA) ha causado estragos en el parque automovil\u00edstico, dejando a muchos ciudadanos sin un medio de transporte esencial. Ante esta situaci\u00f3n, las autoridades han tomado cartas en el asunto con un paquete de ayudas para la recuperaci\u00f3n del sector automovil\u00edstico.<\/p>\n<h2>Una ayuda millonaria para la renovaci\u00f3n de veh\u00edculos<\/h2>\n<p>En respuesta a los graves da\u00f1os causados por la DANA, el presidente del Gobierno, Pedro S\u00e1nchez, ha anunciado un nuevo paquete de ayudas de 2.274 millones de euros. Este plan tiene como objetivo renovar el parque automovil\u00edstico y el tejido productivo de los afectados por este desastre clim\u00e1tico.<\/p>\n<p>El paquete de ayudas incluye una medida hist\u00f3rica: ayudas directas y a fondo perdido de 10.000 euros. Esta cantidad, sumada a las indemnizaciones del Consorcio de Compensaci\u00f3n de Seguros, cubrir\u00e1 el precio medio de un turismo en el mercado de ocasi\u00f3n. De este modo, la ayuda ser\u00e1 suficiente para reponer los veh\u00edculos da\u00f1ados.<\/p>\n<h3>\u00bfC\u00f3mo reaccion\u00f3 el sector de la automoci\u00f3n ante el anuncio?<\/h3>\n<p>Las asociaciones del sector automovil\u00edstico en Espa\u00f1a han acogido con buenos ojos el anuncio del Gobierno. Asociaciones como la Ganvam (Asociaci\u00f3n Nacional de Vendedores y Reparadores de Veh\u00edculos) han destacado la importancia de incluir los veh\u00edculos usados en el plan de ayudas. De este modo, todos aquellos que hayan comprado un coche desde la DANA podr\u00e1n beneficiarse de las ayudas.<\/p>\n<h4>Un plan social para la renovaci\u00f3n de veh\u00edculos<\/h4>\n<p>El plan de ayudas no s\u00f3lo tiene un enfoque econ\u00f3mico, sino tambi\u00e9n social. La Asociaci\u00f3n de Concesionarios de Automoci\u00f3n de Espa\u00f1a (Faconauto) ha destacado el enfoque social del plan, que permitir\u00e1 a los afectados reponer su medio de transporte con mayor facilidad. <\/p>\n<p>La ayuda puede destinarse a la adquisici\u00f3n de veh\u00edculos de cualquier tecnolog\u00eda, incluidos los de ocasi\u00f3n. Adem\u00e1s, el plan tiene car\u00e1cter retroactivo, lo que beneficiar\u00e1 a quienes ya hayan iniciado los tr\u00e1mites para reponer su veh\u00edculo.<\/p>\n<h2>La labor de los concesionarios en la recuperaci\u00f3n del parque automovil\u00edstico<\/h2>\n<p>Los concesionarios de veh\u00edculos desempe\u00f1an un papel crucial en la recuperaci\u00f3n del parque automovil\u00edstico tras la DANA. Estos han ofrecido su colaboraci\u00f3n activa para que el plan de ayudas sea lo m\u00e1s eficaz y r\u00e1pido posible. <\/p>\n<p>Adem\u00e1s, los concesionarios han redoblado esfuerzos para restablecer su actividad. Han reforzado sus canales de comunicaci\u00f3n, ampliado horarios y mejorado su capacidad de respuesta en ventas y en posventa. Todo ello con el objetivo de garantizar que los afectados puedan acceder a soluciones con la m\u00e1xima rapidez.<\/p>\n<h3>En conclusi\u00f3n<\/h3>\n<p>La recuperaci\u00f3n del parque automovil\u00edstico es una tarea esencial tras la DANA. El plan de ayudas anunciado por el Gobierno es un paso en la direcci\u00f3n correcta para ayudar a los afectados a recuperar su medio de transporte. Con la colaboraci\u00f3n de todos los implicados, se espera que la normalidad regrese pronto a las carreteras espa\u00f1olas.<\/p>\n","protected":false},"excerpt":{"rendered":"<p>Los recientes acontecimientos clim\u00e1ticos en Espa\u00f1a han dejado tras de s\u00ed un panorama desolador. La Depresi\u00f3n Aislada en Niveles Altos (DANA) ha causado estragos en el parque automovil\u00edstico, dejando a muchos ciudadanos sin un medio de transporte esencial. Ante esta situaci\u00f3n, las autoridades han tomado cartas en el asunto con un paquete de ayudas para [&hellip;]<\/p>\n","protected":false},"author":2,"featured_media":712,"comment_status":"open","ping_status":"open","sticky":false,"template":"","format":"standard","meta":{"footnotes":""},"categories":[1],"tags":[],"class_list":["post-711","post","type-post","status-publish","format-standard","has-post-thumbnail","hentry","category-sin-categoria"],"yoast_head":"<!-- This site is optimized with the Yoast SEO plugin v23.6 - https:\/\/yoast.com\/wordpress\/plugins\/seo\/ -->\n<title>Los vendedores de autom\u00f3viles y concesionarios aprecian las ayudas proporcionadas por el Gobierno debido a la DANA. - Bolsarama - Informaci\u00f3n econ\u00f3mica actualizada - Bolsarama.es<\/title>\n<meta name=\"robots\" content=\"index, follow, max-snippet:-1, max-image-preview:large, max-video-preview:-1\" \/>\n<link rel=\"canonical\" href=\"https:\/\/www.bolsarama.es\/bolsa\/los-vendedores-de-automoviles-y-concesionarios-aprecian-las-ayudas-proporcionadas-por-el-gobierno-debido-a-la-dana\/\" \/>\n<meta property=\"og:locale\" content=\"es_ES\" \/>\n<meta property=\"og:type\" content=\"article\" \/>\n<meta property=\"og:title\" content=\"Los vendedores de autom\u00f3viles y concesionarios aprecian las ayudas proporcionadas por el Gobierno debido a la DANA. - Bolsarama - Informaci\u00f3n econ\u00f3mica actualizada - Bolsarama.es\" \/>\n<meta property=\"og:description\" content=\"Los recientes acontecimientos clim\u00e1ticos en Espa\u00f1a han dejado tras de s\u00ed un panorama desolador. La Depresi\u00f3n Aislada en Niveles Altos (DANA) ha causado estragos en el parque automovil\u00edstico, dejando a muchos ciudadanos sin un medio de transporte esencial. Ante esta situaci\u00f3n, las autoridades han tomado cartas en el asunto con un paquete de ayudas para [&hellip;]\" \/>\n<meta property=\"og:url\" content=\"https:\/\/www.bolsarama.es\/bolsa\/los-vendedores-de-automoviles-y-concesionarios-aprecian-las-ayudas-proporcionadas-por-el-gobierno-debido-a-la-dana\/\" \/>\n<meta property=\"og:site_name\" content=\"Bolsarama - Informaci\u00f3n econ\u00f3mica actualizada - Bolsarama.es\" \/>\n<meta property=\"article:publisher\" content=\"https:\/\/www.facebook.com\/bolsarama.es\" \/>\n<meta property=\"article:published_time\" content=\"2024-11-27T17:45:59+00:00\" \/>\n<meta property=\"og:image\" content=\"https:\/\/www.bolsarama.es\/bolsa\/wp-content\/uploads\/2024\/11\/Los-vendedores-de-automoviles-y-concesionarios-aprecian-las-ayudas-proporcionadas.jpg\" \/>\n\t<meta property=\"og:image:width\" content=\"800\" \/>\n\t<meta property=\"og:image:height\" content=\"534\" \/>\n\t<meta property=\"og:image:type\" content=\"image\/jpeg\" \/>\n<meta name=\"author\" content=\"Paula\" \/>\n<meta name=\"twitter:card\" content=\"summary_large_image\" \/>\n<meta name=\"twitter:creator\" content=\"@Bolsarama_es\" \/>\n<meta name=\"twitter:site\" content=\"@Bolsarama_es\" \/>\n<meta name=\"twitter:label1\" content=\"Escrito por\" \/>\n\t<meta name=\"twitter:data1\" content=\"Paula\" \/>\n\t<meta name=\"twitter:label2\" content=\"Tiempo de lectura\" \/>\n\t<meta name=\"twitter:data2\" content=\"3 minutos\" \/>\n<script type=\"application\/ld+json\" class=\"yoast-schema-graph\">{\"@context\":\"https:\/\/schema.org\",\"@graph\":[{\"@type\":\"Article\",\"@id\":\"https:\/\/www.bolsarama.es\/bolsa\/los-vendedores-de-automoviles-y-concesionarios-aprecian-las-ayudas-proporcionadas-por-el-gobierno-debido-a-la-dana\/#article\",\"isPartOf\":{\"@id\":\"https:\/\/www.bolsarama.es\/bolsa\/los-vendedores-de-automoviles-y-concesionarios-aprecian-las-ayudas-proporcionadas-por-el-gobierno-debido-a-la-dana\/\"},\"author\":{\"name\":\"Paula\",\"@id\":\"https:\/\/www.bolsarama.es\/bolsa\/#\/schema\/person\/a34ab5b5c7d41d99c10a5c3564af3e43\"},\"headline\":\"Los vendedores de autom\u00f3viles y concesionarios aprecian las ayudas proporcionadas por el Gobierno debido a la DANA.\",\"datePublished\":\"2024-11-27T17:45:59+00:00\",\"dateModified\":\"2024-11-27T17:45:59+00:00\",\"mainEntityOfPage\":{\"@id\":\"https:\/\/www.bolsarama.es\/bolsa\/los-vendedores-de-automoviles-y-concesionarios-aprecian-las-ayudas-proporcionadas-por-el-gobierno-debido-a-la-dana\/\"},\"wordCount\":553,\"commentCount\":0,\"publisher\":{\"@id\":\"https:\/\/www.bolsarama.es\/bolsa\/#organization\"},\"image\":{\"@id\":\"https:\/\/www.bolsarama.es\/bolsa\/los-vendedores-de-automoviles-y-concesionarios-aprecian-las-ayudas-proporcionadas-por-el-gobierno-debido-a-la-dana\/#primaryimage\"},\"thumbnailUrl\":\"https:\/\/www.bolsarama.es\/bolsa\/wp-content\/uploads\/2024\/11\/Los-vendedores-de-automoviles-y-concesionarios-aprecian-las-ayudas-proporcionadas.jpg\",\"inLanguage\":\"es\",\"potentialAction\":[{\"@type\":\"CommentAction\",\"name\":\"Comment\",\"target\":[\"https:\/\/www.bolsarama.es\/bolsa\/los-vendedores-de-automoviles-y-concesionarios-aprecian-las-ayudas-proporcionadas-por-el-gobierno-debido-a-la-dana\/#respond\"]}]},{\"@type\":\"WebPage\",\"@id\":\"https:\/\/www.bolsarama.es\/bolsa\/los-vendedores-de-automoviles-y-concesionarios-aprecian-las-ayudas-proporcionadas-por-el-gobierno-debido-a-la-dana\/\",\"url\":\"https:\/\/www.bolsarama.es\/bolsa\/los-vendedores-de-automoviles-y-concesionarios-aprecian-las-ayudas-proporcionadas-por-el-gobierno-debido-a-la-dana\/\",\"name\":\"Los vendedores de autom\u00f3viles y concesionarios aprecian las ayudas proporcionadas por el Gobierno debido a la DANA. - Bolsarama - Informaci\u00f3n econ\u00f3mica actualizada - Bolsarama.es\",\"isPartOf\":{\"@id\":\"https:\/\/www.bolsarama.es\/bolsa\/#website\"},\"primaryImageOfPage\":{\"@id\":\"https:\/\/www.bolsarama.es\/bolsa\/los-vendedores-de-automoviles-y-concesionarios-aprecian-las-ayudas-proporcionadas-por-el-gobierno-debido-a-la-dana\/#primaryimage\"},\"image\":{\"@id\":\"https:\/\/www.bolsarama.es\/bolsa\/los-vendedores-de-automoviles-y-concesionarios-aprecian-las-ayudas-proporcionadas-por-el-gobierno-debido-a-la-dana\/#primaryimage\"},\"thumbnailUrl\":\"https:\/\/www.bolsarama.es\/bolsa\/wp-content\/uploads\/2024\/11\/Los-vendedores-de-automoviles-y-concesionarios-aprecian-las-ayudas-proporcionadas.jpg\",\"datePublished\":\"2024-11-27T17:45:59+00:00\",\"dateModified\":\"2024-11-27T17:45:59+00:00\",\"breadcrumb\":{\"@id\":\"https:\/\/www.bolsarama.es\/bolsa\/los-vendedores-de-automoviles-y-concesionarios-aprecian-las-ayudas-proporcionadas-por-el-gobierno-debido-a-la-dana\/#breadcrumb\"},\"inLanguage\":\"es\",\"potentialAction\":[{\"@type\":\"ReadAction\",\"target\":[\"https:\/\/www.bolsarama.es\/bolsa\/los-vendedores-de-automoviles-y-concesionarios-aprecian-las-ayudas-proporcionadas-por-el-gobierno-debido-a-la-dana\/\"]}]},{\"@type\":\"ImageObject\",\"inLanguage\":\"es\",\"@id\":\"https:\/\/www.bolsarama.es\/bolsa\/los-vendedores-de-automoviles-y-concesionarios-aprecian-las-ayudas-proporcionadas-por-el-gobierno-debido-a-la-dana\/#primaryimage\",\"url\":\"https:\/\/www.bolsarama.es\/bolsa\/wp-content\/uploads\/2024\/11\/Los-vendedores-de-automoviles-y-concesionarios-aprecian-las-ayudas-proporcionadas.jpg\",\"contentUrl\":\"https:\/\/www.bolsarama.es\/bolsa\/wp-content\/uploads\/2024\/11\/Los-vendedores-de-automoviles-y-concesionarios-aprecian-las-ayudas-proporcionadas.jpg\",\"width\":800,\"height\":534,\"caption\":\"Econom\u00eda\/Motor.- Vendedores de autom\u00f3viles y concesionarios valoran positivamente las ayudas del Gobierno por la DANA\"},{\"@type\":\"BreadcrumbList\",\"@id\":\"https:\/\/www.bolsarama.es\/bolsa\/los-vendedores-de-automoviles-y-concesionarios-aprecian-las-ayudas-proporcionadas-por-el-gobierno-debido-a-la-dana\/#breadcrumb\",\"itemListElement\":[{\"@type\":\"ListItem\",\"position\":1,\"name\":\"Bolsa\",\"item\":\"https:\/\/www.bolsarama.es\/bolsa\/\"},{\"@type\":\"ListItem\",\"position\":2,\"name\":\"Los vendedores de autom\u00f3viles y concesionarios aprecian las ayudas proporcionadas por el Gobierno debido a la DANA.\"}]},{\"@type\":\"WebSite\",\"@id\":\"https:\/\/www.bolsarama.es\/bolsa\/#website\",\"url\":\"https:\/\/www.bolsarama.es\/bolsa\/\",\"name\":\"Bolsarama\",\"description\":\"\",\"publisher\":{\"@id\":\"https:\/\/www.bolsarama.es\/bolsa\/#organization\"},\"potentialAction\":[{\"@type\":\"SearchAction\",\"target\":{\"@type\":\"EntryPoint\",\"urlTemplate\":\"https:\/\/www.bolsarama.es\/bolsa\/?s={search_term_string}\"},\"query-input\":{\"@type\":\"PropertyValueSpecification\",\"valueRequired\":true,\"valueName\":\"search_term_string\"}}],\"inLanguage\":\"es\"},{\"@type\":\"Organization\",\"@id\":\"https:\/\/www.bolsarama.es\/bolsa\/#organization\",\"name\":\"Bolsarama\",\"url\":\"https:\/\/www.bolsarama.es\/bolsa\/\",\"logo\":{\"@type\":\"ImageObject\",\"inLanguage\":\"es\",\"@id\":\"https:\/\/www.bolsarama.es\/bolsa\/#\/schema\/logo\/image\/\",\"url\":\"https:\/\/www.bolsarama.es\/bolsa\/wp-content\/uploads\/2023\/10\/logo-bolsarama.png\",\"contentUrl\":\"https:\/\/www.bolsarama.es\/bolsa\/wp-content\/uploads\/2023\/10\/logo-bolsarama.png\",\"width\":300,\"height\":50,\"caption\":\"Bolsarama\"},\"image\":{\"@id\":\"https:\/\/www.bolsarama.es\/bolsa\/#\/schema\/logo\/image\/\"},\"sameAs\":[\"https:\/\/www.facebook.com\/bolsarama.es\",\"https:\/\/x.com\/Bolsarama_es\"]},{\"@type\":\"Person\",\"@id\":\"https:\/\/www.bolsarama.es\/bolsa\/#\/schema\/person\/a34ab5b5c7d41d99c10a5c3564af3e43\",\"name\":\"Paula\",\"image\":{\"@type\":\"ImageObject\",\"inLanguage\":\"es\",\"@id\":\"https:\/\/www.bolsarama.es\/bolsa\/#\/schema\/person\/image\/\",\"url\":\"https:\/\/www.bolsarama.es\/bolsa\/wp-content\/litespeed\/avatar\/d6404594800e2b580b751c6bb2eb5f4f.jpg?ver=1777428602\",\"contentUrl\":\"https:\/\/www.bolsarama.es\/bolsa\/wp-content\/litespeed\/avatar\/d6404594800e2b580b751c6bb2eb5f4f.jpg?ver=1777428602\",\"caption\":\"Paula\"},\"url\":\"https:\/\/www.bolsarama.es\/bolsa\/author\/paula\/\"}]}<\/script>\n<!-- \/ Yoast SEO plugin. -->","yoast_head_json":{"title":"Los vendedores de autom\u00f3viles y concesionarios aprecian las ayudas proporcionadas por el Gobierno debido a la DANA. - Bolsarama - Informaci\u00f3n econ\u00f3mica actualizada - Bolsarama.es","robots":{"index":"index","follow":"follow","max-snippet":"max-snippet:-1","max-image-preview":"max-image-preview:large","max-video-preview":"max-video-preview:-1"},"canonical":"https:\/\/www.bolsarama.es\/bolsa\/los-vendedores-de-automoviles-y-concesionarios-aprecian-las-ayudas-proporcionadas-por-el-gobierno-debido-a-la-dana\/","og_locale":"es_ES","og_type":"article","og_title":"Los vendedores de autom\u00f3viles y concesionarios aprecian las ayudas proporcionadas por el Gobierno debido a la DANA. - Bolsarama - Informaci\u00f3n econ\u00f3mica actualizada - Bolsarama.es","og_description":"Los recientes acontecimientos clim\u00e1ticos en Espa\u00f1a han dejado tras de s\u00ed un panorama desolador. La Depresi\u00f3n Aislada en Niveles Altos (DANA) ha causado estragos en el parque automovil\u00edstico, dejando a muchos ciudadanos sin un medio de transporte esencial. Ante esta situaci\u00f3n, las autoridades han tomado cartas en el asunto con un paquete de ayudas para [&hellip;]","og_url":"https:\/\/www.bolsarama.es\/bolsa\/los-vendedores-de-automoviles-y-concesionarios-aprecian-las-ayudas-proporcionadas-por-el-gobierno-debido-a-la-dana\/","og_site_name":"Bolsarama - Informaci\u00f3n econ\u00f3mica actualizada - Bolsarama.es","article_publisher":"https:\/\/www.facebook.com\/bolsarama.es","article_published_time":"2024-11-27T17:45:59+00:00","og_image":[{"width":800,"height":534,"url":"https:\/\/www.bolsarama.es\/bolsa\/wp-content\/uploads\/2024\/11\/Los-vendedores-de-automoviles-y-concesionarios-aprecian-las-ayudas-proporcionadas.jpg","type":"image\/jpeg"}],"author":"Paula","twitter_card":"summary_large_image","twitter_creator":"@Bolsarama_es","twitter_site":"@Bolsarama_es","twitter_misc":{"Escrito por":"Paula","Tiempo de lectura":"3 minutos"},"schema":{"@context":"https:\/\/schema.org","@graph":[{"@type":"Article","@id":"https:\/\/www.bolsarama.es\/bolsa\/los-vendedores-de-automoviles-y-concesionarios-aprecian-las-ayudas-proporcionadas-por-el-gobierno-debido-a-la-dana\/#article","isPartOf":{"@id":"https:\/\/www.bolsarama.es\/bolsa\/los-vendedores-de-automoviles-y-concesionarios-aprecian-las-ayudas-proporcionadas-por-el-gobierno-debido-a-la-dana\/"},"author":{"name":"Paula","@id":"https:\/\/www.bolsarama.es\/bolsa\/#\/schema\/person\/a34ab5b5c7d41d99c10a5c3564af3e43"},"headline":"Los vendedores de autom\u00f3viles y concesionarios aprecian las ayudas proporcionadas por el Gobierno debido a la DANA.","datePublished":"2024-11-27T17:45:59+00:00","dateModified":"2024-11-27T17:45:59+00:00","mainEntityOfPage":{"@id":"https:\/\/www.bolsarama.es\/bolsa\/los-vendedores-de-automoviles-y-concesionarios-aprecian-las-ayudas-proporcionadas-por-el-gobierno-debido-a-la-dana\/"},"wordCount":553,"commentCount":0,"publisher":{"@id":"https:\/\/www.bolsarama.es\/bolsa\/#organization"},"image":{"@id":"https:\/\/www.bolsarama.es\/bolsa\/los-vendedores-de-automoviles-y-concesionarios-aprecian-las-ayudas-proporcionadas-por-el-gobierno-debido-a-la-dana\/#primaryimage"},"thumbnailUrl":"https:\/\/www.bolsarama.es\/bolsa\/wp-content\/uploads\/2024\/11\/Los-vendedores-de-automoviles-y-concesionarios-aprecian-las-ayudas-proporcionadas.jpg","inLanguage":"es","potentialAction":[{"@type":"CommentAction","name":"Comment","target":["https:\/\/www.bolsarama.es\/bolsa\/los-vendedores-de-automoviles-y-concesionarios-aprecian-las-ayudas-proporcionadas-por-el-gobierno-debido-a-la-dana\/#respond"]}]},{"@type":"WebPage","@id":"https:\/\/www.bolsarama.es\/bolsa\/los-vendedores-de-automoviles-y-concesionarios-aprecian-las-ayudas-proporcionadas-por-el-gobierno-debido-a-la-dana\/","url":"https:\/\/www.bolsarama.es\/bolsa\/los-vendedores-de-automoviles-y-concesionarios-aprecian-las-ayudas-proporcionadas-por-el-gobierno-debido-a-la-dana\/","name":"Los vendedores de autom\u00f3viles y concesionarios aprecian las ayudas proporcionadas por el Gobierno debido a la DANA. - Bolsarama - Informaci\u00f3n econ\u00f3mica actualizada - Bolsarama.es","isPartOf":{"@id":"https:\/\/www.bolsarama.es\/bolsa\/#website"},"primaryImageOfPage":{"@id":"https:\/\/www.bolsarama.es\/bolsa\/los-vendedores-de-automoviles-y-concesionarios-aprecian-las-ayudas-proporcionadas-por-el-gobierno-debido-a-la-dana\/#primaryimage"},"image":{"@id":"https:\/\/www.bolsarama.es\/bolsa\/los-vendedores-de-automoviles-y-concesionarios-aprecian-las-ayudas-proporcionadas-por-el-gobierno-debido-a-la-dana\/#primaryimage"},"thumbnailUrl":"https:\/\/www.bolsarama.es\/bolsa\/wp-content\/uploads\/2024\/11\/Los-vendedores-de-automoviles-y-concesionarios-aprecian-las-ayudas-proporcionadas.jpg","datePublished":"2024-11-27T17:45:59+00:00","dateModified":"2024-11-27T17:45:59+00:00","breadcrumb":{"@id":"https:\/\/www.bolsarama.es\/bolsa\/los-vendedores-de-automoviles-y-concesionarios-aprecian-las-ayudas-proporcionadas-por-el-gobierno-debido-a-la-dana\/#breadcrumb"},"inLanguage":"es","potentialAction":[{"@type":"ReadAction","target":["https:\/\/www.bolsarama.es\/bolsa\/los-vendedores-de-automoviles-y-concesionarios-aprecian-las-ayudas-proporcionadas-por-el-gobierno-debido-a-la-dana\/"]}]},{"@type":"ImageObject","inLanguage":"es","@id":"https:\/\/www.bolsarama.es\/bolsa\/los-vendedores-de-automoviles-y-concesionarios-aprecian-las-ayudas-proporcionadas-por-el-gobierno-debido-a-la-dana\/#primaryimage","url":"https:\/\/www.bolsarama.es\/bolsa\/wp-content\/uploads\/2024\/11\/Los-vendedores-de-automoviles-y-concesionarios-aprecian-las-ayudas-proporcionadas.jpg","contentUrl":"https:\/\/www.bolsarama.es\/bolsa\/wp-content\/uploads\/2024\/11\/Los-vendedores-de-automoviles-y-concesionarios-aprecian-las-ayudas-proporcionadas.jpg","width":800,"height":534,"caption":"Econom\u00eda\/Motor.- Vendedores de autom\u00f3viles y concesionarios valoran positivamente las ayudas del Gobierno por la DANA"},{"@type":"BreadcrumbList","@id":"https:\/\/www.bolsarama.es\/bolsa\/los-vendedores-de-automoviles-y-concesionarios-aprecian-las-ayudas-proporcionadas-por-el-gobierno-debido-a-la-dana\/#breadcrumb","itemListElement":[{"@type":"ListItem","position":1,"name":"Bolsa","item":"https:\/\/www.bolsarama.es\/bolsa\/"},{"@type":"ListItem","position":2,"name":"Los vendedores de autom\u00f3viles y concesionarios aprecian las ayudas proporcionadas por el Gobierno debido a la DANA."}]},{"@type":"WebSite","@id":"https:\/\/www.bolsarama.es\/bolsa\/#website","url":"https:\/\/www.bolsarama.es\/bolsa\/","name":"Bolsarama","description":"","publisher":{"@id":"https:\/\/www.bolsarama.es\/bolsa\/#organization"},"potentialAction":[{"@type":"SearchAction","target":{"@type":"EntryPoint","urlTemplate":"https:\/\/www.bolsarama.es\/bolsa\/?s={search_term_string}"},"query-input":{"@type":"PropertyValueSpecification","valueRequired":true,"valueName":"search_term_string"}}],"inLanguage":"es"},{"@type":"Organization","@id":"https:\/\/www.bolsarama.es\/bolsa\/#organization","name":"Bolsarama","url":"https:\/\/www.bolsarama.es\/bolsa\/","logo":{"@type":"ImageObject","inLanguage":"es","@id":"https:\/\/www.bolsarama.es\/bolsa\/#\/schema\/logo\/image\/","url":"https:\/\/www.bolsarama.es\/bolsa\/wp-content\/uploads\/2023\/10\/logo-bolsarama.png","contentUrl":"https:\/\/www.bolsarama.es\/bolsa\/wp-content\/uploads\/2023\/10\/logo-bolsarama.png","width":300,"height":50,"caption":"Bolsarama"},"image":{"@id":"https:\/\/www.bolsarama.es\/bolsa\/#\/schema\/logo\/image\/"},"sameAs":["https:\/\/www.facebook.com\/bolsarama.es","https:\/\/x.com\/Bolsarama_es"]},{"@type":"Person","@id":"https:\/\/www.bolsarama.es\/bolsa\/#\/schema\/person\/a34ab5b5c7d41d99c10a5c3564af3e43","name":"Paula","image":{"@type":"ImageObject","inLanguage":"es","@id":"https:\/\/www.bolsarama.es\/bolsa\/#\/schema\/person\/image\/","url":"https:\/\/www.bolsarama.es\/bolsa\/wp-content\/litespeed\/avatar\/d6404594800e2b580b751c6bb2eb5f4f.jpg?ver=1777428602","contentUrl":"https:\/\/www.bolsarama.es\/bolsa\/wp-content\/litespeed\/avatar\/d6404594800e2b580b751c6bb2eb5f4f.jpg?ver=1777428602","caption":"Paula"},"url":"https:\/\/www.bolsarama.es\/bolsa\/author\/paula\/"}]}},"_links":{"self":[{"href":"https:\/\/www.bolsarama.es\/bolsa\/wp-json\/wp\/v2\/posts\/711","targetHints":{"allow":["GET"]}}],"collection":[{"href":"https:\/\/www.bolsarama.es\/bolsa\/wp-json\/wp\/v2\/posts"}],"about":[{"href":"https:\/\/www.bolsarama.es\/bolsa\/wp-json\/wp\/v2\/types\/post"}],"author":[{"embeddable":true,"href":"https:\/\/www.bolsarama.es\/bolsa\/wp-json\/wp\/v2\/users\/2"}],"replies":[{"embeddable":true,"href":"https:\/\/www.bolsarama.es\/bolsa\/wp-json\/wp\/v2\/comments?post=711"}],"version-history":[{"count":1,"href":"https:\/\/www.bolsarama.es\/bolsa\/wp-json\/wp\/v2\/posts\/711\/revisions"}],"predecessor-version":[{"id":713,"href":"https:\/\/www.bolsarama.es\/bolsa\/wp-json\/wp\/v2\/posts\/711\/revisions\/713"}],"wp:featuredmedia":[{"embeddable":true,"href":"https:\/\/www.bolsarama.es\/bolsa\/wp-json\/wp\/v2\/media\/712"}],"wp:attachment":[{"href":"https:\/\/www.bolsarama.es\/bolsa\/wp-json\/wp\/v2\/media?parent=711"}],"wp:term":[{"taxonomy":"category","embeddable":true,"href":"https:\/\/www.bolsarama.es\/bolsa\/wp-json\/wp\/v2\/categories?post=711"},{"taxonomy":"post_tag","embeddable":true,"href":"https:\/\/www.bolsarama.es\/bolsa\/wp-json\/wp\/v2\/tags?post=711"}],"curies":[{"name":"wp","href":"https:\/\/api.w.org\/{rel}","templated":true}]}}