{"id":720,"date":"2024-11-28T09:00:49","date_gmt":"2024-11-28T08:00:49","guid":{"rendered":"https:\/\/www.bolsarama.es\/bolsa\/?p=720"},"modified":"2024-11-28T09:00:49","modified_gmt":"2024-11-28T08:00:49","slug":"six-ha-designado-a-bjorn-sibbern-como-el-nuevo-consejero-delegado-reemplazando-a-jos-dijsselhof","status":"publish","type":"post","link":"https:\/\/www.bolsarama.es\/bolsa\/six-ha-designado-a-bjorn-sibbern-como-el-nuevo-consejero-delegado-reemplazando-a-jos-dijsselhof\/","title":{"rendered":"Six ha designado a Bjorn Sibbern como el nuevo consejero delegado, reemplazando a Jos Dijsselhof."},"content":{"rendered":"<p>El mundo de los mercados de capitales siempre est\u00e1 en constante cambio, y prueba de ello es el reciente nombramiento de Bjorn Sibbern como CEO de Six. Este experto en mercados financieros asumir\u00e1 el cargo a partir del 1 de enero de 2025, sustituyendo a Jos Dijsselhof, quien ha estado al frente de la empresa durante siete a\u00f1os.<\/p>\n<h2>\u00bfQui\u00e9n es Bjorn Sibbern?<\/h2>\n<p>De nacionalidad danesa, Sibbern es un profesional con m\u00e1s de 20 a\u00f1os de experiencia en el \u00e1mbito de los mercados de capitales. Su curr\u00edculum es impresionante, con cargos en instituciones de prestigio internacional como Nasdaq, OMX Exchanges y E*TRADE Bank Dinamarca. Adem\u00e1s, cuenta con un Executive MBA, un diploma en Administraci\u00f3n de Empresas y un M\u00e1ster en Econom\u00eda y Derecho Empresarial por la Copenhagen Business School.<\/p>\n<h3>De director global de bolsas a CEO de Six<\/h3>\n<p>Sibbern ha demostrado su habilidad y competencia en el \u00e1mbito internacional de los mercados de capitales. A principios de este a\u00f1o, asumi\u00f3 el negocio burs\u00e1til internacional de Six, desde su cargo como director global de Bolsas y miembro del Comit\u00e9 de Direcci\u00f3n del grupo Six. Es precisamente esta experiencia y conocimiento del sector lo que le ha llevado a ser designado como el pr\u00f3ximo CEO de la empresa.<\/p>\n<h4>Un traspaso ordenado: la transici\u00f3n de Dijsselhof a Sibbern<\/h4>\n<p>Para garantizar la continuidad y estabilidad de la empresa, Jos Dijsselhof, el actual CEO, permanecer\u00e1 en Six hasta finales de febrero de 2025. Esta medida permitir\u00e1 que el traspaso del cargo a Sibbern se realice de manera ordenada y sin interrupciones en la gesti\u00f3n de la empresa.<\/p>\n<h2>Un futuro prometedor para Six bajo el liderazgo de Sibbern<\/h2>\n<p>Con su s\u00f3lida trayectoria y experiencia internacional, Sibbern aporta las cualidades necesarias para continuar y acelerar el camino de crecimiento que Six ha emprendido. Seg\u00fan Thomas Wellauer, presidente del consejo de administraci\u00f3n de Six, Sibbern es un colega asertivo, muy motivado y proactivo. Con estas caracter\u00edsticas, se espera que Six siga consolid\u00e1ndose como un referente en el mundo de los mercados de capitales.<\/p>\n","protected":false},"excerpt":{"rendered":"<p>El mundo de los mercados de capitales siempre est\u00e1 en constante cambio, y prueba de ello es el reciente nombramiento de Bjorn Sibbern como CEO de Six. Este experto en mercados financieros asumir\u00e1 el cargo a partir del 1 de enero de 2025, sustituyendo a Jos Dijsselhof, quien ha estado al frente de la empresa [&hellip;]<\/p>\n","protected":false},"author":2,"featured_media":721,"comment_status":"open","ping_status":"open","sticky":false,"template":"","format":"standard","meta":{"footnotes":""},"categories":[1],"tags":[],"class_list":["post-720","post","type-post","status-publish","format-standard","has-post-thumbnail","hentry","category-sin-categoria"],"yoast_head":"<!-- This site is optimized with the Yoast SEO plugin v23.6 - https:\/\/yoast.com\/wordpress\/plugins\/seo\/ -->\n<title>Six ha designado a Bjorn Sibbern como el nuevo consejero delegado, reemplazando a Jos Dijsselhof. - Bolsarama - Informaci\u00f3n econ\u00f3mica actualizada - Bolsarama.es<\/title>\n<meta name=\"robots\" content=\"index, follow, max-snippet:-1, max-image-preview:large, max-video-preview:-1\" \/>\n<link rel=\"canonical\" href=\"https:\/\/www.bolsarama.es\/bolsa\/six-ha-designado-a-bjorn-sibbern-como-el-nuevo-consejero-delegado-reemplazando-a-jos-dijsselhof\/\" \/>\n<meta property=\"og:locale\" content=\"es_ES\" \/>\n<meta property=\"og:type\" content=\"article\" \/>\n<meta property=\"og:title\" content=\"Six ha designado a Bjorn Sibbern como el nuevo consejero delegado, reemplazando a Jos Dijsselhof. - Bolsarama - Informaci\u00f3n econ\u00f3mica actualizada - Bolsarama.es\" \/>\n<meta property=\"og:description\" content=\"El mundo de los mercados de capitales siempre est\u00e1 en constante cambio, y prueba de ello es el reciente nombramiento de Bjorn Sibbern como CEO de Six. Este experto en mercados financieros asumir\u00e1 el cargo a partir del 1 de enero de 2025, sustituyendo a Jos Dijsselhof, quien ha estado al frente de la empresa [&hellip;]\" \/>\n<meta property=\"og:url\" content=\"https:\/\/www.bolsarama.es\/bolsa\/six-ha-designado-a-bjorn-sibbern-como-el-nuevo-consejero-delegado-reemplazando-a-jos-dijsselhof\/\" \/>\n<meta property=\"og:site_name\" content=\"Bolsarama - Informaci\u00f3n econ\u00f3mica actualizada - Bolsarama.es\" \/>\n<meta property=\"article:publisher\" content=\"https:\/\/www.facebook.com\/bolsarama.es\" \/>\n<meta property=\"article:published_time\" content=\"2024-11-28T08:00:49+00:00\" \/>\n<meta property=\"og:image\" content=\"https:\/\/www.bolsarama.es\/bolsa\/wp-content\/uploads\/2024\/11\/Six-ha-designado-a-Bjorn-Sibbern-como-el-nuevo-consejero.jpg\" \/>\n\t<meta property=\"og:image:width\" content=\"800\" \/>\n\t<meta property=\"og:image:height\" content=\"534\" \/>\n\t<meta property=\"og:image:type\" content=\"image\/jpeg\" \/>\n<meta name=\"author\" content=\"Paula\" \/>\n<meta name=\"twitter:card\" content=\"summary_large_image\" \/>\n<meta name=\"twitter:creator\" content=\"@Bolsarama_es\" \/>\n<meta name=\"twitter:site\" content=\"@Bolsarama_es\" \/>\n<meta name=\"twitter:label1\" content=\"Escrito por\" \/>\n\t<meta name=\"twitter:data1\" content=\"Paula\" \/>\n\t<meta name=\"twitter:label2\" content=\"Tiempo de lectura\" \/>\n\t<meta name=\"twitter:data2\" content=\"2 minutos\" \/>\n<script type=\"application\/ld+json\" class=\"yoast-schema-graph\">{\"@context\":\"https:\/\/schema.org\",\"@graph\":[{\"@type\":\"Article\",\"@id\":\"https:\/\/www.bolsarama.es\/bolsa\/six-ha-designado-a-bjorn-sibbern-como-el-nuevo-consejero-delegado-reemplazando-a-jos-dijsselhof\/#article\",\"isPartOf\":{\"@id\":\"https:\/\/www.bolsarama.es\/bolsa\/six-ha-designado-a-bjorn-sibbern-como-el-nuevo-consejero-delegado-reemplazando-a-jos-dijsselhof\/\"},\"author\":{\"name\":\"Paula\",\"@id\":\"https:\/\/www.bolsarama.es\/bolsa\/#\/schema\/person\/a34ab5b5c7d41d99c10a5c3564af3e43\"},\"headline\":\"Six ha designado a Bjorn Sibbern como el nuevo consejero delegado, reemplazando a Jos Dijsselhof.\",\"datePublished\":\"2024-11-28T08:00:49+00:00\",\"dateModified\":\"2024-11-28T08:00:49+00:00\",\"mainEntityOfPage\":{\"@id\":\"https:\/\/www.bolsarama.es\/bolsa\/six-ha-designado-a-bjorn-sibbern-como-el-nuevo-consejero-delegado-reemplazando-a-jos-dijsselhof\/\"},\"wordCount\":366,\"commentCount\":0,\"publisher\":{\"@id\":\"https:\/\/www.bolsarama.es\/bolsa\/#organization\"},\"image\":{\"@id\":\"https:\/\/www.bolsarama.es\/bolsa\/six-ha-designado-a-bjorn-sibbern-como-el-nuevo-consejero-delegado-reemplazando-a-jos-dijsselhof\/#primaryimage\"},\"thumbnailUrl\":\"https:\/\/www.bolsarama.es\/bolsa\/wp-content\/uploads\/2024\/11\/Six-ha-designado-a-Bjorn-Sibbern-como-el-nuevo-consejero.jpg\",\"inLanguage\":\"es\",\"potentialAction\":[{\"@type\":\"CommentAction\",\"name\":\"Comment\",\"target\":[\"https:\/\/www.bolsarama.es\/bolsa\/six-ha-designado-a-bjorn-sibbern-como-el-nuevo-consejero-delegado-reemplazando-a-jos-dijsselhof\/#respond\"]}]},{\"@type\":\"WebPage\",\"@id\":\"https:\/\/www.bolsarama.es\/bolsa\/six-ha-designado-a-bjorn-sibbern-como-el-nuevo-consejero-delegado-reemplazando-a-jos-dijsselhof\/\",\"url\":\"https:\/\/www.bolsarama.es\/bolsa\/six-ha-designado-a-bjorn-sibbern-como-el-nuevo-consejero-delegado-reemplazando-a-jos-dijsselhof\/\",\"name\":\"Six ha designado a Bjorn Sibbern como el nuevo consejero delegado, reemplazando a Jos Dijsselhof. - Bolsarama - Informaci\u00f3n econ\u00f3mica actualizada - Bolsarama.es\",\"isPartOf\":{\"@id\":\"https:\/\/www.bolsarama.es\/bolsa\/#website\"},\"primaryImageOfPage\":{\"@id\":\"https:\/\/www.bolsarama.es\/bolsa\/six-ha-designado-a-bjorn-sibbern-como-el-nuevo-consejero-delegado-reemplazando-a-jos-dijsselhof\/#primaryimage\"},\"image\":{\"@id\":\"https:\/\/www.bolsarama.es\/bolsa\/six-ha-designado-a-bjorn-sibbern-como-el-nuevo-consejero-delegado-reemplazando-a-jos-dijsselhof\/#primaryimage\"},\"thumbnailUrl\":\"https:\/\/www.bolsarama.es\/bolsa\/wp-content\/uploads\/2024\/11\/Six-ha-designado-a-Bjorn-Sibbern-como-el-nuevo-consejero.jpg\",\"datePublished\":\"2024-11-28T08:00:49+00:00\",\"dateModified\":\"2024-11-28T08:00:49+00:00\",\"breadcrumb\":{\"@id\":\"https:\/\/www.bolsarama.es\/bolsa\/six-ha-designado-a-bjorn-sibbern-como-el-nuevo-consejero-delegado-reemplazando-a-jos-dijsselhof\/#breadcrumb\"},\"inLanguage\":\"es\",\"potentialAction\":[{\"@type\":\"ReadAction\",\"target\":[\"https:\/\/www.bolsarama.es\/bolsa\/six-ha-designado-a-bjorn-sibbern-como-el-nuevo-consejero-delegado-reemplazando-a-jos-dijsselhof\/\"]}]},{\"@type\":\"ImageObject\",\"inLanguage\":\"es\",\"@id\":\"https:\/\/www.bolsarama.es\/bolsa\/six-ha-designado-a-bjorn-sibbern-como-el-nuevo-consejero-delegado-reemplazando-a-jos-dijsselhof\/#primaryimage\",\"url\":\"https:\/\/www.bolsarama.es\/bolsa\/wp-content\/uploads\/2024\/11\/Six-ha-designado-a-Bjorn-Sibbern-como-el-nuevo-consejero.jpg\",\"contentUrl\":\"https:\/\/www.bolsarama.es\/bolsa\/wp-content\/uploads\/2024\/11\/Six-ha-designado-a-Bjorn-Sibbern-como-el-nuevo-consejero.jpg\",\"width\":800,\"height\":534,\"caption\":\"Econom\u00eda\/Empresas.- Six nombra a Bjorn Sibbern como nuevo consejero delegado en sustituci\u00f3n de Jos Dijsselhof\"},{\"@type\":\"BreadcrumbList\",\"@id\":\"https:\/\/www.bolsarama.es\/bolsa\/six-ha-designado-a-bjorn-sibbern-como-el-nuevo-consejero-delegado-reemplazando-a-jos-dijsselhof\/#breadcrumb\",\"itemListElement\":[{\"@type\":\"ListItem\",\"position\":1,\"name\":\"Bolsa\",\"item\":\"https:\/\/www.bolsarama.es\/bolsa\/\"},{\"@type\":\"ListItem\",\"position\":2,\"name\":\"Six ha designado a Bjorn Sibbern como el nuevo consejero delegado, reemplazando a Jos Dijsselhof.\"}]},{\"@type\":\"WebSite\",\"@id\":\"https:\/\/www.bolsarama.es\/bolsa\/#website\",\"url\":\"https:\/\/www.bolsarama.es\/bolsa\/\",\"name\":\"Bolsarama\",\"description\":\"\",\"publisher\":{\"@id\":\"https:\/\/www.bolsarama.es\/bolsa\/#organization\"},\"potentialAction\":[{\"@type\":\"SearchAction\",\"target\":{\"@type\":\"EntryPoint\",\"urlTemplate\":\"https:\/\/www.bolsarama.es\/bolsa\/?s={search_term_string}\"},\"query-input\":{\"@type\":\"PropertyValueSpecification\",\"valueRequired\":true,\"valueName\":\"search_term_string\"}}],\"inLanguage\":\"es\"},{\"@type\":\"Organization\",\"@id\":\"https:\/\/www.bolsarama.es\/bolsa\/#organization\",\"name\":\"Bolsarama\",\"url\":\"https:\/\/www.bolsarama.es\/bolsa\/\",\"logo\":{\"@type\":\"ImageObject\",\"inLanguage\":\"es\",\"@id\":\"https:\/\/www.bolsarama.es\/bolsa\/#\/schema\/logo\/image\/\",\"url\":\"https:\/\/www.bolsarama.es\/bolsa\/wp-content\/uploads\/2023\/10\/logo-bolsarama.png\",\"contentUrl\":\"https:\/\/www.bolsarama.es\/bolsa\/wp-content\/uploads\/2023\/10\/logo-bolsarama.png\",\"width\":300,\"height\":50,\"caption\":\"Bolsarama\"},\"image\":{\"@id\":\"https:\/\/www.bolsarama.es\/bolsa\/#\/schema\/logo\/image\/\"},\"sameAs\":[\"https:\/\/www.facebook.com\/bolsarama.es\",\"https:\/\/x.com\/Bolsarama_es\"]},{\"@type\":\"Person\",\"@id\":\"https:\/\/www.bolsarama.es\/bolsa\/#\/schema\/person\/a34ab5b5c7d41d99c10a5c3564af3e43\",\"name\":\"Paula\",\"image\":{\"@type\":\"ImageObject\",\"inLanguage\":\"es\",\"@id\":\"https:\/\/www.bolsarama.es\/bolsa\/#\/schema\/person\/image\/\",\"url\":\"https:\/\/www.bolsarama.es\/bolsa\/wp-content\/litespeed\/avatar\/d6404594800e2b580b751c6bb2eb5f4f.jpg?ver=1777428602\",\"contentUrl\":\"https:\/\/www.bolsarama.es\/bolsa\/wp-content\/litespeed\/avatar\/d6404594800e2b580b751c6bb2eb5f4f.jpg?ver=1777428602\",\"caption\":\"Paula\"},\"url\":\"https:\/\/www.bolsarama.es\/bolsa\/author\/paula\/\"}]}<\/script>\n<!-- \/ Yoast SEO plugin. -->","yoast_head_json":{"title":"Six ha designado a Bjorn Sibbern como el nuevo consejero delegado, reemplazando a Jos Dijsselhof. - Bolsarama - Informaci\u00f3n econ\u00f3mica actualizada - Bolsarama.es","robots":{"index":"index","follow":"follow","max-snippet":"max-snippet:-1","max-image-preview":"max-image-preview:large","max-video-preview":"max-video-preview:-1"},"canonical":"https:\/\/www.bolsarama.es\/bolsa\/six-ha-designado-a-bjorn-sibbern-como-el-nuevo-consejero-delegado-reemplazando-a-jos-dijsselhof\/","og_locale":"es_ES","og_type":"article","og_title":"Six ha designado a Bjorn Sibbern como el nuevo consejero delegado, reemplazando a Jos Dijsselhof. - Bolsarama - Informaci\u00f3n econ\u00f3mica actualizada - Bolsarama.es","og_description":"El mundo de los mercados de capitales siempre est\u00e1 en constante cambio, y prueba de ello es el reciente nombramiento de Bjorn Sibbern como CEO de Six. Este experto en mercados financieros asumir\u00e1 el cargo a partir del 1 de enero de 2025, sustituyendo a Jos Dijsselhof, quien ha estado al frente de la empresa [&hellip;]","og_url":"https:\/\/www.bolsarama.es\/bolsa\/six-ha-designado-a-bjorn-sibbern-como-el-nuevo-consejero-delegado-reemplazando-a-jos-dijsselhof\/","og_site_name":"Bolsarama - Informaci\u00f3n econ\u00f3mica actualizada - Bolsarama.es","article_publisher":"https:\/\/www.facebook.com\/bolsarama.es","article_published_time":"2024-11-28T08:00:49+00:00","og_image":[{"width":800,"height":534,"url":"https:\/\/www.bolsarama.es\/bolsa\/wp-content\/uploads\/2024\/11\/Six-ha-designado-a-Bjorn-Sibbern-como-el-nuevo-consejero.jpg","type":"image\/jpeg"}],"author":"Paula","twitter_card":"summary_large_image","twitter_creator":"@Bolsarama_es","twitter_site":"@Bolsarama_es","twitter_misc":{"Escrito por":"Paula","Tiempo de lectura":"2 minutos"},"schema":{"@context":"https:\/\/schema.org","@graph":[{"@type":"Article","@id":"https:\/\/www.bolsarama.es\/bolsa\/six-ha-designado-a-bjorn-sibbern-como-el-nuevo-consejero-delegado-reemplazando-a-jos-dijsselhof\/#article","isPartOf":{"@id":"https:\/\/www.bolsarama.es\/bolsa\/six-ha-designado-a-bjorn-sibbern-como-el-nuevo-consejero-delegado-reemplazando-a-jos-dijsselhof\/"},"author":{"name":"Paula","@id":"https:\/\/www.bolsarama.es\/bolsa\/#\/schema\/person\/a34ab5b5c7d41d99c10a5c3564af3e43"},"headline":"Six ha designado a Bjorn Sibbern como el nuevo consejero delegado, reemplazando a Jos Dijsselhof.","datePublished":"2024-11-28T08:00:49+00:00","dateModified":"2024-11-28T08:00:49+00:00","mainEntityOfPage":{"@id":"https:\/\/www.bolsarama.es\/bolsa\/six-ha-designado-a-bjorn-sibbern-como-el-nuevo-consejero-delegado-reemplazando-a-jos-dijsselhof\/"},"wordCount":366,"commentCount":0,"publisher":{"@id":"https:\/\/www.bolsarama.es\/bolsa\/#organization"},"image":{"@id":"https:\/\/www.bolsarama.es\/bolsa\/six-ha-designado-a-bjorn-sibbern-como-el-nuevo-consejero-delegado-reemplazando-a-jos-dijsselhof\/#primaryimage"},"thumbnailUrl":"https:\/\/www.bolsarama.es\/bolsa\/wp-content\/uploads\/2024\/11\/Six-ha-designado-a-Bjorn-Sibbern-como-el-nuevo-consejero.jpg","inLanguage":"es","potentialAction":[{"@type":"CommentAction","name":"Comment","target":["https:\/\/www.bolsarama.es\/bolsa\/six-ha-designado-a-bjorn-sibbern-como-el-nuevo-consejero-delegado-reemplazando-a-jos-dijsselhof\/#respond"]}]},{"@type":"WebPage","@id":"https:\/\/www.bolsarama.es\/bolsa\/six-ha-designado-a-bjorn-sibbern-como-el-nuevo-consejero-delegado-reemplazando-a-jos-dijsselhof\/","url":"https:\/\/www.bolsarama.es\/bolsa\/six-ha-designado-a-bjorn-sibbern-como-el-nuevo-consejero-delegado-reemplazando-a-jos-dijsselhof\/","name":"Six ha designado a Bjorn Sibbern como el nuevo consejero delegado, reemplazando a Jos Dijsselhof. - Bolsarama - Informaci\u00f3n econ\u00f3mica actualizada - Bolsarama.es","isPartOf":{"@id":"https:\/\/www.bolsarama.es\/bolsa\/#website"},"primaryImageOfPage":{"@id":"https:\/\/www.bolsarama.es\/bolsa\/six-ha-designado-a-bjorn-sibbern-como-el-nuevo-consejero-delegado-reemplazando-a-jos-dijsselhof\/#primaryimage"},"image":{"@id":"https:\/\/www.bolsarama.es\/bolsa\/six-ha-designado-a-bjorn-sibbern-como-el-nuevo-consejero-delegado-reemplazando-a-jos-dijsselhof\/#primaryimage"},"thumbnailUrl":"https:\/\/www.bolsarama.es\/bolsa\/wp-content\/uploads\/2024\/11\/Six-ha-designado-a-Bjorn-Sibbern-como-el-nuevo-consejero.jpg","datePublished":"2024-11-28T08:00:49+00:00","dateModified":"2024-11-28T08:00:49+00:00","breadcrumb":{"@id":"https:\/\/www.bolsarama.es\/bolsa\/six-ha-designado-a-bjorn-sibbern-como-el-nuevo-consejero-delegado-reemplazando-a-jos-dijsselhof\/#breadcrumb"},"inLanguage":"es","potentialAction":[{"@type":"ReadAction","target":["https:\/\/www.bolsarama.es\/bolsa\/six-ha-designado-a-bjorn-sibbern-como-el-nuevo-consejero-delegado-reemplazando-a-jos-dijsselhof\/"]}]},{"@type":"ImageObject","inLanguage":"es","@id":"https:\/\/www.bolsarama.es\/bolsa\/six-ha-designado-a-bjorn-sibbern-como-el-nuevo-consejero-delegado-reemplazando-a-jos-dijsselhof\/#primaryimage","url":"https:\/\/www.bolsarama.es\/bolsa\/wp-content\/uploads\/2024\/11\/Six-ha-designado-a-Bjorn-Sibbern-como-el-nuevo-consejero.jpg","contentUrl":"https:\/\/www.bolsarama.es\/bolsa\/wp-content\/uploads\/2024\/11\/Six-ha-designado-a-Bjorn-Sibbern-como-el-nuevo-consejero.jpg","width":800,"height":534,"caption":"Econom\u00eda\/Empresas.- Six nombra a Bjorn Sibbern como nuevo consejero delegado en sustituci\u00f3n de Jos Dijsselhof"},{"@type":"BreadcrumbList","@id":"https:\/\/www.bolsarama.es\/bolsa\/six-ha-designado-a-bjorn-sibbern-como-el-nuevo-consejero-delegado-reemplazando-a-jos-dijsselhof\/#breadcrumb","itemListElement":[{"@type":"ListItem","position":1,"name":"Bolsa","item":"https:\/\/www.bolsarama.es\/bolsa\/"},{"@type":"ListItem","position":2,"name":"Six ha designado a Bjorn Sibbern como el nuevo consejero delegado, reemplazando a Jos Dijsselhof."}]},{"@type":"WebSite","@id":"https:\/\/www.bolsarama.es\/bolsa\/#website","url":"https:\/\/www.bolsarama.es\/bolsa\/","name":"Bolsarama","description":"","publisher":{"@id":"https:\/\/www.bolsarama.es\/bolsa\/#organization"},"potentialAction":[{"@type":"SearchAction","target":{"@type":"EntryPoint","urlTemplate":"https:\/\/www.bolsarama.es\/bolsa\/?s={search_term_string}"},"query-input":{"@type":"PropertyValueSpecification","valueRequired":true,"valueName":"search_term_string"}}],"inLanguage":"es"},{"@type":"Organization","@id":"https:\/\/www.bolsarama.es\/bolsa\/#organization","name":"Bolsarama","url":"https:\/\/www.bolsarama.es\/bolsa\/","logo":{"@type":"ImageObject","inLanguage":"es","@id":"https:\/\/www.bolsarama.es\/bolsa\/#\/schema\/logo\/image\/","url":"https:\/\/www.bolsarama.es\/bolsa\/wp-content\/uploads\/2023\/10\/logo-bolsarama.png","contentUrl":"https:\/\/www.bolsarama.es\/bolsa\/wp-content\/uploads\/2023\/10\/logo-bolsarama.png","width":300,"height":50,"caption":"Bolsarama"},"image":{"@id":"https:\/\/www.bolsarama.es\/bolsa\/#\/schema\/logo\/image\/"},"sameAs":["https:\/\/www.facebook.com\/bolsarama.es","https:\/\/x.com\/Bolsarama_es"]},{"@type":"Person","@id":"https:\/\/www.bolsarama.es\/bolsa\/#\/schema\/person\/a34ab5b5c7d41d99c10a5c3564af3e43","name":"Paula","image":{"@type":"ImageObject","inLanguage":"es","@id":"https:\/\/www.bolsarama.es\/bolsa\/#\/schema\/person\/image\/","url":"https:\/\/www.bolsarama.es\/bolsa\/wp-content\/litespeed\/avatar\/d6404594800e2b580b751c6bb2eb5f4f.jpg?ver=1777428602","contentUrl":"https:\/\/www.bolsarama.es\/bolsa\/wp-content\/litespeed\/avatar\/d6404594800e2b580b751c6bb2eb5f4f.jpg?ver=1777428602","caption":"Paula"},"url":"https:\/\/www.bolsarama.es\/bolsa\/author\/paula\/"}]}},"_links":{"self":[{"href":"https:\/\/www.bolsarama.es\/bolsa\/wp-json\/wp\/v2\/posts\/720","targetHints":{"allow":["GET"]}}],"collection":[{"href":"https:\/\/www.bolsarama.es\/bolsa\/wp-json\/wp\/v2\/posts"}],"about":[{"href":"https:\/\/www.bolsarama.es\/bolsa\/wp-json\/wp\/v2\/types\/post"}],"author":[{"embeddable":true,"href":"https:\/\/www.bolsarama.es\/bolsa\/wp-json\/wp\/v2\/users\/2"}],"replies":[{"embeddable":true,"href":"https:\/\/www.bolsarama.es\/bolsa\/wp-json\/wp\/v2\/comments?post=720"}],"version-history":[{"count":1,"href":"https:\/\/www.bolsarama.es\/bolsa\/wp-json\/wp\/v2\/posts\/720\/revisions"}],"predecessor-version":[{"id":722,"href":"https:\/\/www.bolsarama.es\/bolsa\/wp-json\/wp\/v2\/posts\/720\/revisions\/722"}],"wp:featuredmedia":[{"embeddable":true,"href":"https:\/\/www.bolsarama.es\/bolsa\/wp-json\/wp\/v2\/media\/721"}],"wp:attachment":[{"href":"https:\/\/www.bolsarama.es\/bolsa\/wp-json\/wp\/v2\/media?parent=720"}],"wp:term":[{"taxonomy":"category","embeddable":true,"href":"https:\/\/www.bolsarama.es\/bolsa\/wp-json\/wp\/v2\/categories?post=720"},{"taxonomy":"post_tag","embeddable":true,"href":"https:\/\/www.bolsarama.es\/bolsa\/wp-json\/wp\/v2\/tags?post=720"}],"curies":[{"name":"wp","href":"https:\/\/api.w.org\/{rel}","templated":true}]}}