{"id":723,"date":"2024-11-28T11:10:56","date_gmt":"2024-11-28T10:10:56","guid":{"rendered":"https:\/\/www.bolsarama.es\/bolsa\/?p=723"},"modified":"2024-11-28T11:10:56","modified_gmt":"2024-11-28T10:10:56","slug":"diaz-presentara-la-disminucion-de-la-jornada-laboral-al-consejo-de-ministros-tan-pronto-como-llegue-a-un-acuerdo-con-los-sindicatos","status":"publish","type":"post","link":"https:\/\/www.bolsarama.es\/bolsa\/diaz-presentara-la-disminucion-de-la-jornada-laboral-al-consejo-de-ministros-tan-pronto-como-llegue-a-un-acuerdo-con-los-sindicatos\/","title":{"rendered":"D\u00edaz presentar\u00e1 la disminuci\u00f3n de la jornada laboral al Consejo de Ministros tan pronto como llegue a un acuerdo con los sindicatos."},"content":{"rendered":"<h2>La Reducci\u00f3n de la Jornada Laboral en Espa\u00f1a: Un Cambio Inminente<\/h2>\n<p>El mundo laboral en Espa\u00f1a est\u00e1 a punto de experimentar una transformaci\u00f3n significativa, gracias a las iniciativas de la vicepresidenta segunda y ministra de Trabajo y Econom\u00eda Social, Yolanda D\u00edaz. Con una mirada puesta firmemente en el futuro, D\u00edaz planea llevar al Consejo de Ministros la propuesta de reducci\u00f3n de la jornada laboral a 37,5 horas semanales. Este cambio, que ser\u00e1 discutido con los sindicatos CCOO y UGT, es solo un paso hacia una reforma laboral m\u00e1s amplia en el pa\u00eds.<\/p>\n<h3>La Necesidad de un Cambio<\/h3>\n<p>Despu\u00e9s de cuatro d\u00e9cadas de jornadas laborales est\u00e1ticas, D\u00edaz asegura que es el momento de un cambio. Seg\u00fan ella, la reducci\u00f3n de la jornada laboral no solo ayudar\u00e1 a aumentar la productividad, sino que tambi\u00e9n ser\u00e1 una herramienta efectiva para combatir problemas de salud mental causados por el exceso de trabajo y el estr\u00e9s laboral. <\/p>\n<h4>El Derecho a la Desconexi\u00f3n Digital<\/h4>\n<p>La propuesta de reforma laboral de D\u00edaz no se detiene en la reducci\u00f3n de horas. Adem\u00e1s, se incluye el derecho a la desconexi\u00f3n digital, esencial en una era donde la tecnolog\u00eda invade cada aspecto de nuestra vida. Este derecho permitir\u00e1 a los trabajadores desvincularse de sus obligaciones laborales fuera de su horario de trabajo, proporcionando un equilibrio entre la vida laboral y personal.<\/p>\n<h3>La Digitalizaci\u00f3n del Registro de la Jornada Laboral<\/h3>\n<p>Otro aspecto clave de esta reforma es la digitalizaci\u00f3n del registro de la jornada laboral. Este cambio permitir\u00e1 a la Inspecci\u00f3n de Trabajo comprobar, en tiempo real, si se est\u00e1n cumpliendo las horas de trabajo estipuladas. <\/p>\n<h4>La Respuesta de la CEOE<\/h4>\n<p>La Confederaci\u00f3n Espa\u00f1ola de Organizaciones Empresariales (CEOE) ha estado presente en estas negociaciones, pero D\u00edaz ha criticado su actitud pasiva y su falta de aportaciones en este debate crucial. <\/p>\n<h3>El Apoyo Pol\u00edtico a esta Reforma<\/h3>\n<p>La ministra D\u00edaz tambi\u00e9n ha instado al l\u00edder del Partido Popular, Alberto N\u00fa\u00f1ez Feij\u00f3o, a aclarar su posici\u00f3n sobre la reducci\u00f3n de la jornada laboral. Seg\u00fan D\u00edaz, los votantes del Partido Popular tambi\u00e9n est\u00e1n interesados en esta reforma, ya que tiene el potencial de beneficiar a todos los trabajadores espa\u00f1oles.<\/p>\n<p>En resumen, la reforma laboral propuesta por Yolanda D\u00edaz tiene el potencial de transformar el panorama laboral en Espa\u00f1a. Con la reducci\u00f3n de la jornada laboral, el derecho a la desconexi\u00f3n digital y la digitalizaci\u00f3n del registro de la jornada laboral, esta reforma promete un futuro de trabajo m\u00e1s equilibrado y saludable para todos los trabajadores espa\u00f1oles.<\/p>\n","protected":false},"excerpt":{"rendered":"<p>La Reducci\u00f3n de la Jornada Laboral en Espa\u00f1a: Un Cambio Inminente El mundo laboral en Espa\u00f1a est\u00e1 a punto de experimentar una transformaci\u00f3n significativa, gracias a las iniciativas de la vicepresidenta segunda y ministra de Trabajo y Econom\u00eda Social, Yolanda D\u00edaz. Con una mirada puesta firmemente en el futuro, D\u00edaz planea llevar al Consejo de [&hellip;]<\/p>\n","protected":false},"author":2,"featured_media":724,"comment_status":"open","ping_status":"open","sticky":false,"template":"","format":"standard","meta":{"footnotes":""},"categories":[1],"tags":[],"class_list":["post-723","post","type-post","status-publish","format-standard","has-post-thumbnail","hentry","category-sin-categoria"],"yoast_head":"<!-- This site is optimized with the Yoast SEO plugin v23.6 - https:\/\/yoast.com\/wordpress\/plugins\/seo\/ -->\n<title>D\u00edaz presentar\u00e1 la disminuci\u00f3n de la jornada laboral al Consejo de Ministros tan pronto como llegue a un acuerdo con los sindicatos. - Bolsarama - Informaci\u00f3n econ\u00f3mica actualizada - Bolsarama.es<\/title>\n<meta name=\"robots\" content=\"index, follow, max-snippet:-1, max-image-preview:large, max-video-preview:-1\" \/>\n<link rel=\"canonical\" href=\"https:\/\/www.bolsarama.es\/bolsa\/diaz-presentara-la-disminucion-de-la-jornada-laboral-al-consejo-de-ministros-tan-pronto-como-llegue-a-un-acuerdo-con-los-sindicatos\/\" \/>\n<meta property=\"og:locale\" content=\"es_ES\" \/>\n<meta property=\"og:type\" content=\"article\" \/>\n<meta property=\"og:title\" content=\"D\u00edaz presentar\u00e1 la disminuci\u00f3n de la jornada laboral al Consejo de Ministros tan pronto como llegue a un acuerdo con los sindicatos. - Bolsarama - Informaci\u00f3n econ\u00f3mica actualizada - Bolsarama.es\" \/>\n<meta property=\"og:description\" content=\"La Reducci\u00f3n de la Jornada Laboral en Espa\u00f1a: Un Cambio Inminente El mundo laboral en Espa\u00f1a est\u00e1 a punto de experimentar una transformaci\u00f3n significativa, gracias a las iniciativas de la vicepresidenta segunda y ministra de Trabajo y Econom\u00eda Social, Yolanda D\u00edaz. Con una mirada puesta firmemente en el futuro, D\u00edaz planea llevar al Consejo de [&hellip;]\" \/>\n<meta property=\"og:url\" content=\"https:\/\/www.bolsarama.es\/bolsa\/diaz-presentara-la-disminucion-de-la-jornada-laboral-al-consejo-de-ministros-tan-pronto-como-llegue-a-un-acuerdo-con-los-sindicatos\/\" \/>\n<meta property=\"og:site_name\" content=\"Bolsarama - Informaci\u00f3n econ\u00f3mica actualizada - Bolsarama.es\" \/>\n<meta property=\"article:publisher\" content=\"https:\/\/www.facebook.com\/bolsarama.es\" \/>\n<meta property=\"article:published_time\" content=\"2024-11-28T10:10:56+00:00\" \/>\n<meta property=\"og:image\" content=\"https:\/\/www.bolsarama.es\/bolsa\/wp-content\/uploads\/2024\/11\/Diaz-presentara-la-disminucion-de-la-jornada-laboral-al-Consejo.jpg\" \/>\n\t<meta property=\"og:image:width\" content=\"800\" \/>\n\t<meta property=\"og:image:height\" content=\"528\" \/>\n\t<meta property=\"og:image:type\" content=\"image\/jpeg\" \/>\n<meta name=\"author\" content=\"Paula\" \/>\n<meta name=\"twitter:card\" content=\"summary_large_image\" \/>\n<meta name=\"twitter:creator\" content=\"@Bolsarama_es\" \/>\n<meta name=\"twitter:site\" content=\"@Bolsarama_es\" \/>\n<meta name=\"twitter:label1\" content=\"Escrito por\" \/>\n\t<meta name=\"twitter:data1\" content=\"Paula\" \/>\n\t<meta name=\"twitter:label2\" content=\"Tiempo de lectura\" \/>\n\t<meta name=\"twitter:data2\" content=\"2 minutos\" \/>\n<script type=\"application\/ld+json\" class=\"yoast-schema-graph\">{\"@context\":\"https:\/\/schema.org\",\"@graph\":[{\"@type\":\"Article\",\"@id\":\"https:\/\/www.bolsarama.es\/bolsa\/diaz-presentara-la-disminucion-de-la-jornada-laboral-al-consejo-de-ministros-tan-pronto-como-llegue-a-un-acuerdo-con-los-sindicatos\/#article\",\"isPartOf\":{\"@id\":\"https:\/\/www.bolsarama.es\/bolsa\/diaz-presentara-la-disminucion-de-la-jornada-laboral-al-consejo-de-ministros-tan-pronto-como-llegue-a-un-acuerdo-con-los-sindicatos\/\"},\"author\":{\"name\":\"Paula\",\"@id\":\"https:\/\/www.bolsarama.es\/bolsa\/#\/schema\/person\/a34ab5b5c7d41d99c10a5c3564af3e43\"},\"headline\":\"D\u00edaz presentar\u00e1 la disminuci\u00f3n de la jornada laboral al Consejo de Ministros tan pronto como llegue a un acuerdo con los sindicatos.\",\"datePublished\":\"2024-11-28T10:10:56+00:00\",\"dateModified\":\"2024-11-28T10:10:56+00:00\",\"mainEntityOfPage\":{\"@id\":\"https:\/\/www.bolsarama.es\/bolsa\/diaz-presentara-la-disminucion-de-la-jornada-laboral-al-consejo-de-ministros-tan-pronto-como-llegue-a-un-acuerdo-con-los-sindicatos\/\"},\"wordCount\":486,\"commentCount\":0,\"publisher\":{\"@id\":\"https:\/\/www.bolsarama.es\/bolsa\/#organization\"},\"image\":{\"@id\":\"https:\/\/www.bolsarama.es\/bolsa\/diaz-presentara-la-disminucion-de-la-jornada-laboral-al-consejo-de-ministros-tan-pronto-como-llegue-a-un-acuerdo-con-los-sindicatos\/#primaryimage\"},\"thumbnailUrl\":\"https:\/\/www.bolsarama.es\/bolsa\/wp-content\/uploads\/2024\/11\/Diaz-presentara-la-disminucion-de-la-jornada-laboral-al-Consejo.jpg\",\"inLanguage\":\"es\",\"potentialAction\":[{\"@type\":\"CommentAction\",\"name\":\"Comment\",\"target\":[\"https:\/\/www.bolsarama.es\/bolsa\/diaz-presentara-la-disminucion-de-la-jornada-laboral-al-consejo-de-ministros-tan-pronto-como-llegue-a-un-acuerdo-con-los-sindicatos\/#respond\"]}]},{\"@type\":\"WebPage\",\"@id\":\"https:\/\/www.bolsarama.es\/bolsa\/diaz-presentara-la-disminucion-de-la-jornada-laboral-al-consejo-de-ministros-tan-pronto-como-llegue-a-un-acuerdo-con-los-sindicatos\/\",\"url\":\"https:\/\/www.bolsarama.es\/bolsa\/diaz-presentara-la-disminucion-de-la-jornada-laboral-al-consejo-de-ministros-tan-pronto-como-llegue-a-un-acuerdo-con-los-sindicatos\/\",\"name\":\"D\u00edaz presentar\u00e1 la disminuci\u00f3n de la jornada laboral al Consejo de Ministros tan pronto como llegue a un acuerdo con los sindicatos. - Bolsarama - Informaci\u00f3n econ\u00f3mica actualizada - Bolsarama.es\",\"isPartOf\":{\"@id\":\"https:\/\/www.bolsarama.es\/bolsa\/#website\"},\"primaryImageOfPage\":{\"@id\":\"https:\/\/www.bolsarama.es\/bolsa\/diaz-presentara-la-disminucion-de-la-jornada-laboral-al-consejo-de-ministros-tan-pronto-como-llegue-a-un-acuerdo-con-los-sindicatos\/#primaryimage\"},\"image\":{\"@id\":\"https:\/\/www.bolsarama.es\/bolsa\/diaz-presentara-la-disminucion-de-la-jornada-laboral-al-consejo-de-ministros-tan-pronto-como-llegue-a-un-acuerdo-con-los-sindicatos\/#primaryimage\"},\"thumbnailUrl\":\"https:\/\/www.bolsarama.es\/bolsa\/wp-content\/uploads\/2024\/11\/Diaz-presentara-la-disminucion-de-la-jornada-laboral-al-Consejo.jpg\",\"datePublished\":\"2024-11-28T10:10:56+00:00\",\"dateModified\":\"2024-11-28T10:10:56+00:00\",\"breadcrumb\":{\"@id\":\"https:\/\/www.bolsarama.es\/bolsa\/diaz-presentara-la-disminucion-de-la-jornada-laboral-al-consejo-de-ministros-tan-pronto-como-llegue-a-un-acuerdo-con-los-sindicatos\/#breadcrumb\"},\"inLanguage\":\"es\",\"potentialAction\":[{\"@type\":\"ReadAction\",\"target\":[\"https:\/\/www.bolsarama.es\/bolsa\/diaz-presentara-la-disminucion-de-la-jornada-laboral-al-consejo-de-ministros-tan-pronto-como-llegue-a-un-acuerdo-con-los-sindicatos\/\"]}]},{\"@type\":\"ImageObject\",\"inLanguage\":\"es\",\"@id\":\"https:\/\/www.bolsarama.es\/bolsa\/diaz-presentara-la-disminucion-de-la-jornada-laboral-al-consejo-de-ministros-tan-pronto-como-llegue-a-un-acuerdo-con-los-sindicatos\/#primaryimage\",\"url\":\"https:\/\/www.bolsarama.es\/bolsa\/wp-content\/uploads\/2024\/11\/Diaz-presentara-la-disminucion-de-la-jornada-laboral-al-Consejo.jpg\",\"contentUrl\":\"https:\/\/www.bolsarama.es\/bolsa\/wp-content\/uploads\/2024\/11\/Diaz-presentara-la-disminucion-de-la-jornada-laboral-al-Consejo.jpg\",\"width\":800,\"height\":528,\"caption\":\"Econom\u00eda.- D\u00edaz llevar\u00e1 la reducci\u00f3n de la jornada laboral al Consejo de Ministros en cuanto la pacte con sindicatos\"},{\"@type\":\"BreadcrumbList\",\"@id\":\"https:\/\/www.bolsarama.es\/bolsa\/diaz-presentara-la-disminucion-de-la-jornada-laboral-al-consejo-de-ministros-tan-pronto-como-llegue-a-un-acuerdo-con-los-sindicatos\/#breadcrumb\",\"itemListElement\":[{\"@type\":\"ListItem\",\"position\":1,\"name\":\"Bolsa\",\"item\":\"https:\/\/www.bolsarama.es\/bolsa\/\"},{\"@type\":\"ListItem\",\"position\":2,\"name\":\"D\u00edaz presentar\u00e1 la disminuci\u00f3n de la jornada laboral al Consejo de Ministros tan pronto como llegue a un acuerdo con los sindicatos.\"}]},{\"@type\":\"WebSite\",\"@id\":\"https:\/\/www.bolsarama.es\/bolsa\/#website\",\"url\":\"https:\/\/www.bolsarama.es\/bolsa\/\",\"name\":\"Bolsarama\",\"description\":\"\",\"publisher\":{\"@id\":\"https:\/\/www.bolsarama.es\/bolsa\/#organization\"},\"potentialAction\":[{\"@type\":\"SearchAction\",\"target\":{\"@type\":\"EntryPoint\",\"urlTemplate\":\"https:\/\/www.bolsarama.es\/bolsa\/?s={search_term_string}\"},\"query-input\":{\"@type\":\"PropertyValueSpecification\",\"valueRequired\":true,\"valueName\":\"search_term_string\"}}],\"inLanguage\":\"es\"},{\"@type\":\"Organization\",\"@id\":\"https:\/\/www.bolsarama.es\/bolsa\/#organization\",\"name\":\"Bolsarama\",\"url\":\"https:\/\/www.bolsarama.es\/bolsa\/\",\"logo\":{\"@type\":\"ImageObject\",\"inLanguage\":\"es\",\"@id\":\"https:\/\/www.bolsarama.es\/bolsa\/#\/schema\/logo\/image\/\",\"url\":\"https:\/\/www.bolsarama.es\/bolsa\/wp-content\/uploads\/2023\/10\/logo-bolsarama.png\",\"contentUrl\":\"https:\/\/www.bolsarama.es\/bolsa\/wp-content\/uploads\/2023\/10\/logo-bolsarama.png\",\"width\":300,\"height\":50,\"caption\":\"Bolsarama\"},\"image\":{\"@id\":\"https:\/\/www.bolsarama.es\/bolsa\/#\/schema\/logo\/image\/\"},\"sameAs\":[\"https:\/\/www.facebook.com\/bolsarama.es\",\"https:\/\/x.com\/Bolsarama_es\"]},{\"@type\":\"Person\",\"@id\":\"https:\/\/www.bolsarama.es\/bolsa\/#\/schema\/person\/a34ab5b5c7d41d99c10a5c3564af3e43\",\"name\":\"Paula\",\"image\":{\"@type\":\"ImageObject\",\"inLanguage\":\"es\",\"@id\":\"https:\/\/www.bolsarama.es\/bolsa\/#\/schema\/person\/image\/\",\"url\":\"https:\/\/www.bolsarama.es\/bolsa\/wp-content\/litespeed\/avatar\/d6404594800e2b580b751c6bb2eb5f4f.jpg?ver=1777428602\",\"contentUrl\":\"https:\/\/www.bolsarama.es\/bolsa\/wp-content\/litespeed\/avatar\/d6404594800e2b580b751c6bb2eb5f4f.jpg?ver=1777428602\",\"caption\":\"Paula\"},\"url\":\"https:\/\/www.bolsarama.es\/bolsa\/author\/paula\/\"}]}<\/script>\n<!-- \/ Yoast SEO plugin. -->","yoast_head_json":{"title":"D\u00edaz presentar\u00e1 la disminuci\u00f3n de la jornada laboral al Consejo de Ministros tan pronto como llegue a un acuerdo con los sindicatos. - Bolsarama - Informaci\u00f3n econ\u00f3mica actualizada - Bolsarama.es","robots":{"index":"index","follow":"follow","max-snippet":"max-snippet:-1","max-image-preview":"max-image-preview:large","max-video-preview":"max-video-preview:-1"},"canonical":"https:\/\/www.bolsarama.es\/bolsa\/diaz-presentara-la-disminucion-de-la-jornada-laboral-al-consejo-de-ministros-tan-pronto-como-llegue-a-un-acuerdo-con-los-sindicatos\/","og_locale":"es_ES","og_type":"article","og_title":"D\u00edaz presentar\u00e1 la disminuci\u00f3n de la jornada laboral al Consejo de Ministros tan pronto como llegue a un acuerdo con los sindicatos. - Bolsarama - Informaci\u00f3n econ\u00f3mica actualizada - Bolsarama.es","og_description":"La Reducci\u00f3n de la Jornada Laboral en Espa\u00f1a: Un Cambio Inminente El mundo laboral en Espa\u00f1a est\u00e1 a punto de experimentar una transformaci\u00f3n significativa, gracias a las iniciativas de la vicepresidenta segunda y ministra de Trabajo y Econom\u00eda Social, Yolanda D\u00edaz. Con una mirada puesta firmemente en el futuro, D\u00edaz planea llevar al Consejo de [&hellip;]","og_url":"https:\/\/www.bolsarama.es\/bolsa\/diaz-presentara-la-disminucion-de-la-jornada-laboral-al-consejo-de-ministros-tan-pronto-como-llegue-a-un-acuerdo-con-los-sindicatos\/","og_site_name":"Bolsarama - Informaci\u00f3n econ\u00f3mica actualizada - Bolsarama.es","article_publisher":"https:\/\/www.facebook.com\/bolsarama.es","article_published_time":"2024-11-28T10:10:56+00:00","og_image":[{"width":800,"height":528,"url":"https:\/\/www.bolsarama.es\/bolsa\/wp-content\/uploads\/2024\/11\/Diaz-presentara-la-disminucion-de-la-jornada-laboral-al-Consejo.jpg","type":"image\/jpeg"}],"author":"Paula","twitter_card":"summary_large_image","twitter_creator":"@Bolsarama_es","twitter_site":"@Bolsarama_es","twitter_misc":{"Escrito por":"Paula","Tiempo de lectura":"2 minutos"},"schema":{"@context":"https:\/\/schema.org","@graph":[{"@type":"Article","@id":"https:\/\/www.bolsarama.es\/bolsa\/diaz-presentara-la-disminucion-de-la-jornada-laboral-al-consejo-de-ministros-tan-pronto-como-llegue-a-un-acuerdo-con-los-sindicatos\/#article","isPartOf":{"@id":"https:\/\/www.bolsarama.es\/bolsa\/diaz-presentara-la-disminucion-de-la-jornada-laboral-al-consejo-de-ministros-tan-pronto-como-llegue-a-un-acuerdo-con-los-sindicatos\/"},"author":{"name":"Paula","@id":"https:\/\/www.bolsarama.es\/bolsa\/#\/schema\/person\/a34ab5b5c7d41d99c10a5c3564af3e43"},"headline":"D\u00edaz presentar\u00e1 la disminuci\u00f3n de la jornada laboral al Consejo de Ministros tan pronto como llegue a un acuerdo con los sindicatos.","datePublished":"2024-11-28T10:10:56+00:00","dateModified":"2024-11-28T10:10:56+00:00","mainEntityOfPage":{"@id":"https:\/\/www.bolsarama.es\/bolsa\/diaz-presentara-la-disminucion-de-la-jornada-laboral-al-consejo-de-ministros-tan-pronto-como-llegue-a-un-acuerdo-con-los-sindicatos\/"},"wordCount":486,"commentCount":0,"publisher":{"@id":"https:\/\/www.bolsarama.es\/bolsa\/#organization"},"image":{"@id":"https:\/\/www.bolsarama.es\/bolsa\/diaz-presentara-la-disminucion-de-la-jornada-laboral-al-consejo-de-ministros-tan-pronto-como-llegue-a-un-acuerdo-con-los-sindicatos\/#primaryimage"},"thumbnailUrl":"https:\/\/www.bolsarama.es\/bolsa\/wp-content\/uploads\/2024\/11\/Diaz-presentara-la-disminucion-de-la-jornada-laboral-al-Consejo.jpg","inLanguage":"es","potentialAction":[{"@type":"CommentAction","name":"Comment","target":["https:\/\/www.bolsarama.es\/bolsa\/diaz-presentara-la-disminucion-de-la-jornada-laboral-al-consejo-de-ministros-tan-pronto-como-llegue-a-un-acuerdo-con-los-sindicatos\/#respond"]}]},{"@type":"WebPage","@id":"https:\/\/www.bolsarama.es\/bolsa\/diaz-presentara-la-disminucion-de-la-jornada-laboral-al-consejo-de-ministros-tan-pronto-como-llegue-a-un-acuerdo-con-los-sindicatos\/","url":"https:\/\/www.bolsarama.es\/bolsa\/diaz-presentara-la-disminucion-de-la-jornada-laboral-al-consejo-de-ministros-tan-pronto-como-llegue-a-un-acuerdo-con-los-sindicatos\/","name":"D\u00edaz presentar\u00e1 la disminuci\u00f3n de la jornada laboral al Consejo de Ministros tan pronto como llegue a un acuerdo con los sindicatos. - Bolsarama - Informaci\u00f3n econ\u00f3mica actualizada - Bolsarama.es","isPartOf":{"@id":"https:\/\/www.bolsarama.es\/bolsa\/#website"},"primaryImageOfPage":{"@id":"https:\/\/www.bolsarama.es\/bolsa\/diaz-presentara-la-disminucion-de-la-jornada-laboral-al-consejo-de-ministros-tan-pronto-como-llegue-a-un-acuerdo-con-los-sindicatos\/#primaryimage"},"image":{"@id":"https:\/\/www.bolsarama.es\/bolsa\/diaz-presentara-la-disminucion-de-la-jornada-laboral-al-consejo-de-ministros-tan-pronto-como-llegue-a-un-acuerdo-con-los-sindicatos\/#primaryimage"},"thumbnailUrl":"https:\/\/www.bolsarama.es\/bolsa\/wp-content\/uploads\/2024\/11\/Diaz-presentara-la-disminucion-de-la-jornada-laboral-al-Consejo.jpg","datePublished":"2024-11-28T10:10:56+00:00","dateModified":"2024-11-28T10:10:56+00:00","breadcrumb":{"@id":"https:\/\/www.bolsarama.es\/bolsa\/diaz-presentara-la-disminucion-de-la-jornada-laboral-al-consejo-de-ministros-tan-pronto-como-llegue-a-un-acuerdo-con-los-sindicatos\/#breadcrumb"},"inLanguage":"es","potentialAction":[{"@type":"ReadAction","target":["https:\/\/www.bolsarama.es\/bolsa\/diaz-presentara-la-disminucion-de-la-jornada-laboral-al-consejo-de-ministros-tan-pronto-como-llegue-a-un-acuerdo-con-los-sindicatos\/"]}]},{"@type":"ImageObject","inLanguage":"es","@id":"https:\/\/www.bolsarama.es\/bolsa\/diaz-presentara-la-disminucion-de-la-jornada-laboral-al-consejo-de-ministros-tan-pronto-como-llegue-a-un-acuerdo-con-los-sindicatos\/#primaryimage","url":"https:\/\/www.bolsarama.es\/bolsa\/wp-content\/uploads\/2024\/11\/Diaz-presentara-la-disminucion-de-la-jornada-laboral-al-Consejo.jpg","contentUrl":"https:\/\/www.bolsarama.es\/bolsa\/wp-content\/uploads\/2024\/11\/Diaz-presentara-la-disminucion-de-la-jornada-laboral-al-Consejo.jpg","width":800,"height":528,"caption":"Econom\u00eda.- D\u00edaz llevar\u00e1 la reducci\u00f3n de la jornada laboral al Consejo de Ministros en cuanto la pacte con sindicatos"},{"@type":"BreadcrumbList","@id":"https:\/\/www.bolsarama.es\/bolsa\/diaz-presentara-la-disminucion-de-la-jornada-laboral-al-consejo-de-ministros-tan-pronto-como-llegue-a-un-acuerdo-con-los-sindicatos\/#breadcrumb","itemListElement":[{"@type":"ListItem","position":1,"name":"Bolsa","item":"https:\/\/www.bolsarama.es\/bolsa\/"},{"@type":"ListItem","position":2,"name":"D\u00edaz presentar\u00e1 la disminuci\u00f3n de la jornada laboral al Consejo de Ministros tan pronto como llegue a un acuerdo con los sindicatos."}]},{"@type":"WebSite","@id":"https:\/\/www.bolsarama.es\/bolsa\/#website","url":"https:\/\/www.bolsarama.es\/bolsa\/","name":"Bolsarama","description":"","publisher":{"@id":"https:\/\/www.bolsarama.es\/bolsa\/#organization"},"potentialAction":[{"@type":"SearchAction","target":{"@type":"EntryPoint","urlTemplate":"https:\/\/www.bolsarama.es\/bolsa\/?s={search_term_string}"},"query-input":{"@type":"PropertyValueSpecification","valueRequired":true,"valueName":"search_term_string"}}],"inLanguage":"es"},{"@type":"Organization","@id":"https:\/\/www.bolsarama.es\/bolsa\/#organization","name":"Bolsarama","url":"https:\/\/www.bolsarama.es\/bolsa\/","logo":{"@type":"ImageObject","inLanguage":"es","@id":"https:\/\/www.bolsarama.es\/bolsa\/#\/schema\/logo\/image\/","url":"https:\/\/www.bolsarama.es\/bolsa\/wp-content\/uploads\/2023\/10\/logo-bolsarama.png","contentUrl":"https:\/\/www.bolsarama.es\/bolsa\/wp-content\/uploads\/2023\/10\/logo-bolsarama.png","width":300,"height":50,"caption":"Bolsarama"},"image":{"@id":"https:\/\/www.bolsarama.es\/bolsa\/#\/schema\/logo\/image\/"},"sameAs":["https:\/\/www.facebook.com\/bolsarama.es","https:\/\/x.com\/Bolsarama_es"]},{"@type":"Person","@id":"https:\/\/www.bolsarama.es\/bolsa\/#\/schema\/person\/a34ab5b5c7d41d99c10a5c3564af3e43","name":"Paula","image":{"@type":"ImageObject","inLanguage":"es","@id":"https:\/\/www.bolsarama.es\/bolsa\/#\/schema\/person\/image\/","url":"https:\/\/www.bolsarama.es\/bolsa\/wp-content\/litespeed\/avatar\/d6404594800e2b580b751c6bb2eb5f4f.jpg?ver=1777428602","contentUrl":"https:\/\/www.bolsarama.es\/bolsa\/wp-content\/litespeed\/avatar\/d6404594800e2b580b751c6bb2eb5f4f.jpg?ver=1777428602","caption":"Paula"},"url":"https:\/\/www.bolsarama.es\/bolsa\/author\/paula\/"}]}},"_links":{"self":[{"href":"https:\/\/www.bolsarama.es\/bolsa\/wp-json\/wp\/v2\/posts\/723","targetHints":{"allow":["GET"]}}],"collection":[{"href":"https:\/\/www.bolsarama.es\/bolsa\/wp-json\/wp\/v2\/posts"}],"about":[{"href":"https:\/\/www.bolsarama.es\/bolsa\/wp-json\/wp\/v2\/types\/post"}],"author":[{"embeddable":true,"href":"https:\/\/www.bolsarama.es\/bolsa\/wp-json\/wp\/v2\/users\/2"}],"replies":[{"embeddable":true,"href":"https:\/\/www.bolsarama.es\/bolsa\/wp-json\/wp\/v2\/comments?post=723"}],"version-history":[{"count":1,"href":"https:\/\/www.bolsarama.es\/bolsa\/wp-json\/wp\/v2\/posts\/723\/revisions"}],"predecessor-version":[{"id":725,"href":"https:\/\/www.bolsarama.es\/bolsa\/wp-json\/wp\/v2\/posts\/723\/revisions\/725"}],"wp:featuredmedia":[{"embeddable":true,"href":"https:\/\/www.bolsarama.es\/bolsa\/wp-json\/wp\/v2\/media\/724"}],"wp:attachment":[{"href":"https:\/\/www.bolsarama.es\/bolsa\/wp-json\/wp\/v2\/media?parent=723"}],"wp:term":[{"taxonomy":"category","embeddable":true,"href":"https:\/\/www.bolsarama.es\/bolsa\/wp-json\/wp\/v2\/categories?post=723"},{"taxonomy":"post_tag","embeddable":true,"href":"https:\/\/www.bolsarama.es\/bolsa\/wp-json\/wp\/v2\/tags?post=723"}],"curies":[{"name":"wp","href":"https:\/\/api.w.org\/{rel}","templated":true}]}}