{"id":726,"date":"2024-11-28T12:15:43","date_gmt":"2024-11-28T11:15:43","guid":{"rendered":"https:\/\/www.bolsarama.es\/bolsa\/?p=726"},"modified":"2024-11-28T12:15:43","modified_gmt":"2024-11-28T11:15:43","slug":"primark-planea-reabrir-su-tienda-en-westfield-parquesur-leganes-el-proximo-5-de-diciembre-la-cual-ahora-tiene-el-doble-de-tamano","status":"publish","type":"post","link":"https:\/\/www.bolsarama.es\/bolsa\/primark-planea-reabrir-su-tienda-en-westfield-parquesur-leganes-el-proximo-5-de-diciembre-la-cual-ahora-tiene-el-doble-de-tamano\/","title":{"rendered":"Primark planea reabrir su tienda en Westfield Parquesur (Legan\u00e9s) el pr\u00f3ximo 5 de diciembre, la cual ahora tiene el doble de tama\u00f1o."},"content":{"rendered":"<p>Con una inversi\u00f3n de 100 millones de euros en el mercado espa\u00f1ol, la marca de moda low-cost Primark se prepara para la gran reapertura de su tienda en el centro comercial Westfield Parquesur de Legan\u00e9s. Nos complace informar que la apertura de la tienda tendr\u00e1 lugar el jueves 5 de diciembre.<\/p>\n<h2>Una Nueva Experiencia de Compra<\/h2>\n<p>La nueva tienda Primark en Parquesur ofrece m\u00e1s de 5.140 metros cuadrados de superficie comercial, duplicando el tama\u00f1o de la tienda anterior. La tienda se distribuye en dos plantas, proporcionando una amplia gama de productos para satisfacer todas las necesidades de moda de nuestros clientes. Por primera vez en la tienda de Parquesur, los clientes tendr\u00e1n la opci\u00f3n de elegir entre cajas de autopago y cajas tradicionales, lo que permite una experiencia de compra m\u00e1s c\u00f3moda y r\u00e1pida.<\/p>\n<h3>Inversi\u00f3n en el Mercado Espa\u00f1ol<\/h3>\n<p>En 2022, Primark reforz\u00f3 su compromiso con Espa\u00f1a al anunciar una inversi\u00f3n de 100 millones de euros en el mercado nacional. Esta inversi\u00f3n incluye 80 millones de euros destinados a la apertura de ocho nuevas tiendas, una ampliaci\u00f3n de tienda y una inversi\u00f3n de 20 millones de euros en mejoras y reformas en las tiendas existentes. Hasta la fecha, siete de las ocho nuevas tiendas ya est\u00e1n abiertas, y se espera que la pr\u00f3xima apertura sea en Ja\u00e9n Plaza.<\/p>\n<h4>Un Compromiso con la Sostenibilidad<\/h4>\n<p>Adem\u00e1s de ofrecer moda asequible, Primark tambi\u00e9n se compromete a ser un l\u00edder en sostenibilidad. Seg\u00fan su \u00faltimo Informe de Progreso sobre Sostenibilidad y \u00c9tica, el 66% de su ropa ya se fabrica con materiales reciclados o de origen m\u00e1s sostenible. Y eso no es todo: la compa\u00f1\u00eda se ha comprometido a alcanzar el 100% para 2030. Esta iniciativa forma parte de su compromiso con la protecci\u00f3n del medio ambiente y la promoci\u00f3n de una industria de la moda m\u00e1s sostenible.<\/p>\n<h2>Primark: Siempre Mejorando<\/h2>\n<p>La reapertura de la tienda de Parquesur no es solo una expansi\u00f3n, sino un reflejo del compromiso de Primark con la mejora continua. Cada nueva tienda, cada ampliaci\u00f3n y cada reforma est\u00e1n dise\u00f1adas no solo para mejorar la experiencia de compra de nuestros clientes, sino tambi\u00e9n para fortalecer nuestro compromiso con la sostenibilidad y la \u00e9tica en la moda. As\u00ed que, la pr\u00f3xima vez que visite una tienda Primark, no solo estar\u00e1 comprando moda asequible, sino tambi\u00e9n apoyando un futuro m\u00e1s sostenible.<\/p>\n","protected":false},"excerpt":{"rendered":"<p>Con una inversi\u00f3n de 100 millones de euros en el mercado espa\u00f1ol, la marca de moda low-cost Primark se prepara para la gran reapertura de su tienda en el centro comercial Westfield Parquesur de Legan\u00e9s. Nos complace informar que la apertura de la tienda tendr\u00e1 lugar el jueves 5 de diciembre. Una Nueva Experiencia de [&hellip;]<\/p>\n","protected":false},"author":2,"featured_media":727,"comment_status":"open","ping_status":"open","sticky":false,"template":"","format":"standard","meta":{"footnotes":""},"categories":[1],"tags":[],"class_list":["post-726","post","type-post","status-publish","format-standard","has-post-thumbnail","hentry","category-sin-categoria"],"yoast_head":"<!-- This site is optimized with the Yoast SEO plugin v23.6 - https:\/\/yoast.com\/wordpress\/plugins\/seo\/ -->\n<title>Primark planea reabrir su tienda en Westfield Parquesur (Legan\u00e9s) el pr\u00f3ximo 5 de diciembre, la cual ahora tiene el doble de tama\u00f1o. - Bolsarama - Informaci\u00f3n econ\u00f3mica actualizada - Bolsarama.es<\/title>\n<meta name=\"robots\" content=\"index, follow, max-snippet:-1, max-image-preview:large, max-video-preview:-1\" \/>\n<link rel=\"canonical\" href=\"https:\/\/www.bolsarama.es\/bolsa\/primark-planea-reabrir-su-tienda-en-westfield-parquesur-leganes-el-proximo-5-de-diciembre-la-cual-ahora-tiene-el-doble-de-tamano\/\" \/>\n<meta property=\"og:locale\" content=\"es_ES\" \/>\n<meta property=\"og:type\" content=\"article\" \/>\n<meta property=\"og:title\" content=\"Primark planea reabrir su tienda en Westfield Parquesur (Legan\u00e9s) el pr\u00f3ximo 5 de diciembre, la cual ahora tiene el doble de tama\u00f1o. - Bolsarama - Informaci\u00f3n econ\u00f3mica actualizada - Bolsarama.es\" \/>\n<meta property=\"og:description\" content=\"Con una inversi\u00f3n de 100 millones de euros en el mercado espa\u00f1ol, la marca de moda low-cost Primark se prepara para la gran reapertura de su tienda en el centro comercial Westfield Parquesur de Legan\u00e9s. Nos complace informar que la apertura de la tienda tendr\u00e1 lugar el jueves 5 de diciembre. Una Nueva Experiencia de [&hellip;]\" \/>\n<meta property=\"og:url\" content=\"https:\/\/www.bolsarama.es\/bolsa\/primark-planea-reabrir-su-tienda-en-westfield-parquesur-leganes-el-proximo-5-de-diciembre-la-cual-ahora-tiene-el-doble-de-tamano\/\" \/>\n<meta property=\"og:site_name\" content=\"Bolsarama - Informaci\u00f3n econ\u00f3mica actualizada - Bolsarama.es\" \/>\n<meta property=\"article:publisher\" content=\"https:\/\/www.facebook.com\/bolsarama.es\" \/>\n<meta property=\"article:published_time\" content=\"2024-11-28T11:15:43+00:00\" \/>\n<meta property=\"og:image\" content=\"https:\/\/www.bolsarama.es\/bolsa\/wp-content\/uploads\/2024\/11\/Primark-planea-reabrir-su-tienda-en-Westfield-Parquesur-Leganes-el.jpg\" \/>\n\t<meta property=\"og:image:width\" content=\"800\" \/>\n\t<meta property=\"og:image:height\" content=\"534\" \/>\n\t<meta property=\"og:image:type\" content=\"image\/jpeg\" \/>\n<meta name=\"author\" content=\"Paula\" \/>\n<meta name=\"twitter:card\" content=\"summary_large_image\" \/>\n<meta name=\"twitter:creator\" content=\"@Bolsarama_es\" \/>\n<meta name=\"twitter:site\" content=\"@Bolsarama_es\" \/>\n<meta name=\"twitter:label1\" content=\"Escrito por\" \/>\n\t<meta name=\"twitter:data1\" content=\"Paula\" \/>\n\t<meta name=\"twitter:label2\" content=\"Tiempo de lectura\" \/>\n\t<meta name=\"twitter:data2\" content=\"2 minutos\" \/>\n<script type=\"application\/ld+json\" class=\"yoast-schema-graph\">{\"@context\":\"https:\/\/schema.org\",\"@graph\":[{\"@type\":\"Article\",\"@id\":\"https:\/\/www.bolsarama.es\/bolsa\/primark-planea-reabrir-su-tienda-en-westfield-parquesur-leganes-el-proximo-5-de-diciembre-la-cual-ahora-tiene-el-doble-de-tamano\/#article\",\"isPartOf\":{\"@id\":\"https:\/\/www.bolsarama.es\/bolsa\/primark-planea-reabrir-su-tienda-en-westfield-parquesur-leganes-el-proximo-5-de-diciembre-la-cual-ahora-tiene-el-doble-de-tamano\/\"},\"author\":{\"name\":\"Paula\",\"@id\":\"https:\/\/www.bolsarama.es\/bolsa\/#\/schema\/person\/a34ab5b5c7d41d99c10a5c3564af3e43\"},\"headline\":\"Primark planea reabrir su tienda en Westfield Parquesur (Legan\u00e9s) el pr\u00f3ximo 5 de diciembre, la cual ahora tiene el doble de tama\u00f1o.\",\"datePublished\":\"2024-11-28T11:15:43+00:00\",\"dateModified\":\"2024-11-28T11:15:43+00:00\",\"mainEntityOfPage\":{\"@id\":\"https:\/\/www.bolsarama.es\/bolsa\/primark-planea-reabrir-su-tienda-en-westfield-parquesur-leganes-el-proximo-5-de-diciembre-la-cual-ahora-tiene-el-doble-de-tamano\/\"},\"wordCount\":440,\"commentCount\":0,\"publisher\":{\"@id\":\"https:\/\/www.bolsarama.es\/bolsa\/#organization\"},\"image\":{\"@id\":\"https:\/\/www.bolsarama.es\/bolsa\/primark-planea-reabrir-su-tienda-en-westfield-parquesur-leganes-el-proximo-5-de-diciembre-la-cual-ahora-tiene-el-doble-de-tamano\/#primaryimage\"},\"thumbnailUrl\":\"https:\/\/www.bolsarama.es\/bolsa\/wp-content\/uploads\/2024\/11\/Primark-planea-reabrir-su-tienda-en-Westfield-Parquesur-Leganes-el.jpg\",\"inLanguage\":\"es\",\"potentialAction\":[{\"@type\":\"CommentAction\",\"name\":\"Comment\",\"target\":[\"https:\/\/www.bolsarama.es\/bolsa\/primark-planea-reabrir-su-tienda-en-westfield-parquesur-leganes-el-proximo-5-de-diciembre-la-cual-ahora-tiene-el-doble-de-tamano\/#respond\"]}]},{\"@type\":\"WebPage\",\"@id\":\"https:\/\/www.bolsarama.es\/bolsa\/primark-planea-reabrir-su-tienda-en-westfield-parquesur-leganes-el-proximo-5-de-diciembre-la-cual-ahora-tiene-el-doble-de-tamano\/\",\"url\":\"https:\/\/www.bolsarama.es\/bolsa\/primark-planea-reabrir-su-tienda-en-westfield-parquesur-leganes-el-proximo-5-de-diciembre-la-cual-ahora-tiene-el-doble-de-tamano\/\",\"name\":\"Primark planea reabrir su tienda en Westfield Parquesur (Legan\u00e9s) el pr\u00f3ximo 5 de diciembre, la cual ahora tiene el doble de tama\u00f1o. - Bolsarama - Informaci\u00f3n econ\u00f3mica actualizada - Bolsarama.es\",\"isPartOf\":{\"@id\":\"https:\/\/www.bolsarama.es\/bolsa\/#website\"},\"primaryImageOfPage\":{\"@id\":\"https:\/\/www.bolsarama.es\/bolsa\/primark-planea-reabrir-su-tienda-en-westfield-parquesur-leganes-el-proximo-5-de-diciembre-la-cual-ahora-tiene-el-doble-de-tamano\/#primaryimage\"},\"image\":{\"@id\":\"https:\/\/www.bolsarama.es\/bolsa\/primark-planea-reabrir-su-tienda-en-westfield-parquesur-leganes-el-proximo-5-de-diciembre-la-cual-ahora-tiene-el-doble-de-tamano\/#primaryimage\"},\"thumbnailUrl\":\"https:\/\/www.bolsarama.es\/bolsa\/wp-content\/uploads\/2024\/11\/Primark-planea-reabrir-su-tienda-en-Westfield-Parquesur-Leganes-el.jpg\",\"datePublished\":\"2024-11-28T11:15:43+00:00\",\"dateModified\":\"2024-11-28T11:15:43+00:00\",\"breadcrumb\":{\"@id\":\"https:\/\/www.bolsarama.es\/bolsa\/primark-planea-reabrir-su-tienda-en-westfield-parquesur-leganes-el-proximo-5-de-diciembre-la-cual-ahora-tiene-el-doble-de-tamano\/#breadcrumb\"},\"inLanguage\":\"es\",\"potentialAction\":[{\"@type\":\"ReadAction\",\"target\":[\"https:\/\/www.bolsarama.es\/bolsa\/primark-planea-reabrir-su-tienda-en-westfield-parquesur-leganes-el-proximo-5-de-diciembre-la-cual-ahora-tiene-el-doble-de-tamano\/\"]}]},{\"@type\":\"ImageObject\",\"inLanguage\":\"es\",\"@id\":\"https:\/\/www.bolsarama.es\/bolsa\/primark-planea-reabrir-su-tienda-en-westfield-parquesur-leganes-el-proximo-5-de-diciembre-la-cual-ahora-tiene-el-doble-de-tamano\/#primaryimage\",\"url\":\"https:\/\/www.bolsarama.es\/bolsa\/wp-content\/uploads\/2024\/11\/Primark-planea-reabrir-su-tienda-en-Westfield-Parquesur-Leganes-el.jpg\",\"contentUrl\":\"https:\/\/www.bolsarama.es\/bolsa\/wp-content\/uploads\/2024\/11\/Primark-planea-reabrir-su-tienda-en-Westfield-Parquesur-Leganes-el.jpg\",\"width\":800,\"height\":534,\"caption\":\"Econom\u00eda.- Primark reabre el pr\u00f3ximo 5 de diciembre su tienda, que duplica tama\u00f1o, en Westfield Parquesur (Legan\u00e9s)\"},{\"@type\":\"BreadcrumbList\",\"@id\":\"https:\/\/www.bolsarama.es\/bolsa\/primark-planea-reabrir-su-tienda-en-westfield-parquesur-leganes-el-proximo-5-de-diciembre-la-cual-ahora-tiene-el-doble-de-tamano\/#breadcrumb\",\"itemListElement\":[{\"@type\":\"ListItem\",\"position\":1,\"name\":\"Bolsa\",\"item\":\"https:\/\/www.bolsarama.es\/bolsa\/\"},{\"@type\":\"ListItem\",\"position\":2,\"name\":\"Primark planea reabrir su tienda en Westfield Parquesur (Legan\u00e9s) el pr\u00f3ximo 5 de diciembre, la cual ahora tiene el doble de tama\u00f1o.\"}]},{\"@type\":\"WebSite\",\"@id\":\"https:\/\/www.bolsarama.es\/bolsa\/#website\",\"url\":\"https:\/\/www.bolsarama.es\/bolsa\/\",\"name\":\"Bolsarama\",\"description\":\"\",\"publisher\":{\"@id\":\"https:\/\/www.bolsarama.es\/bolsa\/#organization\"},\"potentialAction\":[{\"@type\":\"SearchAction\",\"target\":{\"@type\":\"EntryPoint\",\"urlTemplate\":\"https:\/\/www.bolsarama.es\/bolsa\/?s={search_term_string}\"},\"query-input\":{\"@type\":\"PropertyValueSpecification\",\"valueRequired\":true,\"valueName\":\"search_term_string\"}}],\"inLanguage\":\"es\"},{\"@type\":\"Organization\",\"@id\":\"https:\/\/www.bolsarama.es\/bolsa\/#organization\",\"name\":\"Bolsarama\",\"url\":\"https:\/\/www.bolsarama.es\/bolsa\/\",\"logo\":{\"@type\":\"ImageObject\",\"inLanguage\":\"es\",\"@id\":\"https:\/\/www.bolsarama.es\/bolsa\/#\/schema\/logo\/image\/\",\"url\":\"https:\/\/www.bolsarama.es\/bolsa\/wp-content\/uploads\/2023\/10\/logo-bolsarama.png\",\"contentUrl\":\"https:\/\/www.bolsarama.es\/bolsa\/wp-content\/uploads\/2023\/10\/logo-bolsarama.png\",\"width\":300,\"height\":50,\"caption\":\"Bolsarama\"},\"image\":{\"@id\":\"https:\/\/www.bolsarama.es\/bolsa\/#\/schema\/logo\/image\/\"},\"sameAs\":[\"https:\/\/www.facebook.com\/bolsarama.es\",\"https:\/\/x.com\/Bolsarama_es\"]},{\"@type\":\"Person\",\"@id\":\"https:\/\/www.bolsarama.es\/bolsa\/#\/schema\/person\/a34ab5b5c7d41d99c10a5c3564af3e43\",\"name\":\"Paula\",\"image\":{\"@type\":\"ImageObject\",\"inLanguage\":\"es\",\"@id\":\"https:\/\/www.bolsarama.es\/bolsa\/#\/schema\/person\/image\/\",\"url\":\"https:\/\/www.bolsarama.es\/bolsa\/wp-content\/litespeed\/avatar\/d6404594800e2b580b751c6bb2eb5f4f.jpg?ver=1777428602\",\"contentUrl\":\"https:\/\/www.bolsarama.es\/bolsa\/wp-content\/litespeed\/avatar\/d6404594800e2b580b751c6bb2eb5f4f.jpg?ver=1777428602\",\"caption\":\"Paula\"},\"url\":\"https:\/\/www.bolsarama.es\/bolsa\/author\/paula\/\"}]}<\/script>\n<!-- \/ Yoast SEO plugin. -->","yoast_head_json":{"title":"Primark planea reabrir su tienda en Westfield Parquesur (Legan\u00e9s) el pr\u00f3ximo 5 de diciembre, la cual ahora tiene el doble de tama\u00f1o. - Bolsarama - Informaci\u00f3n econ\u00f3mica actualizada - Bolsarama.es","robots":{"index":"index","follow":"follow","max-snippet":"max-snippet:-1","max-image-preview":"max-image-preview:large","max-video-preview":"max-video-preview:-1"},"canonical":"https:\/\/www.bolsarama.es\/bolsa\/primark-planea-reabrir-su-tienda-en-westfield-parquesur-leganes-el-proximo-5-de-diciembre-la-cual-ahora-tiene-el-doble-de-tamano\/","og_locale":"es_ES","og_type":"article","og_title":"Primark planea reabrir su tienda en Westfield Parquesur (Legan\u00e9s) el pr\u00f3ximo 5 de diciembre, la cual ahora tiene el doble de tama\u00f1o. - Bolsarama - Informaci\u00f3n econ\u00f3mica actualizada - Bolsarama.es","og_description":"Con una inversi\u00f3n de 100 millones de euros en el mercado espa\u00f1ol, la marca de moda low-cost Primark se prepara para la gran reapertura de su tienda en el centro comercial Westfield Parquesur de Legan\u00e9s. Nos complace informar que la apertura de la tienda tendr\u00e1 lugar el jueves 5 de diciembre. Una Nueva Experiencia de [&hellip;]","og_url":"https:\/\/www.bolsarama.es\/bolsa\/primark-planea-reabrir-su-tienda-en-westfield-parquesur-leganes-el-proximo-5-de-diciembre-la-cual-ahora-tiene-el-doble-de-tamano\/","og_site_name":"Bolsarama - Informaci\u00f3n econ\u00f3mica actualizada - Bolsarama.es","article_publisher":"https:\/\/www.facebook.com\/bolsarama.es","article_published_time":"2024-11-28T11:15:43+00:00","og_image":[{"width":800,"height":534,"url":"https:\/\/www.bolsarama.es\/bolsa\/wp-content\/uploads\/2024\/11\/Primark-planea-reabrir-su-tienda-en-Westfield-Parquesur-Leganes-el.jpg","type":"image\/jpeg"}],"author":"Paula","twitter_card":"summary_large_image","twitter_creator":"@Bolsarama_es","twitter_site":"@Bolsarama_es","twitter_misc":{"Escrito por":"Paula","Tiempo de lectura":"2 minutos"},"schema":{"@context":"https:\/\/schema.org","@graph":[{"@type":"Article","@id":"https:\/\/www.bolsarama.es\/bolsa\/primark-planea-reabrir-su-tienda-en-westfield-parquesur-leganes-el-proximo-5-de-diciembre-la-cual-ahora-tiene-el-doble-de-tamano\/#article","isPartOf":{"@id":"https:\/\/www.bolsarama.es\/bolsa\/primark-planea-reabrir-su-tienda-en-westfield-parquesur-leganes-el-proximo-5-de-diciembre-la-cual-ahora-tiene-el-doble-de-tamano\/"},"author":{"name":"Paula","@id":"https:\/\/www.bolsarama.es\/bolsa\/#\/schema\/person\/a34ab5b5c7d41d99c10a5c3564af3e43"},"headline":"Primark planea reabrir su tienda en Westfield Parquesur (Legan\u00e9s) el pr\u00f3ximo 5 de diciembre, la cual ahora tiene el doble de tama\u00f1o.","datePublished":"2024-11-28T11:15:43+00:00","dateModified":"2024-11-28T11:15:43+00:00","mainEntityOfPage":{"@id":"https:\/\/www.bolsarama.es\/bolsa\/primark-planea-reabrir-su-tienda-en-westfield-parquesur-leganes-el-proximo-5-de-diciembre-la-cual-ahora-tiene-el-doble-de-tamano\/"},"wordCount":440,"commentCount":0,"publisher":{"@id":"https:\/\/www.bolsarama.es\/bolsa\/#organization"},"image":{"@id":"https:\/\/www.bolsarama.es\/bolsa\/primark-planea-reabrir-su-tienda-en-westfield-parquesur-leganes-el-proximo-5-de-diciembre-la-cual-ahora-tiene-el-doble-de-tamano\/#primaryimage"},"thumbnailUrl":"https:\/\/www.bolsarama.es\/bolsa\/wp-content\/uploads\/2024\/11\/Primark-planea-reabrir-su-tienda-en-Westfield-Parquesur-Leganes-el.jpg","inLanguage":"es","potentialAction":[{"@type":"CommentAction","name":"Comment","target":["https:\/\/www.bolsarama.es\/bolsa\/primark-planea-reabrir-su-tienda-en-westfield-parquesur-leganes-el-proximo-5-de-diciembre-la-cual-ahora-tiene-el-doble-de-tamano\/#respond"]}]},{"@type":"WebPage","@id":"https:\/\/www.bolsarama.es\/bolsa\/primark-planea-reabrir-su-tienda-en-westfield-parquesur-leganes-el-proximo-5-de-diciembre-la-cual-ahora-tiene-el-doble-de-tamano\/","url":"https:\/\/www.bolsarama.es\/bolsa\/primark-planea-reabrir-su-tienda-en-westfield-parquesur-leganes-el-proximo-5-de-diciembre-la-cual-ahora-tiene-el-doble-de-tamano\/","name":"Primark planea reabrir su tienda en Westfield Parquesur (Legan\u00e9s) el pr\u00f3ximo 5 de diciembre, la cual ahora tiene el doble de tama\u00f1o. - Bolsarama - Informaci\u00f3n econ\u00f3mica actualizada - Bolsarama.es","isPartOf":{"@id":"https:\/\/www.bolsarama.es\/bolsa\/#website"},"primaryImageOfPage":{"@id":"https:\/\/www.bolsarama.es\/bolsa\/primark-planea-reabrir-su-tienda-en-westfield-parquesur-leganes-el-proximo-5-de-diciembre-la-cual-ahora-tiene-el-doble-de-tamano\/#primaryimage"},"image":{"@id":"https:\/\/www.bolsarama.es\/bolsa\/primark-planea-reabrir-su-tienda-en-westfield-parquesur-leganes-el-proximo-5-de-diciembre-la-cual-ahora-tiene-el-doble-de-tamano\/#primaryimage"},"thumbnailUrl":"https:\/\/www.bolsarama.es\/bolsa\/wp-content\/uploads\/2024\/11\/Primark-planea-reabrir-su-tienda-en-Westfield-Parquesur-Leganes-el.jpg","datePublished":"2024-11-28T11:15:43+00:00","dateModified":"2024-11-28T11:15:43+00:00","breadcrumb":{"@id":"https:\/\/www.bolsarama.es\/bolsa\/primark-planea-reabrir-su-tienda-en-westfield-parquesur-leganes-el-proximo-5-de-diciembre-la-cual-ahora-tiene-el-doble-de-tamano\/#breadcrumb"},"inLanguage":"es","potentialAction":[{"@type":"ReadAction","target":["https:\/\/www.bolsarama.es\/bolsa\/primark-planea-reabrir-su-tienda-en-westfield-parquesur-leganes-el-proximo-5-de-diciembre-la-cual-ahora-tiene-el-doble-de-tamano\/"]}]},{"@type":"ImageObject","inLanguage":"es","@id":"https:\/\/www.bolsarama.es\/bolsa\/primark-planea-reabrir-su-tienda-en-westfield-parquesur-leganes-el-proximo-5-de-diciembre-la-cual-ahora-tiene-el-doble-de-tamano\/#primaryimage","url":"https:\/\/www.bolsarama.es\/bolsa\/wp-content\/uploads\/2024\/11\/Primark-planea-reabrir-su-tienda-en-Westfield-Parquesur-Leganes-el.jpg","contentUrl":"https:\/\/www.bolsarama.es\/bolsa\/wp-content\/uploads\/2024\/11\/Primark-planea-reabrir-su-tienda-en-Westfield-Parquesur-Leganes-el.jpg","width":800,"height":534,"caption":"Econom\u00eda.- Primark reabre el pr\u00f3ximo 5 de diciembre su tienda, que duplica tama\u00f1o, en Westfield Parquesur (Legan\u00e9s)"},{"@type":"BreadcrumbList","@id":"https:\/\/www.bolsarama.es\/bolsa\/primark-planea-reabrir-su-tienda-en-westfield-parquesur-leganes-el-proximo-5-de-diciembre-la-cual-ahora-tiene-el-doble-de-tamano\/#breadcrumb","itemListElement":[{"@type":"ListItem","position":1,"name":"Bolsa","item":"https:\/\/www.bolsarama.es\/bolsa\/"},{"@type":"ListItem","position":2,"name":"Primark planea reabrir su tienda en Westfield Parquesur (Legan\u00e9s) el pr\u00f3ximo 5 de diciembre, la cual ahora tiene el doble de tama\u00f1o."}]},{"@type":"WebSite","@id":"https:\/\/www.bolsarama.es\/bolsa\/#website","url":"https:\/\/www.bolsarama.es\/bolsa\/","name":"Bolsarama","description":"","publisher":{"@id":"https:\/\/www.bolsarama.es\/bolsa\/#organization"},"potentialAction":[{"@type":"SearchAction","target":{"@type":"EntryPoint","urlTemplate":"https:\/\/www.bolsarama.es\/bolsa\/?s={search_term_string}"},"query-input":{"@type":"PropertyValueSpecification","valueRequired":true,"valueName":"search_term_string"}}],"inLanguage":"es"},{"@type":"Organization","@id":"https:\/\/www.bolsarama.es\/bolsa\/#organization","name":"Bolsarama","url":"https:\/\/www.bolsarama.es\/bolsa\/","logo":{"@type":"ImageObject","inLanguage":"es","@id":"https:\/\/www.bolsarama.es\/bolsa\/#\/schema\/logo\/image\/","url":"https:\/\/www.bolsarama.es\/bolsa\/wp-content\/uploads\/2023\/10\/logo-bolsarama.png","contentUrl":"https:\/\/www.bolsarama.es\/bolsa\/wp-content\/uploads\/2023\/10\/logo-bolsarama.png","width":300,"height":50,"caption":"Bolsarama"},"image":{"@id":"https:\/\/www.bolsarama.es\/bolsa\/#\/schema\/logo\/image\/"},"sameAs":["https:\/\/www.facebook.com\/bolsarama.es","https:\/\/x.com\/Bolsarama_es"]},{"@type":"Person","@id":"https:\/\/www.bolsarama.es\/bolsa\/#\/schema\/person\/a34ab5b5c7d41d99c10a5c3564af3e43","name":"Paula","image":{"@type":"ImageObject","inLanguage":"es","@id":"https:\/\/www.bolsarama.es\/bolsa\/#\/schema\/person\/image\/","url":"https:\/\/www.bolsarama.es\/bolsa\/wp-content\/litespeed\/avatar\/d6404594800e2b580b751c6bb2eb5f4f.jpg?ver=1777428602","contentUrl":"https:\/\/www.bolsarama.es\/bolsa\/wp-content\/litespeed\/avatar\/d6404594800e2b580b751c6bb2eb5f4f.jpg?ver=1777428602","caption":"Paula"},"url":"https:\/\/www.bolsarama.es\/bolsa\/author\/paula\/"}]}},"_links":{"self":[{"href":"https:\/\/www.bolsarama.es\/bolsa\/wp-json\/wp\/v2\/posts\/726","targetHints":{"allow":["GET"]}}],"collection":[{"href":"https:\/\/www.bolsarama.es\/bolsa\/wp-json\/wp\/v2\/posts"}],"about":[{"href":"https:\/\/www.bolsarama.es\/bolsa\/wp-json\/wp\/v2\/types\/post"}],"author":[{"embeddable":true,"href":"https:\/\/www.bolsarama.es\/bolsa\/wp-json\/wp\/v2\/users\/2"}],"replies":[{"embeddable":true,"href":"https:\/\/www.bolsarama.es\/bolsa\/wp-json\/wp\/v2\/comments?post=726"}],"version-history":[{"count":1,"href":"https:\/\/www.bolsarama.es\/bolsa\/wp-json\/wp\/v2\/posts\/726\/revisions"}],"predecessor-version":[{"id":728,"href":"https:\/\/www.bolsarama.es\/bolsa\/wp-json\/wp\/v2\/posts\/726\/revisions\/728"}],"wp:featuredmedia":[{"embeddable":true,"href":"https:\/\/www.bolsarama.es\/bolsa\/wp-json\/wp\/v2\/media\/727"}],"wp:attachment":[{"href":"https:\/\/www.bolsarama.es\/bolsa\/wp-json\/wp\/v2\/media?parent=726"}],"wp:term":[{"taxonomy":"category","embeddable":true,"href":"https:\/\/www.bolsarama.es\/bolsa\/wp-json\/wp\/v2\/categories?post=726"},{"taxonomy":"post_tag","embeddable":true,"href":"https:\/\/www.bolsarama.es\/bolsa\/wp-json\/wp\/v2\/tags?post=726"}],"curies":[{"name":"wp","href":"https:\/\/api.w.org\/{rel}","templated":true}]}}