{"id":732,"date":"2024-11-28T15:30:47","date_gmt":"2024-11-28T14:30:47","guid":{"rendered":"https:\/\/www.bolsarama.es\/bolsa\/?p=732"},"modified":"2024-11-28T15:30:47","modified_gmt":"2024-11-28T14:30:47","slug":"faine-sostiene-que-la-era-digital-no-tiene-sentido-si-olvidamos-darle-una-perspectiva-humanistica","status":"publish","type":"post","link":"https:\/\/www.bolsarama.es\/bolsa\/faine-sostiene-que-la-era-digital-no-tiene-sentido-si-olvidamos-darle-una-perspectiva-humanistica\/","title":{"rendered":"Fain\u00e9 sostiene que la era digital no tiene sentido si olvidamos darle una perspectiva human\u00edstica."},"content":{"rendered":"<h2>La era digital y su perspectiva humanista: Una visi\u00f3n de Isidro Fain\u00e9<\/h2>\n<p>La revoluci\u00f3n digital, si bien es una realidad que avanza a pasos agigantados, no debe perder de vista su esencia humanista. As\u00ed lo afirma Isidro Fain\u00e9, presidente de CriteriaCaixa y de la Fundaci\u00f3n CEDE, durante el XXIII congreso de la Confederaci\u00f3n Espa\u00f1ola de Directivos y Ejecutivos (CEDE). Seg\u00fan Fain\u00e9, la era digital no tiene sentido si se olvida darle una perspectiva human\u00edstica, una visi\u00f3n que parece esencial en un mundo cada vez m\u00e1s tecnol\u00f3gico.<\/p>\n<h2>Cooperaci\u00f3n en lugar de competencia: La visi\u00f3n de Fain\u00e9 sobre el futuro del liderazgo<\/h2>\n<p>En lugar de competir contra los robots, Fain\u00e9 aboga por la creaci\u00f3n de sinergias que aprovechen lo mejor de ambos mundos. El futuro del buen liderazgo, seg\u00fan el presidente de CriteriaCaixa, ser\u00e1 cooperativo y no competitivo. La interacci\u00f3n intergeneracional tiene un papel crucial en este nuevo paradigma, en el que se debe dar protagonismo a la generaci\u00f3n mejor preparada de la historia.<\/p>\n<h3>El llamado a invertir en todas las \u00e1reas del conocimiento<\/h3>\n<p>Fain\u00e9 hace un llamamiento a Espa\u00f1a y a Europa para invertir en todas las \u00e1reas del conocimiento, aprovechando una generaci\u00f3n de talento excepcionalmente buena. El desaf\u00edo es considerable, pero nada menos que poner a Espa\u00f1a en el mapa mundial de la tecnolog\u00eda. Seg\u00fan Fain\u00e9, la curiosidad intelectual y el aprendizaje constante son esenciales para ganar la batalla al continuismo.<\/p>\n<h2>La importancia de \u00abmarcos regulatorios robustos\u00bb en la era de la IA<\/h2>\n<p>La inteligencia artificial (IA) es uno de los grandes temas del momento y, como tal, exige un marco regulatorio robusto. Fain\u00e9 defiende la necesidad de tales marcos regulatorios para mitigar los riesgos de privacidad, ciberseguridad y sesgos discriminatorios en los algoritmos. El objetivo es avanzar con la tecnolog\u00eda hacia una sociedad m\u00e1s justa y con menos desigualdades.<\/p>\n<h3>Un futuro optimista y mejor con la IA<\/h3>\n<p>Finalmente, Fain\u00e9 sostiene que se debe tener prudencia y humildad ante la IA, pero tambi\u00e9n ambici\u00f3n y optimismo. En lugar de hablar del final del mundo, el presidente de CriteriaCaixa aboga por hablar de un nuevo mundo que va a ser mejor. La IA tiene el potencial de crear este nuevo mundo, siempre y cuando se mantenga a las personas en el centro de la ecuaci\u00f3n.<\/p>\n","protected":false},"excerpt":{"rendered":"<p>La era digital y su perspectiva humanista: Una visi\u00f3n de Isidro Fain\u00e9 La revoluci\u00f3n digital, si bien es una realidad que avanza a pasos agigantados, no debe perder de vista su esencia humanista. As\u00ed lo afirma Isidro Fain\u00e9, presidente de CriteriaCaixa y de la Fundaci\u00f3n CEDE, durante el XXIII congreso de la Confederaci\u00f3n Espa\u00f1ola de [&hellip;]<\/p>\n","protected":false},"author":2,"featured_media":733,"comment_status":"open","ping_status":"open","sticky":false,"template":"","format":"standard","meta":{"footnotes":""},"categories":[1],"tags":[],"class_list":["post-732","post","type-post","status-publish","format-standard","has-post-thumbnail","hentry","category-sin-categoria"],"yoast_head":"<!-- This site is optimized with the Yoast SEO plugin v23.6 - https:\/\/yoast.com\/wordpress\/plugins\/seo\/ -->\n<title>Fain\u00e9 sostiene que la era digital no tiene sentido si olvidamos darle una perspectiva human\u00edstica. - Bolsarama - Informaci\u00f3n econ\u00f3mica actualizada - Bolsarama.es<\/title>\n<meta name=\"robots\" content=\"index, follow, max-snippet:-1, max-image-preview:large, max-video-preview:-1\" \/>\n<link rel=\"canonical\" href=\"https:\/\/www.bolsarama.es\/bolsa\/faine-sostiene-que-la-era-digital-no-tiene-sentido-si-olvidamos-darle-una-perspectiva-humanistica\/\" \/>\n<meta property=\"og:locale\" content=\"es_ES\" \/>\n<meta property=\"og:type\" content=\"article\" \/>\n<meta property=\"og:title\" content=\"Fain\u00e9 sostiene que la era digital no tiene sentido si olvidamos darle una perspectiva human\u00edstica. - Bolsarama - Informaci\u00f3n econ\u00f3mica actualizada - Bolsarama.es\" \/>\n<meta property=\"og:description\" content=\"La era digital y su perspectiva humanista: Una visi\u00f3n de Isidro Fain\u00e9 La revoluci\u00f3n digital, si bien es una realidad que avanza a pasos agigantados, no debe perder de vista su esencia humanista. As\u00ed lo afirma Isidro Fain\u00e9, presidente de CriteriaCaixa y de la Fundaci\u00f3n CEDE, durante el XXIII congreso de la Confederaci\u00f3n Espa\u00f1ola de [&hellip;]\" \/>\n<meta property=\"og:url\" content=\"https:\/\/www.bolsarama.es\/bolsa\/faine-sostiene-que-la-era-digital-no-tiene-sentido-si-olvidamos-darle-una-perspectiva-humanistica\/\" \/>\n<meta property=\"og:site_name\" content=\"Bolsarama - Informaci\u00f3n econ\u00f3mica actualizada - Bolsarama.es\" \/>\n<meta property=\"article:publisher\" content=\"https:\/\/www.facebook.com\/bolsarama.es\" \/>\n<meta property=\"article:published_time\" content=\"2024-11-28T14:30:47+00:00\" \/>\n<meta property=\"og:image\" content=\"https:\/\/www.bolsarama.es\/bolsa\/wp-content\/uploads\/2024\/11\/Faine-sostiene-que-la-era-digital-no-tiene-sentido-si.jpg\" \/>\n\t<meta property=\"og:image:width\" content=\"800\" \/>\n\t<meta property=\"og:image:height\" content=\"532\" \/>\n\t<meta property=\"og:image:type\" content=\"image\/jpeg\" \/>\n<meta name=\"author\" content=\"Paula\" \/>\n<meta name=\"twitter:card\" content=\"summary_large_image\" \/>\n<meta name=\"twitter:creator\" content=\"@Bolsarama_es\" \/>\n<meta name=\"twitter:site\" content=\"@Bolsarama_es\" \/>\n<meta name=\"twitter:label1\" content=\"Escrito por\" \/>\n\t<meta name=\"twitter:data1\" content=\"Paula\" \/>\n\t<meta name=\"twitter:label2\" content=\"Tiempo de lectura\" \/>\n\t<meta name=\"twitter:data2\" content=\"2 minutos\" \/>\n<script type=\"application\/ld+json\" class=\"yoast-schema-graph\">{\"@context\":\"https:\/\/schema.org\",\"@graph\":[{\"@type\":\"Article\",\"@id\":\"https:\/\/www.bolsarama.es\/bolsa\/faine-sostiene-que-la-era-digital-no-tiene-sentido-si-olvidamos-darle-una-perspectiva-humanistica\/#article\",\"isPartOf\":{\"@id\":\"https:\/\/www.bolsarama.es\/bolsa\/faine-sostiene-que-la-era-digital-no-tiene-sentido-si-olvidamos-darle-una-perspectiva-humanistica\/\"},\"author\":{\"name\":\"Paula\",\"@id\":\"https:\/\/www.bolsarama.es\/bolsa\/#\/schema\/person\/a34ab5b5c7d41d99c10a5c3564af3e43\"},\"headline\":\"Fain\u00e9 sostiene que la era digital no tiene sentido si olvidamos darle una perspectiva human\u00edstica.\",\"datePublished\":\"2024-11-28T14:30:47+00:00\",\"dateModified\":\"2024-11-28T14:30:47+00:00\",\"mainEntityOfPage\":{\"@id\":\"https:\/\/www.bolsarama.es\/bolsa\/faine-sostiene-que-la-era-digital-no-tiene-sentido-si-olvidamos-darle-una-perspectiva-humanistica\/\"},\"wordCount\":417,\"commentCount\":0,\"publisher\":{\"@id\":\"https:\/\/www.bolsarama.es\/bolsa\/#organization\"},\"image\":{\"@id\":\"https:\/\/www.bolsarama.es\/bolsa\/faine-sostiene-que-la-era-digital-no-tiene-sentido-si-olvidamos-darle-una-perspectiva-humanistica\/#primaryimage\"},\"thumbnailUrl\":\"https:\/\/www.bolsarama.es\/bolsa\/wp-content\/uploads\/2024\/11\/Faine-sostiene-que-la-era-digital-no-tiene-sentido-si.jpg\",\"inLanguage\":\"es\",\"potentialAction\":[{\"@type\":\"CommentAction\",\"name\":\"Comment\",\"target\":[\"https:\/\/www.bolsarama.es\/bolsa\/faine-sostiene-que-la-era-digital-no-tiene-sentido-si-olvidamos-darle-una-perspectiva-humanistica\/#respond\"]}]},{\"@type\":\"WebPage\",\"@id\":\"https:\/\/www.bolsarama.es\/bolsa\/faine-sostiene-que-la-era-digital-no-tiene-sentido-si-olvidamos-darle-una-perspectiva-humanistica\/\",\"url\":\"https:\/\/www.bolsarama.es\/bolsa\/faine-sostiene-que-la-era-digital-no-tiene-sentido-si-olvidamos-darle-una-perspectiva-humanistica\/\",\"name\":\"Fain\u00e9 sostiene que la era digital no tiene sentido si olvidamos darle una perspectiva human\u00edstica. - Bolsarama - Informaci\u00f3n econ\u00f3mica actualizada - Bolsarama.es\",\"isPartOf\":{\"@id\":\"https:\/\/www.bolsarama.es\/bolsa\/#website\"},\"primaryImageOfPage\":{\"@id\":\"https:\/\/www.bolsarama.es\/bolsa\/faine-sostiene-que-la-era-digital-no-tiene-sentido-si-olvidamos-darle-una-perspectiva-humanistica\/#primaryimage\"},\"image\":{\"@id\":\"https:\/\/www.bolsarama.es\/bolsa\/faine-sostiene-que-la-era-digital-no-tiene-sentido-si-olvidamos-darle-una-perspectiva-humanistica\/#primaryimage\"},\"thumbnailUrl\":\"https:\/\/www.bolsarama.es\/bolsa\/wp-content\/uploads\/2024\/11\/Faine-sostiene-que-la-era-digital-no-tiene-sentido-si.jpg\",\"datePublished\":\"2024-11-28T14:30:47+00:00\",\"dateModified\":\"2024-11-28T14:30:47+00:00\",\"breadcrumb\":{\"@id\":\"https:\/\/www.bolsarama.es\/bolsa\/faine-sostiene-que-la-era-digital-no-tiene-sentido-si-olvidamos-darle-una-perspectiva-humanistica\/#breadcrumb\"},\"inLanguage\":\"es\",\"potentialAction\":[{\"@type\":\"ReadAction\",\"target\":[\"https:\/\/www.bolsarama.es\/bolsa\/faine-sostiene-que-la-era-digital-no-tiene-sentido-si-olvidamos-darle-una-perspectiva-humanistica\/\"]}]},{\"@type\":\"ImageObject\",\"inLanguage\":\"es\",\"@id\":\"https:\/\/www.bolsarama.es\/bolsa\/faine-sostiene-que-la-era-digital-no-tiene-sentido-si-olvidamos-darle-una-perspectiva-humanistica\/#primaryimage\",\"url\":\"https:\/\/www.bolsarama.es\/bolsa\/wp-content\/uploads\/2024\/11\/Faine-sostiene-que-la-era-digital-no-tiene-sentido-si.jpg\",\"contentUrl\":\"https:\/\/www.bolsarama.es\/bolsa\/wp-content\/uploads\/2024\/11\/Faine-sostiene-que-la-era-digital-no-tiene-sentido-si.jpg\",\"width\":800,\"height\":532,\"caption\":\"Econom\u00eda.- Fain\u00e9: \\\"La era digital no tiene sentido si olvidamos darle una perspectiva human\u00edstica\\\"\"},{\"@type\":\"BreadcrumbList\",\"@id\":\"https:\/\/www.bolsarama.es\/bolsa\/faine-sostiene-que-la-era-digital-no-tiene-sentido-si-olvidamos-darle-una-perspectiva-humanistica\/#breadcrumb\",\"itemListElement\":[{\"@type\":\"ListItem\",\"position\":1,\"name\":\"Bolsa\",\"item\":\"https:\/\/www.bolsarama.es\/bolsa\/\"},{\"@type\":\"ListItem\",\"position\":2,\"name\":\"Fain\u00e9 sostiene que la era digital no tiene sentido si olvidamos darle una perspectiva human\u00edstica.\"}]},{\"@type\":\"WebSite\",\"@id\":\"https:\/\/www.bolsarama.es\/bolsa\/#website\",\"url\":\"https:\/\/www.bolsarama.es\/bolsa\/\",\"name\":\"Bolsarama\",\"description\":\"\",\"publisher\":{\"@id\":\"https:\/\/www.bolsarama.es\/bolsa\/#organization\"},\"potentialAction\":[{\"@type\":\"SearchAction\",\"target\":{\"@type\":\"EntryPoint\",\"urlTemplate\":\"https:\/\/www.bolsarama.es\/bolsa\/?s={search_term_string}\"},\"query-input\":{\"@type\":\"PropertyValueSpecification\",\"valueRequired\":true,\"valueName\":\"search_term_string\"}}],\"inLanguage\":\"es\"},{\"@type\":\"Organization\",\"@id\":\"https:\/\/www.bolsarama.es\/bolsa\/#organization\",\"name\":\"Bolsarama\",\"url\":\"https:\/\/www.bolsarama.es\/bolsa\/\",\"logo\":{\"@type\":\"ImageObject\",\"inLanguage\":\"es\",\"@id\":\"https:\/\/www.bolsarama.es\/bolsa\/#\/schema\/logo\/image\/\",\"url\":\"https:\/\/www.bolsarama.es\/bolsa\/wp-content\/uploads\/2023\/10\/logo-bolsarama.png\",\"contentUrl\":\"https:\/\/www.bolsarama.es\/bolsa\/wp-content\/uploads\/2023\/10\/logo-bolsarama.png\",\"width\":300,\"height\":50,\"caption\":\"Bolsarama\"},\"image\":{\"@id\":\"https:\/\/www.bolsarama.es\/bolsa\/#\/schema\/logo\/image\/\"},\"sameAs\":[\"https:\/\/www.facebook.com\/bolsarama.es\",\"https:\/\/x.com\/Bolsarama_es\"]},{\"@type\":\"Person\",\"@id\":\"https:\/\/www.bolsarama.es\/bolsa\/#\/schema\/person\/a34ab5b5c7d41d99c10a5c3564af3e43\",\"name\":\"Paula\",\"image\":{\"@type\":\"ImageObject\",\"inLanguage\":\"es\",\"@id\":\"https:\/\/www.bolsarama.es\/bolsa\/#\/schema\/person\/image\/\",\"url\":\"https:\/\/www.bolsarama.es\/bolsa\/wp-content\/litespeed\/avatar\/d6404594800e2b580b751c6bb2eb5f4f.jpg?ver=1777428602\",\"contentUrl\":\"https:\/\/www.bolsarama.es\/bolsa\/wp-content\/litespeed\/avatar\/d6404594800e2b580b751c6bb2eb5f4f.jpg?ver=1777428602\",\"caption\":\"Paula\"},\"url\":\"https:\/\/www.bolsarama.es\/bolsa\/author\/paula\/\"}]}<\/script>\n<!-- \/ Yoast SEO plugin. -->","yoast_head_json":{"title":"Fain\u00e9 sostiene que la era digital no tiene sentido si olvidamos darle una perspectiva human\u00edstica. - Bolsarama - Informaci\u00f3n econ\u00f3mica actualizada - Bolsarama.es","robots":{"index":"index","follow":"follow","max-snippet":"max-snippet:-1","max-image-preview":"max-image-preview:large","max-video-preview":"max-video-preview:-1"},"canonical":"https:\/\/www.bolsarama.es\/bolsa\/faine-sostiene-que-la-era-digital-no-tiene-sentido-si-olvidamos-darle-una-perspectiva-humanistica\/","og_locale":"es_ES","og_type":"article","og_title":"Fain\u00e9 sostiene que la era digital no tiene sentido si olvidamos darle una perspectiva human\u00edstica. - Bolsarama - Informaci\u00f3n econ\u00f3mica actualizada - Bolsarama.es","og_description":"La era digital y su perspectiva humanista: Una visi\u00f3n de Isidro Fain\u00e9 La revoluci\u00f3n digital, si bien es una realidad que avanza a pasos agigantados, no debe perder de vista su esencia humanista. As\u00ed lo afirma Isidro Fain\u00e9, presidente de CriteriaCaixa y de la Fundaci\u00f3n CEDE, durante el XXIII congreso de la Confederaci\u00f3n Espa\u00f1ola de [&hellip;]","og_url":"https:\/\/www.bolsarama.es\/bolsa\/faine-sostiene-que-la-era-digital-no-tiene-sentido-si-olvidamos-darle-una-perspectiva-humanistica\/","og_site_name":"Bolsarama - Informaci\u00f3n econ\u00f3mica actualizada - Bolsarama.es","article_publisher":"https:\/\/www.facebook.com\/bolsarama.es","article_published_time":"2024-11-28T14:30:47+00:00","og_image":[{"width":800,"height":532,"url":"https:\/\/www.bolsarama.es\/bolsa\/wp-content\/uploads\/2024\/11\/Faine-sostiene-que-la-era-digital-no-tiene-sentido-si.jpg","type":"image\/jpeg"}],"author":"Paula","twitter_card":"summary_large_image","twitter_creator":"@Bolsarama_es","twitter_site":"@Bolsarama_es","twitter_misc":{"Escrito por":"Paula","Tiempo de lectura":"2 minutos"},"schema":{"@context":"https:\/\/schema.org","@graph":[{"@type":"Article","@id":"https:\/\/www.bolsarama.es\/bolsa\/faine-sostiene-que-la-era-digital-no-tiene-sentido-si-olvidamos-darle-una-perspectiva-humanistica\/#article","isPartOf":{"@id":"https:\/\/www.bolsarama.es\/bolsa\/faine-sostiene-que-la-era-digital-no-tiene-sentido-si-olvidamos-darle-una-perspectiva-humanistica\/"},"author":{"name":"Paula","@id":"https:\/\/www.bolsarama.es\/bolsa\/#\/schema\/person\/a34ab5b5c7d41d99c10a5c3564af3e43"},"headline":"Fain\u00e9 sostiene que la era digital no tiene sentido si olvidamos darle una perspectiva human\u00edstica.","datePublished":"2024-11-28T14:30:47+00:00","dateModified":"2024-11-28T14:30:47+00:00","mainEntityOfPage":{"@id":"https:\/\/www.bolsarama.es\/bolsa\/faine-sostiene-que-la-era-digital-no-tiene-sentido-si-olvidamos-darle-una-perspectiva-humanistica\/"},"wordCount":417,"commentCount":0,"publisher":{"@id":"https:\/\/www.bolsarama.es\/bolsa\/#organization"},"image":{"@id":"https:\/\/www.bolsarama.es\/bolsa\/faine-sostiene-que-la-era-digital-no-tiene-sentido-si-olvidamos-darle-una-perspectiva-humanistica\/#primaryimage"},"thumbnailUrl":"https:\/\/www.bolsarama.es\/bolsa\/wp-content\/uploads\/2024\/11\/Faine-sostiene-que-la-era-digital-no-tiene-sentido-si.jpg","inLanguage":"es","potentialAction":[{"@type":"CommentAction","name":"Comment","target":["https:\/\/www.bolsarama.es\/bolsa\/faine-sostiene-que-la-era-digital-no-tiene-sentido-si-olvidamos-darle-una-perspectiva-humanistica\/#respond"]}]},{"@type":"WebPage","@id":"https:\/\/www.bolsarama.es\/bolsa\/faine-sostiene-que-la-era-digital-no-tiene-sentido-si-olvidamos-darle-una-perspectiva-humanistica\/","url":"https:\/\/www.bolsarama.es\/bolsa\/faine-sostiene-que-la-era-digital-no-tiene-sentido-si-olvidamos-darle-una-perspectiva-humanistica\/","name":"Fain\u00e9 sostiene que la era digital no tiene sentido si olvidamos darle una perspectiva human\u00edstica. - Bolsarama - Informaci\u00f3n econ\u00f3mica actualizada - Bolsarama.es","isPartOf":{"@id":"https:\/\/www.bolsarama.es\/bolsa\/#website"},"primaryImageOfPage":{"@id":"https:\/\/www.bolsarama.es\/bolsa\/faine-sostiene-que-la-era-digital-no-tiene-sentido-si-olvidamos-darle-una-perspectiva-humanistica\/#primaryimage"},"image":{"@id":"https:\/\/www.bolsarama.es\/bolsa\/faine-sostiene-que-la-era-digital-no-tiene-sentido-si-olvidamos-darle-una-perspectiva-humanistica\/#primaryimage"},"thumbnailUrl":"https:\/\/www.bolsarama.es\/bolsa\/wp-content\/uploads\/2024\/11\/Faine-sostiene-que-la-era-digital-no-tiene-sentido-si.jpg","datePublished":"2024-11-28T14:30:47+00:00","dateModified":"2024-11-28T14:30:47+00:00","breadcrumb":{"@id":"https:\/\/www.bolsarama.es\/bolsa\/faine-sostiene-que-la-era-digital-no-tiene-sentido-si-olvidamos-darle-una-perspectiva-humanistica\/#breadcrumb"},"inLanguage":"es","potentialAction":[{"@type":"ReadAction","target":["https:\/\/www.bolsarama.es\/bolsa\/faine-sostiene-que-la-era-digital-no-tiene-sentido-si-olvidamos-darle-una-perspectiva-humanistica\/"]}]},{"@type":"ImageObject","inLanguage":"es","@id":"https:\/\/www.bolsarama.es\/bolsa\/faine-sostiene-que-la-era-digital-no-tiene-sentido-si-olvidamos-darle-una-perspectiva-humanistica\/#primaryimage","url":"https:\/\/www.bolsarama.es\/bolsa\/wp-content\/uploads\/2024\/11\/Faine-sostiene-que-la-era-digital-no-tiene-sentido-si.jpg","contentUrl":"https:\/\/www.bolsarama.es\/bolsa\/wp-content\/uploads\/2024\/11\/Faine-sostiene-que-la-era-digital-no-tiene-sentido-si.jpg","width":800,"height":532,"caption":"Econom\u00eda.- Fain\u00e9: \"La era digital no tiene sentido si olvidamos darle una perspectiva human\u00edstica\""},{"@type":"BreadcrumbList","@id":"https:\/\/www.bolsarama.es\/bolsa\/faine-sostiene-que-la-era-digital-no-tiene-sentido-si-olvidamos-darle-una-perspectiva-humanistica\/#breadcrumb","itemListElement":[{"@type":"ListItem","position":1,"name":"Bolsa","item":"https:\/\/www.bolsarama.es\/bolsa\/"},{"@type":"ListItem","position":2,"name":"Fain\u00e9 sostiene que la era digital no tiene sentido si olvidamos darle una perspectiva human\u00edstica."}]},{"@type":"WebSite","@id":"https:\/\/www.bolsarama.es\/bolsa\/#website","url":"https:\/\/www.bolsarama.es\/bolsa\/","name":"Bolsarama","description":"","publisher":{"@id":"https:\/\/www.bolsarama.es\/bolsa\/#organization"},"potentialAction":[{"@type":"SearchAction","target":{"@type":"EntryPoint","urlTemplate":"https:\/\/www.bolsarama.es\/bolsa\/?s={search_term_string}"},"query-input":{"@type":"PropertyValueSpecification","valueRequired":true,"valueName":"search_term_string"}}],"inLanguage":"es"},{"@type":"Organization","@id":"https:\/\/www.bolsarama.es\/bolsa\/#organization","name":"Bolsarama","url":"https:\/\/www.bolsarama.es\/bolsa\/","logo":{"@type":"ImageObject","inLanguage":"es","@id":"https:\/\/www.bolsarama.es\/bolsa\/#\/schema\/logo\/image\/","url":"https:\/\/www.bolsarama.es\/bolsa\/wp-content\/uploads\/2023\/10\/logo-bolsarama.png","contentUrl":"https:\/\/www.bolsarama.es\/bolsa\/wp-content\/uploads\/2023\/10\/logo-bolsarama.png","width":300,"height":50,"caption":"Bolsarama"},"image":{"@id":"https:\/\/www.bolsarama.es\/bolsa\/#\/schema\/logo\/image\/"},"sameAs":["https:\/\/www.facebook.com\/bolsarama.es","https:\/\/x.com\/Bolsarama_es"]},{"@type":"Person","@id":"https:\/\/www.bolsarama.es\/bolsa\/#\/schema\/person\/a34ab5b5c7d41d99c10a5c3564af3e43","name":"Paula","image":{"@type":"ImageObject","inLanguage":"es","@id":"https:\/\/www.bolsarama.es\/bolsa\/#\/schema\/person\/image\/","url":"https:\/\/www.bolsarama.es\/bolsa\/wp-content\/litespeed\/avatar\/d6404594800e2b580b751c6bb2eb5f4f.jpg?ver=1777428602","contentUrl":"https:\/\/www.bolsarama.es\/bolsa\/wp-content\/litespeed\/avatar\/d6404594800e2b580b751c6bb2eb5f4f.jpg?ver=1777428602","caption":"Paula"},"url":"https:\/\/www.bolsarama.es\/bolsa\/author\/paula\/"}]}},"_links":{"self":[{"href":"https:\/\/www.bolsarama.es\/bolsa\/wp-json\/wp\/v2\/posts\/732","targetHints":{"allow":["GET"]}}],"collection":[{"href":"https:\/\/www.bolsarama.es\/bolsa\/wp-json\/wp\/v2\/posts"}],"about":[{"href":"https:\/\/www.bolsarama.es\/bolsa\/wp-json\/wp\/v2\/types\/post"}],"author":[{"embeddable":true,"href":"https:\/\/www.bolsarama.es\/bolsa\/wp-json\/wp\/v2\/users\/2"}],"replies":[{"embeddable":true,"href":"https:\/\/www.bolsarama.es\/bolsa\/wp-json\/wp\/v2\/comments?post=732"}],"version-history":[{"count":1,"href":"https:\/\/www.bolsarama.es\/bolsa\/wp-json\/wp\/v2\/posts\/732\/revisions"}],"predecessor-version":[{"id":734,"href":"https:\/\/www.bolsarama.es\/bolsa\/wp-json\/wp\/v2\/posts\/732\/revisions\/734"}],"wp:featuredmedia":[{"embeddable":true,"href":"https:\/\/www.bolsarama.es\/bolsa\/wp-json\/wp\/v2\/media\/733"}],"wp:attachment":[{"href":"https:\/\/www.bolsarama.es\/bolsa\/wp-json\/wp\/v2\/media?parent=732"}],"wp:term":[{"taxonomy":"category","embeddable":true,"href":"https:\/\/www.bolsarama.es\/bolsa\/wp-json\/wp\/v2\/categories?post=732"},{"taxonomy":"post_tag","embeddable":true,"href":"https:\/\/www.bolsarama.es\/bolsa\/wp-json\/wp\/v2\/tags?post=732"}],"curies":[{"name":"wp","href":"https:\/\/api.w.org\/{rel}","templated":true}]}}