{"id":750,"date":"2024-11-29T10:05:34","date_gmt":"2024-11-29T09:05:34","guid":{"rendered":"https:\/\/www.bolsarama.es\/bolsa\/?p=750"},"modified":"2024-11-29T10:05:34","modified_gmt":"2024-11-29T09:05:34","slug":"las-ventas-del-comercio-minorista-aumentaron-un-54-en-octubre-lo-que-representa-su-mayor-incremento-en-dos-anos-y-medio","status":"publish","type":"post","link":"https:\/\/www.bolsarama.es\/bolsa\/las-ventas-del-comercio-minorista-aumentaron-un-54-en-octubre-lo-que-representa-su-mayor-incremento-en-dos-anos-y-medio\/","title":{"rendered":"Las ventas del comercio minorista aumentaron un 5,4% en octubre, lo que representa su mayor incremento en dos a\u00f1os y medio."},"content":{"rendered":"<p><\/p>\n<p>El comercio minorista en Espa\u00f1a est\u00e1 experimentando un periodo de crecimiento sin precedentes. De acuerdo con los datos m\u00e1s recientes del Instituto Nacional de Estad\u00edstica (INE), las ventas en octubre aumentaron un 5,4% en comparaci\u00f3n con el mismo mes de 2023. Este es el mayor incremento registrado desde abril de 2022 y marca el cuarto mes consecutivo de tasas interanuales positivas.<\/p>\n<h2>El crecimiento en diferentes sectores del comercio minorista<\/h2>\n<p><\/p>\n<p>El crecimiento no se limita a un solo sector. Las ventas de productos de alimentaci\u00f3n aumentaron un 4,7% interanual, mientras que las del resto de productos crecieron un 6,7% en comparaci\u00f3n con octubre de 2023. Los productos de equipo personal, equipo del hogar y salud tambi\u00e9n experimentaron un crecimiento significativo, con aumentos del 8,7%, del 6,9% y del 6% respectivamente.<\/p>\n<h3>Aumento en las ventas en las estaciones de servicio<\/h3>\n<p><\/p>\n<p>Las estaciones de servicio tambi\u00e9n registraron un incremento de las ventas, con una subida del 3,2% en comparaci\u00f3n con el mismo mes del a\u00f1o pasado. Este aumento muestra que el consumo de combustible sigue siendo un componente esencial de la econom\u00eda espa\u00f1ola.<\/p>\n<h4>El crecimiento en diferentes modos de distribuci\u00f3n<\/h4>\n<p><\/p>\n<p>En cuanto a los modos de distribuci\u00f3n, todos ellos registraron ascensos interanuales de las ventas. Destacan las grandes cadenas y las empresas unilocalizadas, con incrementos del 7,3% y del 5,7% respectivamente. Las ventas en las peque\u00f1as cadenas avanzaron un 3,8%, en las grandes superficies un 3,7% y en el comercio electr\u00f3nico un 2,9%. Este \u00faltimo dato es especialmente relevante, ya que el comercio electr\u00f3nico ha vuelto a tasas positivas despu\u00e9s de nueve meses consecutivos de descensos.<\/p>\n<h2>El impacto en el empleo<\/h2>\n<p><\/p>\n<p>El auge del comercio minorista tambi\u00e9n ha tenido un impacto positivo en el empleo. La ocupaci\u00f3n en el sector creci\u00f3 un 1,8% interanual en octubre, sumando ya 43 meses de incrementos interanuales consecutivos. Las grandes cadenas lideraron este crecimiento con un aumento del 4% en la ocupaci\u00f3n, seguidas de las estaciones de servicio con un 1,7% y las peque\u00f1as cadenas y empresas unilocalizadas con un 1,2%.<\/p>\n<h3>El crecimiento del comercio minorista por comunidades aut\u00f3nomas<\/h3>\n<p><\/p>\n<p>En octubre, las ventas minoristas aumentaron en todas las comunidades aut\u00f3nomas, destacando Canarias con un incremento del 7,6%, seguida de Andaluc\u00eda con un 7,1% y el Pa\u00eds Vasco con un 6,9%. En t\u00e9rminos de empleo, 15 comunidades mostraron crecimientos interanuales en octubre, especialmente las Islas Baleares y Canarias, con ascensos del 4,1% en ambos casos.<\/p>\n<p>En resumen, el comercio minorista en Espa\u00f1a est\u00e1 experimentando un periodo de crecimiento significativo, con aumentos en las ventas en todos los sectores y modos de distribuci\u00f3n, y un impacto positivo en el empleo. Este crecimiento parece estar distribuido de manera equitativa por todo el pa\u00eds, con todas las comunidades aut\u00f3nomas registrando aumentos en las ventas minoristas.<\/p>\n","protected":false},"excerpt":{"rendered":"<p>El comercio minorista en Espa\u00f1a est\u00e1 experimentando un periodo de crecimiento sin precedentes. De acuerdo con los datos m\u00e1s recientes del Instituto Nacional de Estad\u00edstica (INE), las ventas en octubre aumentaron un 5,4% en comparaci\u00f3n con el mismo mes de 2023. Este es el mayor incremento registrado desde abril de 2022 y marca el cuarto [&hellip;]<\/p>\n","protected":false},"author":2,"featured_media":751,"comment_status":"open","ping_status":"open","sticky":false,"template":"","format":"standard","meta":{"footnotes":""},"categories":[1],"tags":[],"class_list":["post-750","post","type-post","status-publish","format-standard","has-post-thumbnail","hentry","category-sin-categoria"],"yoast_head":"<!-- This site is optimized with the Yoast SEO plugin v23.6 - https:\/\/yoast.com\/wordpress\/plugins\/seo\/ -->\n<title>Las ventas del comercio minorista aumentaron un 5,4% en octubre, lo que representa su mayor incremento en dos a\u00f1os y medio. - Bolsarama - Informaci\u00f3n econ\u00f3mica actualizada - Bolsarama.es<\/title>\n<meta name=\"robots\" content=\"index, follow, max-snippet:-1, max-image-preview:large, max-video-preview:-1\" \/>\n<link rel=\"canonical\" href=\"https:\/\/www.bolsarama.es\/bolsa\/las-ventas-del-comercio-minorista-aumentaron-un-54-en-octubre-lo-que-representa-su-mayor-incremento-en-dos-anos-y-medio\/\" \/>\n<meta property=\"og:locale\" content=\"es_ES\" \/>\n<meta property=\"og:type\" content=\"article\" \/>\n<meta property=\"og:title\" content=\"Las ventas del comercio minorista aumentaron un 5,4% en octubre, lo que representa su mayor incremento en dos a\u00f1os y medio. - Bolsarama - Informaci\u00f3n econ\u00f3mica actualizada - Bolsarama.es\" \/>\n<meta property=\"og:description\" content=\"El comercio minorista en Espa\u00f1a est\u00e1 experimentando un periodo de crecimiento sin precedentes. De acuerdo con los datos m\u00e1s recientes del Instituto Nacional de Estad\u00edstica (INE), las ventas en octubre aumentaron un 5,4% en comparaci\u00f3n con el mismo mes de 2023. Este es el mayor incremento registrado desde abril de 2022 y marca el cuarto [&hellip;]\" \/>\n<meta property=\"og:url\" content=\"https:\/\/www.bolsarama.es\/bolsa\/las-ventas-del-comercio-minorista-aumentaron-un-54-en-octubre-lo-que-representa-su-mayor-incremento-en-dos-anos-y-medio\/\" \/>\n<meta property=\"og:site_name\" content=\"Bolsarama - Informaci\u00f3n econ\u00f3mica actualizada - Bolsarama.es\" \/>\n<meta property=\"article:publisher\" content=\"https:\/\/www.facebook.com\/bolsarama.es\" \/>\n<meta property=\"article:published_time\" content=\"2024-11-29T09:05:34+00:00\" \/>\n<meta property=\"og:image\" content=\"https:\/\/www.bolsarama.es\/bolsa\/wp-content\/uploads\/2024\/11\/Las-ventas-del-comercio-minorista-aumentaron-un-54-en-octubre.jpg\" \/>\n\t<meta property=\"og:image:width\" content=\"800\" \/>\n\t<meta property=\"og:image:height\" content=\"602\" \/>\n\t<meta property=\"og:image:type\" content=\"image\/jpeg\" \/>\n<meta name=\"author\" content=\"Paula\" \/>\n<meta name=\"twitter:card\" content=\"summary_large_image\" \/>\n<meta name=\"twitter:creator\" content=\"@Bolsarama_es\" \/>\n<meta name=\"twitter:site\" content=\"@Bolsarama_es\" \/>\n<meta name=\"twitter:label1\" content=\"Escrito por\" \/>\n\t<meta name=\"twitter:data1\" content=\"Paula\" \/>\n\t<meta name=\"twitter:label2\" content=\"Tiempo de lectura\" \/>\n\t<meta name=\"twitter:data2\" content=\"2 minutos\" \/>\n<script type=\"application\/ld+json\" class=\"yoast-schema-graph\">{\"@context\":\"https:\/\/schema.org\",\"@graph\":[{\"@type\":\"Article\",\"@id\":\"https:\/\/www.bolsarama.es\/bolsa\/las-ventas-del-comercio-minorista-aumentaron-un-54-en-octubre-lo-que-representa-su-mayor-incremento-en-dos-anos-y-medio\/#article\",\"isPartOf\":{\"@id\":\"https:\/\/www.bolsarama.es\/bolsa\/las-ventas-del-comercio-minorista-aumentaron-un-54-en-octubre-lo-que-representa-su-mayor-incremento-en-dos-anos-y-medio\/\"},\"author\":{\"name\":\"Paula\",\"@id\":\"https:\/\/www.bolsarama.es\/bolsa\/#\/schema\/person\/a34ab5b5c7d41d99c10a5c3564af3e43\"},\"headline\":\"Las ventas del comercio minorista aumentaron un 5,4% en octubre, lo que representa su mayor incremento en dos a\u00f1os y medio.\",\"datePublished\":\"2024-11-29T09:05:34+00:00\",\"dateModified\":\"2024-11-29T09:05:34+00:00\",\"mainEntityOfPage\":{\"@id\":\"https:\/\/www.bolsarama.es\/bolsa\/las-ventas-del-comercio-minorista-aumentaron-un-54-en-octubre-lo-que-representa-su-mayor-incremento-en-dos-anos-y-medio\/\"},\"wordCount\":481,\"commentCount\":0,\"publisher\":{\"@id\":\"https:\/\/www.bolsarama.es\/bolsa\/#organization\"},\"image\":{\"@id\":\"https:\/\/www.bolsarama.es\/bolsa\/las-ventas-del-comercio-minorista-aumentaron-un-54-en-octubre-lo-que-representa-su-mayor-incremento-en-dos-anos-y-medio\/#primaryimage\"},\"thumbnailUrl\":\"https:\/\/www.bolsarama.es\/bolsa\/wp-content\/uploads\/2024\/11\/Las-ventas-del-comercio-minorista-aumentaron-un-54-en-octubre.jpg\",\"inLanguage\":\"es\",\"potentialAction\":[{\"@type\":\"CommentAction\",\"name\":\"Comment\",\"target\":[\"https:\/\/www.bolsarama.es\/bolsa\/las-ventas-del-comercio-minorista-aumentaron-un-54-en-octubre-lo-que-representa-su-mayor-incremento-en-dos-anos-y-medio\/#respond\"]}]},{\"@type\":\"WebPage\",\"@id\":\"https:\/\/www.bolsarama.es\/bolsa\/las-ventas-del-comercio-minorista-aumentaron-un-54-en-octubre-lo-que-representa-su-mayor-incremento-en-dos-anos-y-medio\/\",\"url\":\"https:\/\/www.bolsarama.es\/bolsa\/las-ventas-del-comercio-minorista-aumentaron-un-54-en-octubre-lo-que-representa-su-mayor-incremento-en-dos-anos-y-medio\/\",\"name\":\"Las ventas del comercio minorista aumentaron un 5,4% en octubre, lo que representa su mayor incremento en dos a\u00f1os y medio. - Bolsarama - Informaci\u00f3n econ\u00f3mica actualizada - Bolsarama.es\",\"isPartOf\":{\"@id\":\"https:\/\/www.bolsarama.es\/bolsa\/#website\"},\"primaryImageOfPage\":{\"@id\":\"https:\/\/www.bolsarama.es\/bolsa\/las-ventas-del-comercio-minorista-aumentaron-un-54-en-octubre-lo-que-representa-su-mayor-incremento-en-dos-anos-y-medio\/#primaryimage\"},\"image\":{\"@id\":\"https:\/\/www.bolsarama.es\/bolsa\/las-ventas-del-comercio-minorista-aumentaron-un-54-en-octubre-lo-que-representa-su-mayor-incremento-en-dos-anos-y-medio\/#primaryimage\"},\"thumbnailUrl\":\"https:\/\/www.bolsarama.es\/bolsa\/wp-content\/uploads\/2024\/11\/Las-ventas-del-comercio-minorista-aumentaron-un-54-en-octubre.jpg\",\"datePublished\":\"2024-11-29T09:05:34+00:00\",\"dateModified\":\"2024-11-29T09:05:34+00:00\",\"breadcrumb\":{\"@id\":\"https:\/\/www.bolsarama.es\/bolsa\/las-ventas-del-comercio-minorista-aumentaron-un-54-en-octubre-lo-que-representa-su-mayor-incremento-en-dos-anos-y-medio\/#breadcrumb\"},\"inLanguage\":\"es\",\"potentialAction\":[{\"@type\":\"ReadAction\",\"target\":[\"https:\/\/www.bolsarama.es\/bolsa\/las-ventas-del-comercio-minorista-aumentaron-un-54-en-octubre-lo-que-representa-su-mayor-incremento-en-dos-anos-y-medio\/\"]}]},{\"@type\":\"ImageObject\",\"inLanguage\":\"es\",\"@id\":\"https:\/\/www.bolsarama.es\/bolsa\/las-ventas-del-comercio-minorista-aumentaron-un-54-en-octubre-lo-que-representa-su-mayor-incremento-en-dos-anos-y-medio\/#primaryimage\",\"url\":\"https:\/\/www.bolsarama.es\/bolsa\/wp-content\/uploads\/2024\/11\/Las-ventas-del-comercio-minorista-aumentaron-un-54-en-octubre.jpg\",\"contentUrl\":\"https:\/\/www.bolsarama.es\/bolsa\/wp-content\/uploads\/2024\/11\/Las-ventas-del-comercio-minorista-aumentaron-un-54-en-octubre.jpg\",\"width\":800,\"height\":602,\"caption\":\"Econom\u00eda.- (AMP) Las ventas del comercio minorista se disparan un 5,4% en octubre, su mayor alza en dos a\u00f1os y medio\"},{\"@type\":\"BreadcrumbList\",\"@id\":\"https:\/\/www.bolsarama.es\/bolsa\/las-ventas-del-comercio-minorista-aumentaron-un-54-en-octubre-lo-que-representa-su-mayor-incremento-en-dos-anos-y-medio\/#breadcrumb\",\"itemListElement\":[{\"@type\":\"ListItem\",\"position\":1,\"name\":\"Bolsa\",\"item\":\"https:\/\/www.bolsarama.es\/bolsa\/\"},{\"@type\":\"ListItem\",\"position\":2,\"name\":\"Las ventas del comercio minorista aumentaron un 5,4% en octubre, lo que representa su mayor incremento en dos a\u00f1os y medio.\"}]},{\"@type\":\"WebSite\",\"@id\":\"https:\/\/www.bolsarama.es\/bolsa\/#website\",\"url\":\"https:\/\/www.bolsarama.es\/bolsa\/\",\"name\":\"Bolsarama\",\"description\":\"\",\"publisher\":{\"@id\":\"https:\/\/www.bolsarama.es\/bolsa\/#organization\"},\"potentialAction\":[{\"@type\":\"SearchAction\",\"target\":{\"@type\":\"EntryPoint\",\"urlTemplate\":\"https:\/\/www.bolsarama.es\/bolsa\/?s={search_term_string}\"},\"query-input\":{\"@type\":\"PropertyValueSpecification\",\"valueRequired\":true,\"valueName\":\"search_term_string\"}}],\"inLanguage\":\"es\"},{\"@type\":\"Organization\",\"@id\":\"https:\/\/www.bolsarama.es\/bolsa\/#organization\",\"name\":\"Bolsarama\",\"url\":\"https:\/\/www.bolsarama.es\/bolsa\/\",\"logo\":{\"@type\":\"ImageObject\",\"inLanguage\":\"es\",\"@id\":\"https:\/\/www.bolsarama.es\/bolsa\/#\/schema\/logo\/image\/\",\"url\":\"https:\/\/www.bolsarama.es\/bolsa\/wp-content\/uploads\/2023\/10\/logo-bolsarama.png\",\"contentUrl\":\"https:\/\/www.bolsarama.es\/bolsa\/wp-content\/uploads\/2023\/10\/logo-bolsarama.png\",\"width\":300,\"height\":50,\"caption\":\"Bolsarama\"},\"image\":{\"@id\":\"https:\/\/www.bolsarama.es\/bolsa\/#\/schema\/logo\/image\/\"},\"sameAs\":[\"https:\/\/www.facebook.com\/bolsarama.es\",\"https:\/\/x.com\/Bolsarama_es\"]},{\"@type\":\"Person\",\"@id\":\"https:\/\/www.bolsarama.es\/bolsa\/#\/schema\/person\/a34ab5b5c7d41d99c10a5c3564af3e43\",\"name\":\"Paula\",\"image\":{\"@type\":\"ImageObject\",\"inLanguage\":\"es\",\"@id\":\"https:\/\/www.bolsarama.es\/bolsa\/#\/schema\/person\/image\/\",\"url\":\"https:\/\/www.bolsarama.es\/bolsa\/wp-content\/litespeed\/avatar\/d6404594800e2b580b751c6bb2eb5f4f.jpg?ver=1777428602\",\"contentUrl\":\"https:\/\/www.bolsarama.es\/bolsa\/wp-content\/litespeed\/avatar\/d6404594800e2b580b751c6bb2eb5f4f.jpg?ver=1777428602\",\"caption\":\"Paula\"},\"url\":\"https:\/\/www.bolsarama.es\/bolsa\/author\/paula\/\"}]}<\/script>\n<!-- \/ Yoast SEO plugin. -->","yoast_head_json":{"title":"Las ventas del comercio minorista aumentaron un 5,4% en octubre, lo que representa su mayor incremento en dos a\u00f1os y medio. - Bolsarama - Informaci\u00f3n econ\u00f3mica actualizada - Bolsarama.es","robots":{"index":"index","follow":"follow","max-snippet":"max-snippet:-1","max-image-preview":"max-image-preview:large","max-video-preview":"max-video-preview:-1"},"canonical":"https:\/\/www.bolsarama.es\/bolsa\/las-ventas-del-comercio-minorista-aumentaron-un-54-en-octubre-lo-que-representa-su-mayor-incremento-en-dos-anos-y-medio\/","og_locale":"es_ES","og_type":"article","og_title":"Las ventas del comercio minorista aumentaron un 5,4% en octubre, lo que representa su mayor incremento en dos a\u00f1os y medio. - Bolsarama - Informaci\u00f3n econ\u00f3mica actualizada - Bolsarama.es","og_description":"El comercio minorista en Espa\u00f1a est\u00e1 experimentando un periodo de crecimiento sin precedentes. De acuerdo con los datos m\u00e1s recientes del Instituto Nacional de Estad\u00edstica (INE), las ventas en octubre aumentaron un 5,4% en comparaci\u00f3n con el mismo mes de 2023. Este es el mayor incremento registrado desde abril de 2022 y marca el cuarto [&hellip;]","og_url":"https:\/\/www.bolsarama.es\/bolsa\/las-ventas-del-comercio-minorista-aumentaron-un-54-en-octubre-lo-que-representa-su-mayor-incremento-en-dos-anos-y-medio\/","og_site_name":"Bolsarama - Informaci\u00f3n econ\u00f3mica actualizada - Bolsarama.es","article_publisher":"https:\/\/www.facebook.com\/bolsarama.es","article_published_time":"2024-11-29T09:05:34+00:00","og_image":[{"width":800,"height":602,"url":"https:\/\/www.bolsarama.es\/bolsa\/wp-content\/uploads\/2024\/11\/Las-ventas-del-comercio-minorista-aumentaron-un-54-en-octubre.jpg","type":"image\/jpeg"}],"author":"Paula","twitter_card":"summary_large_image","twitter_creator":"@Bolsarama_es","twitter_site":"@Bolsarama_es","twitter_misc":{"Escrito por":"Paula","Tiempo de lectura":"2 minutos"},"schema":{"@context":"https:\/\/schema.org","@graph":[{"@type":"Article","@id":"https:\/\/www.bolsarama.es\/bolsa\/las-ventas-del-comercio-minorista-aumentaron-un-54-en-octubre-lo-que-representa-su-mayor-incremento-en-dos-anos-y-medio\/#article","isPartOf":{"@id":"https:\/\/www.bolsarama.es\/bolsa\/las-ventas-del-comercio-minorista-aumentaron-un-54-en-octubre-lo-que-representa-su-mayor-incremento-en-dos-anos-y-medio\/"},"author":{"name":"Paula","@id":"https:\/\/www.bolsarama.es\/bolsa\/#\/schema\/person\/a34ab5b5c7d41d99c10a5c3564af3e43"},"headline":"Las ventas del comercio minorista aumentaron un 5,4% en octubre, lo que representa su mayor incremento en dos a\u00f1os y medio.","datePublished":"2024-11-29T09:05:34+00:00","dateModified":"2024-11-29T09:05:34+00:00","mainEntityOfPage":{"@id":"https:\/\/www.bolsarama.es\/bolsa\/las-ventas-del-comercio-minorista-aumentaron-un-54-en-octubre-lo-que-representa-su-mayor-incremento-en-dos-anos-y-medio\/"},"wordCount":481,"commentCount":0,"publisher":{"@id":"https:\/\/www.bolsarama.es\/bolsa\/#organization"},"image":{"@id":"https:\/\/www.bolsarama.es\/bolsa\/las-ventas-del-comercio-minorista-aumentaron-un-54-en-octubre-lo-que-representa-su-mayor-incremento-en-dos-anos-y-medio\/#primaryimage"},"thumbnailUrl":"https:\/\/www.bolsarama.es\/bolsa\/wp-content\/uploads\/2024\/11\/Las-ventas-del-comercio-minorista-aumentaron-un-54-en-octubre.jpg","inLanguage":"es","potentialAction":[{"@type":"CommentAction","name":"Comment","target":["https:\/\/www.bolsarama.es\/bolsa\/las-ventas-del-comercio-minorista-aumentaron-un-54-en-octubre-lo-que-representa-su-mayor-incremento-en-dos-anos-y-medio\/#respond"]}]},{"@type":"WebPage","@id":"https:\/\/www.bolsarama.es\/bolsa\/las-ventas-del-comercio-minorista-aumentaron-un-54-en-octubre-lo-que-representa-su-mayor-incremento-en-dos-anos-y-medio\/","url":"https:\/\/www.bolsarama.es\/bolsa\/las-ventas-del-comercio-minorista-aumentaron-un-54-en-octubre-lo-que-representa-su-mayor-incremento-en-dos-anos-y-medio\/","name":"Las ventas del comercio minorista aumentaron un 5,4% en octubre, lo que representa su mayor incremento en dos a\u00f1os y medio. - Bolsarama - Informaci\u00f3n econ\u00f3mica actualizada - Bolsarama.es","isPartOf":{"@id":"https:\/\/www.bolsarama.es\/bolsa\/#website"},"primaryImageOfPage":{"@id":"https:\/\/www.bolsarama.es\/bolsa\/las-ventas-del-comercio-minorista-aumentaron-un-54-en-octubre-lo-que-representa-su-mayor-incremento-en-dos-anos-y-medio\/#primaryimage"},"image":{"@id":"https:\/\/www.bolsarama.es\/bolsa\/las-ventas-del-comercio-minorista-aumentaron-un-54-en-octubre-lo-que-representa-su-mayor-incremento-en-dos-anos-y-medio\/#primaryimage"},"thumbnailUrl":"https:\/\/www.bolsarama.es\/bolsa\/wp-content\/uploads\/2024\/11\/Las-ventas-del-comercio-minorista-aumentaron-un-54-en-octubre.jpg","datePublished":"2024-11-29T09:05:34+00:00","dateModified":"2024-11-29T09:05:34+00:00","breadcrumb":{"@id":"https:\/\/www.bolsarama.es\/bolsa\/las-ventas-del-comercio-minorista-aumentaron-un-54-en-octubre-lo-que-representa-su-mayor-incremento-en-dos-anos-y-medio\/#breadcrumb"},"inLanguage":"es","potentialAction":[{"@type":"ReadAction","target":["https:\/\/www.bolsarama.es\/bolsa\/las-ventas-del-comercio-minorista-aumentaron-un-54-en-octubre-lo-que-representa-su-mayor-incremento-en-dos-anos-y-medio\/"]}]},{"@type":"ImageObject","inLanguage":"es","@id":"https:\/\/www.bolsarama.es\/bolsa\/las-ventas-del-comercio-minorista-aumentaron-un-54-en-octubre-lo-que-representa-su-mayor-incremento-en-dos-anos-y-medio\/#primaryimage","url":"https:\/\/www.bolsarama.es\/bolsa\/wp-content\/uploads\/2024\/11\/Las-ventas-del-comercio-minorista-aumentaron-un-54-en-octubre.jpg","contentUrl":"https:\/\/www.bolsarama.es\/bolsa\/wp-content\/uploads\/2024\/11\/Las-ventas-del-comercio-minorista-aumentaron-un-54-en-octubre.jpg","width":800,"height":602,"caption":"Econom\u00eda.- (AMP) Las ventas del comercio minorista se disparan un 5,4% en octubre, su mayor alza en dos a\u00f1os y medio"},{"@type":"BreadcrumbList","@id":"https:\/\/www.bolsarama.es\/bolsa\/las-ventas-del-comercio-minorista-aumentaron-un-54-en-octubre-lo-que-representa-su-mayor-incremento-en-dos-anos-y-medio\/#breadcrumb","itemListElement":[{"@type":"ListItem","position":1,"name":"Bolsa","item":"https:\/\/www.bolsarama.es\/bolsa\/"},{"@type":"ListItem","position":2,"name":"Las ventas del comercio minorista aumentaron un 5,4% en octubre, lo que representa su mayor incremento en dos a\u00f1os y medio."}]},{"@type":"WebSite","@id":"https:\/\/www.bolsarama.es\/bolsa\/#website","url":"https:\/\/www.bolsarama.es\/bolsa\/","name":"Bolsarama","description":"","publisher":{"@id":"https:\/\/www.bolsarama.es\/bolsa\/#organization"},"potentialAction":[{"@type":"SearchAction","target":{"@type":"EntryPoint","urlTemplate":"https:\/\/www.bolsarama.es\/bolsa\/?s={search_term_string}"},"query-input":{"@type":"PropertyValueSpecification","valueRequired":true,"valueName":"search_term_string"}}],"inLanguage":"es"},{"@type":"Organization","@id":"https:\/\/www.bolsarama.es\/bolsa\/#organization","name":"Bolsarama","url":"https:\/\/www.bolsarama.es\/bolsa\/","logo":{"@type":"ImageObject","inLanguage":"es","@id":"https:\/\/www.bolsarama.es\/bolsa\/#\/schema\/logo\/image\/","url":"https:\/\/www.bolsarama.es\/bolsa\/wp-content\/uploads\/2023\/10\/logo-bolsarama.png","contentUrl":"https:\/\/www.bolsarama.es\/bolsa\/wp-content\/uploads\/2023\/10\/logo-bolsarama.png","width":300,"height":50,"caption":"Bolsarama"},"image":{"@id":"https:\/\/www.bolsarama.es\/bolsa\/#\/schema\/logo\/image\/"},"sameAs":["https:\/\/www.facebook.com\/bolsarama.es","https:\/\/x.com\/Bolsarama_es"]},{"@type":"Person","@id":"https:\/\/www.bolsarama.es\/bolsa\/#\/schema\/person\/a34ab5b5c7d41d99c10a5c3564af3e43","name":"Paula","image":{"@type":"ImageObject","inLanguage":"es","@id":"https:\/\/www.bolsarama.es\/bolsa\/#\/schema\/person\/image\/","url":"https:\/\/www.bolsarama.es\/bolsa\/wp-content\/litespeed\/avatar\/d6404594800e2b580b751c6bb2eb5f4f.jpg?ver=1777428602","contentUrl":"https:\/\/www.bolsarama.es\/bolsa\/wp-content\/litespeed\/avatar\/d6404594800e2b580b751c6bb2eb5f4f.jpg?ver=1777428602","caption":"Paula"},"url":"https:\/\/www.bolsarama.es\/bolsa\/author\/paula\/"}]}},"_links":{"self":[{"href":"https:\/\/www.bolsarama.es\/bolsa\/wp-json\/wp\/v2\/posts\/750","targetHints":{"allow":["GET"]}}],"collection":[{"href":"https:\/\/www.bolsarama.es\/bolsa\/wp-json\/wp\/v2\/posts"}],"about":[{"href":"https:\/\/www.bolsarama.es\/bolsa\/wp-json\/wp\/v2\/types\/post"}],"author":[{"embeddable":true,"href":"https:\/\/www.bolsarama.es\/bolsa\/wp-json\/wp\/v2\/users\/2"}],"replies":[{"embeddable":true,"href":"https:\/\/www.bolsarama.es\/bolsa\/wp-json\/wp\/v2\/comments?post=750"}],"version-history":[{"count":1,"href":"https:\/\/www.bolsarama.es\/bolsa\/wp-json\/wp\/v2\/posts\/750\/revisions"}],"predecessor-version":[{"id":752,"href":"https:\/\/www.bolsarama.es\/bolsa\/wp-json\/wp\/v2\/posts\/750\/revisions\/752"}],"wp:featuredmedia":[{"embeddable":true,"href":"https:\/\/www.bolsarama.es\/bolsa\/wp-json\/wp\/v2\/media\/751"}],"wp:attachment":[{"href":"https:\/\/www.bolsarama.es\/bolsa\/wp-json\/wp\/v2\/media?parent=750"}],"wp:term":[{"taxonomy":"category","embeddable":true,"href":"https:\/\/www.bolsarama.es\/bolsa\/wp-json\/wp\/v2\/categories?post=750"},{"taxonomy":"post_tag","embeddable":true,"href":"https:\/\/www.bolsarama.es\/bolsa\/wp-json\/wp\/v2\/tags?post=750"}],"curies":[{"name":"wp","href":"https:\/\/api.w.org\/{rel}","templated":true}]}}