{"id":753,"date":"2024-11-29T11:10:54","date_gmt":"2024-11-29T10:10:54","guid":{"rendered":"https:\/\/www.bolsarama.es\/bolsa\/?p=753"},"modified":"2024-11-29T11:10:54","modified_gmt":"2024-11-29T10:10:54","slug":"los-sindicatos-justifican-las-huelgas-en-volkswagen-en-alemania-argumentando-que-son-necesarias","status":"publish","type":"post","link":"https:\/\/www.bolsarama.es\/bolsa\/los-sindicatos-justifican-las-huelgas-en-volkswagen-en-alemania-argumentando-que-son-necesarias\/","title":{"rendered":"Los sindicatos justifican las huelgas en Volkswagen en Alemania, argumentando que son \u00abnecesarias\u00bb."},"content":{"rendered":"<h2>A la expectativa de una gran huelga<\/h2>\n<p><\/p>\n<p>El pr\u00f3ximo 1 de diciembre se avecina un acontecimiento importante en la industria automovil\u00edstica alemana. Las f\u00e1bricas del grupo Volkswagen podr\u00edan enfrentar una huelga masiva, la cual ha sido defendida por el sindicato alem\u00e1n IG Metall tras no llegar a un consenso con la direcci\u00f3n del fabricante sobre las medidas para recortar costos en la empresa.<\/p>\n<h2>Las huelgas, un recurso ante la falta de acuerdo<\/h2>\n<p><\/p>\n<p>Los sindicatos han dejado claro que las huelgas son una posibilidad real y necesaria desde principios del \u00faltimo mes del a\u00f1o. Seg\u00fan los representantes laborales, ser\u00e1 el propio grupo automovil\u00edstico quien, en la mesa de negociaciones a mediados de diciembre, determine cu\u00e1nto durar\u00e1 y la intensidad del conflicto.<\/p>\n<h3>El impacto en la producci\u00f3n de Volkswagen<\/h3>\n<p><\/p>\n<p>Este conflicto laboral podr\u00eda afectar seriamente la producci\u00f3n de Volkswagen, en un momento en que la firma ya se enfrenta a una reducci\u00f3n en la entrega de veh\u00edculos y un retroceso en los ingresos. El par\u00f3n de las f\u00e1bricas podr\u00eda incluso llegar a ser de 24 horas o ilimitado si no se llega a un acuerdo en la pr\u00f3xima ronda de negociaciones salariales.<\/p>\n<h2>El desacuerdo entre la directiva y los sindicatos<\/h2>\n<p><\/p>\n<p>La direcci\u00f3n de Volkswagen y los l\u00edderes sindicales han tenido posturas contrapuestas sobre c\u00f3mo enfrentar la situaci\u00f3n actual. Por un lado, la ca\u00edda en la demanda de coches el\u00e9ctricos, el incremento en los costos operativos y una creciente competencia con los fabricantes chinos han llevado a la direcci\u00f3n a proponer el cierre de tres f\u00e1bricas en Alemania y el despido de miles de trabajadores. Por otro lado, los sindicatos han presionado para mantener las plantas abiertas y se oponen a los recortes salariales del 10% que propone la direcci\u00f3n del grupo.<\/p>\n<h4>El papel de los trabajadores en las decisiones de la empresa<\/h4>\n<p><\/p>\n<p>La estructura corporativa de Volkswagen otorga a los trabajadores un papel relevante en las decisiones empresariales clave. Esto dificulta que la gerencia pueda implementar los recortes de costos planeados. Los representantes de los trabajadores ocupan la mitad de los asientos del consejo de supervisi\u00f3n de la empresa y el Estado natal del grupo, Baja Sajonia, tiene dos asientos adicionales.<\/p>\n<h2>Planes de recorte en disputa<\/h2>\n<p><\/p>\n<p>Por el momento, los l\u00edderes sindicales han propuesto un plan de recortes por valor de 1.500 millones de euros. Sin embargo, esta cifra dista mucho del objetivo de la empresa de reducir hasta en 17.000 millones de euros los gastos derivados de las operativas del grupo. La brecha entre ambas propuestas deja en evidencia la magnitud del conflicto laboral que se avecina.<\/p>\n","protected":false},"excerpt":{"rendered":"<p>A la expectativa de una gran huelga El pr\u00f3ximo 1 de diciembre se avecina un acontecimiento importante en la industria automovil\u00edstica alemana. Las f\u00e1bricas del grupo Volkswagen podr\u00edan enfrentar una huelga masiva, la cual ha sido defendida por el sindicato alem\u00e1n IG Metall tras no llegar a un consenso con la direcci\u00f3n del fabricante sobre [&hellip;]<\/p>\n","protected":false},"author":2,"featured_media":0,"comment_status":"open","ping_status":"open","sticky":false,"template":"","format":"standard","meta":{"footnotes":""},"categories":[1],"tags":[],"class_list":["post-753","post","type-post","status-publish","format-standard","hentry","category-sin-categoria"],"yoast_head":"<!-- This site is optimized with the Yoast SEO plugin v23.6 - https:\/\/yoast.com\/wordpress\/plugins\/seo\/ -->\n<title>Los sindicatos justifican las huelgas en Volkswagen en Alemania, argumentando que son &quot;necesarias&quot;. - Bolsarama - Informaci\u00f3n econ\u00f3mica actualizada - Bolsarama.es<\/title>\n<meta name=\"robots\" content=\"index, follow, max-snippet:-1, max-image-preview:large, max-video-preview:-1\" \/>\n<link rel=\"canonical\" href=\"https:\/\/www.bolsarama.es\/bolsa\/los-sindicatos-justifican-las-huelgas-en-volkswagen-en-alemania-argumentando-que-son-necesarias\/\" \/>\n<meta property=\"og:locale\" content=\"es_ES\" \/>\n<meta property=\"og:type\" content=\"article\" \/>\n<meta property=\"og:title\" content=\"Los sindicatos justifican las huelgas en Volkswagen en Alemania, argumentando que son &quot;necesarias&quot;. - Bolsarama - Informaci\u00f3n econ\u00f3mica actualizada - Bolsarama.es\" \/>\n<meta property=\"og:description\" content=\"A la expectativa de una gran huelga El pr\u00f3ximo 1 de diciembre se avecina un acontecimiento importante en la industria automovil\u00edstica alemana. Las f\u00e1bricas del grupo Volkswagen podr\u00edan enfrentar una huelga masiva, la cual ha sido defendida por el sindicato alem\u00e1n IG Metall tras no llegar a un consenso con la direcci\u00f3n del fabricante sobre [&hellip;]\" \/>\n<meta property=\"og:url\" content=\"https:\/\/www.bolsarama.es\/bolsa\/los-sindicatos-justifican-las-huelgas-en-volkswagen-en-alemania-argumentando-que-son-necesarias\/\" \/>\n<meta property=\"og:site_name\" content=\"Bolsarama - Informaci\u00f3n econ\u00f3mica actualizada - Bolsarama.es\" \/>\n<meta property=\"article:publisher\" content=\"https:\/\/www.facebook.com\/bolsarama.es\" \/>\n<meta property=\"article:published_time\" content=\"2024-11-29T10:10:54+00:00\" \/>\n<meta name=\"author\" content=\"Paula\" \/>\n<meta name=\"twitter:card\" content=\"summary_large_image\" \/>\n<meta name=\"twitter:creator\" content=\"@Bolsarama_es\" \/>\n<meta name=\"twitter:site\" content=\"@Bolsarama_es\" \/>\n<meta name=\"twitter:label1\" content=\"Escrito por\" \/>\n\t<meta name=\"twitter:data1\" content=\"Paula\" \/>\n\t<meta name=\"twitter:label2\" content=\"Tiempo de lectura\" \/>\n\t<meta name=\"twitter:data2\" content=\"2 minutos\" \/>\n<script type=\"application\/ld+json\" class=\"yoast-schema-graph\">{\"@context\":\"https:\/\/schema.org\",\"@graph\":[{\"@type\":\"Article\",\"@id\":\"https:\/\/www.bolsarama.es\/bolsa\/los-sindicatos-justifican-las-huelgas-en-volkswagen-en-alemania-argumentando-que-son-necesarias\/#article\",\"isPartOf\":{\"@id\":\"https:\/\/www.bolsarama.es\/bolsa\/los-sindicatos-justifican-las-huelgas-en-volkswagen-en-alemania-argumentando-que-son-necesarias\/\"},\"author\":{\"name\":\"Paula\",\"@id\":\"https:\/\/www.bolsarama.es\/bolsa\/#\/schema\/person\/a34ab5b5c7d41d99c10a5c3564af3e43\"},\"headline\":\"Los sindicatos justifican las huelgas en Volkswagen en Alemania, argumentando que son \u00abnecesarias\u00bb.\",\"datePublished\":\"2024-11-29T10:10:54+00:00\",\"dateModified\":\"2024-11-29T10:10:54+00:00\",\"mainEntityOfPage\":{\"@id\":\"https:\/\/www.bolsarama.es\/bolsa\/los-sindicatos-justifican-las-huelgas-en-volkswagen-en-alemania-argumentando-que-son-necesarias\/\"},\"wordCount\":464,\"commentCount\":0,\"publisher\":{\"@id\":\"https:\/\/www.bolsarama.es\/bolsa\/#organization\"},\"inLanguage\":\"es\",\"potentialAction\":[{\"@type\":\"CommentAction\",\"name\":\"Comment\",\"target\":[\"https:\/\/www.bolsarama.es\/bolsa\/los-sindicatos-justifican-las-huelgas-en-volkswagen-en-alemania-argumentando-que-son-necesarias\/#respond\"]}]},{\"@type\":\"WebPage\",\"@id\":\"https:\/\/www.bolsarama.es\/bolsa\/los-sindicatos-justifican-las-huelgas-en-volkswagen-en-alemania-argumentando-que-son-necesarias\/\",\"url\":\"https:\/\/www.bolsarama.es\/bolsa\/los-sindicatos-justifican-las-huelgas-en-volkswagen-en-alemania-argumentando-que-son-necesarias\/\",\"name\":\"Los sindicatos justifican las huelgas en Volkswagen en Alemania, argumentando que son \\\"necesarias\\\". - Bolsarama - Informaci\u00f3n econ\u00f3mica actualizada - Bolsarama.es\",\"isPartOf\":{\"@id\":\"https:\/\/www.bolsarama.es\/bolsa\/#website\"},\"datePublished\":\"2024-11-29T10:10:54+00:00\",\"dateModified\":\"2024-11-29T10:10:54+00:00\",\"breadcrumb\":{\"@id\":\"https:\/\/www.bolsarama.es\/bolsa\/los-sindicatos-justifican-las-huelgas-en-volkswagen-en-alemania-argumentando-que-son-necesarias\/#breadcrumb\"},\"inLanguage\":\"es\",\"potentialAction\":[{\"@type\":\"ReadAction\",\"target\":[\"https:\/\/www.bolsarama.es\/bolsa\/los-sindicatos-justifican-las-huelgas-en-volkswagen-en-alemania-argumentando-que-son-necesarias\/\"]}]},{\"@type\":\"BreadcrumbList\",\"@id\":\"https:\/\/www.bolsarama.es\/bolsa\/los-sindicatos-justifican-las-huelgas-en-volkswagen-en-alemania-argumentando-que-son-necesarias\/#breadcrumb\",\"itemListElement\":[{\"@type\":\"ListItem\",\"position\":1,\"name\":\"Bolsa\",\"item\":\"https:\/\/www.bolsarama.es\/bolsa\/\"},{\"@type\":\"ListItem\",\"position\":2,\"name\":\"Los sindicatos justifican las huelgas en Volkswagen en Alemania, argumentando que son \u00abnecesarias\u00bb.\"}]},{\"@type\":\"WebSite\",\"@id\":\"https:\/\/www.bolsarama.es\/bolsa\/#website\",\"url\":\"https:\/\/www.bolsarama.es\/bolsa\/\",\"name\":\"Bolsarama\",\"description\":\"\",\"publisher\":{\"@id\":\"https:\/\/www.bolsarama.es\/bolsa\/#organization\"},\"potentialAction\":[{\"@type\":\"SearchAction\",\"target\":{\"@type\":\"EntryPoint\",\"urlTemplate\":\"https:\/\/www.bolsarama.es\/bolsa\/?s={search_term_string}\"},\"query-input\":{\"@type\":\"PropertyValueSpecification\",\"valueRequired\":true,\"valueName\":\"search_term_string\"}}],\"inLanguage\":\"es\"},{\"@type\":\"Organization\",\"@id\":\"https:\/\/www.bolsarama.es\/bolsa\/#organization\",\"name\":\"Bolsarama\",\"url\":\"https:\/\/www.bolsarama.es\/bolsa\/\",\"logo\":{\"@type\":\"ImageObject\",\"inLanguage\":\"es\",\"@id\":\"https:\/\/www.bolsarama.es\/bolsa\/#\/schema\/logo\/image\/\",\"url\":\"https:\/\/www.bolsarama.es\/bolsa\/wp-content\/uploads\/2023\/10\/logo-bolsarama.png\",\"contentUrl\":\"https:\/\/www.bolsarama.es\/bolsa\/wp-content\/uploads\/2023\/10\/logo-bolsarama.png\",\"width\":300,\"height\":50,\"caption\":\"Bolsarama\"},\"image\":{\"@id\":\"https:\/\/www.bolsarama.es\/bolsa\/#\/schema\/logo\/image\/\"},\"sameAs\":[\"https:\/\/www.facebook.com\/bolsarama.es\",\"https:\/\/x.com\/Bolsarama_es\"]},{\"@type\":\"Person\",\"@id\":\"https:\/\/www.bolsarama.es\/bolsa\/#\/schema\/person\/a34ab5b5c7d41d99c10a5c3564af3e43\",\"name\":\"Paula\",\"image\":{\"@type\":\"ImageObject\",\"inLanguage\":\"es\",\"@id\":\"https:\/\/www.bolsarama.es\/bolsa\/#\/schema\/person\/image\/\",\"url\":\"https:\/\/www.bolsarama.es\/bolsa\/wp-content\/litespeed\/avatar\/d6404594800e2b580b751c6bb2eb5f4f.jpg?ver=1777428602\",\"contentUrl\":\"https:\/\/www.bolsarama.es\/bolsa\/wp-content\/litespeed\/avatar\/d6404594800e2b580b751c6bb2eb5f4f.jpg?ver=1777428602\",\"caption\":\"Paula\"},\"url\":\"https:\/\/www.bolsarama.es\/bolsa\/author\/paula\/\"}]}<\/script>\n<!-- \/ Yoast SEO plugin. -->","yoast_head_json":{"title":"Los sindicatos justifican las huelgas en Volkswagen en Alemania, argumentando que son \"necesarias\". - Bolsarama - Informaci\u00f3n econ\u00f3mica actualizada - Bolsarama.es","robots":{"index":"index","follow":"follow","max-snippet":"max-snippet:-1","max-image-preview":"max-image-preview:large","max-video-preview":"max-video-preview:-1"},"canonical":"https:\/\/www.bolsarama.es\/bolsa\/los-sindicatos-justifican-las-huelgas-en-volkswagen-en-alemania-argumentando-que-son-necesarias\/","og_locale":"es_ES","og_type":"article","og_title":"Los sindicatos justifican las huelgas en Volkswagen en Alemania, argumentando que son \"necesarias\". - Bolsarama - Informaci\u00f3n econ\u00f3mica actualizada - Bolsarama.es","og_description":"A la expectativa de una gran huelga El pr\u00f3ximo 1 de diciembre se avecina un acontecimiento importante en la industria automovil\u00edstica alemana. Las f\u00e1bricas del grupo Volkswagen podr\u00edan enfrentar una huelga masiva, la cual ha sido defendida por el sindicato alem\u00e1n IG Metall tras no llegar a un consenso con la direcci\u00f3n del fabricante sobre [&hellip;]","og_url":"https:\/\/www.bolsarama.es\/bolsa\/los-sindicatos-justifican-las-huelgas-en-volkswagen-en-alemania-argumentando-que-son-necesarias\/","og_site_name":"Bolsarama - Informaci\u00f3n econ\u00f3mica actualizada - Bolsarama.es","article_publisher":"https:\/\/www.facebook.com\/bolsarama.es","article_published_time":"2024-11-29T10:10:54+00:00","author":"Paula","twitter_card":"summary_large_image","twitter_creator":"@Bolsarama_es","twitter_site":"@Bolsarama_es","twitter_misc":{"Escrito por":"Paula","Tiempo de lectura":"2 minutos"},"schema":{"@context":"https:\/\/schema.org","@graph":[{"@type":"Article","@id":"https:\/\/www.bolsarama.es\/bolsa\/los-sindicatos-justifican-las-huelgas-en-volkswagen-en-alemania-argumentando-que-son-necesarias\/#article","isPartOf":{"@id":"https:\/\/www.bolsarama.es\/bolsa\/los-sindicatos-justifican-las-huelgas-en-volkswagen-en-alemania-argumentando-que-son-necesarias\/"},"author":{"name":"Paula","@id":"https:\/\/www.bolsarama.es\/bolsa\/#\/schema\/person\/a34ab5b5c7d41d99c10a5c3564af3e43"},"headline":"Los sindicatos justifican las huelgas en Volkswagen en Alemania, argumentando que son \u00abnecesarias\u00bb.","datePublished":"2024-11-29T10:10:54+00:00","dateModified":"2024-11-29T10:10:54+00:00","mainEntityOfPage":{"@id":"https:\/\/www.bolsarama.es\/bolsa\/los-sindicatos-justifican-las-huelgas-en-volkswagen-en-alemania-argumentando-que-son-necesarias\/"},"wordCount":464,"commentCount":0,"publisher":{"@id":"https:\/\/www.bolsarama.es\/bolsa\/#organization"},"inLanguage":"es","potentialAction":[{"@type":"CommentAction","name":"Comment","target":["https:\/\/www.bolsarama.es\/bolsa\/los-sindicatos-justifican-las-huelgas-en-volkswagen-en-alemania-argumentando-que-son-necesarias\/#respond"]}]},{"@type":"WebPage","@id":"https:\/\/www.bolsarama.es\/bolsa\/los-sindicatos-justifican-las-huelgas-en-volkswagen-en-alemania-argumentando-que-son-necesarias\/","url":"https:\/\/www.bolsarama.es\/bolsa\/los-sindicatos-justifican-las-huelgas-en-volkswagen-en-alemania-argumentando-que-son-necesarias\/","name":"Los sindicatos justifican las huelgas en Volkswagen en Alemania, argumentando que son \"necesarias\". - Bolsarama - Informaci\u00f3n econ\u00f3mica actualizada - Bolsarama.es","isPartOf":{"@id":"https:\/\/www.bolsarama.es\/bolsa\/#website"},"datePublished":"2024-11-29T10:10:54+00:00","dateModified":"2024-11-29T10:10:54+00:00","breadcrumb":{"@id":"https:\/\/www.bolsarama.es\/bolsa\/los-sindicatos-justifican-las-huelgas-en-volkswagen-en-alemania-argumentando-que-son-necesarias\/#breadcrumb"},"inLanguage":"es","potentialAction":[{"@type":"ReadAction","target":["https:\/\/www.bolsarama.es\/bolsa\/los-sindicatos-justifican-las-huelgas-en-volkswagen-en-alemania-argumentando-que-son-necesarias\/"]}]},{"@type":"BreadcrumbList","@id":"https:\/\/www.bolsarama.es\/bolsa\/los-sindicatos-justifican-las-huelgas-en-volkswagen-en-alemania-argumentando-que-son-necesarias\/#breadcrumb","itemListElement":[{"@type":"ListItem","position":1,"name":"Bolsa","item":"https:\/\/www.bolsarama.es\/bolsa\/"},{"@type":"ListItem","position":2,"name":"Los sindicatos justifican las huelgas en Volkswagen en Alemania, argumentando que son \u00abnecesarias\u00bb."}]},{"@type":"WebSite","@id":"https:\/\/www.bolsarama.es\/bolsa\/#website","url":"https:\/\/www.bolsarama.es\/bolsa\/","name":"Bolsarama","description":"","publisher":{"@id":"https:\/\/www.bolsarama.es\/bolsa\/#organization"},"potentialAction":[{"@type":"SearchAction","target":{"@type":"EntryPoint","urlTemplate":"https:\/\/www.bolsarama.es\/bolsa\/?s={search_term_string}"},"query-input":{"@type":"PropertyValueSpecification","valueRequired":true,"valueName":"search_term_string"}}],"inLanguage":"es"},{"@type":"Organization","@id":"https:\/\/www.bolsarama.es\/bolsa\/#organization","name":"Bolsarama","url":"https:\/\/www.bolsarama.es\/bolsa\/","logo":{"@type":"ImageObject","inLanguage":"es","@id":"https:\/\/www.bolsarama.es\/bolsa\/#\/schema\/logo\/image\/","url":"https:\/\/www.bolsarama.es\/bolsa\/wp-content\/uploads\/2023\/10\/logo-bolsarama.png","contentUrl":"https:\/\/www.bolsarama.es\/bolsa\/wp-content\/uploads\/2023\/10\/logo-bolsarama.png","width":300,"height":50,"caption":"Bolsarama"},"image":{"@id":"https:\/\/www.bolsarama.es\/bolsa\/#\/schema\/logo\/image\/"},"sameAs":["https:\/\/www.facebook.com\/bolsarama.es","https:\/\/x.com\/Bolsarama_es"]},{"@type":"Person","@id":"https:\/\/www.bolsarama.es\/bolsa\/#\/schema\/person\/a34ab5b5c7d41d99c10a5c3564af3e43","name":"Paula","image":{"@type":"ImageObject","inLanguage":"es","@id":"https:\/\/www.bolsarama.es\/bolsa\/#\/schema\/person\/image\/","url":"https:\/\/www.bolsarama.es\/bolsa\/wp-content\/litespeed\/avatar\/d6404594800e2b580b751c6bb2eb5f4f.jpg?ver=1777428602","contentUrl":"https:\/\/www.bolsarama.es\/bolsa\/wp-content\/litespeed\/avatar\/d6404594800e2b580b751c6bb2eb5f4f.jpg?ver=1777428602","caption":"Paula"},"url":"https:\/\/www.bolsarama.es\/bolsa\/author\/paula\/"}]}},"_links":{"self":[{"href":"https:\/\/www.bolsarama.es\/bolsa\/wp-json\/wp\/v2\/posts\/753","targetHints":{"allow":["GET"]}}],"collection":[{"href":"https:\/\/www.bolsarama.es\/bolsa\/wp-json\/wp\/v2\/posts"}],"about":[{"href":"https:\/\/www.bolsarama.es\/bolsa\/wp-json\/wp\/v2\/types\/post"}],"author":[{"embeddable":true,"href":"https:\/\/www.bolsarama.es\/bolsa\/wp-json\/wp\/v2\/users\/2"}],"replies":[{"embeddable":true,"href":"https:\/\/www.bolsarama.es\/bolsa\/wp-json\/wp\/v2\/comments?post=753"}],"version-history":[{"count":1,"href":"https:\/\/www.bolsarama.es\/bolsa\/wp-json\/wp\/v2\/posts\/753\/revisions"}],"predecessor-version":[{"id":754,"href":"https:\/\/www.bolsarama.es\/bolsa\/wp-json\/wp\/v2\/posts\/753\/revisions\/754"}],"wp:attachment":[{"href":"https:\/\/www.bolsarama.es\/bolsa\/wp-json\/wp\/v2\/media?parent=753"}],"wp:term":[{"taxonomy":"category","embeddable":true,"href":"https:\/\/www.bolsarama.es\/bolsa\/wp-json\/wp\/v2\/categories?post=753"},{"taxonomy":"post_tag","embeddable":true,"href":"https:\/\/www.bolsarama.es\/bolsa\/wp-json\/wp\/v2\/tags?post=753"}],"curies":[{"name":"wp","href":"https:\/\/api.w.org\/{rel}","templated":true}]}}