{"id":755,"date":"2024-11-29T12:15:55","date_gmt":"2024-11-29T11:15:55","guid":{"rendered":"https:\/\/www.bolsarama.es\/bolsa\/?p=755"},"modified":"2024-11-29T12:15:55","modified_gmt":"2024-11-29T11:15:55","slug":"las-ventas-del-comercio-minorista-aumentaron-un-54-en-octubre-lo-que-representa-su-mayor-crecimiento-en-dos-anos-y-medio","status":"publish","type":"post","link":"https:\/\/www.bolsarama.es\/bolsa\/las-ventas-del-comercio-minorista-aumentaron-un-54-en-octubre-lo-que-representa-su-mayor-crecimiento-en-dos-anos-y-medio\/","title":{"rendered":"Las ventas del comercio minorista aumentaron un 5,4% en octubre, lo que representa su mayor crecimiento en dos a\u00f1os y medio."},"content":{"rendered":"<h2>1. Aumento Sostenido en las Ventas del Comercio Minorista<\/h2>\n<p>El comercio minorista en Espa\u00f1a ha registrado un crecimiento notorio en los \u00faltimos meses. En octubre, las ventas aumentaron en un 5,4% en comparaci\u00f3n con el mismo per\u00edodo del a\u00f1o 2023, una tasa superior en 3,6 puntos a la del mes anterior. Este aumento es el m\u00e1s significativo desde abril de 2022, marcando una tendencia al alza en el sector.<\/p>\n<h2>2. Venta de Productos de Alimentaci\u00f3n y Otros Art\u00edculos<\/h2>\n<p>El crecimiento en el comercio minorista se refleja en distintos tipos de productos. Las ventas de alimentos, por ejemplo, aumentaron un 4,7% interanual. Mientras tanto, otros productos no alimentarios registraron un incremento del 6,7% en comparaci\u00f3n con octubre de 2023. En particular, las ventas de equipo personal, equipo del hogar y productos para la salud tuvieron avances del 8,7%, 6,9% y 6% respectivamente.<\/p>\n<h3>2.1. Ventas en Estaciones de Servicio<\/h3>\n<p>Las estaciones de servicio tambi\u00e9n vieron un incremento en sus ventas. En octubre, las ventas se incrementaron un 3,2% en comparaci\u00f3n con el mismo mes del a\u00f1o anterior, contribuyendo as\u00ed al crecimiento general del sector minorista.<\/p>\n<h2>3. Incremento en Diferentes Modos de Distribuci\u00f3n<\/h2>\n<p>El crecimiento en las ventas no se limit\u00f3 a un tipo espec\u00edfico de comercio. Las grandes cadenas y las empresas unilocalizadas registraron un aumento en las ventas del 7,3% y 5,7% respectivamente. Adem\u00e1s, las peque\u00f1as cadenas, las grandes superficies y el comercio electr\u00f3nico tambi\u00e9n experimentaron un crecimiento, con tasas de 3,8%, 3,7% y 2,9% respectivamente.<\/p>\n<h2>4. Empleo en el Sector del Comercio Minorista<\/h2>\n<p>El sector del comercio minorista no solo ha registrado un aumento en las ventas, sino que tambi\u00e9n ha visto un incremento en la tasa de empleo. En octubre, la ocupaci\u00f3n en el comercio minorista creci\u00f3 un 1,8% interanual. Este aumento en la tasa de empleo es notable, ya que marca el 43\u00ba mes consecutivo de incrementos interanuales.<\/p>\n<h3>4.1. Incremento de Empleo en Diversos Sectores<\/h3>\n<p>Los mayores aumentos en la tasa de empleo se observaron en las grandes cadenas con un incremento del 4%, seguidas de las estaciones de servicio con un 1,7% y peque\u00f1as cadenas y empresas unilocalizadas con un 1,2%. Sin embargo, las grandes superficies experimentaron una disminuci\u00f3n del 0,5% en su personal en comparaci\u00f3n con octubre de 2023.<\/p>\n<h2>5. Crecimiento de las Ventas en Todas las Comunidades Aut\u00f3nomas<\/h2>\n<p>El crecimiento en las ventas del comercio minorista no se limit\u00f3 a ciertas regiones, sino que se registr\u00f3 en todas las comunidades aut\u00f3nomas. Las ventas minoristas subieron especialmente en Canarias con un 7,6%, seguidas de Andaluc\u00eda con un 7,1% y el Pa\u00eds Vasco con un 6,9%.<\/p>\n<p>En resumen, el comercio minorista en Espa\u00f1a est\u00e1 experimentando un crecimiento sostenido tanto en las ventas como en el empleo. Este crecimiento se refleja en diferentes tipos de productos y modos de distribuci\u00f3n, as\u00ed como en todas las regiones del pa\u00eds.<\/p>\n","protected":false},"excerpt":{"rendered":"<p>1. Aumento Sostenido en las Ventas del Comercio Minorista El comercio minorista en Espa\u00f1a ha registrado un crecimiento notorio en los \u00faltimos meses. En octubre, las ventas aumentaron en un 5,4% en comparaci\u00f3n con el mismo per\u00edodo del a\u00f1o 2023, una tasa superior en 3,6 puntos a la del mes anterior. Este aumento es el [&hellip;]<\/p>\n","protected":false},"author":2,"featured_media":751,"comment_status":"open","ping_status":"open","sticky":false,"template":"","format":"standard","meta":{"footnotes":""},"categories":[1],"tags":[],"class_list":["post-755","post","type-post","status-publish","format-standard","has-post-thumbnail","hentry","category-sin-categoria"],"yoast_head":"<!-- This site is optimized with the Yoast SEO plugin v23.6 - https:\/\/yoast.com\/wordpress\/plugins\/seo\/ -->\n<title>Las ventas del comercio minorista aumentaron un 5,4% en octubre, lo que representa su mayor crecimiento en dos a\u00f1os y medio. - Bolsarama - Informaci\u00f3n econ\u00f3mica actualizada - Bolsarama.es<\/title>\n<meta name=\"robots\" content=\"index, follow, max-snippet:-1, max-image-preview:large, max-video-preview:-1\" \/>\n<link rel=\"canonical\" href=\"https:\/\/www.bolsarama.es\/bolsa\/las-ventas-del-comercio-minorista-aumentaron-un-54-en-octubre-lo-que-representa-su-mayor-crecimiento-en-dos-anos-y-medio\/\" \/>\n<meta property=\"og:locale\" content=\"es_ES\" \/>\n<meta property=\"og:type\" content=\"article\" \/>\n<meta property=\"og:title\" content=\"Las ventas del comercio minorista aumentaron un 5,4% en octubre, lo que representa su mayor crecimiento en dos a\u00f1os y medio. - Bolsarama - Informaci\u00f3n econ\u00f3mica actualizada - Bolsarama.es\" \/>\n<meta property=\"og:description\" content=\"1. Aumento Sostenido en las Ventas del Comercio Minorista El comercio minorista en Espa\u00f1a ha registrado un crecimiento notorio en los \u00faltimos meses. En octubre, las ventas aumentaron en un 5,4% en comparaci\u00f3n con el mismo per\u00edodo del a\u00f1o 2023, una tasa superior en 3,6 puntos a la del mes anterior. Este aumento es el [&hellip;]\" \/>\n<meta property=\"og:url\" content=\"https:\/\/www.bolsarama.es\/bolsa\/las-ventas-del-comercio-minorista-aumentaron-un-54-en-octubre-lo-que-representa-su-mayor-crecimiento-en-dos-anos-y-medio\/\" \/>\n<meta property=\"og:site_name\" content=\"Bolsarama - Informaci\u00f3n econ\u00f3mica actualizada - Bolsarama.es\" \/>\n<meta property=\"article:publisher\" content=\"https:\/\/www.facebook.com\/bolsarama.es\" \/>\n<meta property=\"article:published_time\" content=\"2024-11-29T11:15:55+00:00\" \/>\n<meta property=\"og:image\" content=\"https:\/\/www.bolsarama.es\/bolsa\/wp-content\/uploads\/2024\/11\/Las-ventas-del-comercio-minorista-aumentaron-un-54-en-octubre.jpg\" \/>\n\t<meta property=\"og:image:width\" content=\"800\" \/>\n\t<meta property=\"og:image:height\" content=\"602\" \/>\n\t<meta property=\"og:image:type\" content=\"image\/jpeg\" \/>\n<meta name=\"author\" content=\"Paula\" \/>\n<meta name=\"twitter:card\" content=\"summary_large_image\" \/>\n<meta name=\"twitter:creator\" content=\"@Bolsarama_es\" \/>\n<meta name=\"twitter:site\" content=\"@Bolsarama_es\" \/>\n<meta name=\"twitter:label1\" content=\"Escrito por\" \/>\n\t<meta name=\"twitter:data1\" content=\"Paula\" \/>\n\t<meta name=\"twitter:label2\" content=\"Tiempo de lectura\" \/>\n\t<meta name=\"twitter:data2\" content=\"2 minutos\" \/>\n<script type=\"application\/ld+json\" class=\"yoast-schema-graph\">{\"@context\":\"https:\/\/schema.org\",\"@graph\":[{\"@type\":\"Article\",\"@id\":\"https:\/\/www.bolsarama.es\/bolsa\/las-ventas-del-comercio-minorista-aumentaron-un-54-en-octubre-lo-que-representa-su-mayor-crecimiento-en-dos-anos-y-medio\/#article\",\"isPartOf\":{\"@id\":\"https:\/\/www.bolsarama.es\/bolsa\/las-ventas-del-comercio-minorista-aumentaron-un-54-en-octubre-lo-que-representa-su-mayor-crecimiento-en-dos-anos-y-medio\/\"},\"author\":{\"name\":\"Paula\",\"@id\":\"https:\/\/www.bolsarama.es\/bolsa\/#\/schema\/person\/a34ab5b5c7d41d99c10a5c3564af3e43\"},\"headline\":\"Las ventas del comercio minorista aumentaron un 5,4% en octubre, lo que representa su mayor crecimiento en dos a\u00f1os y medio.\",\"datePublished\":\"2024-11-29T11:15:55+00:00\",\"dateModified\":\"2024-11-29T11:15:55+00:00\",\"mainEntityOfPage\":{\"@id\":\"https:\/\/www.bolsarama.es\/bolsa\/las-ventas-del-comercio-minorista-aumentaron-un-54-en-octubre-lo-que-representa-su-mayor-crecimiento-en-dos-anos-y-medio\/\"},\"wordCount\":487,\"commentCount\":0,\"publisher\":{\"@id\":\"https:\/\/www.bolsarama.es\/bolsa\/#organization\"},\"image\":{\"@id\":\"https:\/\/www.bolsarama.es\/bolsa\/las-ventas-del-comercio-minorista-aumentaron-un-54-en-octubre-lo-que-representa-su-mayor-crecimiento-en-dos-anos-y-medio\/#primaryimage\"},\"thumbnailUrl\":\"https:\/\/www.bolsarama.es\/bolsa\/wp-content\/uploads\/2024\/11\/Las-ventas-del-comercio-minorista-aumentaron-un-54-en-octubre.jpg\",\"inLanguage\":\"es\",\"potentialAction\":[{\"@type\":\"CommentAction\",\"name\":\"Comment\",\"target\":[\"https:\/\/www.bolsarama.es\/bolsa\/las-ventas-del-comercio-minorista-aumentaron-un-54-en-octubre-lo-que-representa-su-mayor-crecimiento-en-dos-anos-y-medio\/#respond\"]}]},{\"@type\":\"WebPage\",\"@id\":\"https:\/\/www.bolsarama.es\/bolsa\/las-ventas-del-comercio-minorista-aumentaron-un-54-en-octubre-lo-que-representa-su-mayor-crecimiento-en-dos-anos-y-medio\/\",\"url\":\"https:\/\/www.bolsarama.es\/bolsa\/las-ventas-del-comercio-minorista-aumentaron-un-54-en-octubre-lo-que-representa-su-mayor-crecimiento-en-dos-anos-y-medio\/\",\"name\":\"Las ventas del comercio minorista aumentaron un 5,4% en octubre, lo que representa su mayor crecimiento en dos a\u00f1os y medio. - Bolsarama - Informaci\u00f3n econ\u00f3mica actualizada - Bolsarama.es\",\"isPartOf\":{\"@id\":\"https:\/\/www.bolsarama.es\/bolsa\/#website\"},\"primaryImageOfPage\":{\"@id\":\"https:\/\/www.bolsarama.es\/bolsa\/las-ventas-del-comercio-minorista-aumentaron-un-54-en-octubre-lo-que-representa-su-mayor-crecimiento-en-dos-anos-y-medio\/#primaryimage\"},\"image\":{\"@id\":\"https:\/\/www.bolsarama.es\/bolsa\/las-ventas-del-comercio-minorista-aumentaron-un-54-en-octubre-lo-que-representa-su-mayor-crecimiento-en-dos-anos-y-medio\/#primaryimage\"},\"thumbnailUrl\":\"https:\/\/www.bolsarama.es\/bolsa\/wp-content\/uploads\/2024\/11\/Las-ventas-del-comercio-minorista-aumentaron-un-54-en-octubre.jpg\",\"datePublished\":\"2024-11-29T11:15:55+00:00\",\"dateModified\":\"2024-11-29T11:15:55+00:00\",\"breadcrumb\":{\"@id\":\"https:\/\/www.bolsarama.es\/bolsa\/las-ventas-del-comercio-minorista-aumentaron-un-54-en-octubre-lo-que-representa-su-mayor-crecimiento-en-dos-anos-y-medio\/#breadcrumb\"},\"inLanguage\":\"es\",\"potentialAction\":[{\"@type\":\"ReadAction\",\"target\":[\"https:\/\/www.bolsarama.es\/bolsa\/las-ventas-del-comercio-minorista-aumentaron-un-54-en-octubre-lo-que-representa-su-mayor-crecimiento-en-dos-anos-y-medio\/\"]}]},{\"@type\":\"ImageObject\",\"inLanguage\":\"es\",\"@id\":\"https:\/\/www.bolsarama.es\/bolsa\/las-ventas-del-comercio-minorista-aumentaron-un-54-en-octubre-lo-que-representa-su-mayor-crecimiento-en-dos-anos-y-medio\/#primaryimage\",\"url\":\"https:\/\/www.bolsarama.es\/bolsa\/wp-content\/uploads\/2024\/11\/Las-ventas-del-comercio-minorista-aumentaron-un-54-en-octubre.jpg\",\"contentUrl\":\"https:\/\/www.bolsarama.es\/bolsa\/wp-content\/uploads\/2024\/11\/Las-ventas-del-comercio-minorista-aumentaron-un-54-en-octubre.jpg\",\"width\":800,\"height\":602,\"caption\":\"Econom\u00eda.- (AMP) Las ventas del comercio minorista se disparan un 5,4% en octubre, su mayor alza en dos a\u00f1os y medio\"},{\"@type\":\"BreadcrumbList\",\"@id\":\"https:\/\/www.bolsarama.es\/bolsa\/las-ventas-del-comercio-minorista-aumentaron-un-54-en-octubre-lo-que-representa-su-mayor-crecimiento-en-dos-anos-y-medio\/#breadcrumb\",\"itemListElement\":[{\"@type\":\"ListItem\",\"position\":1,\"name\":\"Bolsa\",\"item\":\"https:\/\/www.bolsarama.es\/bolsa\/\"},{\"@type\":\"ListItem\",\"position\":2,\"name\":\"Las ventas del comercio minorista aumentaron un 5,4% en octubre, lo que representa su mayor crecimiento en dos a\u00f1os y medio.\"}]},{\"@type\":\"WebSite\",\"@id\":\"https:\/\/www.bolsarama.es\/bolsa\/#website\",\"url\":\"https:\/\/www.bolsarama.es\/bolsa\/\",\"name\":\"Bolsarama\",\"description\":\"\",\"publisher\":{\"@id\":\"https:\/\/www.bolsarama.es\/bolsa\/#organization\"},\"potentialAction\":[{\"@type\":\"SearchAction\",\"target\":{\"@type\":\"EntryPoint\",\"urlTemplate\":\"https:\/\/www.bolsarama.es\/bolsa\/?s={search_term_string}\"},\"query-input\":{\"@type\":\"PropertyValueSpecification\",\"valueRequired\":true,\"valueName\":\"search_term_string\"}}],\"inLanguage\":\"es\"},{\"@type\":\"Organization\",\"@id\":\"https:\/\/www.bolsarama.es\/bolsa\/#organization\",\"name\":\"Bolsarama\",\"url\":\"https:\/\/www.bolsarama.es\/bolsa\/\",\"logo\":{\"@type\":\"ImageObject\",\"inLanguage\":\"es\",\"@id\":\"https:\/\/www.bolsarama.es\/bolsa\/#\/schema\/logo\/image\/\",\"url\":\"https:\/\/www.bolsarama.es\/bolsa\/wp-content\/uploads\/2023\/10\/logo-bolsarama.png\",\"contentUrl\":\"https:\/\/www.bolsarama.es\/bolsa\/wp-content\/uploads\/2023\/10\/logo-bolsarama.png\",\"width\":300,\"height\":50,\"caption\":\"Bolsarama\"},\"image\":{\"@id\":\"https:\/\/www.bolsarama.es\/bolsa\/#\/schema\/logo\/image\/\"},\"sameAs\":[\"https:\/\/www.facebook.com\/bolsarama.es\",\"https:\/\/x.com\/Bolsarama_es\"]},{\"@type\":\"Person\",\"@id\":\"https:\/\/www.bolsarama.es\/bolsa\/#\/schema\/person\/a34ab5b5c7d41d99c10a5c3564af3e43\",\"name\":\"Paula\",\"image\":{\"@type\":\"ImageObject\",\"inLanguage\":\"es\",\"@id\":\"https:\/\/www.bolsarama.es\/bolsa\/#\/schema\/person\/image\/\",\"url\":\"https:\/\/www.bolsarama.es\/bolsa\/wp-content\/litespeed\/avatar\/d6404594800e2b580b751c6bb2eb5f4f.jpg?ver=1777428602\",\"contentUrl\":\"https:\/\/www.bolsarama.es\/bolsa\/wp-content\/litespeed\/avatar\/d6404594800e2b580b751c6bb2eb5f4f.jpg?ver=1777428602\",\"caption\":\"Paula\"},\"url\":\"https:\/\/www.bolsarama.es\/bolsa\/author\/paula\/\"}]}<\/script>\n<!-- \/ Yoast SEO plugin. -->","yoast_head_json":{"title":"Las ventas del comercio minorista aumentaron un 5,4% en octubre, lo que representa su mayor crecimiento en dos a\u00f1os y medio. - Bolsarama - Informaci\u00f3n econ\u00f3mica actualizada - Bolsarama.es","robots":{"index":"index","follow":"follow","max-snippet":"max-snippet:-1","max-image-preview":"max-image-preview:large","max-video-preview":"max-video-preview:-1"},"canonical":"https:\/\/www.bolsarama.es\/bolsa\/las-ventas-del-comercio-minorista-aumentaron-un-54-en-octubre-lo-que-representa-su-mayor-crecimiento-en-dos-anos-y-medio\/","og_locale":"es_ES","og_type":"article","og_title":"Las ventas del comercio minorista aumentaron un 5,4% en octubre, lo que representa su mayor crecimiento en dos a\u00f1os y medio. - Bolsarama - Informaci\u00f3n econ\u00f3mica actualizada - Bolsarama.es","og_description":"1. Aumento Sostenido en las Ventas del Comercio Minorista El comercio minorista en Espa\u00f1a ha registrado un crecimiento notorio en los \u00faltimos meses. En octubre, las ventas aumentaron en un 5,4% en comparaci\u00f3n con el mismo per\u00edodo del a\u00f1o 2023, una tasa superior en 3,6 puntos a la del mes anterior. Este aumento es el [&hellip;]","og_url":"https:\/\/www.bolsarama.es\/bolsa\/las-ventas-del-comercio-minorista-aumentaron-un-54-en-octubre-lo-que-representa-su-mayor-crecimiento-en-dos-anos-y-medio\/","og_site_name":"Bolsarama - Informaci\u00f3n econ\u00f3mica actualizada - Bolsarama.es","article_publisher":"https:\/\/www.facebook.com\/bolsarama.es","article_published_time":"2024-11-29T11:15:55+00:00","og_image":[{"width":800,"height":602,"url":"https:\/\/www.bolsarama.es\/bolsa\/wp-content\/uploads\/2024\/11\/Las-ventas-del-comercio-minorista-aumentaron-un-54-en-octubre.jpg","type":"image\/jpeg"}],"author":"Paula","twitter_card":"summary_large_image","twitter_creator":"@Bolsarama_es","twitter_site":"@Bolsarama_es","twitter_misc":{"Escrito por":"Paula","Tiempo de lectura":"2 minutos"},"schema":{"@context":"https:\/\/schema.org","@graph":[{"@type":"Article","@id":"https:\/\/www.bolsarama.es\/bolsa\/las-ventas-del-comercio-minorista-aumentaron-un-54-en-octubre-lo-que-representa-su-mayor-crecimiento-en-dos-anos-y-medio\/#article","isPartOf":{"@id":"https:\/\/www.bolsarama.es\/bolsa\/las-ventas-del-comercio-minorista-aumentaron-un-54-en-octubre-lo-que-representa-su-mayor-crecimiento-en-dos-anos-y-medio\/"},"author":{"name":"Paula","@id":"https:\/\/www.bolsarama.es\/bolsa\/#\/schema\/person\/a34ab5b5c7d41d99c10a5c3564af3e43"},"headline":"Las ventas del comercio minorista aumentaron un 5,4% en octubre, lo que representa su mayor crecimiento en dos a\u00f1os y medio.","datePublished":"2024-11-29T11:15:55+00:00","dateModified":"2024-11-29T11:15:55+00:00","mainEntityOfPage":{"@id":"https:\/\/www.bolsarama.es\/bolsa\/las-ventas-del-comercio-minorista-aumentaron-un-54-en-octubre-lo-que-representa-su-mayor-crecimiento-en-dos-anos-y-medio\/"},"wordCount":487,"commentCount":0,"publisher":{"@id":"https:\/\/www.bolsarama.es\/bolsa\/#organization"},"image":{"@id":"https:\/\/www.bolsarama.es\/bolsa\/las-ventas-del-comercio-minorista-aumentaron-un-54-en-octubre-lo-que-representa-su-mayor-crecimiento-en-dos-anos-y-medio\/#primaryimage"},"thumbnailUrl":"https:\/\/www.bolsarama.es\/bolsa\/wp-content\/uploads\/2024\/11\/Las-ventas-del-comercio-minorista-aumentaron-un-54-en-octubre.jpg","inLanguage":"es","potentialAction":[{"@type":"CommentAction","name":"Comment","target":["https:\/\/www.bolsarama.es\/bolsa\/las-ventas-del-comercio-minorista-aumentaron-un-54-en-octubre-lo-que-representa-su-mayor-crecimiento-en-dos-anos-y-medio\/#respond"]}]},{"@type":"WebPage","@id":"https:\/\/www.bolsarama.es\/bolsa\/las-ventas-del-comercio-minorista-aumentaron-un-54-en-octubre-lo-que-representa-su-mayor-crecimiento-en-dos-anos-y-medio\/","url":"https:\/\/www.bolsarama.es\/bolsa\/las-ventas-del-comercio-minorista-aumentaron-un-54-en-octubre-lo-que-representa-su-mayor-crecimiento-en-dos-anos-y-medio\/","name":"Las ventas del comercio minorista aumentaron un 5,4% en octubre, lo que representa su mayor crecimiento en dos a\u00f1os y medio. - Bolsarama - Informaci\u00f3n econ\u00f3mica actualizada - Bolsarama.es","isPartOf":{"@id":"https:\/\/www.bolsarama.es\/bolsa\/#website"},"primaryImageOfPage":{"@id":"https:\/\/www.bolsarama.es\/bolsa\/las-ventas-del-comercio-minorista-aumentaron-un-54-en-octubre-lo-que-representa-su-mayor-crecimiento-en-dos-anos-y-medio\/#primaryimage"},"image":{"@id":"https:\/\/www.bolsarama.es\/bolsa\/las-ventas-del-comercio-minorista-aumentaron-un-54-en-octubre-lo-que-representa-su-mayor-crecimiento-en-dos-anos-y-medio\/#primaryimage"},"thumbnailUrl":"https:\/\/www.bolsarama.es\/bolsa\/wp-content\/uploads\/2024\/11\/Las-ventas-del-comercio-minorista-aumentaron-un-54-en-octubre.jpg","datePublished":"2024-11-29T11:15:55+00:00","dateModified":"2024-11-29T11:15:55+00:00","breadcrumb":{"@id":"https:\/\/www.bolsarama.es\/bolsa\/las-ventas-del-comercio-minorista-aumentaron-un-54-en-octubre-lo-que-representa-su-mayor-crecimiento-en-dos-anos-y-medio\/#breadcrumb"},"inLanguage":"es","potentialAction":[{"@type":"ReadAction","target":["https:\/\/www.bolsarama.es\/bolsa\/las-ventas-del-comercio-minorista-aumentaron-un-54-en-octubre-lo-que-representa-su-mayor-crecimiento-en-dos-anos-y-medio\/"]}]},{"@type":"ImageObject","inLanguage":"es","@id":"https:\/\/www.bolsarama.es\/bolsa\/las-ventas-del-comercio-minorista-aumentaron-un-54-en-octubre-lo-que-representa-su-mayor-crecimiento-en-dos-anos-y-medio\/#primaryimage","url":"https:\/\/www.bolsarama.es\/bolsa\/wp-content\/uploads\/2024\/11\/Las-ventas-del-comercio-minorista-aumentaron-un-54-en-octubre.jpg","contentUrl":"https:\/\/www.bolsarama.es\/bolsa\/wp-content\/uploads\/2024\/11\/Las-ventas-del-comercio-minorista-aumentaron-un-54-en-octubre.jpg","width":800,"height":602,"caption":"Econom\u00eda.- (AMP) Las ventas del comercio minorista se disparan un 5,4% en octubre, su mayor alza en dos a\u00f1os y medio"},{"@type":"BreadcrumbList","@id":"https:\/\/www.bolsarama.es\/bolsa\/las-ventas-del-comercio-minorista-aumentaron-un-54-en-octubre-lo-que-representa-su-mayor-crecimiento-en-dos-anos-y-medio\/#breadcrumb","itemListElement":[{"@type":"ListItem","position":1,"name":"Bolsa","item":"https:\/\/www.bolsarama.es\/bolsa\/"},{"@type":"ListItem","position":2,"name":"Las ventas del comercio minorista aumentaron un 5,4% en octubre, lo que representa su mayor crecimiento en dos a\u00f1os y medio."}]},{"@type":"WebSite","@id":"https:\/\/www.bolsarama.es\/bolsa\/#website","url":"https:\/\/www.bolsarama.es\/bolsa\/","name":"Bolsarama","description":"","publisher":{"@id":"https:\/\/www.bolsarama.es\/bolsa\/#organization"},"potentialAction":[{"@type":"SearchAction","target":{"@type":"EntryPoint","urlTemplate":"https:\/\/www.bolsarama.es\/bolsa\/?s={search_term_string}"},"query-input":{"@type":"PropertyValueSpecification","valueRequired":true,"valueName":"search_term_string"}}],"inLanguage":"es"},{"@type":"Organization","@id":"https:\/\/www.bolsarama.es\/bolsa\/#organization","name":"Bolsarama","url":"https:\/\/www.bolsarama.es\/bolsa\/","logo":{"@type":"ImageObject","inLanguage":"es","@id":"https:\/\/www.bolsarama.es\/bolsa\/#\/schema\/logo\/image\/","url":"https:\/\/www.bolsarama.es\/bolsa\/wp-content\/uploads\/2023\/10\/logo-bolsarama.png","contentUrl":"https:\/\/www.bolsarama.es\/bolsa\/wp-content\/uploads\/2023\/10\/logo-bolsarama.png","width":300,"height":50,"caption":"Bolsarama"},"image":{"@id":"https:\/\/www.bolsarama.es\/bolsa\/#\/schema\/logo\/image\/"},"sameAs":["https:\/\/www.facebook.com\/bolsarama.es","https:\/\/x.com\/Bolsarama_es"]},{"@type":"Person","@id":"https:\/\/www.bolsarama.es\/bolsa\/#\/schema\/person\/a34ab5b5c7d41d99c10a5c3564af3e43","name":"Paula","image":{"@type":"ImageObject","inLanguage":"es","@id":"https:\/\/www.bolsarama.es\/bolsa\/#\/schema\/person\/image\/","url":"https:\/\/www.bolsarama.es\/bolsa\/wp-content\/litespeed\/avatar\/d6404594800e2b580b751c6bb2eb5f4f.jpg?ver=1777428602","contentUrl":"https:\/\/www.bolsarama.es\/bolsa\/wp-content\/litespeed\/avatar\/d6404594800e2b580b751c6bb2eb5f4f.jpg?ver=1777428602","caption":"Paula"},"url":"https:\/\/www.bolsarama.es\/bolsa\/author\/paula\/"}]}},"_links":{"self":[{"href":"https:\/\/www.bolsarama.es\/bolsa\/wp-json\/wp\/v2\/posts\/755","targetHints":{"allow":["GET"]}}],"collection":[{"href":"https:\/\/www.bolsarama.es\/bolsa\/wp-json\/wp\/v2\/posts"}],"about":[{"href":"https:\/\/www.bolsarama.es\/bolsa\/wp-json\/wp\/v2\/types\/post"}],"author":[{"embeddable":true,"href":"https:\/\/www.bolsarama.es\/bolsa\/wp-json\/wp\/v2\/users\/2"}],"replies":[{"embeddable":true,"href":"https:\/\/www.bolsarama.es\/bolsa\/wp-json\/wp\/v2\/comments?post=755"}],"version-history":[{"count":1,"href":"https:\/\/www.bolsarama.es\/bolsa\/wp-json\/wp\/v2\/posts\/755\/revisions"}],"predecessor-version":[{"id":756,"href":"https:\/\/www.bolsarama.es\/bolsa\/wp-json\/wp\/v2\/posts\/755\/revisions\/756"}],"wp:featuredmedia":[{"embeddable":true,"href":"https:\/\/www.bolsarama.es\/bolsa\/wp-json\/wp\/v2\/media\/751"}],"wp:attachment":[{"href":"https:\/\/www.bolsarama.es\/bolsa\/wp-json\/wp\/v2\/media?parent=755"}],"wp:term":[{"taxonomy":"category","embeddable":true,"href":"https:\/\/www.bolsarama.es\/bolsa\/wp-json\/wp\/v2\/categories?post=755"},{"taxonomy":"post_tag","embeddable":true,"href":"https:\/\/www.bolsarama.es\/bolsa\/wp-json\/wp\/v2\/tags?post=755"}],"curies":[{"name":"wp","href":"https:\/\/api.w.org\/{rel}","templated":true}]}}