{"id":763,"date":"2024-11-29T15:30:49","date_gmt":"2024-11-29T14:30:49","guid":{"rendered":"https:\/\/www.bolsarama.es\/bolsa\/?p=763"},"modified":"2024-11-29T15:30:49","modified_gmt":"2024-11-29T14:30:49","slug":"ngozi-okonjo-iweala-ha-sido-reelegida-como-directora-general-de-la-omc-para-un-segundo-mandato","status":"publish","type":"post","link":"https:\/\/www.bolsarama.es\/bolsa\/ngozi-okonjo-iweala-ha-sido-reelegida-como-directora-general-de-la-omc-para-un-segundo-mandato\/","title":{"rendered":"Ngozi Okonjo-Iweala ha sido reelegida como directora general de la OMC para un segundo mandato."},"content":{"rendered":"<h2>Ngozi Okonjo-Iweala: Reelecci\u00f3n como Directora General de la OMC y los Retos a Enfrentar<\/h2>\n<p>En un hito hist\u00f3rico, Ngozi Okonjo-Iweala, la economista nigeriana, ha sido reelegida por consenso como la directora general de la Organizaci\u00f3n Mundial del Comercio (OMC). Este segundo mandato de cuatro a\u00f1os, que iniciar\u00e1 el 1 de septiembre de 2025, estar\u00e1 lleno de desaf\u00edos, entre ellos las pol\u00edticas arancelarias que el pr\u00f3ximo presidente de Estados Unidos, Donald Trump, planea implementar.<\/p>\n<h3>Un Proceso de Reelecci\u00f3n Exitoso<\/h3>\n<p>El proceso de reelecci\u00f3n, que comenz\u00f3 el pasado 8 de octubre, culmin\u00f3 exitosamente con la candidatura \u00fanica de Okonjo-Iweala. La economista se mostr\u00f3 profundamente agradecida y honrada por la confianza depositada en ella por el Consejo General de la OMC y sus 166 miembros.<\/p>\n<h4>La Ruta de la OMC en los \u00daltimos A\u00f1os<\/h4>\n<p>La OMC ha jugado un papel crucial en los \u00faltimos a\u00f1os al ayudar a sus miembros a enfrentar desaf\u00edos globales urgentes, como la pandemia, los conflictos y el aumento de las tensiones geopol\u00edticas. Ante el futuro, Okonjo-Iweala subray\u00f3 su compromiso firme de lograr resultados que mejoren la vida de las personas en todo el mundo.<\/p>\n<h3>La Importancia de una OMC Fuerte<\/h3>\n<p>Okonjo-Iweala enfatiz\u00f3 que una OMC fuerte ser\u00e1 vital para una recuperaci\u00f3n r\u00e1pida y completa de la devastaci\u00f3n causada por la pandemia de Covid-19. Tambi\u00e9n expres\u00f3 su deseo de trabajar con los miembros para dise\u00f1ar e implementar las respuestas pol\u00edticas necesarias para reactivar la econom\u00eda global.<\/p>\n<h4>Un Camino de \u00c9xitos para Ngozi Okonjo-Iweala<\/h4>\n<p>Okonjo-Iweala, de 70 a\u00f1os de edad, se convirti\u00f3 en 2021 en la primera mujer en liderar la OMC, despu\u00e9s de haber trabajado en el Banco Mundial y servir en dos mandatos como ministra de Finanzas de Nigeria.<\/p>\n<h2>La OMC y las Pol\u00edticas Arancelarias de EE.UU.<\/h2>\n<p>Las pol\u00edticas arancelarias propuestas por el pr\u00f3ximo presidente de EE.UU., Donald Trump, son un tema de preocupaci\u00f3n. Sin embargo, Okonjo-Iweala se mostr\u00f3 optimista y dispuesta a trabajar con la nueva administraci\u00f3n estadounidense de manera constructiva y creativa para abordar la situaci\u00f3n. Afirm\u00f3 que, aunque no se conocen los detalles espec\u00edficos de las acciones que tomar\u00e1 la nueva administraci\u00f3n, la OMC est\u00e1 lista para enfrentar los desaf\u00edos que se presenten.<\/p>\n<h3>La OMC: Un Aliado de sus Miembros<\/h3>\n<p>Okonjo-Iweala record\u00f3 que la OMC cuenta con 166 miembros y afirm\u00f3 su compromiso de trabajar con cada uno de ellos, rechazando las acusaciones desde EE.UU. de ser aliada de China en Ginebra. En sus palabras, \u00abEspero que todos crean que soy su aliada\u00bb.<\/p>\n<p><\/p>\n","protected":false},"excerpt":{"rendered":"<p>Ngozi Okonjo-Iweala: Reelecci\u00f3n como Directora General de la OMC y los Retos a Enfrentar En un hito hist\u00f3rico, Ngozi Okonjo-Iweala, la economista nigeriana, ha sido reelegida por consenso como la directora general de la Organizaci\u00f3n Mundial del Comercio (OMC). Este segundo mandato de cuatro a\u00f1os, que iniciar\u00e1 el 1 de septiembre de 2025, estar\u00e1 lleno [&hellip;]<\/p>\n","protected":false},"author":2,"featured_media":0,"comment_status":"open","ping_status":"open","sticky":false,"template":"","format":"standard","meta":{"footnotes":""},"categories":[1],"tags":[],"class_list":["post-763","post","type-post","status-publish","format-standard","hentry","category-sin-categoria"],"yoast_head":"<!-- This site is optimized with the Yoast SEO plugin v23.6 - https:\/\/yoast.com\/wordpress\/plugins\/seo\/ -->\n<title>Ngozi Okonjo-Iweala ha sido reelegida como directora general de la OMC para un segundo mandato. - Bolsarama - Informaci\u00f3n econ\u00f3mica actualizada - Bolsarama.es<\/title>\n<meta name=\"robots\" content=\"index, follow, max-snippet:-1, max-image-preview:large, max-video-preview:-1\" \/>\n<link rel=\"canonical\" href=\"https:\/\/www.bolsarama.es\/bolsa\/ngozi-okonjo-iweala-ha-sido-reelegida-como-directora-general-de-la-omc-para-un-segundo-mandato\/\" \/>\n<meta property=\"og:locale\" content=\"es_ES\" \/>\n<meta property=\"og:type\" content=\"article\" \/>\n<meta property=\"og:title\" content=\"Ngozi Okonjo-Iweala ha sido reelegida como directora general de la OMC para un segundo mandato. - Bolsarama - Informaci\u00f3n econ\u00f3mica actualizada - Bolsarama.es\" \/>\n<meta property=\"og:description\" content=\"Ngozi Okonjo-Iweala: Reelecci\u00f3n como Directora General de la OMC y los Retos a Enfrentar En un hito hist\u00f3rico, Ngozi Okonjo-Iweala, la economista nigeriana, ha sido reelegida por consenso como la directora general de la Organizaci\u00f3n Mundial del Comercio (OMC). Este segundo mandato de cuatro a\u00f1os, que iniciar\u00e1 el 1 de septiembre de 2025, estar\u00e1 lleno [&hellip;]\" \/>\n<meta property=\"og:url\" content=\"https:\/\/www.bolsarama.es\/bolsa\/ngozi-okonjo-iweala-ha-sido-reelegida-como-directora-general-de-la-omc-para-un-segundo-mandato\/\" \/>\n<meta property=\"og:site_name\" content=\"Bolsarama - Informaci\u00f3n econ\u00f3mica actualizada - Bolsarama.es\" \/>\n<meta property=\"article:publisher\" content=\"https:\/\/www.facebook.com\/bolsarama.es\" \/>\n<meta property=\"article:published_time\" content=\"2024-11-29T14:30:49+00:00\" \/>\n<meta name=\"author\" content=\"Paula\" \/>\n<meta name=\"twitter:card\" content=\"summary_large_image\" \/>\n<meta name=\"twitter:creator\" content=\"@Bolsarama_es\" \/>\n<meta name=\"twitter:site\" content=\"@Bolsarama_es\" \/>\n<meta name=\"twitter:label1\" content=\"Escrito por\" \/>\n\t<meta name=\"twitter:data1\" content=\"Paula\" \/>\n\t<meta name=\"twitter:label2\" content=\"Tiempo de lectura\" \/>\n\t<meta name=\"twitter:data2\" content=\"2 minutos\" \/>\n<script type=\"application\/ld+json\" class=\"yoast-schema-graph\">{\"@context\":\"https:\/\/schema.org\",\"@graph\":[{\"@type\":\"Article\",\"@id\":\"https:\/\/www.bolsarama.es\/bolsa\/ngozi-okonjo-iweala-ha-sido-reelegida-como-directora-general-de-la-omc-para-un-segundo-mandato\/#article\",\"isPartOf\":{\"@id\":\"https:\/\/www.bolsarama.es\/bolsa\/ngozi-okonjo-iweala-ha-sido-reelegida-como-directora-general-de-la-omc-para-un-segundo-mandato\/\"},\"author\":{\"name\":\"Paula\",\"@id\":\"https:\/\/www.bolsarama.es\/bolsa\/#\/schema\/person\/a34ab5b5c7d41d99c10a5c3564af3e43\"},\"headline\":\"Ngozi Okonjo-Iweala ha sido reelegida como directora general de la OMC para un segundo mandato.\",\"datePublished\":\"2024-11-29T14:30:49+00:00\",\"dateModified\":\"2024-11-29T14:30:49+00:00\",\"mainEntityOfPage\":{\"@id\":\"https:\/\/www.bolsarama.es\/bolsa\/ngozi-okonjo-iweala-ha-sido-reelegida-como-directora-general-de-la-omc-para-un-segundo-mandato\/\"},\"wordCount\":450,\"commentCount\":0,\"publisher\":{\"@id\":\"https:\/\/www.bolsarama.es\/bolsa\/#organization\"},\"inLanguage\":\"es\",\"potentialAction\":[{\"@type\":\"CommentAction\",\"name\":\"Comment\",\"target\":[\"https:\/\/www.bolsarama.es\/bolsa\/ngozi-okonjo-iweala-ha-sido-reelegida-como-directora-general-de-la-omc-para-un-segundo-mandato\/#respond\"]}]},{\"@type\":\"WebPage\",\"@id\":\"https:\/\/www.bolsarama.es\/bolsa\/ngozi-okonjo-iweala-ha-sido-reelegida-como-directora-general-de-la-omc-para-un-segundo-mandato\/\",\"url\":\"https:\/\/www.bolsarama.es\/bolsa\/ngozi-okonjo-iweala-ha-sido-reelegida-como-directora-general-de-la-omc-para-un-segundo-mandato\/\",\"name\":\"Ngozi Okonjo-Iweala ha sido reelegida como directora general de la OMC para un segundo mandato. - Bolsarama - Informaci\u00f3n econ\u00f3mica actualizada - Bolsarama.es\",\"isPartOf\":{\"@id\":\"https:\/\/www.bolsarama.es\/bolsa\/#website\"},\"datePublished\":\"2024-11-29T14:30:49+00:00\",\"dateModified\":\"2024-11-29T14:30:49+00:00\",\"breadcrumb\":{\"@id\":\"https:\/\/www.bolsarama.es\/bolsa\/ngozi-okonjo-iweala-ha-sido-reelegida-como-directora-general-de-la-omc-para-un-segundo-mandato\/#breadcrumb\"},\"inLanguage\":\"es\",\"potentialAction\":[{\"@type\":\"ReadAction\",\"target\":[\"https:\/\/www.bolsarama.es\/bolsa\/ngozi-okonjo-iweala-ha-sido-reelegida-como-directora-general-de-la-omc-para-un-segundo-mandato\/\"]}]},{\"@type\":\"BreadcrumbList\",\"@id\":\"https:\/\/www.bolsarama.es\/bolsa\/ngozi-okonjo-iweala-ha-sido-reelegida-como-directora-general-de-la-omc-para-un-segundo-mandato\/#breadcrumb\",\"itemListElement\":[{\"@type\":\"ListItem\",\"position\":1,\"name\":\"Bolsa\",\"item\":\"https:\/\/www.bolsarama.es\/bolsa\/\"},{\"@type\":\"ListItem\",\"position\":2,\"name\":\"Ngozi Okonjo-Iweala ha sido reelegida como directora general de la OMC para un segundo mandato.\"}]},{\"@type\":\"WebSite\",\"@id\":\"https:\/\/www.bolsarama.es\/bolsa\/#website\",\"url\":\"https:\/\/www.bolsarama.es\/bolsa\/\",\"name\":\"Bolsarama\",\"description\":\"\",\"publisher\":{\"@id\":\"https:\/\/www.bolsarama.es\/bolsa\/#organization\"},\"potentialAction\":[{\"@type\":\"SearchAction\",\"target\":{\"@type\":\"EntryPoint\",\"urlTemplate\":\"https:\/\/www.bolsarama.es\/bolsa\/?s={search_term_string}\"},\"query-input\":{\"@type\":\"PropertyValueSpecification\",\"valueRequired\":true,\"valueName\":\"search_term_string\"}}],\"inLanguage\":\"es\"},{\"@type\":\"Organization\",\"@id\":\"https:\/\/www.bolsarama.es\/bolsa\/#organization\",\"name\":\"Bolsarama\",\"url\":\"https:\/\/www.bolsarama.es\/bolsa\/\",\"logo\":{\"@type\":\"ImageObject\",\"inLanguage\":\"es\",\"@id\":\"https:\/\/www.bolsarama.es\/bolsa\/#\/schema\/logo\/image\/\",\"url\":\"https:\/\/www.bolsarama.es\/bolsa\/wp-content\/uploads\/2023\/10\/logo-bolsarama.png\",\"contentUrl\":\"https:\/\/www.bolsarama.es\/bolsa\/wp-content\/uploads\/2023\/10\/logo-bolsarama.png\",\"width\":300,\"height\":50,\"caption\":\"Bolsarama\"},\"image\":{\"@id\":\"https:\/\/www.bolsarama.es\/bolsa\/#\/schema\/logo\/image\/\"},\"sameAs\":[\"https:\/\/www.facebook.com\/bolsarama.es\",\"https:\/\/x.com\/Bolsarama_es\"]},{\"@type\":\"Person\",\"@id\":\"https:\/\/www.bolsarama.es\/bolsa\/#\/schema\/person\/a34ab5b5c7d41d99c10a5c3564af3e43\",\"name\":\"Paula\",\"image\":{\"@type\":\"ImageObject\",\"inLanguage\":\"es\",\"@id\":\"https:\/\/www.bolsarama.es\/bolsa\/#\/schema\/person\/image\/\",\"url\":\"https:\/\/www.bolsarama.es\/bolsa\/wp-content\/litespeed\/avatar\/d6404594800e2b580b751c6bb2eb5f4f.jpg?ver=1777428602\",\"contentUrl\":\"https:\/\/www.bolsarama.es\/bolsa\/wp-content\/litespeed\/avatar\/d6404594800e2b580b751c6bb2eb5f4f.jpg?ver=1777428602\",\"caption\":\"Paula\"},\"url\":\"https:\/\/www.bolsarama.es\/bolsa\/author\/paula\/\"}]}<\/script>\n<!-- \/ Yoast SEO plugin. -->","yoast_head_json":{"title":"Ngozi Okonjo-Iweala ha sido reelegida como directora general de la OMC para un segundo mandato. - Bolsarama - Informaci\u00f3n econ\u00f3mica actualizada - Bolsarama.es","robots":{"index":"index","follow":"follow","max-snippet":"max-snippet:-1","max-image-preview":"max-image-preview:large","max-video-preview":"max-video-preview:-1"},"canonical":"https:\/\/www.bolsarama.es\/bolsa\/ngozi-okonjo-iweala-ha-sido-reelegida-como-directora-general-de-la-omc-para-un-segundo-mandato\/","og_locale":"es_ES","og_type":"article","og_title":"Ngozi Okonjo-Iweala ha sido reelegida como directora general de la OMC para un segundo mandato. - Bolsarama - Informaci\u00f3n econ\u00f3mica actualizada - Bolsarama.es","og_description":"Ngozi Okonjo-Iweala: Reelecci\u00f3n como Directora General de la OMC y los Retos a Enfrentar En un hito hist\u00f3rico, Ngozi Okonjo-Iweala, la economista nigeriana, ha sido reelegida por consenso como la directora general de la Organizaci\u00f3n Mundial del Comercio (OMC). Este segundo mandato de cuatro a\u00f1os, que iniciar\u00e1 el 1 de septiembre de 2025, estar\u00e1 lleno [&hellip;]","og_url":"https:\/\/www.bolsarama.es\/bolsa\/ngozi-okonjo-iweala-ha-sido-reelegida-como-directora-general-de-la-omc-para-un-segundo-mandato\/","og_site_name":"Bolsarama - Informaci\u00f3n econ\u00f3mica actualizada - Bolsarama.es","article_publisher":"https:\/\/www.facebook.com\/bolsarama.es","article_published_time":"2024-11-29T14:30:49+00:00","author":"Paula","twitter_card":"summary_large_image","twitter_creator":"@Bolsarama_es","twitter_site":"@Bolsarama_es","twitter_misc":{"Escrito por":"Paula","Tiempo de lectura":"2 minutos"},"schema":{"@context":"https:\/\/schema.org","@graph":[{"@type":"Article","@id":"https:\/\/www.bolsarama.es\/bolsa\/ngozi-okonjo-iweala-ha-sido-reelegida-como-directora-general-de-la-omc-para-un-segundo-mandato\/#article","isPartOf":{"@id":"https:\/\/www.bolsarama.es\/bolsa\/ngozi-okonjo-iweala-ha-sido-reelegida-como-directora-general-de-la-omc-para-un-segundo-mandato\/"},"author":{"name":"Paula","@id":"https:\/\/www.bolsarama.es\/bolsa\/#\/schema\/person\/a34ab5b5c7d41d99c10a5c3564af3e43"},"headline":"Ngozi Okonjo-Iweala ha sido reelegida como directora general de la OMC para un segundo mandato.","datePublished":"2024-11-29T14:30:49+00:00","dateModified":"2024-11-29T14:30:49+00:00","mainEntityOfPage":{"@id":"https:\/\/www.bolsarama.es\/bolsa\/ngozi-okonjo-iweala-ha-sido-reelegida-como-directora-general-de-la-omc-para-un-segundo-mandato\/"},"wordCount":450,"commentCount":0,"publisher":{"@id":"https:\/\/www.bolsarama.es\/bolsa\/#organization"},"inLanguage":"es","potentialAction":[{"@type":"CommentAction","name":"Comment","target":["https:\/\/www.bolsarama.es\/bolsa\/ngozi-okonjo-iweala-ha-sido-reelegida-como-directora-general-de-la-omc-para-un-segundo-mandato\/#respond"]}]},{"@type":"WebPage","@id":"https:\/\/www.bolsarama.es\/bolsa\/ngozi-okonjo-iweala-ha-sido-reelegida-como-directora-general-de-la-omc-para-un-segundo-mandato\/","url":"https:\/\/www.bolsarama.es\/bolsa\/ngozi-okonjo-iweala-ha-sido-reelegida-como-directora-general-de-la-omc-para-un-segundo-mandato\/","name":"Ngozi Okonjo-Iweala ha sido reelegida como directora general de la OMC para un segundo mandato. - Bolsarama - Informaci\u00f3n econ\u00f3mica actualizada - Bolsarama.es","isPartOf":{"@id":"https:\/\/www.bolsarama.es\/bolsa\/#website"},"datePublished":"2024-11-29T14:30:49+00:00","dateModified":"2024-11-29T14:30:49+00:00","breadcrumb":{"@id":"https:\/\/www.bolsarama.es\/bolsa\/ngozi-okonjo-iweala-ha-sido-reelegida-como-directora-general-de-la-omc-para-un-segundo-mandato\/#breadcrumb"},"inLanguage":"es","potentialAction":[{"@type":"ReadAction","target":["https:\/\/www.bolsarama.es\/bolsa\/ngozi-okonjo-iweala-ha-sido-reelegida-como-directora-general-de-la-omc-para-un-segundo-mandato\/"]}]},{"@type":"BreadcrumbList","@id":"https:\/\/www.bolsarama.es\/bolsa\/ngozi-okonjo-iweala-ha-sido-reelegida-como-directora-general-de-la-omc-para-un-segundo-mandato\/#breadcrumb","itemListElement":[{"@type":"ListItem","position":1,"name":"Bolsa","item":"https:\/\/www.bolsarama.es\/bolsa\/"},{"@type":"ListItem","position":2,"name":"Ngozi Okonjo-Iweala ha sido reelegida como directora general de la OMC para un segundo mandato."}]},{"@type":"WebSite","@id":"https:\/\/www.bolsarama.es\/bolsa\/#website","url":"https:\/\/www.bolsarama.es\/bolsa\/","name":"Bolsarama","description":"","publisher":{"@id":"https:\/\/www.bolsarama.es\/bolsa\/#organization"},"potentialAction":[{"@type":"SearchAction","target":{"@type":"EntryPoint","urlTemplate":"https:\/\/www.bolsarama.es\/bolsa\/?s={search_term_string}"},"query-input":{"@type":"PropertyValueSpecification","valueRequired":true,"valueName":"search_term_string"}}],"inLanguage":"es"},{"@type":"Organization","@id":"https:\/\/www.bolsarama.es\/bolsa\/#organization","name":"Bolsarama","url":"https:\/\/www.bolsarama.es\/bolsa\/","logo":{"@type":"ImageObject","inLanguage":"es","@id":"https:\/\/www.bolsarama.es\/bolsa\/#\/schema\/logo\/image\/","url":"https:\/\/www.bolsarama.es\/bolsa\/wp-content\/uploads\/2023\/10\/logo-bolsarama.png","contentUrl":"https:\/\/www.bolsarama.es\/bolsa\/wp-content\/uploads\/2023\/10\/logo-bolsarama.png","width":300,"height":50,"caption":"Bolsarama"},"image":{"@id":"https:\/\/www.bolsarama.es\/bolsa\/#\/schema\/logo\/image\/"},"sameAs":["https:\/\/www.facebook.com\/bolsarama.es","https:\/\/x.com\/Bolsarama_es"]},{"@type":"Person","@id":"https:\/\/www.bolsarama.es\/bolsa\/#\/schema\/person\/a34ab5b5c7d41d99c10a5c3564af3e43","name":"Paula","image":{"@type":"ImageObject","inLanguage":"es","@id":"https:\/\/www.bolsarama.es\/bolsa\/#\/schema\/person\/image\/","url":"https:\/\/www.bolsarama.es\/bolsa\/wp-content\/litespeed\/avatar\/d6404594800e2b580b751c6bb2eb5f4f.jpg?ver=1777428602","contentUrl":"https:\/\/www.bolsarama.es\/bolsa\/wp-content\/litespeed\/avatar\/d6404594800e2b580b751c6bb2eb5f4f.jpg?ver=1777428602","caption":"Paula"},"url":"https:\/\/www.bolsarama.es\/bolsa\/author\/paula\/"}]}},"_links":{"self":[{"href":"https:\/\/www.bolsarama.es\/bolsa\/wp-json\/wp\/v2\/posts\/763","targetHints":{"allow":["GET"]}}],"collection":[{"href":"https:\/\/www.bolsarama.es\/bolsa\/wp-json\/wp\/v2\/posts"}],"about":[{"href":"https:\/\/www.bolsarama.es\/bolsa\/wp-json\/wp\/v2\/types\/post"}],"author":[{"embeddable":true,"href":"https:\/\/www.bolsarama.es\/bolsa\/wp-json\/wp\/v2\/users\/2"}],"replies":[{"embeddable":true,"href":"https:\/\/www.bolsarama.es\/bolsa\/wp-json\/wp\/v2\/comments?post=763"}],"version-history":[{"count":1,"href":"https:\/\/www.bolsarama.es\/bolsa\/wp-json\/wp\/v2\/posts\/763\/revisions"}],"predecessor-version":[{"id":764,"href":"https:\/\/www.bolsarama.es\/bolsa\/wp-json\/wp\/v2\/posts\/763\/revisions\/764"}],"wp:attachment":[{"href":"https:\/\/www.bolsarama.es\/bolsa\/wp-json\/wp\/v2\/media?parent=763"}],"wp:term":[{"taxonomy":"category","embeddable":true,"href":"https:\/\/www.bolsarama.es\/bolsa\/wp-json\/wp\/v2\/categories?post=763"},{"taxonomy":"post_tag","embeddable":true,"href":"https:\/\/www.bolsarama.es\/bolsa\/wp-json\/wp\/v2\/tags?post=763"}],"curies":[{"name":"wp","href":"https:\/\/api.w.org\/{rel}","templated":true}]}}