{"id":765,"date":"2024-11-29T16:35:38","date_gmt":"2024-11-29T15:35:38","guid":{"rendered":"https:\/\/www.bolsarama.es\/bolsa\/?p=765"},"modified":"2024-11-29T16:35:38","modified_gmt":"2024-11-29T15:35:38","slug":"velca-solicita-extender-la-deduccion-del-15-del-irpf-por-la-compra-de-vehiculos-electricos-a-los-receptores-de-subvenciones","status":"publish","type":"post","link":"https:\/\/www.bolsarama.es\/bolsa\/velca-solicita-extender-la-deduccion-del-15-del-irpf-por-la-compra-de-vehiculos-electricos-a-los-receptores-de-subvenciones\/","title":{"rendered":"Velca solicita extender la deducci\u00f3n del 15% del IRPF por la compra de veh\u00edculos el\u00e9ctricos a los receptores de subvenciones."},"content":{"rendered":"<p><\/p>\n<p>Las motos el\u00e9ctricas han revolucionado el mundo del transporte, ofreciendo una alternativa m\u00e1s sostenible y econ\u00f3mica a los veh\u00edculos de combusti\u00f3n interna. Con el auge de las motos el\u00e9ctricas, muchos fabricantes y empresas est\u00e1n buscando formas de hacer que estas motos sean a\u00fan m\u00e1s atractivas para los consumidores. Una de esas formas es a trav\u00e9s de incentivos fiscales, como la deducci\u00f3n del 15% en el Impuesto sobre la Renta de las Personas F\u00edsicas (IRPF) que el fabricante de motos el\u00e9ctricas Velca ha solicitado al Gobierno.<\/p>\n<h2>\u00bfQu\u00e9 es la deducci\u00f3n del 15% en el IRPF?<\/h2>\n<p><\/p>\n<p>Esta deducci\u00f3n es un incentivo fiscal que permite a los compradores de veh\u00edculos el\u00e9ctricos reducir su carga tributaria. La deducci\u00f3n actualmente est\u00e1 programada para finalizar el 31 de diciembre. Sin embargo, Velca ha solicitado una pr\u00f3rroga para que esta medida fiscal se extienda hasta el primer semestre de 2025.<\/p>\n<h3>\u00bfC\u00f3mo puede beneficiar esta pr\u00f3rroga a los compradores de motos el\u00e9ctricas?<\/h3>\n<p><\/p>\n<p>La pr\u00f3rroga permitir\u00eda a los compradores de motos el\u00e9ctricas deducir hasta 3.000 euros, con una base m\u00e1xima deducible de 20.000 euros. Adem\u00e1s, en el caso de las motos, a esta cantidad se sumar\u00edan los 2.000 euros de las ayudas directas por la compra de un veh\u00edculo de dos ruedas el\u00e9ctrico nuevo. Esto significa que el precio final de la moto podr\u00eda ser un 60% inferior al precio original.<\/p>\n<h4>\u00bfExisten restricciones para acogerse a estas ayudas?<\/h4>\n<p><\/p>\n<p>Estas ayudas est\u00e1n sujetas a ciertas restricciones. Por ejemplo, todas las compras que se beneficien de estas ayudas deben hacerse a trav\u00e9s de concesionarios y puntos de venta autorizados que est\u00e9n adheridos al plan p\u00fablico. Adem\u00e1s, estas ayudas no son compatibles con otras subvenciones para la compra de un veh\u00edculo debido a la legislaci\u00f3n europea que proh\u00edbe la doble subvenci\u00f3n.<\/p>\n<h2>La importancia de extender la deducci\u00f3n<\/h2>\n<p><\/p>\n<p>La extensi\u00f3n de la deducci\u00f3n del 15% en el IRPF ser\u00eda una gran noticia para los consumidores y para la industria de las motos el\u00e9ctricas. No solo har\u00eda que las motos el\u00e9ctricas fueran m\u00e1s asequibles, sino que tambi\u00e9n impulsar\u00eda su adopci\u00f3n, contribuyendo a la reducci\u00f3n de las emisiones de carbono y a la lucha contra el cambio clim\u00e1tico. Adem\u00e1s, ayudar\u00eda a los fabricantes de motos el\u00e9ctricas como Velca a seguir creciendo y desarrollando nuevas y mejores tecnolog\u00edas.<\/p>\n<p><\/p>\n","protected":false},"excerpt":{"rendered":"<p>Las motos el\u00e9ctricas han revolucionado el mundo del transporte, ofreciendo una alternativa m\u00e1s sostenible y econ\u00f3mica a los veh\u00edculos de combusti\u00f3n interna. Con el auge de las motos el\u00e9ctricas, muchos fabricantes y empresas est\u00e1n buscando formas de hacer que estas motos sean a\u00fan m\u00e1s atractivas para los consumidores. Una de esas formas es a trav\u00e9s [&hellip;]<\/p>\n","protected":false},"author":2,"featured_media":766,"comment_status":"open","ping_status":"open","sticky":false,"template":"","format":"standard","meta":{"footnotes":""},"categories":[1],"tags":[],"class_list":["post-765","post","type-post","status-publish","format-standard","has-post-thumbnail","hentry","category-sin-categoria"],"yoast_head":"<!-- This site is optimized with the Yoast SEO plugin v23.6 - https:\/\/yoast.com\/wordpress\/plugins\/seo\/ -->\n<title>Velca solicita extender la deducci\u00f3n del 15% del IRPF por la compra de veh\u00edculos el\u00e9ctricos a los receptores de subvenciones. - Bolsarama - Informaci\u00f3n econ\u00f3mica actualizada - Bolsarama.es<\/title>\n<meta name=\"robots\" content=\"index, follow, max-snippet:-1, max-image-preview:large, max-video-preview:-1\" \/>\n<link rel=\"canonical\" href=\"https:\/\/www.bolsarama.es\/bolsa\/velca-solicita-extender-la-deduccion-del-15-del-irpf-por-la-compra-de-vehiculos-electricos-a-los-receptores-de-subvenciones\/\" \/>\n<meta property=\"og:locale\" content=\"es_ES\" \/>\n<meta property=\"og:type\" content=\"article\" \/>\n<meta property=\"og:title\" content=\"Velca solicita extender la deducci\u00f3n del 15% del IRPF por la compra de veh\u00edculos el\u00e9ctricos a los receptores de subvenciones. - Bolsarama - Informaci\u00f3n econ\u00f3mica actualizada - Bolsarama.es\" \/>\n<meta property=\"og:description\" content=\"Las motos el\u00e9ctricas han revolucionado el mundo del transporte, ofreciendo una alternativa m\u00e1s sostenible y econ\u00f3mica a los veh\u00edculos de combusti\u00f3n interna. Con el auge de las motos el\u00e9ctricas, muchos fabricantes y empresas est\u00e1n buscando formas de hacer que estas motos sean a\u00fan m\u00e1s atractivas para los consumidores. Una de esas formas es a trav\u00e9s [&hellip;]\" \/>\n<meta property=\"og:url\" content=\"https:\/\/www.bolsarama.es\/bolsa\/velca-solicita-extender-la-deduccion-del-15-del-irpf-por-la-compra-de-vehiculos-electricos-a-los-receptores-de-subvenciones\/\" \/>\n<meta property=\"og:site_name\" content=\"Bolsarama - Informaci\u00f3n econ\u00f3mica actualizada - Bolsarama.es\" \/>\n<meta property=\"article:publisher\" content=\"https:\/\/www.facebook.com\/bolsarama.es\" \/>\n<meta property=\"article:published_time\" content=\"2024-11-29T15:35:38+00:00\" \/>\n<meta property=\"og:image\" content=\"https:\/\/www.bolsarama.es\/bolsa\/wp-content\/uploads\/2024\/11\/Velca-solicita-extender-la-deduccion-del-15-del-IRPF-por.jpg\" \/>\n\t<meta property=\"og:image:width\" content=\"800\" \/>\n\t<meta property=\"og:image:height\" content=\"671\" \/>\n\t<meta property=\"og:image:type\" content=\"image\/jpeg\" \/>\n<meta name=\"author\" content=\"Paula\" \/>\n<meta name=\"twitter:card\" content=\"summary_large_image\" \/>\n<meta name=\"twitter:creator\" content=\"@Bolsarama_es\" \/>\n<meta name=\"twitter:site\" content=\"@Bolsarama_es\" \/>\n<meta name=\"twitter:label1\" content=\"Escrito por\" \/>\n\t<meta name=\"twitter:data1\" content=\"Paula\" \/>\n\t<meta name=\"twitter:label2\" content=\"Tiempo de lectura\" \/>\n\t<meta name=\"twitter:data2\" content=\"2 minutos\" \/>\n<script type=\"application\/ld+json\" class=\"yoast-schema-graph\">{\"@context\":\"https:\/\/schema.org\",\"@graph\":[{\"@type\":\"Article\",\"@id\":\"https:\/\/www.bolsarama.es\/bolsa\/velca-solicita-extender-la-deduccion-del-15-del-irpf-por-la-compra-de-vehiculos-electricos-a-los-receptores-de-subvenciones\/#article\",\"isPartOf\":{\"@id\":\"https:\/\/www.bolsarama.es\/bolsa\/velca-solicita-extender-la-deduccion-del-15-del-irpf-por-la-compra-de-vehiculos-electricos-a-los-receptores-de-subvenciones\/\"},\"author\":{\"name\":\"Paula\",\"@id\":\"https:\/\/www.bolsarama.es\/bolsa\/#\/schema\/person\/a34ab5b5c7d41d99c10a5c3564af3e43\"},\"headline\":\"Velca solicita extender la deducci\u00f3n del 15% del IRPF por la compra de veh\u00edculos el\u00e9ctricos a los receptores de subvenciones.\",\"datePublished\":\"2024-11-29T15:35:38+00:00\",\"dateModified\":\"2024-11-29T15:35:38+00:00\",\"mainEntityOfPage\":{\"@id\":\"https:\/\/www.bolsarama.es\/bolsa\/velca-solicita-extender-la-deduccion-del-15-del-irpf-por-la-compra-de-vehiculos-electricos-a-los-receptores-de-subvenciones\/\"},\"wordCount\":442,\"commentCount\":0,\"publisher\":{\"@id\":\"https:\/\/www.bolsarama.es\/bolsa\/#organization\"},\"image\":{\"@id\":\"https:\/\/www.bolsarama.es\/bolsa\/velca-solicita-extender-la-deduccion-del-15-del-irpf-por-la-compra-de-vehiculos-electricos-a-los-receptores-de-subvenciones\/#primaryimage\"},\"thumbnailUrl\":\"https:\/\/www.bolsarama.es\/bolsa\/wp-content\/uploads\/2024\/11\/Velca-solicita-extender-la-deduccion-del-15-del-IRPF-por.jpg\",\"inLanguage\":\"es\",\"potentialAction\":[{\"@type\":\"CommentAction\",\"name\":\"Comment\",\"target\":[\"https:\/\/www.bolsarama.es\/bolsa\/velca-solicita-extender-la-deduccion-del-15-del-irpf-por-la-compra-de-vehiculos-electricos-a-los-receptores-de-subvenciones\/#respond\"]}]},{\"@type\":\"WebPage\",\"@id\":\"https:\/\/www.bolsarama.es\/bolsa\/velca-solicita-extender-la-deduccion-del-15-del-irpf-por-la-compra-de-vehiculos-electricos-a-los-receptores-de-subvenciones\/\",\"url\":\"https:\/\/www.bolsarama.es\/bolsa\/velca-solicita-extender-la-deduccion-del-15-del-irpf-por-la-compra-de-vehiculos-electricos-a-los-receptores-de-subvenciones\/\",\"name\":\"Velca solicita extender la deducci\u00f3n del 15% del IRPF por la compra de veh\u00edculos el\u00e9ctricos a los receptores de subvenciones. - Bolsarama - Informaci\u00f3n econ\u00f3mica actualizada - Bolsarama.es\",\"isPartOf\":{\"@id\":\"https:\/\/www.bolsarama.es\/bolsa\/#website\"},\"primaryImageOfPage\":{\"@id\":\"https:\/\/www.bolsarama.es\/bolsa\/velca-solicita-extender-la-deduccion-del-15-del-irpf-por-la-compra-de-vehiculos-electricos-a-los-receptores-de-subvenciones\/#primaryimage\"},\"image\":{\"@id\":\"https:\/\/www.bolsarama.es\/bolsa\/velca-solicita-extender-la-deduccion-del-15-del-irpf-por-la-compra-de-vehiculos-electricos-a-los-receptores-de-subvenciones\/#primaryimage\"},\"thumbnailUrl\":\"https:\/\/www.bolsarama.es\/bolsa\/wp-content\/uploads\/2024\/11\/Velca-solicita-extender-la-deduccion-del-15-del-IRPF-por.jpg\",\"datePublished\":\"2024-11-29T15:35:38+00:00\",\"dateModified\":\"2024-11-29T15:35:38+00:00\",\"breadcrumb\":{\"@id\":\"https:\/\/www.bolsarama.es\/bolsa\/velca-solicita-extender-la-deduccion-del-15-del-irpf-por-la-compra-de-vehiculos-electricos-a-los-receptores-de-subvenciones\/#breadcrumb\"},\"inLanguage\":\"es\",\"potentialAction\":[{\"@type\":\"ReadAction\",\"target\":[\"https:\/\/www.bolsarama.es\/bolsa\/velca-solicita-extender-la-deduccion-del-15-del-irpf-por-la-compra-de-vehiculos-electricos-a-los-receptores-de-subvenciones\/\"]}]},{\"@type\":\"ImageObject\",\"inLanguage\":\"es\",\"@id\":\"https:\/\/www.bolsarama.es\/bolsa\/velca-solicita-extender-la-deduccion-del-15-del-irpf-por-la-compra-de-vehiculos-electricos-a-los-receptores-de-subvenciones\/#primaryimage\",\"url\":\"https:\/\/www.bolsarama.es\/bolsa\/wp-content\/uploads\/2024\/11\/Velca-solicita-extender-la-deduccion-del-15-del-IRPF-por.jpg\",\"contentUrl\":\"https:\/\/www.bolsarama.es\/bolsa\/wp-content\/uploads\/2024\/11\/Velca-solicita-extender-la-deduccion-del-15-del-IRPF-por.jpg\",\"width\":800,\"height\":671,\"caption\":\"Econom\u00eda\/Motor.-Velca pide prorrogar la deducci\u00f3n del 15% del IRPF por compra de el\u00e9ctricos a receptores de subvenciones\"},{\"@type\":\"BreadcrumbList\",\"@id\":\"https:\/\/www.bolsarama.es\/bolsa\/velca-solicita-extender-la-deduccion-del-15-del-irpf-por-la-compra-de-vehiculos-electricos-a-los-receptores-de-subvenciones\/#breadcrumb\",\"itemListElement\":[{\"@type\":\"ListItem\",\"position\":1,\"name\":\"Bolsa\",\"item\":\"https:\/\/www.bolsarama.es\/bolsa\/\"},{\"@type\":\"ListItem\",\"position\":2,\"name\":\"Velca solicita extender la deducci\u00f3n del 15% del IRPF por la compra de veh\u00edculos el\u00e9ctricos a los receptores de subvenciones.\"}]},{\"@type\":\"WebSite\",\"@id\":\"https:\/\/www.bolsarama.es\/bolsa\/#website\",\"url\":\"https:\/\/www.bolsarama.es\/bolsa\/\",\"name\":\"Bolsarama\",\"description\":\"\",\"publisher\":{\"@id\":\"https:\/\/www.bolsarama.es\/bolsa\/#organization\"},\"potentialAction\":[{\"@type\":\"SearchAction\",\"target\":{\"@type\":\"EntryPoint\",\"urlTemplate\":\"https:\/\/www.bolsarama.es\/bolsa\/?s={search_term_string}\"},\"query-input\":{\"@type\":\"PropertyValueSpecification\",\"valueRequired\":true,\"valueName\":\"search_term_string\"}}],\"inLanguage\":\"es\"},{\"@type\":\"Organization\",\"@id\":\"https:\/\/www.bolsarama.es\/bolsa\/#organization\",\"name\":\"Bolsarama\",\"url\":\"https:\/\/www.bolsarama.es\/bolsa\/\",\"logo\":{\"@type\":\"ImageObject\",\"inLanguage\":\"es\",\"@id\":\"https:\/\/www.bolsarama.es\/bolsa\/#\/schema\/logo\/image\/\",\"url\":\"https:\/\/www.bolsarama.es\/bolsa\/wp-content\/uploads\/2023\/10\/logo-bolsarama.png\",\"contentUrl\":\"https:\/\/www.bolsarama.es\/bolsa\/wp-content\/uploads\/2023\/10\/logo-bolsarama.png\",\"width\":300,\"height\":50,\"caption\":\"Bolsarama\"},\"image\":{\"@id\":\"https:\/\/www.bolsarama.es\/bolsa\/#\/schema\/logo\/image\/\"},\"sameAs\":[\"https:\/\/www.facebook.com\/bolsarama.es\",\"https:\/\/x.com\/Bolsarama_es\"]},{\"@type\":\"Person\",\"@id\":\"https:\/\/www.bolsarama.es\/bolsa\/#\/schema\/person\/a34ab5b5c7d41d99c10a5c3564af3e43\",\"name\":\"Paula\",\"image\":{\"@type\":\"ImageObject\",\"inLanguage\":\"es\",\"@id\":\"https:\/\/www.bolsarama.es\/bolsa\/#\/schema\/person\/image\/\",\"url\":\"https:\/\/www.bolsarama.es\/bolsa\/wp-content\/litespeed\/avatar\/d6404594800e2b580b751c6bb2eb5f4f.jpg?ver=1777428602\",\"contentUrl\":\"https:\/\/www.bolsarama.es\/bolsa\/wp-content\/litespeed\/avatar\/d6404594800e2b580b751c6bb2eb5f4f.jpg?ver=1777428602\",\"caption\":\"Paula\"},\"url\":\"https:\/\/www.bolsarama.es\/bolsa\/author\/paula\/\"}]}<\/script>\n<!-- \/ Yoast SEO plugin. -->","yoast_head_json":{"title":"Velca solicita extender la deducci\u00f3n del 15% del IRPF por la compra de veh\u00edculos el\u00e9ctricos a los receptores de subvenciones. - Bolsarama - Informaci\u00f3n econ\u00f3mica actualizada - Bolsarama.es","robots":{"index":"index","follow":"follow","max-snippet":"max-snippet:-1","max-image-preview":"max-image-preview:large","max-video-preview":"max-video-preview:-1"},"canonical":"https:\/\/www.bolsarama.es\/bolsa\/velca-solicita-extender-la-deduccion-del-15-del-irpf-por-la-compra-de-vehiculos-electricos-a-los-receptores-de-subvenciones\/","og_locale":"es_ES","og_type":"article","og_title":"Velca solicita extender la deducci\u00f3n del 15% del IRPF por la compra de veh\u00edculos el\u00e9ctricos a los receptores de subvenciones. - Bolsarama - Informaci\u00f3n econ\u00f3mica actualizada - Bolsarama.es","og_description":"Las motos el\u00e9ctricas han revolucionado el mundo del transporte, ofreciendo una alternativa m\u00e1s sostenible y econ\u00f3mica a los veh\u00edculos de combusti\u00f3n interna. Con el auge de las motos el\u00e9ctricas, muchos fabricantes y empresas est\u00e1n buscando formas de hacer que estas motos sean a\u00fan m\u00e1s atractivas para los consumidores. Una de esas formas es a trav\u00e9s [&hellip;]","og_url":"https:\/\/www.bolsarama.es\/bolsa\/velca-solicita-extender-la-deduccion-del-15-del-irpf-por-la-compra-de-vehiculos-electricos-a-los-receptores-de-subvenciones\/","og_site_name":"Bolsarama - Informaci\u00f3n econ\u00f3mica actualizada - Bolsarama.es","article_publisher":"https:\/\/www.facebook.com\/bolsarama.es","article_published_time":"2024-11-29T15:35:38+00:00","og_image":[{"width":800,"height":671,"url":"https:\/\/www.bolsarama.es\/bolsa\/wp-content\/uploads\/2024\/11\/Velca-solicita-extender-la-deduccion-del-15-del-IRPF-por.jpg","type":"image\/jpeg"}],"author":"Paula","twitter_card":"summary_large_image","twitter_creator":"@Bolsarama_es","twitter_site":"@Bolsarama_es","twitter_misc":{"Escrito por":"Paula","Tiempo de lectura":"2 minutos"},"schema":{"@context":"https:\/\/schema.org","@graph":[{"@type":"Article","@id":"https:\/\/www.bolsarama.es\/bolsa\/velca-solicita-extender-la-deduccion-del-15-del-irpf-por-la-compra-de-vehiculos-electricos-a-los-receptores-de-subvenciones\/#article","isPartOf":{"@id":"https:\/\/www.bolsarama.es\/bolsa\/velca-solicita-extender-la-deduccion-del-15-del-irpf-por-la-compra-de-vehiculos-electricos-a-los-receptores-de-subvenciones\/"},"author":{"name":"Paula","@id":"https:\/\/www.bolsarama.es\/bolsa\/#\/schema\/person\/a34ab5b5c7d41d99c10a5c3564af3e43"},"headline":"Velca solicita extender la deducci\u00f3n del 15% del IRPF por la compra de veh\u00edculos el\u00e9ctricos a los receptores de subvenciones.","datePublished":"2024-11-29T15:35:38+00:00","dateModified":"2024-11-29T15:35:38+00:00","mainEntityOfPage":{"@id":"https:\/\/www.bolsarama.es\/bolsa\/velca-solicita-extender-la-deduccion-del-15-del-irpf-por-la-compra-de-vehiculos-electricos-a-los-receptores-de-subvenciones\/"},"wordCount":442,"commentCount":0,"publisher":{"@id":"https:\/\/www.bolsarama.es\/bolsa\/#organization"},"image":{"@id":"https:\/\/www.bolsarama.es\/bolsa\/velca-solicita-extender-la-deduccion-del-15-del-irpf-por-la-compra-de-vehiculos-electricos-a-los-receptores-de-subvenciones\/#primaryimage"},"thumbnailUrl":"https:\/\/www.bolsarama.es\/bolsa\/wp-content\/uploads\/2024\/11\/Velca-solicita-extender-la-deduccion-del-15-del-IRPF-por.jpg","inLanguage":"es","potentialAction":[{"@type":"CommentAction","name":"Comment","target":["https:\/\/www.bolsarama.es\/bolsa\/velca-solicita-extender-la-deduccion-del-15-del-irpf-por-la-compra-de-vehiculos-electricos-a-los-receptores-de-subvenciones\/#respond"]}]},{"@type":"WebPage","@id":"https:\/\/www.bolsarama.es\/bolsa\/velca-solicita-extender-la-deduccion-del-15-del-irpf-por-la-compra-de-vehiculos-electricos-a-los-receptores-de-subvenciones\/","url":"https:\/\/www.bolsarama.es\/bolsa\/velca-solicita-extender-la-deduccion-del-15-del-irpf-por-la-compra-de-vehiculos-electricos-a-los-receptores-de-subvenciones\/","name":"Velca solicita extender la deducci\u00f3n del 15% del IRPF por la compra de veh\u00edculos el\u00e9ctricos a los receptores de subvenciones. - Bolsarama - Informaci\u00f3n econ\u00f3mica actualizada - Bolsarama.es","isPartOf":{"@id":"https:\/\/www.bolsarama.es\/bolsa\/#website"},"primaryImageOfPage":{"@id":"https:\/\/www.bolsarama.es\/bolsa\/velca-solicita-extender-la-deduccion-del-15-del-irpf-por-la-compra-de-vehiculos-electricos-a-los-receptores-de-subvenciones\/#primaryimage"},"image":{"@id":"https:\/\/www.bolsarama.es\/bolsa\/velca-solicita-extender-la-deduccion-del-15-del-irpf-por-la-compra-de-vehiculos-electricos-a-los-receptores-de-subvenciones\/#primaryimage"},"thumbnailUrl":"https:\/\/www.bolsarama.es\/bolsa\/wp-content\/uploads\/2024\/11\/Velca-solicita-extender-la-deduccion-del-15-del-IRPF-por.jpg","datePublished":"2024-11-29T15:35:38+00:00","dateModified":"2024-11-29T15:35:38+00:00","breadcrumb":{"@id":"https:\/\/www.bolsarama.es\/bolsa\/velca-solicita-extender-la-deduccion-del-15-del-irpf-por-la-compra-de-vehiculos-electricos-a-los-receptores-de-subvenciones\/#breadcrumb"},"inLanguage":"es","potentialAction":[{"@type":"ReadAction","target":["https:\/\/www.bolsarama.es\/bolsa\/velca-solicita-extender-la-deduccion-del-15-del-irpf-por-la-compra-de-vehiculos-electricos-a-los-receptores-de-subvenciones\/"]}]},{"@type":"ImageObject","inLanguage":"es","@id":"https:\/\/www.bolsarama.es\/bolsa\/velca-solicita-extender-la-deduccion-del-15-del-irpf-por-la-compra-de-vehiculos-electricos-a-los-receptores-de-subvenciones\/#primaryimage","url":"https:\/\/www.bolsarama.es\/bolsa\/wp-content\/uploads\/2024\/11\/Velca-solicita-extender-la-deduccion-del-15-del-IRPF-por.jpg","contentUrl":"https:\/\/www.bolsarama.es\/bolsa\/wp-content\/uploads\/2024\/11\/Velca-solicita-extender-la-deduccion-del-15-del-IRPF-por.jpg","width":800,"height":671,"caption":"Econom\u00eda\/Motor.-Velca pide prorrogar la deducci\u00f3n del 15% del IRPF por compra de el\u00e9ctricos a receptores de subvenciones"},{"@type":"BreadcrumbList","@id":"https:\/\/www.bolsarama.es\/bolsa\/velca-solicita-extender-la-deduccion-del-15-del-irpf-por-la-compra-de-vehiculos-electricos-a-los-receptores-de-subvenciones\/#breadcrumb","itemListElement":[{"@type":"ListItem","position":1,"name":"Bolsa","item":"https:\/\/www.bolsarama.es\/bolsa\/"},{"@type":"ListItem","position":2,"name":"Velca solicita extender la deducci\u00f3n del 15% del IRPF por la compra de veh\u00edculos el\u00e9ctricos a los receptores de subvenciones."}]},{"@type":"WebSite","@id":"https:\/\/www.bolsarama.es\/bolsa\/#website","url":"https:\/\/www.bolsarama.es\/bolsa\/","name":"Bolsarama","description":"","publisher":{"@id":"https:\/\/www.bolsarama.es\/bolsa\/#organization"},"potentialAction":[{"@type":"SearchAction","target":{"@type":"EntryPoint","urlTemplate":"https:\/\/www.bolsarama.es\/bolsa\/?s={search_term_string}"},"query-input":{"@type":"PropertyValueSpecification","valueRequired":true,"valueName":"search_term_string"}}],"inLanguage":"es"},{"@type":"Organization","@id":"https:\/\/www.bolsarama.es\/bolsa\/#organization","name":"Bolsarama","url":"https:\/\/www.bolsarama.es\/bolsa\/","logo":{"@type":"ImageObject","inLanguage":"es","@id":"https:\/\/www.bolsarama.es\/bolsa\/#\/schema\/logo\/image\/","url":"https:\/\/www.bolsarama.es\/bolsa\/wp-content\/uploads\/2023\/10\/logo-bolsarama.png","contentUrl":"https:\/\/www.bolsarama.es\/bolsa\/wp-content\/uploads\/2023\/10\/logo-bolsarama.png","width":300,"height":50,"caption":"Bolsarama"},"image":{"@id":"https:\/\/www.bolsarama.es\/bolsa\/#\/schema\/logo\/image\/"},"sameAs":["https:\/\/www.facebook.com\/bolsarama.es","https:\/\/x.com\/Bolsarama_es"]},{"@type":"Person","@id":"https:\/\/www.bolsarama.es\/bolsa\/#\/schema\/person\/a34ab5b5c7d41d99c10a5c3564af3e43","name":"Paula","image":{"@type":"ImageObject","inLanguage":"es","@id":"https:\/\/www.bolsarama.es\/bolsa\/#\/schema\/person\/image\/","url":"https:\/\/www.bolsarama.es\/bolsa\/wp-content\/litespeed\/avatar\/d6404594800e2b580b751c6bb2eb5f4f.jpg?ver=1777428602","contentUrl":"https:\/\/www.bolsarama.es\/bolsa\/wp-content\/litespeed\/avatar\/d6404594800e2b580b751c6bb2eb5f4f.jpg?ver=1777428602","caption":"Paula"},"url":"https:\/\/www.bolsarama.es\/bolsa\/author\/paula\/"}]}},"_links":{"self":[{"href":"https:\/\/www.bolsarama.es\/bolsa\/wp-json\/wp\/v2\/posts\/765","targetHints":{"allow":["GET"]}}],"collection":[{"href":"https:\/\/www.bolsarama.es\/bolsa\/wp-json\/wp\/v2\/posts"}],"about":[{"href":"https:\/\/www.bolsarama.es\/bolsa\/wp-json\/wp\/v2\/types\/post"}],"author":[{"embeddable":true,"href":"https:\/\/www.bolsarama.es\/bolsa\/wp-json\/wp\/v2\/users\/2"}],"replies":[{"embeddable":true,"href":"https:\/\/www.bolsarama.es\/bolsa\/wp-json\/wp\/v2\/comments?post=765"}],"version-history":[{"count":1,"href":"https:\/\/www.bolsarama.es\/bolsa\/wp-json\/wp\/v2\/posts\/765\/revisions"}],"predecessor-version":[{"id":767,"href":"https:\/\/www.bolsarama.es\/bolsa\/wp-json\/wp\/v2\/posts\/765\/revisions\/767"}],"wp:featuredmedia":[{"embeddable":true,"href":"https:\/\/www.bolsarama.es\/bolsa\/wp-json\/wp\/v2\/media\/766"}],"wp:attachment":[{"href":"https:\/\/www.bolsarama.es\/bolsa\/wp-json\/wp\/v2\/media?parent=765"}],"wp:term":[{"taxonomy":"category","embeddable":true,"href":"https:\/\/www.bolsarama.es\/bolsa\/wp-json\/wp\/v2\/categories?post=765"},{"taxonomy":"post_tag","embeddable":true,"href":"https:\/\/www.bolsarama.es\/bolsa\/wp-json\/wp\/v2\/tags?post=765"}],"curies":[{"name":"wp","href":"https:\/\/api.w.org\/{rel}","templated":true}]}}