{"id":771,"date":"2024-11-29T18:45:43","date_gmt":"2024-11-29T17:45:43","guid":{"rendered":"https:\/\/www.bolsarama.es\/bolsa\/?p=771"},"modified":"2024-11-29T18:45:43","modified_gmt":"2024-11-29T17:45:43","slug":"confebus-y-atuc-afirman-que-casi-nadie-ha-participado-en-la-huelga-de-autobuses","status":"publish","type":"post","link":"https:\/\/www.bolsarama.es\/bolsa\/confebus-y-atuc-afirman-que-casi-nadie-ha-participado-en-la-huelga-de-autobuses\/","title":{"rendered":"Confeb\u00fas y Atuc afirman que casi nadie ha participado en la huelga de autobuses."},"content":{"rendered":"<h2>Una huelga con un seguimiento \u00abpr\u00e1cticamente nulo\u00bb<\/h2>\n<p>\nSeg\u00fan la Confederaci\u00f3n Espa\u00f1ola de Transporte en Autob\u00fas (Confeb\u00fas) y la Asociaci\u00f3n de Transportes P\u00fablicos Urbanos y Metropolitanos (Atuc), dos de las principales patronales del sector, la huelga convocada en el sector de transporte en autob\u00fas del 29 y 30 de noviembre ha tenido un seguimiento \u00abpr\u00e1cticamente nulo\u00bb. Esta huelga fue convocada por CCOO y CGT, con el objetivo de que las patronales se comprometan a fijar una fecha l\u00edmite para solicitar a las administraciones la implantaci\u00f3n de la jubilaci\u00f3n anticipada en el sector por causas de peligrosidad. <\/p>\n<h2>Impacto de la huelga en diferentes ciudades espa\u00f1olas<\/h2>\n<p>\nLa incidencia de la huelga ha variado considerablemente entre las diferentes ciudades espa\u00f1olas. Seg\u00fan Confeb\u00fas y Atuc, en algunas capitales de provincia como A Coru\u00f1a, C\u00f3rdoba, C\u00e1diz o M\u00e1laga, los trabajadores no han secundado la huelga. Sin embargo, en otras ciudades como Bilbao, Madrid o Barcelona, el seguimiento ha sido del 5%, 7% y 33%, respectivamente. Adem\u00e1s, en Oviedo se ha alcanzado un seguimiento del 20%, en Gij\u00f3n del 16% y en Girona del 5%.<\/p>\n<h2>\u00bfQu\u00e9 podemos esperar en el futuro?<\/h2>\n<p>\nA pesar de que la huelga continuar\u00e1 los d\u00edas 5 y 9 de diciembre, y a partir del 23 de ese mes ser\u00e1 indefinida, las patronales defienden que seguir\u00e1n trabajando para evitar la huelga en pleno puente de diciembre y, posteriormente, en Navidad. Esta situaci\u00f3n plantea un panorama de incertidumbre para los usuarios del transporte en autob\u00fas en Espa\u00f1a, ya que podr\u00edan verse afectados por la huelga durante el per\u00edodo navide\u00f1o.<\/p>\n<h3>Perspectivas para los trabajadores del sector<\/h3>\n<p>\nLa demanda de los trabajadores de la implementaci\u00f3n de la jubilaci\u00f3n anticipada en el sector por causas de peligrosidad pone de manifiesto la necesidad de mejorar las condiciones laborales en el sector del transporte en autob\u00fas. Sin embargo, la fecha para la implementaci\u00f3n de esta medida es incierta.<\/p>\n<h4>Los desaf\u00edos del sector del transporte en autob\u00fas en Espa\u00f1a<\/h4>\n<p>\nLa huelga y las demandas de los trabajadores evidencian los desaf\u00edos que enfrenta el sector del transporte en autob\u00fas en Espa\u00f1a. La mejora de las condiciones laborales, junto con la necesidad de garantizar un servicio de calidad para los usuarios, son algunos de los retos a los que se enfrenta este sector.<\/p>\n","protected":false},"excerpt":{"rendered":"<p>Una huelga con un seguimiento \u00abpr\u00e1cticamente nulo\u00bb Seg\u00fan la Confederaci\u00f3n Espa\u00f1ola de Transporte en Autob\u00fas (Confeb\u00fas) y la Asociaci\u00f3n de Transportes P\u00fablicos Urbanos y Metropolitanos (Atuc), dos de las principales patronales del sector, la huelga convocada en el sector de transporte en autob\u00fas del 29 y 30 de noviembre ha tenido un seguimiento \u00abpr\u00e1cticamente nulo\u00bb. [&hellip;]<\/p>\n","protected":false},"author":2,"featured_media":772,"comment_status":"open","ping_status":"open","sticky":false,"template":"","format":"standard","meta":{"footnotes":""},"categories":[1],"tags":[],"class_list":["post-771","post","type-post","status-publish","format-standard","has-post-thumbnail","hentry","category-sin-categoria"],"yoast_head":"<!-- This site is optimized with the Yoast SEO plugin v23.6 - https:\/\/yoast.com\/wordpress\/plugins\/seo\/ -->\n<title>Confeb\u00fas y Atuc afirman que casi nadie ha participado en la huelga de autobuses. - Bolsarama - Informaci\u00f3n econ\u00f3mica actualizada - Bolsarama.es<\/title>\n<meta name=\"robots\" content=\"index, follow, max-snippet:-1, max-image-preview:large, max-video-preview:-1\" \/>\n<link rel=\"canonical\" href=\"https:\/\/www.bolsarama.es\/bolsa\/confebus-y-atuc-afirman-que-casi-nadie-ha-participado-en-la-huelga-de-autobuses\/\" \/>\n<meta property=\"og:locale\" content=\"es_ES\" \/>\n<meta property=\"og:type\" content=\"article\" \/>\n<meta property=\"og:title\" content=\"Confeb\u00fas y Atuc afirman que casi nadie ha participado en la huelga de autobuses. - Bolsarama - Informaci\u00f3n econ\u00f3mica actualizada - Bolsarama.es\" \/>\n<meta property=\"og:description\" content=\"Una huelga con un seguimiento \u00abpr\u00e1cticamente nulo\u00bb Seg\u00fan la Confederaci\u00f3n Espa\u00f1ola de Transporte en Autob\u00fas (Confeb\u00fas) y la Asociaci\u00f3n de Transportes P\u00fablicos Urbanos y Metropolitanos (Atuc), dos de las principales patronales del sector, la huelga convocada en el sector de transporte en autob\u00fas del 29 y 30 de noviembre ha tenido un seguimiento \u00abpr\u00e1cticamente nulo\u00bb. [&hellip;]\" \/>\n<meta property=\"og:url\" content=\"https:\/\/www.bolsarama.es\/bolsa\/confebus-y-atuc-afirman-que-casi-nadie-ha-participado-en-la-huelga-de-autobuses\/\" \/>\n<meta property=\"og:site_name\" content=\"Bolsarama - Informaci\u00f3n econ\u00f3mica actualizada - Bolsarama.es\" \/>\n<meta property=\"article:publisher\" content=\"https:\/\/www.facebook.com\/bolsarama.es\" \/>\n<meta property=\"article:published_time\" content=\"2024-11-29T17:45:43+00:00\" \/>\n<meta property=\"og:image\" content=\"https:\/\/www.bolsarama.es\/bolsa\/wp-content\/uploads\/2024\/11\/Confebus-y-Atuc-afirman-que-casi-nadie-ha-participado-en.jpg\" \/>\n\t<meta property=\"og:image:width\" content=\"800\" \/>\n\t<meta property=\"og:image:height\" content=\"429\" \/>\n\t<meta property=\"og:image:type\" content=\"image\/jpeg\" \/>\n<meta name=\"author\" content=\"Paula\" \/>\n<meta name=\"twitter:card\" content=\"summary_large_image\" \/>\n<meta name=\"twitter:creator\" content=\"@Bolsarama_es\" \/>\n<meta name=\"twitter:site\" content=\"@Bolsarama_es\" \/>\n<meta name=\"twitter:label1\" content=\"Escrito por\" \/>\n\t<meta name=\"twitter:data1\" content=\"Paula\" \/>\n\t<meta name=\"twitter:label2\" content=\"Tiempo de lectura\" \/>\n\t<meta name=\"twitter:data2\" content=\"2 minutos\" \/>\n<script type=\"application\/ld+json\" class=\"yoast-schema-graph\">{\"@context\":\"https:\/\/schema.org\",\"@graph\":[{\"@type\":\"Article\",\"@id\":\"https:\/\/www.bolsarama.es\/bolsa\/confebus-y-atuc-afirman-que-casi-nadie-ha-participado-en-la-huelga-de-autobuses\/#article\",\"isPartOf\":{\"@id\":\"https:\/\/www.bolsarama.es\/bolsa\/confebus-y-atuc-afirman-que-casi-nadie-ha-participado-en-la-huelga-de-autobuses\/\"},\"author\":{\"name\":\"Paula\",\"@id\":\"https:\/\/www.bolsarama.es\/bolsa\/#\/schema\/person\/a34ab5b5c7d41d99c10a5c3564af3e43\"},\"headline\":\"Confeb\u00fas y Atuc afirman que casi nadie ha participado en la huelga de autobuses.\",\"datePublished\":\"2024-11-29T17:45:43+00:00\",\"dateModified\":\"2024-11-29T17:45:43+00:00\",\"mainEntityOfPage\":{\"@id\":\"https:\/\/www.bolsarama.es\/bolsa\/confebus-y-atuc-afirman-que-casi-nadie-ha-participado-en-la-huelga-de-autobuses\/\"},\"wordCount\":416,\"commentCount\":0,\"publisher\":{\"@id\":\"https:\/\/www.bolsarama.es\/bolsa\/#organization\"},\"image\":{\"@id\":\"https:\/\/www.bolsarama.es\/bolsa\/confebus-y-atuc-afirman-que-casi-nadie-ha-participado-en-la-huelga-de-autobuses\/#primaryimage\"},\"thumbnailUrl\":\"https:\/\/www.bolsarama.es\/bolsa\/wp-content\/uploads\/2024\/11\/Confebus-y-Atuc-afirman-que-casi-nadie-ha-participado-en.jpg\",\"inLanguage\":\"es\",\"potentialAction\":[{\"@type\":\"CommentAction\",\"name\":\"Comment\",\"target\":[\"https:\/\/www.bolsarama.es\/bolsa\/confebus-y-atuc-afirman-que-casi-nadie-ha-participado-en-la-huelga-de-autobuses\/#respond\"]}]},{\"@type\":\"WebPage\",\"@id\":\"https:\/\/www.bolsarama.es\/bolsa\/confebus-y-atuc-afirman-que-casi-nadie-ha-participado-en-la-huelga-de-autobuses\/\",\"url\":\"https:\/\/www.bolsarama.es\/bolsa\/confebus-y-atuc-afirman-que-casi-nadie-ha-participado-en-la-huelga-de-autobuses\/\",\"name\":\"Confeb\u00fas y Atuc afirman que casi nadie ha participado en la huelga de autobuses. - Bolsarama - Informaci\u00f3n econ\u00f3mica actualizada - Bolsarama.es\",\"isPartOf\":{\"@id\":\"https:\/\/www.bolsarama.es\/bolsa\/#website\"},\"primaryImageOfPage\":{\"@id\":\"https:\/\/www.bolsarama.es\/bolsa\/confebus-y-atuc-afirman-que-casi-nadie-ha-participado-en-la-huelga-de-autobuses\/#primaryimage\"},\"image\":{\"@id\":\"https:\/\/www.bolsarama.es\/bolsa\/confebus-y-atuc-afirman-que-casi-nadie-ha-participado-en-la-huelga-de-autobuses\/#primaryimage\"},\"thumbnailUrl\":\"https:\/\/www.bolsarama.es\/bolsa\/wp-content\/uploads\/2024\/11\/Confebus-y-Atuc-afirman-que-casi-nadie-ha-participado-en.jpg\",\"datePublished\":\"2024-11-29T17:45:43+00:00\",\"dateModified\":\"2024-11-29T17:45:43+00:00\",\"breadcrumb\":{\"@id\":\"https:\/\/www.bolsarama.es\/bolsa\/confebus-y-atuc-afirman-que-casi-nadie-ha-participado-en-la-huelga-de-autobuses\/#breadcrumb\"},\"inLanguage\":\"es\",\"potentialAction\":[{\"@type\":\"ReadAction\",\"target\":[\"https:\/\/www.bolsarama.es\/bolsa\/confebus-y-atuc-afirman-que-casi-nadie-ha-participado-en-la-huelga-de-autobuses\/\"]}]},{\"@type\":\"ImageObject\",\"inLanguage\":\"es\",\"@id\":\"https:\/\/www.bolsarama.es\/bolsa\/confebus-y-atuc-afirman-que-casi-nadie-ha-participado-en-la-huelga-de-autobuses\/#primaryimage\",\"url\":\"https:\/\/www.bolsarama.es\/bolsa\/wp-content\/uploads\/2024\/11\/Confebus-y-Atuc-afirman-que-casi-nadie-ha-participado-en.jpg\",\"contentUrl\":\"https:\/\/www.bolsarama.es\/bolsa\/wp-content\/uploads\/2024\/11\/Confebus-y-Atuc-afirman-que-casi-nadie-ha-participado-en.jpg\",\"width\":800,\"height\":429,\"caption\":\"Econom\u00eda\/Transportes.- Confeb\u00fas y Atuc aseguran que el seguimiento de la huelga de autobuses es \\\"pr\u00e1cticamente nulo\\\"\"},{\"@type\":\"BreadcrumbList\",\"@id\":\"https:\/\/www.bolsarama.es\/bolsa\/confebus-y-atuc-afirman-que-casi-nadie-ha-participado-en-la-huelga-de-autobuses\/#breadcrumb\",\"itemListElement\":[{\"@type\":\"ListItem\",\"position\":1,\"name\":\"Bolsa\",\"item\":\"https:\/\/www.bolsarama.es\/bolsa\/\"},{\"@type\":\"ListItem\",\"position\":2,\"name\":\"Confeb\u00fas y Atuc afirman que casi nadie ha participado en la huelga de autobuses.\"}]},{\"@type\":\"WebSite\",\"@id\":\"https:\/\/www.bolsarama.es\/bolsa\/#website\",\"url\":\"https:\/\/www.bolsarama.es\/bolsa\/\",\"name\":\"Bolsarama\",\"description\":\"\",\"publisher\":{\"@id\":\"https:\/\/www.bolsarama.es\/bolsa\/#organization\"},\"potentialAction\":[{\"@type\":\"SearchAction\",\"target\":{\"@type\":\"EntryPoint\",\"urlTemplate\":\"https:\/\/www.bolsarama.es\/bolsa\/?s={search_term_string}\"},\"query-input\":{\"@type\":\"PropertyValueSpecification\",\"valueRequired\":true,\"valueName\":\"search_term_string\"}}],\"inLanguage\":\"es\"},{\"@type\":\"Organization\",\"@id\":\"https:\/\/www.bolsarama.es\/bolsa\/#organization\",\"name\":\"Bolsarama\",\"url\":\"https:\/\/www.bolsarama.es\/bolsa\/\",\"logo\":{\"@type\":\"ImageObject\",\"inLanguage\":\"es\",\"@id\":\"https:\/\/www.bolsarama.es\/bolsa\/#\/schema\/logo\/image\/\",\"url\":\"https:\/\/www.bolsarama.es\/bolsa\/wp-content\/uploads\/2023\/10\/logo-bolsarama.png\",\"contentUrl\":\"https:\/\/www.bolsarama.es\/bolsa\/wp-content\/uploads\/2023\/10\/logo-bolsarama.png\",\"width\":300,\"height\":50,\"caption\":\"Bolsarama\"},\"image\":{\"@id\":\"https:\/\/www.bolsarama.es\/bolsa\/#\/schema\/logo\/image\/\"},\"sameAs\":[\"https:\/\/www.facebook.com\/bolsarama.es\",\"https:\/\/x.com\/Bolsarama_es\"]},{\"@type\":\"Person\",\"@id\":\"https:\/\/www.bolsarama.es\/bolsa\/#\/schema\/person\/a34ab5b5c7d41d99c10a5c3564af3e43\",\"name\":\"Paula\",\"image\":{\"@type\":\"ImageObject\",\"inLanguage\":\"es\",\"@id\":\"https:\/\/www.bolsarama.es\/bolsa\/#\/schema\/person\/image\/\",\"url\":\"https:\/\/www.bolsarama.es\/bolsa\/wp-content\/litespeed\/avatar\/d6404594800e2b580b751c6bb2eb5f4f.jpg?ver=1777428602\",\"contentUrl\":\"https:\/\/www.bolsarama.es\/bolsa\/wp-content\/litespeed\/avatar\/d6404594800e2b580b751c6bb2eb5f4f.jpg?ver=1777428602\",\"caption\":\"Paula\"},\"url\":\"https:\/\/www.bolsarama.es\/bolsa\/author\/paula\/\"}]}<\/script>\n<!-- \/ Yoast SEO plugin. -->","yoast_head_json":{"title":"Confeb\u00fas y Atuc afirman que casi nadie ha participado en la huelga de autobuses. - Bolsarama - Informaci\u00f3n econ\u00f3mica actualizada - Bolsarama.es","robots":{"index":"index","follow":"follow","max-snippet":"max-snippet:-1","max-image-preview":"max-image-preview:large","max-video-preview":"max-video-preview:-1"},"canonical":"https:\/\/www.bolsarama.es\/bolsa\/confebus-y-atuc-afirman-que-casi-nadie-ha-participado-en-la-huelga-de-autobuses\/","og_locale":"es_ES","og_type":"article","og_title":"Confeb\u00fas y Atuc afirman que casi nadie ha participado en la huelga de autobuses. - Bolsarama - Informaci\u00f3n econ\u00f3mica actualizada - Bolsarama.es","og_description":"Una huelga con un seguimiento \u00abpr\u00e1cticamente nulo\u00bb Seg\u00fan la Confederaci\u00f3n Espa\u00f1ola de Transporte en Autob\u00fas (Confeb\u00fas) y la Asociaci\u00f3n de Transportes P\u00fablicos Urbanos y Metropolitanos (Atuc), dos de las principales patronales del sector, la huelga convocada en el sector de transporte en autob\u00fas del 29 y 30 de noviembre ha tenido un seguimiento \u00abpr\u00e1cticamente nulo\u00bb. [&hellip;]","og_url":"https:\/\/www.bolsarama.es\/bolsa\/confebus-y-atuc-afirman-que-casi-nadie-ha-participado-en-la-huelga-de-autobuses\/","og_site_name":"Bolsarama - Informaci\u00f3n econ\u00f3mica actualizada - Bolsarama.es","article_publisher":"https:\/\/www.facebook.com\/bolsarama.es","article_published_time":"2024-11-29T17:45:43+00:00","og_image":[{"width":800,"height":429,"url":"https:\/\/www.bolsarama.es\/bolsa\/wp-content\/uploads\/2024\/11\/Confebus-y-Atuc-afirman-que-casi-nadie-ha-participado-en.jpg","type":"image\/jpeg"}],"author":"Paula","twitter_card":"summary_large_image","twitter_creator":"@Bolsarama_es","twitter_site":"@Bolsarama_es","twitter_misc":{"Escrito por":"Paula","Tiempo de lectura":"2 minutos"},"schema":{"@context":"https:\/\/schema.org","@graph":[{"@type":"Article","@id":"https:\/\/www.bolsarama.es\/bolsa\/confebus-y-atuc-afirman-que-casi-nadie-ha-participado-en-la-huelga-de-autobuses\/#article","isPartOf":{"@id":"https:\/\/www.bolsarama.es\/bolsa\/confebus-y-atuc-afirman-que-casi-nadie-ha-participado-en-la-huelga-de-autobuses\/"},"author":{"name":"Paula","@id":"https:\/\/www.bolsarama.es\/bolsa\/#\/schema\/person\/a34ab5b5c7d41d99c10a5c3564af3e43"},"headline":"Confeb\u00fas y Atuc afirman que casi nadie ha participado en la huelga de autobuses.","datePublished":"2024-11-29T17:45:43+00:00","dateModified":"2024-11-29T17:45:43+00:00","mainEntityOfPage":{"@id":"https:\/\/www.bolsarama.es\/bolsa\/confebus-y-atuc-afirman-que-casi-nadie-ha-participado-en-la-huelga-de-autobuses\/"},"wordCount":416,"commentCount":0,"publisher":{"@id":"https:\/\/www.bolsarama.es\/bolsa\/#organization"},"image":{"@id":"https:\/\/www.bolsarama.es\/bolsa\/confebus-y-atuc-afirman-que-casi-nadie-ha-participado-en-la-huelga-de-autobuses\/#primaryimage"},"thumbnailUrl":"https:\/\/www.bolsarama.es\/bolsa\/wp-content\/uploads\/2024\/11\/Confebus-y-Atuc-afirman-que-casi-nadie-ha-participado-en.jpg","inLanguage":"es","potentialAction":[{"@type":"CommentAction","name":"Comment","target":["https:\/\/www.bolsarama.es\/bolsa\/confebus-y-atuc-afirman-que-casi-nadie-ha-participado-en-la-huelga-de-autobuses\/#respond"]}]},{"@type":"WebPage","@id":"https:\/\/www.bolsarama.es\/bolsa\/confebus-y-atuc-afirman-que-casi-nadie-ha-participado-en-la-huelga-de-autobuses\/","url":"https:\/\/www.bolsarama.es\/bolsa\/confebus-y-atuc-afirman-que-casi-nadie-ha-participado-en-la-huelga-de-autobuses\/","name":"Confeb\u00fas y Atuc afirman que casi nadie ha participado en la huelga de autobuses. - Bolsarama - Informaci\u00f3n econ\u00f3mica actualizada - Bolsarama.es","isPartOf":{"@id":"https:\/\/www.bolsarama.es\/bolsa\/#website"},"primaryImageOfPage":{"@id":"https:\/\/www.bolsarama.es\/bolsa\/confebus-y-atuc-afirman-que-casi-nadie-ha-participado-en-la-huelga-de-autobuses\/#primaryimage"},"image":{"@id":"https:\/\/www.bolsarama.es\/bolsa\/confebus-y-atuc-afirman-que-casi-nadie-ha-participado-en-la-huelga-de-autobuses\/#primaryimage"},"thumbnailUrl":"https:\/\/www.bolsarama.es\/bolsa\/wp-content\/uploads\/2024\/11\/Confebus-y-Atuc-afirman-que-casi-nadie-ha-participado-en.jpg","datePublished":"2024-11-29T17:45:43+00:00","dateModified":"2024-11-29T17:45:43+00:00","breadcrumb":{"@id":"https:\/\/www.bolsarama.es\/bolsa\/confebus-y-atuc-afirman-que-casi-nadie-ha-participado-en-la-huelga-de-autobuses\/#breadcrumb"},"inLanguage":"es","potentialAction":[{"@type":"ReadAction","target":["https:\/\/www.bolsarama.es\/bolsa\/confebus-y-atuc-afirman-que-casi-nadie-ha-participado-en-la-huelga-de-autobuses\/"]}]},{"@type":"ImageObject","inLanguage":"es","@id":"https:\/\/www.bolsarama.es\/bolsa\/confebus-y-atuc-afirman-que-casi-nadie-ha-participado-en-la-huelga-de-autobuses\/#primaryimage","url":"https:\/\/www.bolsarama.es\/bolsa\/wp-content\/uploads\/2024\/11\/Confebus-y-Atuc-afirman-que-casi-nadie-ha-participado-en.jpg","contentUrl":"https:\/\/www.bolsarama.es\/bolsa\/wp-content\/uploads\/2024\/11\/Confebus-y-Atuc-afirman-que-casi-nadie-ha-participado-en.jpg","width":800,"height":429,"caption":"Econom\u00eda\/Transportes.- Confeb\u00fas y Atuc aseguran que el seguimiento de la huelga de autobuses es \"pr\u00e1cticamente nulo\""},{"@type":"BreadcrumbList","@id":"https:\/\/www.bolsarama.es\/bolsa\/confebus-y-atuc-afirman-que-casi-nadie-ha-participado-en-la-huelga-de-autobuses\/#breadcrumb","itemListElement":[{"@type":"ListItem","position":1,"name":"Bolsa","item":"https:\/\/www.bolsarama.es\/bolsa\/"},{"@type":"ListItem","position":2,"name":"Confeb\u00fas y Atuc afirman que casi nadie ha participado en la huelga de autobuses."}]},{"@type":"WebSite","@id":"https:\/\/www.bolsarama.es\/bolsa\/#website","url":"https:\/\/www.bolsarama.es\/bolsa\/","name":"Bolsarama","description":"","publisher":{"@id":"https:\/\/www.bolsarama.es\/bolsa\/#organization"},"potentialAction":[{"@type":"SearchAction","target":{"@type":"EntryPoint","urlTemplate":"https:\/\/www.bolsarama.es\/bolsa\/?s={search_term_string}"},"query-input":{"@type":"PropertyValueSpecification","valueRequired":true,"valueName":"search_term_string"}}],"inLanguage":"es"},{"@type":"Organization","@id":"https:\/\/www.bolsarama.es\/bolsa\/#organization","name":"Bolsarama","url":"https:\/\/www.bolsarama.es\/bolsa\/","logo":{"@type":"ImageObject","inLanguage":"es","@id":"https:\/\/www.bolsarama.es\/bolsa\/#\/schema\/logo\/image\/","url":"https:\/\/www.bolsarama.es\/bolsa\/wp-content\/uploads\/2023\/10\/logo-bolsarama.png","contentUrl":"https:\/\/www.bolsarama.es\/bolsa\/wp-content\/uploads\/2023\/10\/logo-bolsarama.png","width":300,"height":50,"caption":"Bolsarama"},"image":{"@id":"https:\/\/www.bolsarama.es\/bolsa\/#\/schema\/logo\/image\/"},"sameAs":["https:\/\/www.facebook.com\/bolsarama.es","https:\/\/x.com\/Bolsarama_es"]},{"@type":"Person","@id":"https:\/\/www.bolsarama.es\/bolsa\/#\/schema\/person\/a34ab5b5c7d41d99c10a5c3564af3e43","name":"Paula","image":{"@type":"ImageObject","inLanguage":"es","@id":"https:\/\/www.bolsarama.es\/bolsa\/#\/schema\/person\/image\/","url":"https:\/\/www.bolsarama.es\/bolsa\/wp-content\/litespeed\/avatar\/d6404594800e2b580b751c6bb2eb5f4f.jpg?ver=1777428602","contentUrl":"https:\/\/www.bolsarama.es\/bolsa\/wp-content\/litespeed\/avatar\/d6404594800e2b580b751c6bb2eb5f4f.jpg?ver=1777428602","caption":"Paula"},"url":"https:\/\/www.bolsarama.es\/bolsa\/author\/paula\/"}]}},"_links":{"self":[{"href":"https:\/\/www.bolsarama.es\/bolsa\/wp-json\/wp\/v2\/posts\/771","targetHints":{"allow":["GET"]}}],"collection":[{"href":"https:\/\/www.bolsarama.es\/bolsa\/wp-json\/wp\/v2\/posts"}],"about":[{"href":"https:\/\/www.bolsarama.es\/bolsa\/wp-json\/wp\/v2\/types\/post"}],"author":[{"embeddable":true,"href":"https:\/\/www.bolsarama.es\/bolsa\/wp-json\/wp\/v2\/users\/2"}],"replies":[{"embeddable":true,"href":"https:\/\/www.bolsarama.es\/bolsa\/wp-json\/wp\/v2\/comments?post=771"}],"version-history":[{"count":1,"href":"https:\/\/www.bolsarama.es\/bolsa\/wp-json\/wp\/v2\/posts\/771\/revisions"}],"predecessor-version":[{"id":773,"href":"https:\/\/www.bolsarama.es\/bolsa\/wp-json\/wp\/v2\/posts\/771\/revisions\/773"}],"wp:featuredmedia":[{"embeddable":true,"href":"https:\/\/www.bolsarama.es\/bolsa\/wp-json\/wp\/v2\/media\/772"}],"wp:attachment":[{"href":"https:\/\/www.bolsarama.es\/bolsa\/wp-json\/wp\/v2\/media?parent=771"}],"wp:term":[{"taxonomy":"category","embeddable":true,"href":"https:\/\/www.bolsarama.es\/bolsa\/wp-json\/wp\/v2\/categories?post=771"},{"taxonomy":"post_tag","embeddable":true,"href":"https:\/\/www.bolsarama.es\/bolsa\/wp-json\/wp\/v2\/tags?post=771"}],"curies":[{"name":"wp","href":"https:\/\/api.w.org\/{rel}","templated":true}]}}