{"id":780,"date":"2024-11-30T09:00:56","date_gmt":"2024-11-30T08:00:56","guid":{"rendered":"https:\/\/www.bolsarama.es\/bolsa\/?p=780"},"modified":"2024-11-30T09:00:56","modified_gmt":"2024-11-30T08:00:56","slug":"este-sabado-los-abogados-y-procuradores-protestan-en-el-congreso-federal-del-psoe-reclamando-una-solucion-para-salir-de-la-mutualidad","status":"publish","type":"post","link":"https:\/\/www.bolsarama.es\/bolsa\/este-sabado-los-abogados-y-procuradores-protestan-en-el-congreso-federal-del-psoe-reclamando-una-solucion-para-salir-de-la-mutualidad\/","title":{"rendered":"Este s\u00e1bado, los abogados y procuradores protestan en el congreso federal del PSOE, reclamando una soluci\u00f3n para salir de la Mutualidad."},"content":{"rendered":"<h2>La lucha de los abogados y procuradores en Sevilla por unas pensiones dignas<\/h2>\n<p>La abogac\u00eda y la procura son profesiones de gran relevancia en el sistema judicial de nuestro pa\u00eds. Sin embargo, los profesionales que las ejercen llevan tiempo alzando la voz ante una situaci\u00f3n que consideran injusta: su r\u00e9gimen de pensiones. Este s\u00e1bado, se concentrar\u00e1n a las puertas del Palacio de Exposiciones y Congresos de Sevilla, lugar donde se celebra el 41 Congreso Federal del PSOE, para reivindicar una soluci\u00f3n a su problema.<\/p>\n<h3>Un sistema de pensiones que no satisface a los profesionales<\/h3>\n<p>Los abogados y procuradores se sienten perjudicados por el sistema actual de la Mutualidad, que estuvo en vigor hasta 1994. Aunque el gobierno ofrece una \u201cpasarela\u201d al R\u00e9gimen Especial de Trabajadores Aut\u00f3nomos (RETA), los profesionales argumentan que esta propuesta no cumple con su demanda de una transici\u00f3n justa y equitativa. De hecho, consideran que es un mecanismo que s\u00f3lo beneficia a un sector de los profesionales y que deja atrapados a muchos otros.<\/p>\n<h4>\u00bfPor qu\u00e9 no es v\u00e1lida la propuesta de pasarela al RETA?<\/h4>\n<p>La pasarela al RETA que propone el gobierno no es una opci\u00f3n para todos los profesionales. Est\u00e1 limitada a aquellos que est\u00e9n dados de alta en sus mutualidades hasta 2012, que no tengan posibilidad de cotizar 15 a\u00f1os, que no hayan cotizado en alg\u00fan r\u00e9gimen de la Seguridad Social 15 a\u00f1os y est\u00e9n dados de alta como alternativos en sus mutualidades a fecha 31 de diciembre de 2022, y que no est\u00e9n jubilados. Esta propuesta, seg\u00fan los afectados, pone fin a la alternatividad en el a\u00f1o 2027, y deja en desamparo a muchos mutualistas activos.<\/p>\n<h2>Una movilizaci\u00f3n para concienciar a los pol\u00edticos<\/h2>\n<p>Con esta concentraci\u00f3n, los profesionales de la abogac\u00eda y la procura pretenden concienciar al gobierno, y en especial al PSOE, de la urgencia de regular una pasarela para todos, sin excepciones y en condiciones que garanticen unas pensiones dignas. Su propuesta es que con el traspaso de sus aportaciones personales, fondos propios y patrimonios de sus mutualidades que les corresponden proporcionalmente, tengan un a\u00f1o cotizado en sus mutualidades, un a\u00f1o en el RETA, para alcanzar as\u00ed unas jubilaciones dignas.<\/p>\n<h3>El papel de la Mutualidad en el conflicto<\/h3>\n<p>La Mutualidad ha sido se\u00f1alada como parte del conflicto. Seg\u00fan los profesionales del sector judicial, a partir de 1995 estaba permitido transitar de la Mutualidad al r\u00e9gimen de aut\u00f3nomo, pero la operaci\u00f3n implicaba perder todos los a\u00f1os cotizados y todos los fondos acumulados. En la pr\u00e1ctica, no exist\u00eda la libertad de elecci\u00f3n y los profesionales estaban obligados a quedarse en el sistema de la Mutualidad.<\/p>\n<h4>\u00bfPor qu\u00e9 es insatisfactorio el sistema de la Mutualidad?<\/h4>\n<p>La Mutualidad dej\u00f3 de ser un sistema de previsi\u00f3n social alternativo al r\u00e9gimen de aut\u00f3nomos en 2005, y se transform\u00f3 en una compa\u00f1\u00eda de seguros privada. Los profesionales denuncian que ha utilizado las primas de los profesionales para pagar no pensiones, sino prestaciones, que no son actualizables con el IPC ni garantizables. En algunos casos, los ingresos mensuales de los jubilados habr\u00edan quedado en 380 o 500 euros.<\/p>\n<h2>Una lucha por la justicia y la dignidad<\/h2>\n<p>Los profesionales de la abogac\u00eda y la procura luchan por sus derechos, por una jubilaci\u00f3n justa y digna, y por un sistema que no les obligue a \u201cpagar el pato\u201d de un sistema de pensiones fallido. Con su movilizaci\u00f3n, esperan concienciar a los pol\u00edticos y al p\u00fablico en general de la necesidad de una reforma que garantice unas pensiones dignas para todos.<\/p>\n<p><\/p>\n","protected":false},"excerpt":{"rendered":"<p>La lucha de los abogados y procuradores en Sevilla por unas pensiones dignas La abogac\u00eda y la procura son profesiones de gran relevancia en el sistema judicial de nuestro pa\u00eds. Sin embargo, los profesionales que las ejercen llevan tiempo alzando la voz ante una situaci\u00f3n que consideran injusta: su r\u00e9gimen de pensiones. Este s\u00e1bado, se [&hellip;]<\/p>\n","protected":false},"author":2,"featured_media":781,"comment_status":"open","ping_status":"open","sticky":false,"template":"","format":"standard","meta":{"footnotes":""},"categories":[1],"tags":[],"class_list":["post-780","post","type-post","status-publish","format-standard","has-post-thumbnail","hentry","category-sin-categoria"],"yoast_head":"<!-- This site is optimized with the Yoast SEO plugin v23.6 - https:\/\/yoast.com\/wordpress\/plugins\/seo\/ -->\n<title>Este s\u00e1bado, los abogados y procuradores protestan en el congreso federal del PSOE, reclamando una soluci\u00f3n para salir de la Mutualidad. - Bolsarama - Informaci\u00f3n econ\u00f3mica actualizada - Bolsarama.es<\/title>\n<meta name=\"robots\" content=\"index, follow, max-snippet:-1, max-image-preview:large, max-video-preview:-1\" \/>\n<link rel=\"canonical\" href=\"https:\/\/www.bolsarama.es\/bolsa\/este-sabado-los-abogados-y-procuradores-protestan-en-el-congreso-federal-del-psoe-reclamando-una-solucion-para-salir-de-la-mutualidad\/\" \/>\n<meta property=\"og:locale\" content=\"es_ES\" \/>\n<meta property=\"og:type\" content=\"article\" \/>\n<meta property=\"og:title\" content=\"Este s\u00e1bado, los abogados y procuradores protestan en el congreso federal del PSOE, reclamando una soluci\u00f3n para salir de la Mutualidad. - Bolsarama - Informaci\u00f3n econ\u00f3mica actualizada - Bolsarama.es\" \/>\n<meta property=\"og:description\" content=\"La lucha de los abogados y procuradores en Sevilla por unas pensiones dignas La abogac\u00eda y la procura son profesiones de gran relevancia en el sistema judicial de nuestro pa\u00eds. Sin embargo, los profesionales que las ejercen llevan tiempo alzando la voz ante una situaci\u00f3n que consideran injusta: su r\u00e9gimen de pensiones. Este s\u00e1bado, se [&hellip;]\" \/>\n<meta property=\"og:url\" content=\"https:\/\/www.bolsarama.es\/bolsa\/este-sabado-los-abogados-y-procuradores-protestan-en-el-congreso-federal-del-psoe-reclamando-una-solucion-para-salir-de-la-mutualidad\/\" \/>\n<meta property=\"og:site_name\" content=\"Bolsarama - Informaci\u00f3n econ\u00f3mica actualizada - Bolsarama.es\" \/>\n<meta property=\"article:publisher\" content=\"https:\/\/www.facebook.com\/bolsarama.es\" \/>\n<meta property=\"article:published_time\" content=\"2024-11-30T08:00:56+00:00\" \/>\n<meta property=\"og:image\" content=\"https:\/\/www.bolsarama.es\/bolsa\/wp-content\/uploads\/2024\/11\/Este-sabado-los-abogados-y-procuradores-protestan-en-el-congreso.jpg\" \/>\n\t<meta property=\"og:image:width\" content=\"800\" \/>\n\t<meta property=\"og:image:height\" content=\"534\" \/>\n\t<meta property=\"og:image:type\" content=\"image\/jpeg\" \/>\n<meta name=\"author\" content=\"Paula\" \/>\n<meta name=\"twitter:card\" content=\"summary_large_image\" \/>\n<meta name=\"twitter:creator\" content=\"@Bolsarama_es\" \/>\n<meta name=\"twitter:site\" content=\"@Bolsarama_es\" \/>\n<meta name=\"twitter:label1\" content=\"Escrito por\" \/>\n\t<meta name=\"twitter:data1\" content=\"Paula\" \/>\n\t<meta name=\"twitter:label2\" content=\"Tiempo de lectura\" \/>\n\t<meta name=\"twitter:data2\" content=\"3 minutos\" \/>\n<script type=\"application\/ld+json\" class=\"yoast-schema-graph\">{\"@context\":\"https:\/\/schema.org\",\"@graph\":[{\"@type\":\"Article\",\"@id\":\"https:\/\/www.bolsarama.es\/bolsa\/este-sabado-los-abogados-y-procuradores-protestan-en-el-congreso-federal-del-psoe-reclamando-una-solucion-para-salir-de-la-mutualidad\/#article\",\"isPartOf\":{\"@id\":\"https:\/\/www.bolsarama.es\/bolsa\/este-sabado-los-abogados-y-procuradores-protestan-en-el-congreso-federal-del-psoe-reclamando-una-solucion-para-salir-de-la-mutualidad\/\"},\"author\":{\"name\":\"Paula\",\"@id\":\"https:\/\/www.bolsarama.es\/bolsa\/#\/schema\/person\/a34ab5b5c7d41d99c10a5c3564af3e43\"},\"headline\":\"Este s\u00e1bado, los abogados y procuradores protestan en el congreso federal del PSOE, reclamando una soluci\u00f3n para salir de la Mutualidad.\",\"datePublished\":\"2024-11-30T08:00:56+00:00\",\"dateModified\":\"2024-11-30T08:00:56+00:00\",\"mainEntityOfPage\":{\"@id\":\"https:\/\/www.bolsarama.es\/bolsa\/este-sabado-los-abogados-y-procuradores-protestan-en-el-congreso-federal-del-psoe-reclamando-una-solucion-para-salir-de-la-mutualidad\/\"},\"wordCount\":637,\"commentCount\":0,\"publisher\":{\"@id\":\"https:\/\/www.bolsarama.es\/bolsa\/#organization\"},\"image\":{\"@id\":\"https:\/\/www.bolsarama.es\/bolsa\/este-sabado-los-abogados-y-procuradores-protestan-en-el-congreso-federal-del-psoe-reclamando-una-solucion-para-salir-de-la-mutualidad\/#primaryimage\"},\"thumbnailUrl\":\"https:\/\/www.bolsarama.es\/bolsa\/wp-content\/uploads\/2024\/11\/Este-sabado-los-abogados-y-procuradores-protestan-en-el-congreso.jpg\",\"inLanguage\":\"es\",\"potentialAction\":[{\"@type\":\"CommentAction\",\"name\":\"Comment\",\"target\":[\"https:\/\/www.bolsarama.es\/bolsa\/este-sabado-los-abogados-y-procuradores-protestan-en-el-congreso-federal-del-psoe-reclamando-una-solucion-para-salir-de-la-mutualidad\/#respond\"]}]},{\"@type\":\"WebPage\",\"@id\":\"https:\/\/www.bolsarama.es\/bolsa\/este-sabado-los-abogados-y-procuradores-protestan-en-el-congreso-federal-del-psoe-reclamando-una-solucion-para-salir-de-la-mutualidad\/\",\"url\":\"https:\/\/www.bolsarama.es\/bolsa\/este-sabado-los-abogados-y-procuradores-protestan-en-el-congreso-federal-del-psoe-reclamando-una-solucion-para-salir-de-la-mutualidad\/\",\"name\":\"Este s\u00e1bado, los abogados y procuradores protestan en el congreso federal del PSOE, reclamando una soluci\u00f3n para salir de la Mutualidad. - Bolsarama - Informaci\u00f3n econ\u00f3mica actualizada - Bolsarama.es\",\"isPartOf\":{\"@id\":\"https:\/\/www.bolsarama.es\/bolsa\/#website\"},\"primaryImageOfPage\":{\"@id\":\"https:\/\/www.bolsarama.es\/bolsa\/este-sabado-los-abogados-y-procuradores-protestan-en-el-congreso-federal-del-psoe-reclamando-una-solucion-para-salir-de-la-mutualidad\/#primaryimage\"},\"image\":{\"@id\":\"https:\/\/www.bolsarama.es\/bolsa\/este-sabado-los-abogados-y-procuradores-protestan-en-el-congreso-federal-del-psoe-reclamando-una-solucion-para-salir-de-la-mutualidad\/#primaryimage\"},\"thumbnailUrl\":\"https:\/\/www.bolsarama.es\/bolsa\/wp-content\/uploads\/2024\/11\/Este-sabado-los-abogados-y-procuradores-protestan-en-el-congreso.jpg\",\"datePublished\":\"2024-11-30T08:00:56+00:00\",\"dateModified\":\"2024-11-30T08:00:56+00:00\",\"breadcrumb\":{\"@id\":\"https:\/\/www.bolsarama.es\/bolsa\/este-sabado-los-abogados-y-procuradores-protestan-en-el-congreso-federal-del-psoe-reclamando-una-solucion-para-salir-de-la-mutualidad\/#breadcrumb\"},\"inLanguage\":\"es\",\"potentialAction\":[{\"@type\":\"ReadAction\",\"target\":[\"https:\/\/www.bolsarama.es\/bolsa\/este-sabado-los-abogados-y-procuradores-protestan-en-el-congreso-federal-del-psoe-reclamando-una-solucion-para-salir-de-la-mutualidad\/\"]}]},{\"@type\":\"ImageObject\",\"inLanguage\":\"es\",\"@id\":\"https:\/\/www.bolsarama.es\/bolsa\/este-sabado-los-abogados-y-procuradores-protestan-en-el-congreso-federal-del-psoe-reclamando-una-solucion-para-salir-de-la-mutualidad\/#primaryimage\",\"url\":\"https:\/\/www.bolsarama.es\/bolsa\/wp-content\/uploads\/2024\/11\/Este-sabado-los-abogados-y-procuradores-protestan-en-el-congreso.jpg\",\"contentUrl\":\"https:\/\/www.bolsarama.es\/bolsa\/wp-content\/uploads\/2024\/11\/Este-sabado-los-abogados-y-procuradores-protestan-en-el-congreso.jpg\",\"width\":800,\"height\":534,\"caption\":\"Abogados y procuradores protestan este s\u00e1bado en el congreso federal del PSOE en demanda de una salida de la Mutualidad\"},{\"@type\":\"BreadcrumbList\",\"@id\":\"https:\/\/www.bolsarama.es\/bolsa\/este-sabado-los-abogados-y-procuradores-protestan-en-el-congreso-federal-del-psoe-reclamando-una-solucion-para-salir-de-la-mutualidad\/#breadcrumb\",\"itemListElement\":[{\"@type\":\"ListItem\",\"position\":1,\"name\":\"Bolsa\",\"item\":\"https:\/\/www.bolsarama.es\/bolsa\/\"},{\"@type\":\"ListItem\",\"position\":2,\"name\":\"Este s\u00e1bado, los abogados y procuradores protestan en el congreso federal del PSOE, reclamando una soluci\u00f3n para salir de la Mutualidad.\"}]},{\"@type\":\"WebSite\",\"@id\":\"https:\/\/www.bolsarama.es\/bolsa\/#website\",\"url\":\"https:\/\/www.bolsarama.es\/bolsa\/\",\"name\":\"Bolsarama\",\"description\":\"\",\"publisher\":{\"@id\":\"https:\/\/www.bolsarama.es\/bolsa\/#organization\"},\"potentialAction\":[{\"@type\":\"SearchAction\",\"target\":{\"@type\":\"EntryPoint\",\"urlTemplate\":\"https:\/\/www.bolsarama.es\/bolsa\/?s={search_term_string}\"},\"query-input\":{\"@type\":\"PropertyValueSpecification\",\"valueRequired\":true,\"valueName\":\"search_term_string\"}}],\"inLanguage\":\"es\"},{\"@type\":\"Organization\",\"@id\":\"https:\/\/www.bolsarama.es\/bolsa\/#organization\",\"name\":\"Bolsarama\",\"url\":\"https:\/\/www.bolsarama.es\/bolsa\/\",\"logo\":{\"@type\":\"ImageObject\",\"inLanguage\":\"es\",\"@id\":\"https:\/\/www.bolsarama.es\/bolsa\/#\/schema\/logo\/image\/\",\"url\":\"https:\/\/www.bolsarama.es\/bolsa\/wp-content\/uploads\/2023\/10\/logo-bolsarama.png\",\"contentUrl\":\"https:\/\/www.bolsarama.es\/bolsa\/wp-content\/uploads\/2023\/10\/logo-bolsarama.png\",\"width\":300,\"height\":50,\"caption\":\"Bolsarama\"},\"image\":{\"@id\":\"https:\/\/www.bolsarama.es\/bolsa\/#\/schema\/logo\/image\/\"},\"sameAs\":[\"https:\/\/www.facebook.com\/bolsarama.es\",\"https:\/\/x.com\/Bolsarama_es\"]},{\"@type\":\"Person\",\"@id\":\"https:\/\/www.bolsarama.es\/bolsa\/#\/schema\/person\/a34ab5b5c7d41d99c10a5c3564af3e43\",\"name\":\"Paula\",\"image\":{\"@type\":\"ImageObject\",\"inLanguage\":\"es\",\"@id\":\"https:\/\/www.bolsarama.es\/bolsa\/#\/schema\/person\/image\/\",\"url\":\"https:\/\/www.bolsarama.es\/bolsa\/wp-content\/litespeed\/avatar\/d6404594800e2b580b751c6bb2eb5f4f.jpg?ver=1777428602\",\"contentUrl\":\"https:\/\/www.bolsarama.es\/bolsa\/wp-content\/litespeed\/avatar\/d6404594800e2b580b751c6bb2eb5f4f.jpg?ver=1777428602\",\"caption\":\"Paula\"},\"url\":\"https:\/\/www.bolsarama.es\/bolsa\/author\/paula\/\"}]}<\/script>\n<!-- \/ Yoast SEO plugin. -->","yoast_head_json":{"title":"Este s\u00e1bado, los abogados y procuradores protestan en el congreso federal del PSOE, reclamando una soluci\u00f3n para salir de la Mutualidad. - Bolsarama - Informaci\u00f3n econ\u00f3mica actualizada - Bolsarama.es","robots":{"index":"index","follow":"follow","max-snippet":"max-snippet:-1","max-image-preview":"max-image-preview:large","max-video-preview":"max-video-preview:-1"},"canonical":"https:\/\/www.bolsarama.es\/bolsa\/este-sabado-los-abogados-y-procuradores-protestan-en-el-congreso-federal-del-psoe-reclamando-una-solucion-para-salir-de-la-mutualidad\/","og_locale":"es_ES","og_type":"article","og_title":"Este s\u00e1bado, los abogados y procuradores protestan en el congreso federal del PSOE, reclamando una soluci\u00f3n para salir de la Mutualidad. - Bolsarama - Informaci\u00f3n econ\u00f3mica actualizada - Bolsarama.es","og_description":"La lucha de los abogados y procuradores en Sevilla por unas pensiones dignas La abogac\u00eda y la procura son profesiones de gran relevancia en el sistema judicial de nuestro pa\u00eds. Sin embargo, los profesionales que las ejercen llevan tiempo alzando la voz ante una situaci\u00f3n que consideran injusta: su r\u00e9gimen de pensiones. Este s\u00e1bado, se [&hellip;]","og_url":"https:\/\/www.bolsarama.es\/bolsa\/este-sabado-los-abogados-y-procuradores-protestan-en-el-congreso-federal-del-psoe-reclamando-una-solucion-para-salir-de-la-mutualidad\/","og_site_name":"Bolsarama - Informaci\u00f3n econ\u00f3mica actualizada - Bolsarama.es","article_publisher":"https:\/\/www.facebook.com\/bolsarama.es","article_published_time":"2024-11-30T08:00:56+00:00","og_image":[{"width":800,"height":534,"url":"https:\/\/www.bolsarama.es\/bolsa\/wp-content\/uploads\/2024\/11\/Este-sabado-los-abogados-y-procuradores-protestan-en-el-congreso.jpg","type":"image\/jpeg"}],"author":"Paula","twitter_card":"summary_large_image","twitter_creator":"@Bolsarama_es","twitter_site":"@Bolsarama_es","twitter_misc":{"Escrito por":"Paula","Tiempo de lectura":"3 minutos"},"schema":{"@context":"https:\/\/schema.org","@graph":[{"@type":"Article","@id":"https:\/\/www.bolsarama.es\/bolsa\/este-sabado-los-abogados-y-procuradores-protestan-en-el-congreso-federal-del-psoe-reclamando-una-solucion-para-salir-de-la-mutualidad\/#article","isPartOf":{"@id":"https:\/\/www.bolsarama.es\/bolsa\/este-sabado-los-abogados-y-procuradores-protestan-en-el-congreso-federal-del-psoe-reclamando-una-solucion-para-salir-de-la-mutualidad\/"},"author":{"name":"Paula","@id":"https:\/\/www.bolsarama.es\/bolsa\/#\/schema\/person\/a34ab5b5c7d41d99c10a5c3564af3e43"},"headline":"Este s\u00e1bado, los abogados y procuradores protestan en el congreso federal del PSOE, reclamando una soluci\u00f3n para salir de la Mutualidad.","datePublished":"2024-11-30T08:00:56+00:00","dateModified":"2024-11-30T08:00:56+00:00","mainEntityOfPage":{"@id":"https:\/\/www.bolsarama.es\/bolsa\/este-sabado-los-abogados-y-procuradores-protestan-en-el-congreso-federal-del-psoe-reclamando-una-solucion-para-salir-de-la-mutualidad\/"},"wordCount":637,"commentCount":0,"publisher":{"@id":"https:\/\/www.bolsarama.es\/bolsa\/#organization"},"image":{"@id":"https:\/\/www.bolsarama.es\/bolsa\/este-sabado-los-abogados-y-procuradores-protestan-en-el-congreso-federal-del-psoe-reclamando-una-solucion-para-salir-de-la-mutualidad\/#primaryimage"},"thumbnailUrl":"https:\/\/www.bolsarama.es\/bolsa\/wp-content\/uploads\/2024\/11\/Este-sabado-los-abogados-y-procuradores-protestan-en-el-congreso.jpg","inLanguage":"es","potentialAction":[{"@type":"CommentAction","name":"Comment","target":["https:\/\/www.bolsarama.es\/bolsa\/este-sabado-los-abogados-y-procuradores-protestan-en-el-congreso-federal-del-psoe-reclamando-una-solucion-para-salir-de-la-mutualidad\/#respond"]}]},{"@type":"WebPage","@id":"https:\/\/www.bolsarama.es\/bolsa\/este-sabado-los-abogados-y-procuradores-protestan-en-el-congreso-federal-del-psoe-reclamando-una-solucion-para-salir-de-la-mutualidad\/","url":"https:\/\/www.bolsarama.es\/bolsa\/este-sabado-los-abogados-y-procuradores-protestan-en-el-congreso-federal-del-psoe-reclamando-una-solucion-para-salir-de-la-mutualidad\/","name":"Este s\u00e1bado, los abogados y procuradores protestan en el congreso federal del PSOE, reclamando una soluci\u00f3n para salir de la Mutualidad. - Bolsarama - Informaci\u00f3n econ\u00f3mica actualizada - Bolsarama.es","isPartOf":{"@id":"https:\/\/www.bolsarama.es\/bolsa\/#website"},"primaryImageOfPage":{"@id":"https:\/\/www.bolsarama.es\/bolsa\/este-sabado-los-abogados-y-procuradores-protestan-en-el-congreso-federal-del-psoe-reclamando-una-solucion-para-salir-de-la-mutualidad\/#primaryimage"},"image":{"@id":"https:\/\/www.bolsarama.es\/bolsa\/este-sabado-los-abogados-y-procuradores-protestan-en-el-congreso-federal-del-psoe-reclamando-una-solucion-para-salir-de-la-mutualidad\/#primaryimage"},"thumbnailUrl":"https:\/\/www.bolsarama.es\/bolsa\/wp-content\/uploads\/2024\/11\/Este-sabado-los-abogados-y-procuradores-protestan-en-el-congreso.jpg","datePublished":"2024-11-30T08:00:56+00:00","dateModified":"2024-11-30T08:00:56+00:00","breadcrumb":{"@id":"https:\/\/www.bolsarama.es\/bolsa\/este-sabado-los-abogados-y-procuradores-protestan-en-el-congreso-federal-del-psoe-reclamando-una-solucion-para-salir-de-la-mutualidad\/#breadcrumb"},"inLanguage":"es","potentialAction":[{"@type":"ReadAction","target":["https:\/\/www.bolsarama.es\/bolsa\/este-sabado-los-abogados-y-procuradores-protestan-en-el-congreso-federal-del-psoe-reclamando-una-solucion-para-salir-de-la-mutualidad\/"]}]},{"@type":"ImageObject","inLanguage":"es","@id":"https:\/\/www.bolsarama.es\/bolsa\/este-sabado-los-abogados-y-procuradores-protestan-en-el-congreso-federal-del-psoe-reclamando-una-solucion-para-salir-de-la-mutualidad\/#primaryimage","url":"https:\/\/www.bolsarama.es\/bolsa\/wp-content\/uploads\/2024\/11\/Este-sabado-los-abogados-y-procuradores-protestan-en-el-congreso.jpg","contentUrl":"https:\/\/www.bolsarama.es\/bolsa\/wp-content\/uploads\/2024\/11\/Este-sabado-los-abogados-y-procuradores-protestan-en-el-congreso.jpg","width":800,"height":534,"caption":"Abogados y procuradores protestan este s\u00e1bado en el congreso federal del PSOE en demanda de una salida de la Mutualidad"},{"@type":"BreadcrumbList","@id":"https:\/\/www.bolsarama.es\/bolsa\/este-sabado-los-abogados-y-procuradores-protestan-en-el-congreso-federal-del-psoe-reclamando-una-solucion-para-salir-de-la-mutualidad\/#breadcrumb","itemListElement":[{"@type":"ListItem","position":1,"name":"Bolsa","item":"https:\/\/www.bolsarama.es\/bolsa\/"},{"@type":"ListItem","position":2,"name":"Este s\u00e1bado, los abogados y procuradores protestan en el congreso federal del PSOE, reclamando una soluci\u00f3n para salir de la Mutualidad."}]},{"@type":"WebSite","@id":"https:\/\/www.bolsarama.es\/bolsa\/#website","url":"https:\/\/www.bolsarama.es\/bolsa\/","name":"Bolsarama","description":"","publisher":{"@id":"https:\/\/www.bolsarama.es\/bolsa\/#organization"},"potentialAction":[{"@type":"SearchAction","target":{"@type":"EntryPoint","urlTemplate":"https:\/\/www.bolsarama.es\/bolsa\/?s={search_term_string}"},"query-input":{"@type":"PropertyValueSpecification","valueRequired":true,"valueName":"search_term_string"}}],"inLanguage":"es"},{"@type":"Organization","@id":"https:\/\/www.bolsarama.es\/bolsa\/#organization","name":"Bolsarama","url":"https:\/\/www.bolsarama.es\/bolsa\/","logo":{"@type":"ImageObject","inLanguage":"es","@id":"https:\/\/www.bolsarama.es\/bolsa\/#\/schema\/logo\/image\/","url":"https:\/\/www.bolsarama.es\/bolsa\/wp-content\/uploads\/2023\/10\/logo-bolsarama.png","contentUrl":"https:\/\/www.bolsarama.es\/bolsa\/wp-content\/uploads\/2023\/10\/logo-bolsarama.png","width":300,"height":50,"caption":"Bolsarama"},"image":{"@id":"https:\/\/www.bolsarama.es\/bolsa\/#\/schema\/logo\/image\/"},"sameAs":["https:\/\/www.facebook.com\/bolsarama.es","https:\/\/x.com\/Bolsarama_es"]},{"@type":"Person","@id":"https:\/\/www.bolsarama.es\/bolsa\/#\/schema\/person\/a34ab5b5c7d41d99c10a5c3564af3e43","name":"Paula","image":{"@type":"ImageObject","inLanguage":"es","@id":"https:\/\/www.bolsarama.es\/bolsa\/#\/schema\/person\/image\/","url":"https:\/\/www.bolsarama.es\/bolsa\/wp-content\/litespeed\/avatar\/d6404594800e2b580b751c6bb2eb5f4f.jpg?ver=1777428602","contentUrl":"https:\/\/www.bolsarama.es\/bolsa\/wp-content\/litespeed\/avatar\/d6404594800e2b580b751c6bb2eb5f4f.jpg?ver=1777428602","caption":"Paula"},"url":"https:\/\/www.bolsarama.es\/bolsa\/author\/paula\/"}]}},"_links":{"self":[{"href":"https:\/\/www.bolsarama.es\/bolsa\/wp-json\/wp\/v2\/posts\/780","targetHints":{"allow":["GET"]}}],"collection":[{"href":"https:\/\/www.bolsarama.es\/bolsa\/wp-json\/wp\/v2\/posts"}],"about":[{"href":"https:\/\/www.bolsarama.es\/bolsa\/wp-json\/wp\/v2\/types\/post"}],"author":[{"embeddable":true,"href":"https:\/\/www.bolsarama.es\/bolsa\/wp-json\/wp\/v2\/users\/2"}],"replies":[{"embeddable":true,"href":"https:\/\/www.bolsarama.es\/bolsa\/wp-json\/wp\/v2\/comments?post=780"}],"version-history":[{"count":1,"href":"https:\/\/www.bolsarama.es\/bolsa\/wp-json\/wp\/v2\/posts\/780\/revisions"}],"predecessor-version":[{"id":782,"href":"https:\/\/www.bolsarama.es\/bolsa\/wp-json\/wp\/v2\/posts\/780\/revisions\/782"}],"wp:featuredmedia":[{"embeddable":true,"href":"https:\/\/www.bolsarama.es\/bolsa\/wp-json\/wp\/v2\/media\/781"}],"wp:attachment":[{"href":"https:\/\/www.bolsarama.es\/bolsa\/wp-json\/wp\/v2\/media?parent=780"}],"wp:term":[{"taxonomy":"category","embeddable":true,"href":"https:\/\/www.bolsarama.es\/bolsa\/wp-json\/wp\/v2\/categories?post=780"},{"taxonomy":"post_tag","embeddable":true,"href":"https:\/\/www.bolsarama.es\/bolsa\/wp-json\/wp\/v2\/tags?post=780"}],"curies":[{"name":"wp","href":"https:\/\/api.w.org\/{rel}","templated":true}]}}