{"id":801,"date":"2024-11-30T16:35:51","date_gmt":"2024-11-30T15:35:51","guid":{"rendered":"https:\/\/www.bolsarama.es\/bolsa\/?p=801"},"modified":"2024-11-30T16:35:51","modified_gmt":"2024-11-30T15:35:51","slug":"isabel-rodriguez-critica-fuertemente-la-politica-de-vivienda-de-ayuso-afirmando-que-la-barra-libre-no-funciona","status":"publish","type":"post","link":"https:\/\/www.bolsarama.es\/bolsa\/isabel-rodriguez-critica-fuertemente-la-politica-de-vivienda-de-ayuso-afirmando-que-la-barra-libre-no-funciona\/","title":{"rendered":"Isabel Rodr\u00edguez critica fuertemente la pol\u00edtica de vivienda de Ayuso, afirmando que \u00abLa barra libre no funciona\u00bb."},"content":{"rendered":"<h2>La Actuaci\u00f3n del Gobierno en Materia de Vivienda<\/h2>\n<p>La pol\u00edtica de vivienda en Espa\u00f1a ha sido siempre un tema muy debatido y actualmente, est\u00e1 en el centro de la discusi\u00f3n pol\u00edtica. Bajo el liderazgo de Pedro S\u00e1nchez, el Gobierno ha aprobado la Ley de Vivienda, un hito que ha marcado un punto de inflexi\u00f3n importante en la pol\u00edtica p\u00fablica espa\u00f1ola. Sin embargo, esta legislaci\u00f3n ha encontrado obst\u00e1culos en su implementaci\u00f3n, especialmente en algunas regiones gobernadas por el Partido Popular.<\/p>\n<h3>La Situaci\u00f3n en la Comunidad de Madrid<\/h3>\n<p>En la Comunidad de Madrid, el panorama para los inquilinos es particularmente preocupante. Seg\u00fan informes, miles de madrile\u00f1os se encuentran atrapados en un mercado del alquiler que los obliga a destinar una gran parte de sus ingresos al pago de la renta, llegando en algunos casos hasta el 80% o incluso el 100% de sus salarios. <\/p>\n<p>La ministra de Vivienda y Agenda Urbana, Isabel Rodr\u00edguez, ha se\u00f1alado directamente a la presidenta de la comunidad, Isabel D\u00edaz Ayuso, como una de las responsables de esta situaci\u00f3n. Rodr\u00edguez ha acusado a Ayuso de entorpecer la implementaci\u00f3n de la Ley de Vivienda, una pol\u00edtica que busca aliviar la carga financiera de los inquilinos.<\/p>\n<h4>La Necesidad de Regulaci\u00f3n<\/h4>\n<p>Ante la situaci\u00f3n que se vive en Madrid y en otras comunidades, la ministra Rodr\u00edguez ha enfatizado la necesidad de una mayor regulaci\u00f3n en el mercado de la vivienda. Seg\u00fan ella, la regulaci\u00f3n es esencial para prevenir situaciones en las que los inquilinos se vean obligados a destinar una parte desproporcionada de sus ingresos al pago de la renta. <\/p>\n<p>Rodr\u00edguez ha defendido que el PSOE aboga por esta regulaci\u00f3n, argumentando que la \u00abbarra libre\u00bb en pol\u00edtica de vivienda no est\u00e1 funcionando. Asegura que los alcaldes socialistas de la Comunidad de Madrid tambi\u00e9n est\u00e1n reclamando a Ayuso que ponga en marcha la Ley de Vivienda.<\/p>\n<h2>El Compromiso del Gobierno con los Ciudadanos<\/h2>\n<p>Para el Gobierno de Pedro S\u00e1nchez, el bienestar de los ciudadanos es una prioridad. A pesar de las dificultades encontradas en la implementaci\u00f3n de la Ley de Vivienda, el Gobierno sigue comprometido con su mandato de asegurar un acceso equitativo a la vivienda para todos los espa\u00f1oles.<\/p>\n<p>Rodr\u00edguez ha asegurado que el Gobierno respeta el Estado de las Autonom\u00edas y sus competencias, pero tambi\u00e9n exige que estas competencias se ejerzan siempre a favor de los ciudadanos. Este compromiso se refleja en su enfoque para abordar los desaf\u00edos en el sector de la vivienda en Espa\u00f1a, y su determinaci\u00f3n para superar los obst\u00e1culos que encuentran en el camino.<\/p>\n","protected":false},"excerpt":{"rendered":"<p>La Actuaci\u00f3n del Gobierno en Materia de Vivienda La pol\u00edtica de vivienda en Espa\u00f1a ha sido siempre un tema muy debatido y actualmente, est\u00e1 en el centro de la discusi\u00f3n pol\u00edtica. Bajo el liderazgo de Pedro S\u00e1nchez, el Gobierno ha aprobado la Ley de Vivienda, un hito que ha marcado un punto de inflexi\u00f3n importante [&hellip;]<\/p>\n","protected":false},"author":2,"featured_media":802,"comment_status":"open","ping_status":"open","sticky":false,"template":"","format":"standard","meta":{"footnotes":""},"categories":[1],"tags":[],"class_list":["post-801","post","type-post","status-publish","format-standard","has-post-thumbnail","hentry","category-sin-categoria"],"yoast_head":"<!-- This site is optimized with the Yoast SEO plugin v23.6 - https:\/\/yoast.com\/wordpress\/plugins\/seo\/ -->\n<title>Isabel Rodr\u00edguez critica fuertemente la pol\u00edtica de vivienda de Ayuso, afirmando que &quot;La barra libre no funciona&quot;. - Bolsarama - Informaci\u00f3n econ\u00f3mica actualizada - Bolsarama.es<\/title>\n<meta name=\"robots\" content=\"index, follow, max-snippet:-1, max-image-preview:large, max-video-preview:-1\" \/>\n<link rel=\"canonical\" href=\"https:\/\/www.bolsarama.es\/bolsa\/isabel-rodriguez-critica-fuertemente-la-politica-de-vivienda-de-ayuso-afirmando-que-la-barra-libre-no-funciona\/\" \/>\n<meta property=\"og:locale\" content=\"es_ES\" \/>\n<meta property=\"og:type\" content=\"article\" \/>\n<meta property=\"og:title\" content=\"Isabel Rodr\u00edguez critica fuertemente la pol\u00edtica de vivienda de Ayuso, afirmando que &quot;La barra libre no funciona&quot;. - Bolsarama - Informaci\u00f3n econ\u00f3mica actualizada - Bolsarama.es\" \/>\n<meta property=\"og:description\" content=\"La Actuaci\u00f3n del Gobierno en Materia de Vivienda La pol\u00edtica de vivienda en Espa\u00f1a ha sido siempre un tema muy debatido y actualmente, est\u00e1 en el centro de la discusi\u00f3n pol\u00edtica. Bajo el liderazgo de Pedro S\u00e1nchez, el Gobierno ha aprobado la Ley de Vivienda, un hito que ha marcado un punto de inflexi\u00f3n importante [&hellip;]\" \/>\n<meta property=\"og:url\" content=\"https:\/\/www.bolsarama.es\/bolsa\/isabel-rodriguez-critica-fuertemente-la-politica-de-vivienda-de-ayuso-afirmando-que-la-barra-libre-no-funciona\/\" \/>\n<meta property=\"og:site_name\" content=\"Bolsarama - Informaci\u00f3n econ\u00f3mica actualizada - Bolsarama.es\" \/>\n<meta property=\"article:publisher\" content=\"https:\/\/www.facebook.com\/bolsarama.es\" \/>\n<meta property=\"article:published_time\" content=\"2024-11-30T15:35:51+00:00\" \/>\n<meta property=\"og:image\" content=\"https:\/\/www.bolsarama.es\/bolsa\/wp-content\/uploads\/2024\/11\/Isabel-Rodriguez-critica-fuertemente-la-politica-de-vivienda-de-Ayuso.jpg\" \/>\n\t<meta property=\"og:image:width\" content=\"800\" \/>\n\t<meta property=\"og:image:height\" content=\"533\" \/>\n\t<meta property=\"og:image:type\" content=\"image\/jpeg\" \/>\n<meta name=\"author\" content=\"Paula\" \/>\n<meta name=\"twitter:card\" content=\"summary_large_image\" \/>\n<meta name=\"twitter:creator\" content=\"@Bolsarama_es\" \/>\n<meta name=\"twitter:site\" content=\"@Bolsarama_es\" \/>\n<meta name=\"twitter:label1\" content=\"Escrito por\" \/>\n\t<meta name=\"twitter:data1\" content=\"Paula\" \/>\n\t<meta name=\"twitter:label2\" content=\"Tiempo de lectura\" \/>\n\t<meta name=\"twitter:data2\" content=\"2 minutos\" \/>\n<script type=\"application\/ld+json\" class=\"yoast-schema-graph\">{\"@context\":\"https:\/\/schema.org\",\"@graph\":[{\"@type\":\"Article\",\"@id\":\"https:\/\/www.bolsarama.es\/bolsa\/isabel-rodriguez-critica-fuertemente-la-politica-de-vivienda-de-ayuso-afirmando-que-la-barra-libre-no-funciona\/#article\",\"isPartOf\":{\"@id\":\"https:\/\/www.bolsarama.es\/bolsa\/isabel-rodriguez-critica-fuertemente-la-politica-de-vivienda-de-ayuso-afirmando-que-la-barra-libre-no-funciona\/\"},\"author\":{\"name\":\"Paula\",\"@id\":\"https:\/\/www.bolsarama.es\/bolsa\/#\/schema\/person\/a34ab5b5c7d41d99c10a5c3564af3e43\"},\"headline\":\"Isabel Rodr\u00edguez critica fuertemente la pol\u00edtica de vivienda de Ayuso, afirmando que \u00abLa barra libre no funciona\u00bb.\",\"datePublished\":\"2024-11-30T15:35:51+00:00\",\"dateModified\":\"2024-11-30T15:35:51+00:00\",\"mainEntityOfPage\":{\"@id\":\"https:\/\/www.bolsarama.es\/bolsa\/isabel-rodriguez-critica-fuertemente-la-politica-de-vivienda-de-ayuso-afirmando-que-la-barra-libre-no-funciona\/\"},\"wordCount\":479,\"commentCount\":0,\"publisher\":{\"@id\":\"https:\/\/www.bolsarama.es\/bolsa\/#organization\"},\"image\":{\"@id\":\"https:\/\/www.bolsarama.es\/bolsa\/isabel-rodriguez-critica-fuertemente-la-politica-de-vivienda-de-ayuso-afirmando-que-la-barra-libre-no-funciona\/#primaryimage\"},\"thumbnailUrl\":\"https:\/\/www.bolsarama.es\/bolsa\/wp-content\/uploads\/2024\/11\/Isabel-Rodriguez-critica-fuertemente-la-politica-de-vivienda-de-Ayuso.jpg\",\"inLanguage\":\"es\",\"potentialAction\":[{\"@type\":\"CommentAction\",\"name\":\"Comment\",\"target\":[\"https:\/\/www.bolsarama.es\/bolsa\/isabel-rodriguez-critica-fuertemente-la-politica-de-vivienda-de-ayuso-afirmando-que-la-barra-libre-no-funciona\/#respond\"]}]},{\"@type\":\"WebPage\",\"@id\":\"https:\/\/www.bolsarama.es\/bolsa\/isabel-rodriguez-critica-fuertemente-la-politica-de-vivienda-de-ayuso-afirmando-que-la-barra-libre-no-funciona\/\",\"url\":\"https:\/\/www.bolsarama.es\/bolsa\/isabel-rodriguez-critica-fuertemente-la-politica-de-vivienda-de-ayuso-afirmando-que-la-barra-libre-no-funciona\/\",\"name\":\"Isabel Rodr\u00edguez critica fuertemente la pol\u00edtica de vivienda de Ayuso, afirmando que \\\"La barra libre no funciona\\\". - Bolsarama - Informaci\u00f3n econ\u00f3mica actualizada - Bolsarama.es\",\"isPartOf\":{\"@id\":\"https:\/\/www.bolsarama.es\/bolsa\/#website\"},\"primaryImageOfPage\":{\"@id\":\"https:\/\/www.bolsarama.es\/bolsa\/isabel-rodriguez-critica-fuertemente-la-politica-de-vivienda-de-ayuso-afirmando-que-la-barra-libre-no-funciona\/#primaryimage\"},\"image\":{\"@id\":\"https:\/\/www.bolsarama.es\/bolsa\/isabel-rodriguez-critica-fuertemente-la-politica-de-vivienda-de-ayuso-afirmando-que-la-barra-libre-no-funciona\/#primaryimage\"},\"thumbnailUrl\":\"https:\/\/www.bolsarama.es\/bolsa\/wp-content\/uploads\/2024\/11\/Isabel-Rodriguez-critica-fuertemente-la-politica-de-vivienda-de-Ayuso.jpg\",\"datePublished\":\"2024-11-30T15:35:51+00:00\",\"dateModified\":\"2024-11-30T15:35:51+00:00\",\"breadcrumb\":{\"@id\":\"https:\/\/www.bolsarama.es\/bolsa\/isabel-rodriguez-critica-fuertemente-la-politica-de-vivienda-de-ayuso-afirmando-que-la-barra-libre-no-funciona\/#breadcrumb\"},\"inLanguage\":\"es\",\"potentialAction\":[{\"@type\":\"ReadAction\",\"target\":[\"https:\/\/www.bolsarama.es\/bolsa\/isabel-rodriguez-critica-fuertemente-la-politica-de-vivienda-de-ayuso-afirmando-que-la-barra-libre-no-funciona\/\"]}]},{\"@type\":\"ImageObject\",\"inLanguage\":\"es\",\"@id\":\"https:\/\/www.bolsarama.es\/bolsa\/isabel-rodriguez-critica-fuertemente-la-politica-de-vivienda-de-ayuso-afirmando-que-la-barra-libre-no-funciona\/#primaryimage\",\"url\":\"https:\/\/www.bolsarama.es\/bolsa\/wp-content\/uploads\/2024\/11\/Isabel-Rodriguez-critica-fuertemente-la-politica-de-vivienda-de-Ayuso.jpg\",\"contentUrl\":\"https:\/\/www.bolsarama.es\/bolsa\/wp-content\/uploads\/2024\/11\/Isabel-Rodriguez-critica-fuertemente-la-politica-de-vivienda-de-Ayuso.jpg\",\"width\":800,\"height\":533,\"caption\":\"Econom\u00eda.- Isabel Rodr\u00edguez carga contra la pol\u00edtica de vivienda de Ayuso: \\\"La barra libre no funciona\\\"\"},{\"@type\":\"BreadcrumbList\",\"@id\":\"https:\/\/www.bolsarama.es\/bolsa\/isabel-rodriguez-critica-fuertemente-la-politica-de-vivienda-de-ayuso-afirmando-que-la-barra-libre-no-funciona\/#breadcrumb\",\"itemListElement\":[{\"@type\":\"ListItem\",\"position\":1,\"name\":\"Bolsa\",\"item\":\"https:\/\/www.bolsarama.es\/bolsa\/\"},{\"@type\":\"ListItem\",\"position\":2,\"name\":\"Isabel Rodr\u00edguez critica fuertemente la pol\u00edtica de vivienda de Ayuso, afirmando que \u00abLa barra libre no funciona\u00bb.\"}]},{\"@type\":\"WebSite\",\"@id\":\"https:\/\/www.bolsarama.es\/bolsa\/#website\",\"url\":\"https:\/\/www.bolsarama.es\/bolsa\/\",\"name\":\"Bolsarama\",\"description\":\"\",\"publisher\":{\"@id\":\"https:\/\/www.bolsarama.es\/bolsa\/#organization\"},\"potentialAction\":[{\"@type\":\"SearchAction\",\"target\":{\"@type\":\"EntryPoint\",\"urlTemplate\":\"https:\/\/www.bolsarama.es\/bolsa\/?s={search_term_string}\"},\"query-input\":{\"@type\":\"PropertyValueSpecification\",\"valueRequired\":true,\"valueName\":\"search_term_string\"}}],\"inLanguage\":\"es\"},{\"@type\":\"Organization\",\"@id\":\"https:\/\/www.bolsarama.es\/bolsa\/#organization\",\"name\":\"Bolsarama\",\"url\":\"https:\/\/www.bolsarama.es\/bolsa\/\",\"logo\":{\"@type\":\"ImageObject\",\"inLanguage\":\"es\",\"@id\":\"https:\/\/www.bolsarama.es\/bolsa\/#\/schema\/logo\/image\/\",\"url\":\"https:\/\/www.bolsarama.es\/bolsa\/wp-content\/uploads\/2023\/10\/logo-bolsarama.png\",\"contentUrl\":\"https:\/\/www.bolsarama.es\/bolsa\/wp-content\/uploads\/2023\/10\/logo-bolsarama.png\",\"width\":300,\"height\":50,\"caption\":\"Bolsarama\"},\"image\":{\"@id\":\"https:\/\/www.bolsarama.es\/bolsa\/#\/schema\/logo\/image\/\"},\"sameAs\":[\"https:\/\/www.facebook.com\/bolsarama.es\",\"https:\/\/x.com\/Bolsarama_es\"]},{\"@type\":\"Person\",\"@id\":\"https:\/\/www.bolsarama.es\/bolsa\/#\/schema\/person\/a34ab5b5c7d41d99c10a5c3564af3e43\",\"name\":\"Paula\",\"image\":{\"@type\":\"ImageObject\",\"inLanguage\":\"es\",\"@id\":\"https:\/\/www.bolsarama.es\/bolsa\/#\/schema\/person\/image\/\",\"url\":\"https:\/\/www.bolsarama.es\/bolsa\/wp-content\/litespeed\/avatar\/d6404594800e2b580b751c6bb2eb5f4f.jpg?ver=1777428602\",\"contentUrl\":\"https:\/\/www.bolsarama.es\/bolsa\/wp-content\/litespeed\/avatar\/d6404594800e2b580b751c6bb2eb5f4f.jpg?ver=1777428602\",\"caption\":\"Paula\"},\"url\":\"https:\/\/www.bolsarama.es\/bolsa\/author\/paula\/\"}]}<\/script>\n<!-- \/ Yoast SEO plugin. -->","yoast_head_json":{"title":"Isabel Rodr\u00edguez critica fuertemente la pol\u00edtica de vivienda de Ayuso, afirmando que \"La barra libre no funciona\". - Bolsarama - Informaci\u00f3n econ\u00f3mica actualizada - Bolsarama.es","robots":{"index":"index","follow":"follow","max-snippet":"max-snippet:-1","max-image-preview":"max-image-preview:large","max-video-preview":"max-video-preview:-1"},"canonical":"https:\/\/www.bolsarama.es\/bolsa\/isabel-rodriguez-critica-fuertemente-la-politica-de-vivienda-de-ayuso-afirmando-que-la-barra-libre-no-funciona\/","og_locale":"es_ES","og_type":"article","og_title":"Isabel Rodr\u00edguez critica fuertemente la pol\u00edtica de vivienda de Ayuso, afirmando que \"La barra libre no funciona\". - Bolsarama - Informaci\u00f3n econ\u00f3mica actualizada - Bolsarama.es","og_description":"La Actuaci\u00f3n del Gobierno en Materia de Vivienda La pol\u00edtica de vivienda en Espa\u00f1a ha sido siempre un tema muy debatido y actualmente, est\u00e1 en el centro de la discusi\u00f3n pol\u00edtica. Bajo el liderazgo de Pedro S\u00e1nchez, el Gobierno ha aprobado la Ley de Vivienda, un hito que ha marcado un punto de inflexi\u00f3n importante [&hellip;]","og_url":"https:\/\/www.bolsarama.es\/bolsa\/isabel-rodriguez-critica-fuertemente-la-politica-de-vivienda-de-ayuso-afirmando-que-la-barra-libre-no-funciona\/","og_site_name":"Bolsarama - Informaci\u00f3n econ\u00f3mica actualizada - Bolsarama.es","article_publisher":"https:\/\/www.facebook.com\/bolsarama.es","article_published_time":"2024-11-30T15:35:51+00:00","og_image":[{"width":800,"height":533,"url":"https:\/\/www.bolsarama.es\/bolsa\/wp-content\/uploads\/2024\/11\/Isabel-Rodriguez-critica-fuertemente-la-politica-de-vivienda-de-Ayuso.jpg","type":"image\/jpeg"}],"author":"Paula","twitter_card":"summary_large_image","twitter_creator":"@Bolsarama_es","twitter_site":"@Bolsarama_es","twitter_misc":{"Escrito por":"Paula","Tiempo de lectura":"2 minutos"},"schema":{"@context":"https:\/\/schema.org","@graph":[{"@type":"Article","@id":"https:\/\/www.bolsarama.es\/bolsa\/isabel-rodriguez-critica-fuertemente-la-politica-de-vivienda-de-ayuso-afirmando-que-la-barra-libre-no-funciona\/#article","isPartOf":{"@id":"https:\/\/www.bolsarama.es\/bolsa\/isabel-rodriguez-critica-fuertemente-la-politica-de-vivienda-de-ayuso-afirmando-que-la-barra-libre-no-funciona\/"},"author":{"name":"Paula","@id":"https:\/\/www.bolsarama.es\/bolsa\/#\/schema\/person\/a34ab5b5c7d41d99c10a5c3564af3e43"},"headline":"Isabel Rodr\u00edguez critica fuertemente la pol\u00edtica de vivienda de Ayuso, afirmando que \u00abLa barra libre no funciona\u00bb.","datePublished":"2024-11-30T15:35:51+00:00","dateModified":"2024-11-30T15:35:51+00:00","mainEntityOfPage":{"@id":"https:\/\/www.bolsarama.es\/bolsa\/isabel-rodriguez-critica-fuertemente-la-politica-de-vivienda-de-ayuso-afirmando-que-la-barra-libre-no-funciona\/"},"wordCount":479,"commentCount":0,"publisher":{"@id":"https:\/\/www.bolsarama.es\/bolsa\/#organization"},"image":{"@id":"https:\/\/www.bolsarama.es\/bolsa\/isabel-rodriguez-critica-fuertemente-la-politica-de-vivienda-de-ayuso-afirmando-que-la-barra-libre-no-funciona\/#primaryimage"},"thumbnailUrl":"https:\/\/www.bolsarama.es\/bolsa\/wp-content\/uploads\/2024\/11\/Isabel-Rodriguez-critica-fuertemente-la-politica-de-vivienda-de-Ayuso.jpg","inLanguage":"es","potentialAction":[{"@type":"CommentAction","name":"Comment","target":["https:\/\/www.bolsarama.es\/bolsa\/isabel-rodriguez-critica-fuertemente-la-politica-de-vivienda-de-ayuso-afirmando-que-la-barra-libre-no-funciona\/#respond"]}]},{"@type":"WebPage","@id":"https:\/\/www.bolsarama.es\/bolsa\/isabel-rodriguez-critica-fuertemente-la-politica-de-vivienda-de-ayuso-afirmando-que-la-barra-libre-no-funciona\/","url":"https:\/\/www.bolsarama.es\/bolsa\/isabel-rodriguez-critica-fuertemente-la-politica-de-vivienda-de-ayuso-afirmando-que-la-barra-libre-no-funciona\/","name":"Isabel Rodr\u00edguez critica fuertemente la pol\u00edtica de vivienda de Ayuso, afirmando que \"La barra libre no funciona\". - Bolsarama - Informaci\u00f3n econ\u00f3mica actualizada - Bolsarama.es","isPartOf":{"@id":"https:\/\/www.bolsarama.es\/bolsa\/#website"},"primaryImageOfPage":{"@id":"https:\/\/www.bolsarama.es\/bolsa\/isabel-rodriguez-critica-fuertemente-la-politica-de-vivienda-de-ayuso-afirmando-que-la-barra-libre-no-funciona\/#primaryimage"},"image":{"@id":"https:\/\/www.bolsarama.es\/bolsa\/isabel-rodriguez-critica-fuertemente-la-politica-de-vivienda-de-ayuso-afirmando-que-la-barra-libre-no-funciona\/#primaryimage"},"thumbnailUrl":"https:\/\/www.bolsarama.es\/bolsa\/wp-content\/uploads\/2024\/11\/Isabel-Rodriguez-critica-fuertemente-la-politica-de-vivienda-de-Ayuso.jpg","datePublished":"2024-11-30T15:35:51+00:00","dateModified":"2024-11-30T15:35:51+00:00","breadcrumb":{"@id":"https:\/\/www.bolsarama.es\/bolsa\/isabel-rodriguez-critica-fuertemente-la-politica-de-vivienda-de-ayuso-afirmando-que-la-barra-libre-no-funciona\/#breadcrumb"},"inLanguage":"es","potentialAction":[{"@type":"ReadAction","target":["https:\/\/www.bolsarama.es\/bolsa\/isabel-rodriguez-critica-fuertemente-la-politica-de-vivienda-de-ayuso-afirmando-que-la-barra-libre-no-funciona\/"]}]},{"@type":"ImageObject","inLanguage":"es","@id":"https:\/\/www.bolsarama.es\/bolsa\/isabel-rodriguez-critica-fuertemente-la-politica-de-vivienda-de-ayuso-afirmando-que-la-barra-libre-no-funciona\/#primaryimage","url":"https:\/\/www.bolsarama.es\/bolsa\/wp-content\/uploads\/2024\/11\/Isabel-Rodriguez-critica-fuertemente-la-politica-de-vivienda-de-Ayuso.jpg","contentUrl":"https:\/\/www.bolsarama.es\/bolsa\/wp-content\/uploads\/2024\/11\/Isabel-Rodriguez-critica-fuertemente-la-politica-de-vivienda-de-Ayuso.jpg","width":800,"height":533,"caption":"Econom\u00eda.- Isabel Rodr\u00edguez carga contra la pol\u00edtica de vivienda de Ayuso: \"La barra libre no funciona\""},{"@type":"BreadcrumbList","@id":"https:\/\/www.bolsarama.es\/bolsa\/isabel-rodriguez-critica-fuertemente-la-politica-de-vivienda-de-ayuso-afirmando-que-la-barra-libre-no-funciona\/#breadcrumb","itemListElement":[{"@type":"ListItem","position":1,"name":"Bolsa","item":"https:\/\/www.bolsarama.es\/bolsa\/"},{"@type":"ListItem","position":2,"name":"Isabel Rodr\u00edguez critica fuertemente la pol\u00edtica de vivienda de Ayuso, afirmando que \u00abLa barra libre no funciona\u00bb."}]},{"@type":"WebSite","@id":"https:\/\/www.bolsarama.es\/bolsa\/#website","url":"https:\/\/www.bolsarama.es\/bolsa\/","name":"Bolsarama","description":"","publisher":{"@id":"https:\/\/www.bolsarama.es\/bolsa\/#organization"},"potentialAction":[{"@type":"SearchAction","target":{"@type":"EntryPoint","urlTemplate":"https:\/\/www.bolsarama.es\/bolsa\/?s={search_term_string}"},"query-input":{"@type":"PropertyValueSpecification","valueRequired":true,"valueName":"search_term_string"}}],"inLanguage":"es"},{"@type":"Organization","@id":"https:\/\/www.bolsarama.es\/bolsa\/#organization","name":"Bolsarama","url":"https:\/\/www.bolsarama.es\/bolsa\/","logo":{"@type":"ImageObject","inLanguage":"es","@id":"https:\/\/www.bolsarama.es\/bolsa\/#\/schema\/logo\/image\/","url":"https:\/\/www.bolsarama.es\/bolsa\/wp-content\/uploads\/2023\/10\/logo-bolsarama.png","contentUrl":"https:\/\/www.bolsarama.es\/bolsa\/wp-content\/uploads\/2023\/10\/logo-bolsarama.png","width":300,"height":50,"caption":"Bolsarama"},"image":{"@id":"https:\/\/www.bolsarama.es\/bolsa\/#\/schema\/logo\/image\/"},"sameAs":["https:\/\/www.facebook.com\/bolsarama.es","https:\/\/x.com\/Bolsarama_es"]},{"@type":"Person","@id":"https:\/\/www.bolsarama.es\/bolsa\/#\/schema\/person\/a34ab5b5c7d41d99c10a5c3564af3e43","name":"Paula","image":{"@type":"ImageObject","inLanguage":"es","@id":"https:\/\/www.bolsarama.es\/bolsa\/#\/schema\/person\/image\/","url":"https:\/\/www.bolsarama.es\/bolsa\/wp-content\/litespeed\/avatar\/d6404594800e2b580b751c6bb2eb5f4f.jpg?ver=1777428602","contentUrl":"https:\/\/www.bolsarama.es\/bolsa\/wp-content\/litespeed\/avatar\/d6404594800e2b580b751c6bb2eb5f4f.jpg?ver=1777428602","caption":"Paula"},"url":"https:\/\/www.bolsarama.es\/bolsa\/author\/paula\/"}]}},"_links":{"self":[{"href":"https:\/\/www.bolsarama.es\/bolsa\/wp-json\/wp\/v2\/posts\/801","targetHints":{"allow":["GET"]}}],"collection":[{"href":"https:\/\/www.bolsarama.es\/bolsa\/wp-json\/wp\/v2\/posts"}],"about":[{"href":"https:\/\/www.bolsarama.es\/bolsa\/wp-json\/wp\/v2\/types\/post"}],"author":[{"embeddable":true,"href":"https:\/\/www.bolsarama.es\/bolsa\/wp-json\/wp\/v2\/users\/2"}],"replies":[{"embeddable":true,"href":"https:\/\/www.bolsarama.es\/bolsa\/wp-json\/wp\/v2\/comments?post=801"}],"version-history":[{"count":1,"href":"https:\/\/www.bolsarama.es\/bolsa\/wp-json\/wp\/v2\/posts\/801\/revisions"}],"predecessor-version":[{"id":803,"href":"https:\/\/www.bolsarama.es\/bolsa\/wp-json\/wp\/v2\/posts\/801\/revisions\/803"}],"wp:featuredmedia":[{"embeddable":true,"href":"https:\/\/www.bolsarama.es\/bolsa\/wp-json\/wp\/v2\/media\/802"}],"wp:attachment":[{"href":"https:\/\/www.bolsarama.es\/bolsa\/wp-json\/wp\/v2\/media?parent=801"}],"wp:term":[{"taxonomy":"category","embeddable":true,"href":"https:\/\/www.bolsarama.es\/bolsa\/wp-json\/wp\/v2\/categories?post=801"},{"taxonomy":"post_tag","embeddable":true,"href":"https:\/\/www.bolsarama.es\/bolsa\/wp-json\/wp\/v2\/tags?post=801"}],"curies":[{"name":"wp","href":"https:\/\/api.w.org\/{rel}","templated":true}]}}